{"id":7679,"date":"2006-12-18T00:00:00","date_gmt":"2006-12-17T23:00:00","guid":{"rendered":"http:\/\/www.asajacyl.com\/leon\/sin-categoria\/asaja-acudir-maana-a-las-cortes-para-que-la-voz-del-campo-no-se-olvide-en-el-debate-sobre-fondos-europeos"},"modified":"2006-12-18T00:00:00","modified_gmt":"2006-12-17T23:00:00","slug":"asaja-acudir-maana-a-las-cortes-para-que-la-voz-del-campo-no-se-olvide-en-el-debate-sobre-fondos-europeos","status":"publish","type":"post","link":"https:\/\/www.asajacyl.com\/leon\/asaja-leon-informa\/asaja-acudir-maana-a-las-cortes-para-que-la-voz-del-campo-no-se-olvide-en-el-debate-sobre-fondos-europeos","title":{"rendered":"ASAJA ACUDIR&#193; MA&#209;ANA A LAS CORTES PARA QUE LA VOZ DEL CAMPO NO SE OLVIDE EN EL DEBATE SOBRE FONDOS EUROPEOS"},"content":{"rendered":"<h2>La OPA espera que la C&#225;mara respalde un&#225;nimemente la reclamaci&#243;n regional<\/h2>\n<p align=\"center\"><font color=\"#00cc00\"><font size=\"2\">&#160;&#160;<\/font><b><font size=\"2\">ASAJA ACUDIR&#193; MA&#209;ANA A LAS CORTES PARA QUE LA VOZ DEL CAMPO NO SE OLVIDE EN EL DEBATE SOBRE FONDOS EUROPEOS<\/font><\/b><font size=\"2\"> <\/font><\/font>\n<\/p>\n<p align=\"center\"><font size=\"2\"><\/font><b><\/p>\n<p align=\"center\"><font color=\"#0033ff\" size=\"2\">La OPA espera que la C&#225;mara respalde un&#225;nimemente la reclamaci&#243;n regional<\/font><\/p>\n<p><\/b><font color=\"#0033ff\" size=\"2\"> <\/font>\n<\/p>\n<p align=\"justify\"><font size=\"2\">Una delegaci&#243;n de ASAJA de Castilla y Le&#243;n, encabezada por su presidente, Donaciano Dujo, acudir&#225; ma&#241;ana a las Cortes para apoyar que la C&#225;mara exprese su oposici&#243;n al modo en el que se ha efectuado el reparto de los fondos europeos para el desarrollo rural y reclame al Gobierno de la nacional un reparto m&#225;s justo con nuestra regi&#243;n. <\/font>\n<\/p>\n<p align=\"justify\"><font size=\"2\"><\/font>\n<\/p>\n<p align=\"justify\"><font size=\"2\">ASAJA seguir&#225; en tribuna la comparecencia del consejero de Agricultura y Ganader&#237;a, Jos&#233; Val&#237;n, en las Cortes, en la que informar&#225; del reparto de los fondos. La OPA considera que, tras el debate de los grupos pol&#237;ticos, deber&#237;a pactarse con el mayor consenso posible &#8211;un&#225;nime ser&#237;a lo deseable&#8211; una propuesta en este sentido. <\/font>\n<\/p>\n<p align=\"justify\"><font size=\"2\"><\/font>\n<\/p>\n<p align=\"justify\"><font size=\"2\">La organizaci&#243;n agraria considera que todas las administraciones implicadas, europea, nacional y auton&#243;mica, deben hacer un esfuerzo m&#225;ximo para que se alcance un nivel de gasto p&#250;blico similar al del que hasta ahora dispon&#237;a Castilla y Le&#243;n, alrededor de 2.500 millones de euros. <\/font>\n<\/p>\n<p align=\"justify\"><font size=\"2\"><\/font>\n<\/p>\n<p align=\"justify\"><font size=\"2\">Hay que recordar la gravedad del recorte anunciado el pasado d&#237;a 11 por la ministra, Elena Espinosa. Un recorte que, si nadie lo impide, dinamitar&#225; l&#237;neas que ya carec&#237;an del apoyo preciso para vertebrar y revitalizar un campo a la deriva, todas aquellas que persiguen la modernizaci&#243;n y competitividad del sector (incorporaci&#243;n de j&#243;venes, planes de mejora, jubilaciones anticipadas, ayudas agroambientales y ayudas compensatorias a zonas de monta&#241;a y desfavorecidas, entre otras). <\/font>\n<\/p>\n<p align=\"justify\"><font size=\"2\"><\/font>\n<\/p>\n<p><font size=\"2\">&#160; <\/font>\n<\/p>\n<p><font size=\"2\">&#160; <\/font>\n<\/p>\n<p><font size=\"2\">&#160; <\/font>\n<\/p>\n<p align=\"right\"><font size=\"2\">Le&#243;n a 18 de diciembre de 2006 <\/font><\/p>\n","protected":false},"excerpt":{"rendered":"<p>La OPA espera que la C&#225;mara respalde un&#225;nimemente la reclamaci&#243;n regional<\/p>\n","protected":false},"author":3,"featured_media":8174,"comment_status":"open","ping_status":"open","sticky":false,"template":"","format":"standard","meta":{"footnotes":""},"categories":[4,9],"tags":[],"yoast_head":"<!-- This site is optimized with the Yoast SEO plugin v24.5 - https:\/\/yoast.com\/wordpress\/plugins\/seo\/ -->\n<title>ASAJA ACUDIR&#193; MA&#209;ANA A LAS CORTES PARA QUE LA VOZ DEL CAMPO NO SE OLVIDE EN EL DEBATE SOBRE FONDOS EUROPEOS - ASAJA Le\u00f3n<\/title>\n<meta name=\"description\" content=\"La OPA espera que la C&#225;mara respalde un&#225;nimemente la reclamaci&#243;n regional\" \/>\n<meta name=\"robots\" content=\"index, follow, max-snippet:-1, max-image-preview:large, max-video-preview:-1\" \/>\n<link rel=\"canonical\" href=\"https:\/\/www.asajacyl.com\/leon\/asaja-leon-informa\/asaja-acudir-maana-a-las-cortes-para-que-la-voz-del-campo-no-se-olvide-en-el-debate-sobre-fondos-europeos\" \/>\n<meta property=\"og:locale\" content=\"es_ES\" \/>\n<meta property=\"og:type\" content=\"article\" \/>\n<meta property=\"og:title\" content=\"ASAJA ACUDIR&#193; MA&#209;ANA A LAS CORTES PARA QUE LA VOZ DEL CAMPO NO SE OLVIDE EN EL DEBATE SOBRE FONDOS EUROPEOS - ASAJA Le\u00f3n\" \/>\n<meta property=\"og:description\" content=\"La OPA espera que la C&#225;mara respalde un&#225;nimemente la reclamaci&#243;n regional\" \/>\n<meta property=\"og:url\" content=\"https:\/\/www.asajacyl.com\/leon\/asaja-leon-informa\/asaja-acudir-maana-a-las-cortes-para-que-la-voz-del-campo-no-se-olvide-en-el-debate-sobre-fondos-europeos\" \/>\n<meta property=\"og:site_name\" content=\"ASAJA Le\u00f3n\" \/>\n<meta property=\"article:published_time\" content=\"2006-12-17T23:00:00+00:00\" \/>\n<meta property=\"og:image\" content=\"https:\/\/www.asajacyl.com\/leon\/wp-content\/uploads\/sites\/6\/2017\/11\/im_predefinida_1920x1080.jpg\" \/>\n\t<meta property=\"og:image:width\" content=\"1920\" \/>\n\t<meta property=\"og:image:height\" content=\"1080\" \/>\n\t<meta property=\"og:image:type\" content=\"image\/jpeg\" \/>\n<meta name=\"author\" content=\"Editor\" \/>\n<meta name=\"twitter:card\" content=\"summary_large_image\" \/>\n<meta name=\"twitter:label1\" content=\"Escrito por\" \/>\n\t<meta name=\"twitter:data1\" content=\"Editor\" \/>\n\t<meta name=\"twitter:label2\" content=\"Tiempo de lectura\" \/>\n\t<meta name=\"twitter:data2\" content=\"2 minutos\" \/>\n<script type=\"application\/ld+json\" class=\"yoast-schema-graph\">{\"@context\":\"https:\/\/schema.org\",\"@graph\":[{\"@type\":\"WebPage\",\"@id\":\"https:\/\/www.asajacyl.com\/leon\/asaja-leon-informa\/asaja-acudir-maana-a-las-cortes-para-que-la-voz-del-campo-no-se-olvide-en-el-debate-sobre-fondos-europeos\",\"url\":\"https:\/\/www.asajacyl.com\/leon\/asaja-leon-informa\/asaja-acudir-maana-a-las-cortes-para-que-la-voz-del-campo-no-se-olvide-en-el-debate-sobre-fondos-europeos\",\"name\":\"ASAJA ACUDIR&#193; MA&#209;ANA A LAS CORTES PARA QUE LA VOZ DEL CAMPO NO SE OLVIDE EN EL DEBATE SOBRE FONDOS EUROPEOS - ASAJA Le\u00f3n\",\"isPartOf\":{\"@id\":\"https:\/\/www.asajacyl.com\/leon\/#website\"},\"primaryImageOfPage\":{\"@id\":\"https:\/\/www.asajacyl.com\/leon\/asaja-leon-informa\/asaja-acudir-maana-a-las-cortes-para-que-la-voz-del-campo-no-se-olvide-en-el-debate-sobre-fondos-europeos#primaryimage\"},\"image\":{\"@id\":\"https:\/\/www.asajacyl.com\/leon\/asaja-leon-informa\/asaja-acudir-maana-a-las-cortes-para-que-la-voz-del-campo-no-se-olvide-en-el-debate-sobre-fondos-europeos#primaryimage\"},\"thumbnailUrl\":\"https:\/\/www.asajacyl.com\/leon\/wp-content\/uploads\/sites\/6\/2017\/11\/im_predefinida_1920x1080.jpg\",\"datePublished\":\"2006-12-17T23:00:00+00:00\",\"author\":{\"@id\":\"https:\/\/www.asajacyl.com\/leon\/#\/schema\/person\/7e884476cee132331142e8ac9689f20c\"},\"description\":\"La OPA espera que la C&#225;mara respalde un&#225;nimemente la reclamaci&#243;n regional\",\"breadcrumb\":{\"@id\":\"https:\/\/www.asajacyl.com\/leon\/asaja-leon-informa\/asaja-acudir-maana-a-las-cortes-para-que-la-voz-del-campo-no-se-olvide-en-el-debate-sobre-fondos-europeos#breadcrumb\"},\"inLanguage\":\"es\",\"potentialAction\":[{\"@type\":\"ReadAction\",\"target\":[\"https:\/\/www.asajacyl.com\/leon\/asaja-leon-informa\/asaja-acudir-maana-a-las-cortes-para-que-la-voz-del-campo-no-se-olvide-en-el-debate-sobre-fondos-europeos\"]}]},{\"@type\":\"ImageObject\",\"inLanguage\":\"es\",\"@id\":\"https:\/\/www.asajacyl.com\/leon\/asaja-leon-informa\/asaja-acudir-maana-a-las-cortes-para-que-la-voz-del-campo-no-se-olvide-en-el-debate-sobre-fondos-europeos#primaryimage\",\"url\":\"https:\/\/www.asajacyl.com\/leon\/wp-content\/uploads\/sites\/6\/2017\/11\/im_predefinida_1920x1080.jpg\",\"contentUrl\":\"https:\/\/www.asajacyl.com\/leon\/wp-content\/uploads\/sites\/6\/2017\/11\/im_predefinida_1920x1080.jpg\",\"width\":1920,\"height\":1080,\"caption\":\"Logotipo ASAJA Le\u00f3n\"},{\"@type\":\"BreadcrumbList\",\"@id\":\"https:\/\/www.asajacyl.com\/leon\/asaja-leon-informa\/asaja-acudir-maana-a-las-cortes-para-que-la-voz-del-campo-no-se-olvide-en-el-debate-sobre-fondos-europeos#breadcrumb\",\"itemListElement\":[{\"@type\":\"ListItem\",\"position\":1,\"name\":\"Portada\",\"item\":\"https:\/\/www.asajacyl.com\/leon\/\"},{\"@type\":\"ListItem\",\"position\":2,\"name\":\"ASAJA ACUDIR&#193; MA&#209;ANA A LAS CORTES PARA QUE LA VOZ DEL CAMPO NO SE OLVIDE EN EL DEBATE SOBRE FONDOS EUROPEOS\"}]},{\"@type\":\"WebSite\",\"@id\":\"https:\/\/www.asajacyl.com\/leon\/#website\",\"url\":\"https:\/\/www.asajacyl.com\/leon\/\",\"name\":\"ASAJA Le\u00f3n\",\"description\":\"Otro sitio m\u00e1s de Provincias ASAJA Castilla y Le\u00f3n\",\"potentialAction\":[{\"@type\":\"SearchAction\",\"target\":{\"@type\":\"EntryPoint\",\"urlTemplate\":\"https:\/\/www.asajacyl.com\/leon\/?s={search_term_string}\"},\"query-input\":{\"@type\":\"PropertyValueSpecification\",\"valueRequired\":true,\"valueName\":\"search_term_string\"}}],\"inLanguage\":\"es\"},{\"@type\":\"Person\",\"@id\":\"https:\/\/www.asajacyl.com\/leon\/#\/schema\/person\/7e884476cee132331142e8ac9689f20c\",\"name\":\"Editor\",\"image\":{\"@type\":\"ImageObject\",\"inLanguage\":\"es\",\"@id\":\"https:\/\/www.asajacyl.com\/leon\/#\/schema\/person\/image\/\",\"url\":\"https:\/\/secure.gravatar.com\/avatar\/a2ef43c165669686cfcfb0e1ffa59869?s=96&d=mm&r=g\",\"contentUrl\":\"https:\/\/secure.gravatar.com\/avatar\/a2ef43c165669686cfcfb0e1ffa59869?s=96&d=mm&r=g\",\"caption\":\"Editor\"},\"url\":\"https:\/\/www.asajacyl.com\/leon\/author\/oscargg\"}]}<\/script>\n<!-- \/ Yoast SEO plugin. -->","yoast_head_json":{"title":"ASAJA ACUDIR&#193; MA&#209;ANA A LAS CORTES PARA QUE LA VOZ DEL CAMPO NO SE OLVIDE EN EL DEBATE SOBRE FONDOS EUROPEOS - ASAJA Le\u00f3n","description":"La OPA espera que la C&#225;mara respalde un&#225;nimemente la reclamaci&#243;n regional","robots":{"index":"index","follow":"follow","max-snippet":"max-snippet:-1","max-image-preview":"max-image-preview:large","max-video-preview":"max-video-preview:-1"},"canonical":"https:\/\/www.asajacyl.com\/leon\/asaja-leon-informa\/asaja-acudir-maana-a-las-cortes-para-que-la-voz-del-campo-no-se-olvide-en-el-debate-sobre-fondos-europeos","og_locale":"es_ES","og_type":"article","og_title":"ASAJA ACUDIR&#193; MA&#209;ANA A LAS CORTES PARA QUE LA VOZ DEL CAMPO NO SE OLVIDE EN EL DEBATE SOBRE FONDOS EUROPEOS - ASAJA Le\u00f3n","og_description":"La OPA espera que la C&#225;mara respalde un&#225;nimemente la reclamaci&#243;n regional","og_url":"https:\/\/www.asajacyl.com\/leon\/asaja-leon-informa\/asaja-acudir-maana-a-las-cortes-para-que-la-voz-del-campo-no-se-olvide-en-el-debate-sobre-fondos-europeos","og_site_name":"ASAJA Le\u00f3n","article_published_time":"2006-12-17T23:00:00+00:00","og_image":[{"width":1920,"height":1080,"url":"https:\/\/www.asajacyl.com\/leon\/wp-content\/uploads\/sites\/6\/2017\/11\/im_predefinida_1920x1080.jpg","type":"image\/jpeg"}],"author":"Editor","twitter_card":"summary_large_image","twitter_misc":{"Escrito por":"Editor","Tiempo de lectura":"2 minutos"},"schema":{"@context":"https:\/\/schema.org","@graph":[{"@type":"WebPage","@id":"https:\/\/www.asajacyl.com\/leon\/asaja-leon-informa\/asaja-acudir-maana-a-las-cortes-para-que-la-voz-del-campo-no-se-olvide-en-el-debate-sobre-fondos-europeos","url":"https:\/\/www.asajacyl.com\/leon\/asaja-leon-informa\/asaja-acudir-maana-a-las-cortes-para-que-la-voz-del-campo-no-se-olvide-en-el-debate-sobre-fondos-europeos","name":"ASAJA ACUDIR&#193; MA&#209;ANA A LAS CORTES PARA QUE LA VOZ DEL CAMPO NO SE OLVIDE EN EL DEBATE SOBRE FONDOS EUROPEOS - ASAJA Le\u00f3n","isPartOf":{"@id":"https:\/\/www.asajacyl.com\/leon\/#website"},"primaryImageOfPage":{"@id":"https:\/\/www.asajacyl.com\/leon\/asaja-leon-informa\/asaja-acudir-maana-a-las-cortes-para-que-la-voz-del-campo-no-se-olvide-en-el-debate-sobre-fondos-europeos#primaryimage"},"image":{"@id":"https:\/\/www.asajacyl.com\/leon\/asaja-leon-informa\/asaja-acudir-maana-a-las-cortes-para-que-la-voz-del-campo-no-se-olvide-en-el-debate-sobre-fondos-europeos#primaryimage"},"thumbnailUrl":"https:\/\/www.asajacyl.com\/leon\/wp-content\/uploads\/sites\/6\/2017\/11\/im_predefinida_1920x1080.jpg","datePublished":"2006-12-17T23:00:00+00:00","author":{"@id":"https:\/\/www.asajacyl.com\/leon\/#\/schema\/person\/7e884476cee132331142e8ac9689f20c"},"description":"La OPA espera que la C&#225;mara respalde un&#225;nimemente la reclamaci&#243;n regional","breadcrumb":{"@id":"https:\/\/www.asajacyl.com\/leon\/asaja-leon-informa\/asaja-acudir-maana-a-las-cortes-para-que-la-voz-del-campo-no-se-olvide-en-el-debate-sobre-fondos-europeos#breadcrumb"},"inLanguage":"es","potentialAction":[{"@type":"ReadAction","target":["https:\/\/www.asajacyl.com\/leon\/asaja-leon-informa\/asaja-acudir-maana-a-las-cortes-para-que-la-voz-del-campo-no-se-olvide-en-el-debate-sobre-fondos-europeos"]}]},{"@type":"ImageObject","inLanguage":"es","@id":"https:\/\/www.asajacyl.com\/leon\/asaja-leon-informa\/asaja-acudir-maana-a-las-cortes-para-que-la-voz-del-campo-no-se-olvide-en-el-debate-sobre-fondos-europeos#primaryimage","url":"https:\/\/www.asajacyl.com\/leon\/wp-content\/uploads\/sites\/6\/2017\/11\/im_predefinida_1920x1080.jpg","contentUrl":"https:\/\/www.asajacyl.com\/leon\/wp-content\/uploads\/sites\/6\/2017\/11\/im_predefinida_1920x1080.jpg","width":1920,"height":1080,"caption":"Logotipo ASAJA Le\u00f3n"},{"@type":"BreadcrumbList","@id":"https:\/\/www.asajacyl.com\/leon\/asaja-leon-informa\/asaja-acudir-maana-a-las-cortes-para-que-la-voz-del-campo-no-se-olvide-en-el-debate-sobre-fondos-europeos#breadcrumb","itemListElement":[{"@type":"ListItem","position":1,"name":"Portada","item":"https:\/\/www.asajacyl.com\/leon\/"},{"@type":"ListItem","position":2,"name":"ASAJA ACUDIR&#193; MA&#209;ANA A LAS CORTES PARA QUE LA VOZ DEL CAMPO NO SE OLVIDE EN EL DEBATE SOBRE FONDOS EUROPEOS"}]},{"@type":"WebSite","@id":"https:\/\/www.asajacyl.com\/leon\/#website","url":"https:\/\/www.asajacyl.com\/leon\/","name":"ASAJA Le\u00f3n","description":"Otro sitio m\u00e1s de Provincias ASAJA Castilla y Le\u00f3n","potentialAction":[{"@type":"SearchAction","target":{"@type":"EntryPoint","urlTemplate":"https:\/\/www.asajacyl.com\/leon\/?s={search_term_string}"},"query-input":{"@type":"PropertyValueSpecification","valueRequired":true,"valueName":"search_term_string"}}],"inLanguage":"es"},{"@type":"Person","@id":"https:\/\/www.asajacyl.com\/leon\/#\/schema\/person\/7e884476cee132331142e8ac9689f20c","name":"Editor","image":{"@type":"ImageObject","inLanguage":"es","@id":"https:\/\/www.asajacyl.com\/leon\/#\/schema\/person\/image\/","url":"https:\/\/secure.gravatar.com\/avatar\/a2ef43c165669686cfcfb0e1ffa59869?s=96&d=mm&r=g","contentUrl":"https:\/\/secure.gravatar.com\/avatar\/a2ef43c165669686cfcfb0e1ffa59869?s=96&d=mm&r=g","caption":"Editor"},"url":"https:\/\/www.asajacyl.com\/leon\/author\/oscargg"}]}},"_links":{"self":[{"href":"https:\/\/www.asajacyl.com\/leon\/wp-json\/wp\/v2\/posts\/7679"}],"collection":[{"href":"https:\/\/www.asajacyl.com\/leon\/wp-json\/wp\/v2\/posts"}],"about":[{"href":"https:\/\/www.asajacyl.com\/leon\/wp-json\/wp\/v2\/types\/post"}],"author":[{"embeddable":true,"href":"https:\/\/www.asajacyl.com\/leon\/wp-json\/wp\/v2\/users\/3"}],"replies":[{"embeddable":true,"href":"https:\/\/www.asajacyl.com\/leon\/wp-json\/wp\/v2\/comments?post=7679"}],"version-history":[{"count":0,"href":"https:\/\/www.asajacyl.com\/leon\/wp-json\/wp\/v2\/posts\/7679\/revisions"}],"wp:featuredmedia":[{"embeddable":true,"href":"https:\/\/www.asajacyl.com\/leon\/wp-json\/wp\/v2\/media\/8174"}],"wp:attachment":[{"href":"https:\/\/www.asajacyl.com\/leon\/wp-json\/wp\/v2\/media?parent=7679"}],"wp:term":[{"taxonomy":"category","embeddable":true,"href":"https:\/\/www.asajacyl.com\/leon\/wp-json\/wp\/v2\/categories?post=7679"},{"taxonomy":"post_tag","embeddable":true,"href":"https:\/\/www.asajacyl.com\/leon\/wp-json\/wp\/v2\/tags?post=7679"}],"curies":[{"name":"wp","href":"https:\/\/api.w.org\/{rel}","templated":true}]}}