{"id":7680,"date":"2006-12-13T00:00:00","date_gmt":"2006-12-12T23:00:00","guid":{"rendered":"http:\/\/www.asajacyl.com\/leon\/sin-categoria\/acuerdo-de-las-organizaciones-profesionales-agrarias-de-castilla-y-leon"},"modified":"2006-12-13T00:00:00","modified_gmt":"2006-12-12T23:00:00","slug":"acuerdo-de-las-organizaciones-profesionales-agrarias-de-castilla-y-leon","status":"publish","type":"post","link":"https:\/\/www.asajacyl.com\/leon\/asaja-leon-informa\/acuerdo-de-las-organizaciones-profesionales-agrarias-de-castilla-y-leon","title":{"rendered":"ACUERDO DE LAS ORGANIZACIONES PROFESIONALES AGRARIAS DE CASTILLA Y LEON"},"content":{"rendered":"<h2>FONDOS DE DESARROLLO RURAL<\/h2>\n<p align=\"center\">\n<p><font color=\"#0066ff\"><\/p>\n<p align=\"center\">\n<p align=\"center\"><font size=\"2\"><strong>ACUERDO DE LAS ORGANIZACIONES PROFESIONALES AGRARIAS <\/strong><\/font><strong><font size=\"2\">DE CASTILLA Y LEON<\/font><font size=\"2\"> <\/font><\/strong>\n<\/p>\n<p align=\"justify\"><font size=\"2\"><\/font>\n<\/p>\n<p align=\"justify\"><font size=\"2\">&#160; <\/font>\n<\/p>\n<p align=\"justify\"><font size=\"2\"><font color=\"#000000\"><font size=\"2\">Las organizaciones profesionales agrarias ASAJA, UCCL-COAG, Coordinadora Agraria- COAG y UPA, reunidas el martes d&#237;a 13 de diciembre, despu&#233;s de conocer y debatir el reparto de Fondos Europeos FEADER para el Desarrollo Rural, firmaron un documento conjunto en el que se recogen los siguientes,<\/font> <\/font><\/font>\n<\/p>\n<p align=\"justify\"><font color=\"#000000\" size=\"2\"><\/font>\n<\/p>\n<p align=\"justify\"><font color=\"#000000\"><font size=\"2\">ACUERDOS:<\/font><font size=\"2\"> <\/font><\/font>\n<\/p>\n<p align=\"justify\"><font color=\"#000000\" size=\"2\"><\/font><\/p>\n<ol>\n<p align=\"justify\"><font color=\"#000000\" size=\"2\"><\/font><\/p>\n<li>\n<div align=\"justify\"><font color=\"#000000\" size=\"2\">Rechazar de forma un&#225;nime tal reparto por considerarlo absolutamente injusto para Castilla y Le&#243;n y por suponer un riesgo evidente de hundimiento del sector agrario. <\/font><\/div>\n<p align=\"justify\"><font color=\"#000000\" size=\"2\"><\/font>\n<\/p>\n<p align=\"justify\"><font color=\"#000000\" size=\"2\"><\/font>\n<\/p>\n<p align=\"justify\"><font color=\"#000000\" size=\"2\"><\/font><\/p>\n<\/li>\n<li>\n<div align=\"justify\"><font color=\"#000000\" size=\"2\">Demandar al Gobierno dela Naci&#243;n una modificaci&#243;n del reparto, justa para con esta Comunidad Aut&#243;noma, y que se compense la ca&#237;da de los Fondos Europeos con cifras iguales para el Estado y la Administraci&#243;n Auton&#243;mica. <\/font><\/div>\n<p align=\"justify\"><font color=\"#000000\" size=\"2\"><\/font><\/p>\n<\/li>\n<li>\n<div align=\"justify\"><font color=\"#000000\"><font size=\"2\">Demandar a los Grupos Pol&#237;ticos de las Cortes de Castilla y Le&#243;n el debate urgente en las Cortes de Castilla y Le&#243;n de esta problem&#225;tica y el pronunciamiento oportuno que d&#233; lugar a las modificaciones se&#241;aladas en los puntos anteriores.<\/font> <\/font><\/div>\n<p><font color=\"#000000\"><\/font><\/p>\n<\/li>\n<\/ol>\n<p><u><strong><font color=\"#000000\">&#160; <\/font><\/strong><\/u>\n<\/p>\n<p align=\"center\">\n<p><\/font><font color=\"#000000\"><u><strong>**********************************************************************<\/strong><\/u><\/font><u><strong><font color=\"#0066ff\">NOTA <\/font><\/strong><\/u><\/p>\n<p align=\"center\"><u><strong><font color=\"#0066ff\"><img decoding=\"async\" style=\"MARGIN: 0px\" alt=\"\" hspace=\"0\" src=\"\/leon\/wp-content\/uploads\/sites\/6\/2017\/11\/hoja2mod.jpg\" align=\"baseline\" border=\"0\"\/><\/font><\/strong><\/u>\n<\/p>\n<p align=\"center\"><u><strong><font color=\"#0066ff\"><img decoding=\"async\" style=\"MARGIN: 0px\" alt=\"\" hspace=\"0\" src=\"\/leon\/wp-content\/uploads\/sites\/6\/2017\/11\/hoja3mod.jpg\" align=\"baseline\" border=\"0\"\/><\/font><\/strong><\/u>\n<\/p>\n<p align=\"center\"><u><strong><font color=\"#0066ff\">ACLARATORIA DE ASAJA LEON<\/font> <\/strong><\/u>\n<\/p>\n<p align=\"center\">\n<p align=\"center\"><font color=\"#009900\">&#160;<b> FONDOS DEL DESARROLLO RURAL. &#191;DE QU&#201; ESTAMOS HABLANDO?<\/b><\/font>\n<\/p>\n<p align=\"justify\">\n<p align=\"justify\">&#160;\n<\/p>\n<p align=\"justify\">En la reuni&#243;n del Consejero de Agricultura con las organizaciones agrarias, celebrada el mi&#233;rcoles 13 de diciembre, se aport&#243; un estadillo de cifras que dejan clara cual era la situaci&#243;n del periodo 2000\/07 y cual es ahora con los fondos que ha asignado el Gobierno de Espa&#241;a a Castilla y Le&#243;n. <b><i>Las cuatro organizaciones agrarias de &#225;mbito regional hemos compartido en el cien por cien las cifras presentadas<\/i><\/b><\/p>\n<p>, sin dar lugar a ning&#250;n tipo de discrepancia en dicho sentido, por lo tanto la guerra de cifras ha quedado totalmente aclarada para los representantes del sector. <\/p>\n<p align=\"justify\">\n<p>La <b><u>aportaci&#243;n p&#250;blica conjunta del Estado y Bruselas<\/u><\/b> en el nuevo periodo 2007\/13 es inferior a la del 2000\/06 en <b>846 millones de euros<\/b>, por tanto <b>la regi&#243;n pierde un 45%<\/b>. <\/p>\n<p align=\"justify\">\n<p align=\"justify\">Los 271 millones de euros que provienen de la modulaci&#243;n no se pueden tener en cuenta para hacer la comparaci&#243;n con el periodo anterior ya que dicho importe ya lo percib&#237;a el sector por las ayudas directas de la PAC. No es pues un dinero que llegue a mayores, sino que se va a cobrar de otra forma distinta.\n<\/p>\n<p align=\"justify\"><b><\/p>\n<p align=\"justify\">De los 850 millones de euros que se dejan de percibir, a la provincia de Le&#243;n le corresponder&#237;a aproximadamente (el reparto no est&#225; ni va a estar provincializado) un 15%, por tanto 127,5 millones de euros para todo el periodo, o lo que es lo mismo, 18,2 millones al a&#241;o (3.030 millones de pesetas). Como puede observarse, estas cifras son muy coincidentes con las que ha venido utilizando ASAJA desde el pasado verano. Una p&#233;rdida de 18,2 millones de euros en una provincia que si se saca del contexto de Castilla y Le&#243;n seguir&#237;a siendo de \u00abconvergencia\u00bb, y que tiene una de las agriculturas m&#225;s minifundistas de Espa&#241;a, y por tanto de las m&#225;s necesitadas en seguir recibiendo ayudas para mejorar la competitividad.<\/p>\n<p><\/b>\n<\/p>\n<p align=\"justify\">\n<p align=\"justify\">No es admisible que por una <b>venganza<\/b> en el acuerdo falten 178 millones de euros que figuraban en la propuesta de reparto para Castilla y Le&#243;n en reuniones anteriores, y de la cual hace ya dos meses se hab&#237;a informado a las organizaciones agrarias. Ante la falta de acuerdo entre Junta y Agricultura, los del ministerio optaron por castigar m&#225;s a Jos&#233; Val&#237;n y retiraron de la oferta inicial 178 millones de euros &#161;NO TIENE NOMBRE!.\n<\/p>\n<p align=\"justify\">\n<p align=\"justify\">No es admisible justificar la ca&#237;da de fondos por el hecho de haber dejado de ser regi&#243;n Objetivo 1, ya que el ministerio de Agricultura dispone de los fondos propios para corregir las desigualdades e injusticias que se producen por la aplicaci&#243;n estricta de la normativa europea. Tampoco es cierto que los fondos europeos se hayan distribuido siguiendo los criterios establecidos por Bruselas, y todo apunta a que no ha habido otro criterio que el estrictamente pol&#237;tico, el mismo que el utilizado el pasado a&#241;o para desviar cuota lechera hacia Galicia.\n<\/p>\n<p align=\"right\">ASAJA\n<\/p>\n<p align=\"right\">Le&#243;n, 13 de diciembre de 2006<\/p>\n","protected":false},"excerpt":{"rendered":"<p>FONDOS DE DESARROLLO RURAL<\/p>\n","protected":false},"author":3,"featured_media":7681,"comment_status":"open","ping_status":"open","sticky":false,"template":"","format":"standard","meta":{"footnotes":""},"categories":[4,9],"tags":[],"yoast_head":"<!-- This site is optimized with the Yoast SEO plugin v24.5 - https:\/\/yoast.com\/wordpress\/plugins\/seo\/ -->\n<title>ACUERDO DE LAS ORGANIZACIONES PROFESIONALES AGRARIAS DE CASTILLA Y LEON - ASAJA Le\u00f3n<\/title>\n<meta name=\"description\" content=\"FONDOS DE DESARROLLO RURAL\" \/>\n<meta name=\"robots\" content=\"index, follow, max-snippet:-1, max-image-preview:large, max-video-preview:-1\" \/>\n<link rel=\"canonical\" href=\"https:\/\/www.asajacyl.com\/leon\/asaja-leon-informa\/acuerdo-de-las-organizaciones-profesionales-agrarias-de-castilla-y-leon\" \/>\n<meta property=\"og:locale\" content=\"es_ES\" \/>\n<meta property=\"og:type\" content=\"article\" \/>\n<meta property=\"og:title\" content=\"ACUERDO DE LAS ORGANIZACIONES PROFESIONALES AGRARIAS DE CASTILLA Y LEON - ASAJA Le\u00f3n\" \/>\n<meta property=\"og:description\" content=\"FONDOS DE DESARROLLO RURAL\" \/>\n<meta property=\"og:url\" content=\"https:\/\/www.asajacyl.com\/leon\/asaja-leon-informa\/acuerdo-de-las-organizaciones-profesionales-agrarias-de-castilla-y-leon\" \/>\n<meta property=\"og:site_name\" content=\"ASAJA Le\u00f3n\" \/>\n<meta property=\"article:published_time\" content=\"2006-12-12T23:00:00+00:00\" \/>\n<meta property=\"og:image\" content=\"https:\/\/www.asajacyl.com\/leon\/wp-content\/uploads\/sites\/6\/2017\/11\/hoja2mod.jpg\" \/>\n\t<meta property=\"og:image:width\" content=\"1000\" \/>\n\t<meta property=\"og:image:height\" content=\"516\" \/>\n\t<meta property=\"og:image:type\" content=\"image\/jpeg\" \/>\n<meta name=\"author\" content=\"Editor\" \/>\n<meta name=\"twitter:card\" content=\"summary_large_image\" \/>\n<meta name=\"twitter:label1\" content=\"Escrito por\" \/>\n\t<meta name=\"twitter:data1\" content=\"Editor\" \/>\n\t<meta name=\"twitter:label2\" content=\"Tiempo de lectura\" \/>\n\t<meta name=\"twitter:data2\" content=\"3 minutos\" \/>\n<script type=\"application\/ld+json\" class=\"yoast-schema-graph\">{\"@context\":\"https:\/\/schema.org\",\"@graph\":[{\"@type\":\"WebPage\",\"@id\":\"https:\/\/www.asajacyl.com\/leon\/asaja-leon-informa\/acuerdo-de-las-organizaciones-profesionales-agrarias-de-castilla-y-leon\",\"url\":\"https:\/\/www.asajacyl.com\/leon\/asaja-leon-informa\/acuerdo-de-las-organizaciones-profesionales-agrarias-de-castilla-y-leon\",\"name\":\"ACUERDO DE LAS ORGANIZACIONES PROFESIONALES AGRARIAS DE CASTILLA Y LEON - ASAJA Le\u00f3n\",\"isPartOf\":{\"@id\":\"https:\/\/www.asajacyl.com\/leon\/#website\"},\"primaryImageOfPage\":{\"@id\":\"https:\/\/www.asajacyl.com\/leon\/asaja-leon-informa\/acuerdo-de-las-organizaciones-profesionales-agrarias-de-castilla-y-leon#primaryimage\"},\"image\":{\"@id\":\"https:\/\/www.asajacyl.com\/leon\/asaja-leon-informa\/acuerdo-de-las-organizaciones-profesionales-agrarias-de-castilla-y-leon#primaryimage\"},\"thumbnailUrl\":\"https:\/\/www.asajacyl.com\/leon\/wp-content\/uploads\/sites\/6\/2017\/11\/hoja2mod.jpg\",\"datePublished\":\"2006-12-12T23:00:00+00:00\",\"author\":{\"@id\":\"https:\/\/www.asajacyl.com\/leon\/#\/schema\/person\/7e884476cee132331142e8ac9689f20c\"},\"description\":\"FONDOS DE DESARROLLO RURAL\",\"breadcrumb\":{\"@id\":\"https:\/\/www.asajacyl.com\/leon\/asaja-leon-informa\/acuerdo-de-las-organizaciones-profesionales-agrarias-de-castilla-y-leon#breadcrumb\"},\"inLanguage\":\"es\",\"potentialAction\":[{\"@type\":\"ReadAction\",\"target\":[\"https:\/\/www.asajacyl.com\/leon\/asaja-leon-informa\/acuerdo-de-las-organizaciones-profesionales-agrarias-de-castilla-y-leon\"]}]},{\"@type\":\"ImageObject\",\"inLanguage\":\"es\",\"@id\":\"https:\/\/www.asajacyl.com\/leon\/asaja-leon-informa\/acuerdo-de-las-organizaciones-profesionales-agrarias-de-castilla-y-leon#primaryimage\",\"url\":\"https:\/\/www.asajacyl.com\/leon\/wp-content\/uploads\/sites\/6\/2017\/11\/hoja2mod.jpg\",\"contentUrl\":\"https:\/\/www.asajacyl.com\/leon\/wp-content\/uploads\/sites\/6\/2017\/11\/hoja2mod.jpg\",\"width\":1000,\"height\":516},{\"@type\":\"BreadcrumbList\",\"@id\":\"https:\/\/www.asajacyl.com\/leon\/asaja-leon-informa\/acuerdo-de-las-organizaciones-profesionales-agrarias-de-castilla-y-leon#breadcrumb\",\"itemListElement\":[{\"@type\":\"ListItem\",\"position\":1,\"name\":\"Portada\",\"item\":\"https:\/\/www.asajacyl.com\/leon\/\"},{\"@type\":\"ListItem\",\"position\":2,\"name\":\"ACUERDO DE LAS ORGANIZACIONES PROFESIONALES AGRARIAS DE CASTILLA Y LEON\"}]},{\"@type\":\"WebSite\",\"@id\":\"https:\/\/www.asajacyl.com\/leon\/#website\",\"url\":\"https:\/\/www.asajacyl.com\/leon\/\",\"name\":\"ASAJA Le\u00f3n\",\"description\":\"Otro sitio m\u00e1s de Provincias ASAJA Castilla y Le\u00f3n\",\"potentialAction\":[{\"@type\":\"SearchAction\",\"target\":{\"@type\":\"EntryPoint\",\"urlTemplate\":\"https:\/\/www.asajacyl.com\/leon\/?s={search_term_string}\"},\"query-input\":{\"@type\":\"PropertyValueSpecification\",\"valueRequired\":true,\"valueName\":\"search_term_string\"}}],\"inLanguage\":\"es\"},{\"@type\":\"Person\",\"@id\":\"https:\/\/www.asajacyl.com\/leon\/#\/schema\/person\/7e884476cee132331142e8ac9689f20c\",\"name\":\"Editor\",\"image\":{\"@type\":\"ImageObject\",\"inLanguage\":\"es\",\"@id\":\"https:\/\/www.asajacyl.com\/leon\/#\/schema\/person\/image\/\",\"url\":\"https:\/\/secure.gravatar.com\/avatar\/a2ef43c165669686cfcfb0e1ffa59869?s=96&d=mm&r=g\",\"contentUrl\":\"https:\/\/secure.gravatar.com\/avatar\/a2ef43c165669686cfcfb0e1ffa59869?s=96&d=mm&r=g\",\"caption\":\"Editor\"},\"url\":\"https:\/\/www.asajacyl.com\/leon\/author\/oscargg\"}]}<\/script>\n<!-- \/ Yoast SEO plugin. -->","yoast_head_json":{"title":"ACUERDO DE LAS ORGANIZACIONES PROFESIONALES AGRARIAS DE CASTILLA Y LEON - ASAJA Le\u00f3n","description":"FONDOS DE DESARROLLO RURAL","robots":{"index":"index","follow":"follow","max-snippet":"max-snippet:-1","max-image-preview":"max-image-preview:large","max-video-preview":"max-video-preview:-1"},"canonical":"https:\/\/www.asajacyl.com\/leon\/asaja-leon-informa\/acuerdo-de-las-organizaciones-profesionales-agrarias-de-castilla-y-leon","og_locale":"es_ES","og_type":"article","og_title":"ACUERDO DE LAS ORGANIZACIONES PROFESIONALES AGRARIAS DE CASTILLA Y LEON - ASAJA Le\u00f3n","og_description":"FONDOS DE DESARROLLO RURAL","og_url":"https:\/\/www.asajacyl.com\/leon\/asaja-leon-informa\/acuerdo-de-las-organizaciones-profesionales-agrarias-de-castilla-y-leon","og_site_name":"ASAJA Le\u00f3n","article_published_time":"2006-12-12T23:00:00+00:00","og_image":[{"width":1000,"height":516,"url":"https:\/\/www.asajacyl.com\/leon\/wp-content\/uploads\/sites\/6\/2017\/11\/hoja2mod.jpg","type":"image\/jpeg"}],"author":"Editor","twitter_card":"summary_large_image","twitter_misc":{"Escrito por":"Editor","Tiempo de lectura":"3 minutos"},"schema":{"@context":"https:\/\/schema.org","@graph":[{"@type":"WebPage","@id":"https:\/\/www.asajacyl.com\/leon\/asaja-leon-informa\/acuerdo-de-las-organizaciones-profesionales-agrarias-de-castilla-y-leon","url":"https:\/\/www.asajacyl.com\/leon\/asaja-leon-informa\/acuerdo-de-las-organizaciones-profesionales-agrarias-de-castilla-y-leon","name":"ACUERDO DE LAS ORGANIZACIONES PROFESIONALES AGRARIAS DE CASTILLA Y LEON - ASAJA Le\u00f3n","isPartOf":{"@id":"https:\/\/www.asajacyl.com\/leon\/#website"},"primaryImageOfPage":{"@id":"https:\/\/www.asajacyl.com\/leon\/asaja-leon-informa\/acuerdo-de-las-organizaciones-profesionales-agrarias-de-castilla-y-leon#primaryimage"},"image":{"@id":"https:\/\/www.asajacyl.com\/leon\/asaja-leon-informa\/acuerdo-de-las-organizaciones-profesionales-agrarias-de-castilla-y-leon#primaryimage"},"thumbnailUrl":"https:\/\/www.asajacyl.com\/leon\/wp-content\/uploads\/sites\/6\/2017\/11\/hoja2mod.jpg","datePublished":"2006-12-12T23:00:00+00:00","author":{"@id":"https:\/\/www.asajacyl.com\/leon\/#\/schema\/person\/7e884476cee132331142e8ac9689f20c"},"description":"FONDOS DE DESARROLLO RURAL","breadcrumb":{"@id":"https:\/\/www.asajacyl.com\/leon\/asaja-leon-informa\/acuerdo-de-las-organizaciones-profesionales-agrarias-de-castilla-y-leon#breadcrumb"},"inLanguage":"es","potentialAction":[{"@type":"ReadAction","target":["https:\/\/www.asajacyl.com\/leon\/asaja-leon-informa\/acuerdo-de-las-organizaciones-profesionales-agrarias-de-castilla-y-leon"]}]},{"@type":"ImageObject","inLanguage":"es","@id":"https:\/\/www.asajacyl.com\/leon\/asaja-leon-informa\/acuerdo-de-las-organizaciones-profesionales-agrarias-de-castilla-y-leon#primaryimage","url":"https:\/\/www.asajacyl.com\/leon\/wp-content\/uploads\/sites\/6\/2017\/11\/hoja2mod.jpg","contentUrl":"https:\/\/www.asajacyl.com\/leon\/wp-content\/uploads\/sites\/6\/2017\/11\/hoja2mod.jpg","width":1000,"height":516},{"@type":"BreadcrumbList","@id":"https:\/\/www.asajacyl.com\/leon\/asaja-leon-informa\/acuerdo-de-las-organizaciones-profesionales-agrarias-de-castilla-y-leon#breadcrumb","itemListElement":[{"@type":"ListItem","position":1,"name":"Portada","item":"https:\/\/www.asajacyl.com\/leon\/"},{"@type":"ListItem","position":2,"name":"ACUERDO DE LAS ORGANIZACIONES PROFESIONALES AGRARIAS DE CASTILLA Y LEON"}]},{"@type":"WebSite","@id":"https:\/\/www.asajacyl.com\/leon\/#website","url":"https:\/\/www.asajacyl.com\/leon\/","name":"ASAJA Le\u00f3n","description":"Otro sitio m\u00e1s de Provincias ASAJA Castilla y Le\u00f3n","potentialAction":[{"@type":"SearchAction","target":{"@type":"EntryPoint","urlTemplate":"https:\/\/www.asajacyl.com\/leon\/?s={search_term_string}"},"query-input":{"@type":"PropertyValueSpecification","valueRequired":true,"valueName":"search_term_string"}}],"inLanguage":"es"},{"@type":"Person","@id":"https:\/\/www.asajacyl.com\/leon\/#\/schema\/person\/7e884476cee132331142e8ac9689f20c","name":"Editor","image":{"@type":"ImageObject","inLanguage":"es","@id":"https:\/\/www.asajacyl.com\/leon\/#\/schema\/person\/image\/","url":"https:\/\/secure.gravatar.com\/avatar\/a2ef43c165669686cfcfb0e1ffa59869?s=96&d=mm&r=g","contentUrl":"https:\/\/secure.gravatar.com\/avatar\/a2ef43c165669686cfcfb0e1ffa59869?s=96&d=mm&r=g","caption":"Editor"},"url":"https:\/\/www.asajacyl.com\/leon\/author\/oscargg"}]}},"_links":{"self":[{"href":"https:\/\/www.asajacyl.com\/leon\/wp-json\/wp\/v2\/posts\/7680"}],"collection":[{"href":"https:\/\/www.asajacyl.com\/leon\/wp-json\/wp\/v2\/posts"}],"about":[{"href":"https:\/\/www.asajacyl.com\/leon\/wp-json\/wp\/v2\/types\/post"}],"author":[{"embeddable":true,"href":"https:\/\/www.asajacyl.com\/leon\/wp-json\/wp\/v2\/users\/3"}],"replies":[{"embeddable":true,"href":"https:\/\/www.asajacyl.com\/leon\/wp-json\/wp\/v2\/comments?post=7680"}],"version-history":[{"count":0,"href":"https:\/\/www.asajacyl.com\/leon\/wp-json\/wp\/v2\/posts\/7680\/revisions"}],"wp:featuredmedia":[{"embeddable":true,"href":"https:\/\/www.asajacyl.com\/leon\/wp-json\/wp\/v2\/media\/7681"}],"wp:attachment":[{"href":"https:\/\/www.asajacyl.com\/leon\/wp-json\/wp\/v2\/media?parent=7680"}],"wp:term":[{"taxonomy":"category","embeddable":true,"href":"https:\/\/www.asajacyl.com\/leon\/wp-json\/wp\/v2\/categories?post=7680"},{"taxonomy":"post_tag","embeddable":true,"href":"https:\/\/www.asajacyl.com\/leon\/wp-json\/wp\/v2\/tags?post=7680"}],"curies":[{"name":"wp","href":"https:\/\/api.w.org\/{rel}","templated":true}]}}