{"id":7684,"date":"2006-12-05T00:00:00","date_gmt":"2006-12-04T23:00:00","guid":{"rendered":"http:\/\/www.asajacyl.com\/leon\/sin-categoria\/asaja-se-opone-a-una-moratoria-para-la-entrada-de-trabajadores-rumanos-y-bulgaros"},"modified":"2006-12-05T00:00:00","modified_gmt":"2006-12-04T23:00:00","slug":"asaja-se-opone-a-una-moratoria-para-la-entrada-de-trabajadores-rumanos-y-bulgaros","status":"publish","type":"post","link":"https:\/\/www.asajacyl.com\/leon\/asaja-leon-informa\/asaja-se-opone-a-una-moratoria-para-la-entrada-de-trabajadores-rumanos-y-bulgaros","title":{"rendered":"ASAJA SE OPONE A UNA MORATORIA PARA LA ENTRADA DE TRABAJADORES RUMANOS Y BULGAROS"},"content":{"rendered":"<h2>La organizaci&#243;n agraria ASAJA de Le&#243;n, que se ha reunido hoy en la Subdelegaci&#243;n del Gobierno para planificar las campa&#241;as agr&#237;colas en las que se necesita mano de obra inmigrante, ha pedido al Subdelegado, Francisco &#193;lvarez&#8230;<\/h2>\n<p align=\"center\"><b><font face=\"Verdana, Arial, Helvetica, sans-serif\" color=\"#009900\" size=\"2\">ASAJA SE OPONE A UNA MORATORIA PARA LA ENTRADA DE TRABAJADORES RUMANOS Y BULGAROS<\/font><\/b><font face=\"Verdana, Arial, Helvetica, sans-serif\" size=\"2\"> <\/font>\n<\/p>\n<p align=\"justify\"><font face=\"Verdana, Arial, Helvetica, sans-serif\" size=\"2\"><\/font>\n<\/p>\n<p align=\"justify\"><font face=\"Verdana, Arial, Helvetica, sans-serif\" size=\"2\">La organizaci&#243;n agraria ASAJA de Le&#243;n, que se ha reunido hoy en la Subdelegaci&#243;n del Gobierno para planificar las campa&#241;as agr&#237;colas en las que se necesita mano de obra inmigrante, ha pedido al Subdelegado, Francisco &#193;lvarez, que traslade al Gobierno la conveniencia de no aplicar moratoria alguna a la entrada de trabajadores, a partir del 1 de enero, de los pa&#237;ses de Ruman&#237;a y Bulgaria, que se incorporan de pleno derecho a la Uni&#243;n Europea. <\/font>\n<\/p>\n<p align=\"justify\"><font face=\"Verdana, Arial, Helvetica, sans-serif\" size=\"2\"><\/font>\n<\/p>\n<p align=\"justify\"><font face=\"Verdana, Arial, Helvetica, sans-serif\" size=\"2\">ASAJA considera que nuestro pa&#237;s est&#225; en condiciones de poder absorber, sin distorsionar el mercado laboral, toda la mano de obra que pueda venir de estos pa&#237;ses, y que lejos de ser un problema, ser&#225; una soluci&#243;n para sectores como el agropecuario para el que no se encuentra actualmente gente que quiera trabajar. <\/font>\n<\/p>\n<p align=\"justify\"><font face=\"Verdana, Arial, Helvetica, sans-serif\" size=\"2\"><\/font>\n<\/p>\n<p align=\"justify\"><font face=\"Verdana, Arial, Helvetica, sans-serif\" size=\"2\">El sector agrario lleva a&#241;os cubriendo sus necesidades de mano de obra con trabajadores inmigrantes, unos trabajadores que suelen encontrar en la agricultura la puerta de entrada en nuestro mercado laboral, pero que lo abandonan lo antes que pueden, motivado la mayor&#237;a de las veces m&#225;s que por una cuesti&#243;n laboral, por un cambio de la vida rural por la urbana. <\/font>\n<\/p>\n<p align=\"justify\"><font face=\"Verdana, Arial, Helvetica, sans-serif\" size=\"2\"><\/font>\n<\/p>\n<p align=\"justify\"><font face=\"Verdana, Arial, Helvetica, sans-serif\"><font size=\"2\">Las explotaciones ganaderas, que se han reducido en n&#250;mero y paralelamente han crecido en tama&#241;o, requieren mano de obra asalariada de apoyo a la que aporta la unidad familiar, mano de obra que por otra requiere una especial cualificaci&#243;n que en raras ocasiones se tiene. En el sector agrario, la necesidad de mano de obra est&#225; m&#225;s vinculada a trabajos de campa&#241;a, particularmente en producciones como el vi&#241;edo, los frutales o la agricultura de huerta.<\/font><font size=\"2\"> <\/font><\/font>\n<\/p>\n<p align=\"right\"><font face=\"Verdana, Arial, Helvetica, sans-serif\" size=\"2\">Le&#243;n, 5 de diciembre de 2006.<\/font><\/p>\n","protected":false},"excerpt":{"rendered":"<p>La organizaci&#243;n agraria ASAJA de Le&#243;n, que se ha reunido hoy en la Subdelegaci&#243;n del Gobierno para planificar las campa&#241;as agr&#237;colas en las que se necesita mano de obra inmigrante, ha pedido al Subdelegado, Francisco &#193;lvarez&#8230;<\/p>\n","protected":false},"author":3,"featured_media":8174,"comment_status":"open","ping_status":"open","sticky":false,"template":"","format":"standard","meta":{"footnotes":""},"categories":[4,9],"tags":[],"yoast_head":"<!-- This site is optimized with the Yoast SEO plugin v24.5 - https:\/\/yoast.com\/wordpress\/plugins\/seo\/ -->\n<title>ASAJA SE OPONE A UNA MORATORIA PARA LA ENTRADA DE TRABAJADORES RUMANOS Y BULGAROS - ASAJA Le\u00f3n<\/title>\n<meta name=\"description\" content=\"La organizaci&#243;n agraria ASAJA de Le&#243;n, que se ha reunido hoy en la Subdelegaci&#243;n del Gobierno para planificar las campa&#241;as agr&#237;colas en las que se necesita mano de obra inmigrante, ha pedido al Subdelegado, Francisco &#193;lvarez...\" \/>\n<meta name=\"robots\" content=\"index, follow, max-snippet:-1, max-image-preview:large, max-video-preview:-1\" \/>\n<link rel=\"canonical\" href=\"https:\/\/www.asajacyl.com\/leon\/asaja-leon-informa\/asaja-se-opone-a-una-moratoria-para-la-entrada-de-trabajadores-rumanos-y-bulgaros\" \/>\n<meta property=\"og:locale\" content=\"es_ES\" \/>\n<meta property=\"og:type\" content=\"article\" \/>\n<meta property=\"og:title\" content=\"ASAJA SE OPONE A UNA MORATORIA PARA LA ENTRADA DE TRABAJADORES RUMANOS Y BULGAROS - ASAJA Le\u00f3n\" \/>\n<meta property=\"og:description\" content=\"La organizaci&#243;n agraria ASAJA de Le&#243;n, que se ha reunido hoy en la Subdelegaci&#243;n del Gobierno para planificar las campa&#241;as agr&#237;colas en las que se necesita mano de obra inmigrante, ha pedido al Subdelegado, Francisco &#193;lvarez...\" \/>\n<meta property=\"og:url\" content=\"https:\/\/www.asajacyl.com\/leon\/asaja-leon-informa\/asaja-se-opone-a-una-moratoria-para-la-entrada-de-trabajadores-rumanos-y-bulgaros\" \/>\n<meta property=\"og:site_name\" content=\"ASAJA Le\u00f3n\" \/>\n<meta property=\"article:published_time\" content=\"2006-12-04T23:00:00+00:00\" \/>\n<meta property=\"og:image\" content=\"https:\/\/www.asajacyl.com\/leon\/wp-content\/uploads\/sites\/6\/2017\/11\/im_predefinida_1920x1080.jpg\" \/>\n\t<meta property=\"og:image:width\" content=\"1920\" \/>\n\t<meta property=\"og:image:height\" content=\"1080\" \/>\n\t<meta property=\"og:image:type\" content=\"image\/jpeg\" \/>\n<meta name=\"author\" content=\"Editor\" \/>\n<meta name=\"twitter:card\" content=\"summary_large_image\" \/>\n<meta name=\"twitter:label1\" content=\"Escrito por\" \/>\n\t<meta name=\"twitter:data1\" content=\"Editor\" \/>\n\t<meta name=\"twitter:label2\" content=\"Tiempo de lectura\" \/>\n\t<meta name=\"twitter:data2\" content=\"2 minutos\" \/>\n<script type=\"application\/ld+json\" class=\"yoast-schema-graph\">{\"@context\":\"https:\/\/schema.org\",\"@graph\":[{\"@type\":\"WebPage\",\"@id\":\"https:\/\/www.asajacyl.com\/leon\/asaja-leon-informa\/asaja-se-opone-a-una-moratoria-para-la-entrada-de-trabajadores-rumanos-y-bulgaros\",\"url\":\"https:\/\/www.asajacyl.com\/leon\/asaja-leon-informa\/asaja-se-opone-a-una-moratoria-para-la-entrada-de-trabajadores-rumanos-y-bulgaros\",\"name\":\"ASAJA SE OPONE A UNA MORATORIA PARA LA ENTRADA DE TRABAJADORES RUMANOS Y BULGAROS - ASAJA Le\u00f3n\",\"isPartOf\":{\"@id\":\"https:\/\/www.asajacyl.com\/leon\/#website\"},\"primaryImageOfPage\":{\"@id\":\"https:\/\/www.asajacyl.com\/leon\/asaja-leon-informa\/asaja-se-opone-a-una-moratoria-para-la-entrada-de-trabajadores-rumanos-y-bulgaros#primaryimage\"},\"image\":{\"@id\":\"https:\/\/www.asajacyl.com\/leon\/asaja-leon-informa\/asaja-se-opone-a-una-moratoria-para-la-entrada-de-trabajadores-rumanos-y-bulgaros#primaryimage\"},\"thumbnailUrl\":\"https:\/\/www.asajacyl.com\/leon\/wp-content\/uploads\/sites\/6\/2017\/11\/im_predefinida_1920x1080.jpg\",\"datePublished\":\"2006-12-04T23:00:00+00:00\",\"author\":{\"@id\":\"https:\/\/www.asajacyl.com\/leon\/#\/schema\/person\/7e884476cee132331142e8ac9689f20c\"},\"description\":\"La organizaci&#243;n agraria ASAJA de Le&#243;n, que se ha reunido hoy en la Subdelegaci&#243;n del Gobierno para planificar las campa&#241;as agr&#237;colas en las que se necesita mano de obra inmigrante, ha pedido al Subdelegado, Francisco &#193;lvarez...\",\"breadcrumb\":{\"@id\":\"https:\/\/www.asajacyl.com\/leon\/asaja-leon-informa\/asaja-se-opone-a-una-moratoria-para-la-entrada-de-trabajadores-rumanos-y-bulgaros#breadcrumb\"},\"inLanguage\":\"es\",\"potentialAction\":[{\"@type\":\"ReadAction\",\"target\":[\"https:\/\/www.asajacyl.com\/leon\/asaja-leon-informa\/asaja-se-opone-a-una-moratoria-para-la-entrada-de-trabajadores-rumanos-y-bulgaros\"]}]},{\"@type\":\"ImageObject\",\"inLanguage\":\"es\",\"@id\":\"https:\/\/www.asajacyl.com\/leon\/asaja-leon-informa\/asaja-se-opone-a-una-moratoria-para-la-entrada-de-trabajadores-rumanos-y-bulgaros#primaryimage\",\"url\":\"https:\/\/www.asajacyl.com\/leon\/wp-content\/uploads\/sites\/6\/2017\/11\/im_predefinida_1920x1080.jpg\",\"contentUrl\":\"https:\/\/www.asajacyl.com\/leon\/wp-content\/uploads\/sites\/6\/2017\/11\/im_predefinida_1920x1080.jpg\",\"width\":1920,\"height\":1080,\"caption\":\"Logotipo ASAJA Le\u00f3n\"},{\"@type\":\"BreadcrumbList\",\"@id\":\"https:\/\/www.asajacyl.com\/leon\/asaja-leon-informa\/asaja-se-opone-a-una-moratoria-para-la-entrada-de-trabajadores-rumanos-y-bulgaros#breadcrumb\",\"itemListElement\":[{\"@type\":\"ListItem\",\"position\":1,\"name\":\"Portada\",\"item\":\"https:\/\/www.asajacyl.com\/leon\/\"},{\"@type\":\"ListItem\",\"position\":2,\"name\":\"ASAJA SE OPONE A UNA MORATORIA PARA LA ENTRADA DE TRABAJADORES RUMANOS Y BULGAROS\"}]},{\"@type\":\"WebSite\",\"@id\":\"https:\/\/www.asajacyl.com\/leon\/#website\",\"url\":\"https:\/\/www.asajacyl.com\/leon\/\",\"name\":\"ASAJA Le\u00f3n\",\"description\":\"Otro sitio m\u00e1s de Provincias ASAJA Castilla y Le\u00f3n\",\"potentialAction\":[{\"@type\":\"SearchAction\",\"target\":{\"@type\":\"EntryPoint\",\"urlTemplate\":\"https:\/\/www.asajacyl.com\/leon\/?s={search_term_string}\"},\"query-input\":{\"@type\":\"PropertyValueSpecification\",\"valueRequired\":true,\"valueName\":\"search_term_string\"}}],\"inLanguage\":\"es\"},{\"@type\":\"Person\",\"@id\":\"https:\/\/www.asajacyl.com\/leon\/#\/schema\/person\/7e884476cee132331142e8ac9689f20c\",\"name\":\"Editor\",\"image\":{\"@type\":\"ImageObject\",\"inLanguage\":\"es\",\"@id\":\"https:\/\/www.asajacyl.com\/leon\/#\/schema\/person\/image\/\",\"url\":\"https:\/\/secure.gravatar.com\/avatar\/a2ef43c165669686cfcfb0e1ffa59869?s=96&d=mm&r=g\",\"contentUrl\":\"https:\/\/secure.gravatar.com\/avatar\/a2ef43c165669686cfcfb0e1ffa59869?s=96&d=mm&r=g\",\"caption\":\"Editor\"},\"url\":\"https:\/\/www.asajacyl.com\/leon\/author\/oscargg\"}]}<\/script>\n<!-- \/ Yoast SEO plugin. -->","yoast_head_json":{"title":"ASAJA SE OPONE A UNA MORATORIA PARA LA ENTRADA DE TRABAJADORES RUMANOS Y BULGAROS - ASAJA Le\u00f3n","description":"La organizaci&#243;n agraria ASAJA de Le&#243;n, que se ha reunido hoy en la Subdelegaci&#243;n del Gobierno para planificar las campa&#241;as agr&#237;colas en las que se necesita mano de obra inmigrante, ha pedido al Subdelegado, Francisco &#193;lvarez...","robots":{"index":"index","follow":"follow","max-snippet":"max-snippet:-1","max-image-preview":"max-image-preview:large","max-video-preview":"max-video-preview:-1"},"canonical":"https:\/\/www.asajacyl.com\/leon\/asaja-leon-informa\/asaja-se-opone-a-una-moratoria-para-la-entrada-de-trabajadores-rumanos-y-bulgaros","og_locale":"es_ES","og_type":"article","og_title":"ASAJA SE OPONE A UNA MORATORIA PARA LA ENTRADA DE TRABAJADORES RUMANOS Y BULGAROS - ASAJA Le\u00f3n","og_description":"La organizaci&#243;n agraria ASAJA de Le&#243;n, que se ha reunido hoy en la Subdelegaci&#243;n del Gobierno para planificar las campa&#241;as agr&#237;colas en las que se necesita mano de obra inmigrante, ha pedido al Subdelegado, Francisco &#193;lvarez...","og_url":"https:\/\/www.asajacyl.com\/leon\/asaja-leon-informa\/asaja-se-opone-a-una-moratoria-para-la-entrada-de-trabajadores-rumanos-y-bulgaros","og_site_name":"ASAJA Le\u00f3n","article_published_time":"2006-12-04T23:00:00+00:00","og_image":[{"width":1920,"height":1080,"url":"https:\/\/www.asajacyl.com\/leon\/wp-content\/uploads\/sites\/6\/2017\/11\/im_predefinida_1920x1080.jpg","type":"image\/jpeg"}],"author":"Editor","twitter_card":"summary_large_image","twitter_misc":{"Escrito por":"Editor","Tiempo de lectura":"2 minutos"},"schema":{"@context":"https:\/\/schema.org","@graph":[{"@type":"WebPage","@id":"https:\/\/www.asajacyl.com\/leon\/asaja-leon-informa\/asaja-se-opone-a-una-moratoria-para-la-entrada-de-trabajadores-rumanos-y-bulgaros","url":"https:\/\/www.asajacyl.com\/leon\/asaja-leon-informa\/asaja-se-opone-a-una-moratoria-para-la-entrada-de-trabajadores-rumanos-y-bulgaros","name":"ASAJA SE OPONE A UNA MORATORIA PARA LA ENTRADA DE TRABAJADORES RUMANOS Y BULGAROS - ASAJA Le\u00f3n","isPartOf":{"@id":"https:\/\/www.asajacyl.com\/leon\/#website"},"primaryImageOfPage":{"@id":"https:\/\/www.asajacyl.com\/leon\/asaja-leon-informa\/asaja-se-opone-a-una-moratoria-para-la-entrada-de-trabajadores-rumanos-y-bulgaros#primaryimage"},"image":{"@id":"https:\/\/www.asajacyl.com\/leon\/asaja-leon-informa\/asaja-se-opone-a-una-moratoria-para-la-entrada-de-trabajadores-rumanos-y-bulgaros#primaryimage"},"thumbnailUrl":"https:\/\/www.asajacyl.com\/leon\/wp-content\/uploads\/sites\/6\/2017\/11\/im_predefinida_1920x1080.jpg","datePublished":"2006-12-04T23:00:00+00:00","author":{"@id":"https:\/\/www.asajacyl.com\/leon\/#\/schema\/person\/7e884476cee132331142e8ac9689f20c"},"description":"La organizaci&#243;n agraria ASAJA de Le&#243;n, que se ha reunido hoy en la Subdelegaci&#243;n del Gobierno para planificar las campa&#241;as agr&#237;colas en las que se necesita mano de obra inmigrante, ha pedido al Subdelegado, Francisco &#193;lvarez...","breadcrumb":{"@id":"https:\/\/www.asajacyl.com\/leon\/asaja-leon-informa\/asaja-se-opone-a-una-moratoria-para-la-entrada-de-trabajadores-rumanos-y-bulgaros#breadcrumb"},"inLanguage":"es","potentialAction":[{"@type":"ReadAction","target":["https:\/\/www.asajacyl.com\/leon\/asaja-leon-informa\/asaja-se-opone-a-una-moratoria-para-la-entrada-de-trabajadores-rumanos-y-bulgaros"]}]},{"@type":"ImageObject","inLanguage":"es","@id":"https:\/\/www.asajacyl.com\/leon\/asaja-leon-informa\/asaja-se-opone-a-una-moratoria-para-la-entrada-de-trabajadores-rumanos-y-bulgaros#primaryimage","url":"https:\/\/www.asajacyl.com\/leon\/wp-content\/uploads\/sites\/6\/2017\/11\/im_predefinida_1920x1080.jpg","contentUrl":"https:\/\/www.asajacyl.com\/leon\/wp-content\/uploads\/sites\/6\/2017\/11\/im_predefinida_1920x1080.jpg","width":1920,"height":1080,"caption":"Logotipo ASAJA Le\u00f3n"},{"@type":"BreadcrumbList","@id":"https:\/\/www.asajacyl.com\/leon\/asaja-leon-informa\/asaja-se-opone-a-una-moratoria-para-la-entrada-de-trabajadores-rumanos-y-bulgaros#breadcrumb","itemListElement":[{"@type":"ListItem","position":1,"name":"Portada","item":"https:\/\/www.asajacyl.com\/leon\/"},{"@type":"ListItem","position":2,"name":"ASAJA SE OPONE A UNA MORATORIA PARA LA ENTRADA DE TRABAJADORES RUMANOS Y BULGAROS"}]},{"@type":"WebSite","@id":"https:\/\/www.asajacyl.com\/leon\/#website","url":"https:\/\/www.asajacyl.com\/leon\/","name":"ASAJA Le\u00f3n","description":"Otro sitio m\u00e1s de Provincias ASAJA Castilla y Le\u00f3n","potentialAction":[{"@type":"SearchAction","target":{"@type":"EntryPoint","urlTemplate":"https:\/\/www.asajacyl.com\/leon\/?s={search_term_string}"},"query-input":{"@type":"PropertyValueSpecification","valueRequired":true,"valueName":"search_term_string"}}],"inLanguage":"es"},{"@type":"Person","@id":"https:\/\/www.asajacyl.com\/leon\/#\/schema\/person\/7e884476cee132331142e8ac9689f20c","name":"Editor","image":{"@type":"ImageObject","inLanguage":"es","@id":"https:\/\/www.asajacyl.com\/leon\/#\/schema\/person\/image\/","url":"https:\/\/secure.gravatar.com\/avatar\/a2ef43c165669686cfcfb0e1ffa59869?s=96&d=mm&r=g","contentUrl":"https:\/\/secure.gravatar.com\/avatar\/a2ef43c165669686cfcfb0e1ffa59869?s=96&d=mm&r=g","caption":"Editor"},"url":"https:\/\/www.asajacyl.com\/leon\/author\/oscargg"}]}},"_links":{"self":[{"href":"https:\/\/www.asajacyl.com\/leon\/wp-json\/wp\/v2\/posts\/7684"}],"collection":[{"href":"https:\/\/www.asajacyl.com\/leon\/wp-json\/wp\/v2\/posts"}],"about":[{"href":"https:\/\/www.asajacyl.com\/leon\/wp-json\/wp\/v2\/types\/post"}],"author":[{"embeddable":true,"href":"https:\/\/www.asajacyl.com\/leon\/wp-json\/wp\/v2\/users\/3"}],"replies":[{"embeddable":true,"href":"https:\/\/www.asajacyl.com\/leon\/wp-json\/wp\/v2\/comments?post=7684"}],"version-history":[{"count":0,"href":"https:\/\/www.asajacyl.com\/leon\/wp-json\/wp\/v2\/posts\/7684\/revisions"}],"wp:featuredmedia":[{"embeddable":true,"href":"https:\/\/www.asajacyl.com\/leon\/wp-json\/wp\/v2\/media\/8174"}],"wp:attachment":[{"href":"https:\/\/www.asajacyl.com\/leon\/wp-json\/wp\/v2\/media?parent=7684"}],"wp:term":[{"taxonomy":"category","embeddable":true,"href":"https:\/\/www.asajacyl.com\/leon\/wp-json\/wp\/v2\/categories?post=7684"},{"taxonomy":"post_tag","embeddable":true,"href":"https:\/\/www.asajacyl.com\/leon\/wp-json\/wp\/v2\/tags?post=7684"}],"curies":[{"name":"wp","href":"https:\/\/api.w.org\/{rel}","templated":true}]}}