{"id":7710,"date":"2006-10-16T00:00:00","date_gmt":"2006-10-15T22:00:00","guid":{"rendered":"http:\/\/www.asajacyl.com\/leon\/sin-categoria\/asaja-pide-que-se-prorrogue-el-plazo-de-registro-de-autorizaciones-para-transportar-ganado"},"modified":"2006-10-16T00:00:00","modified_gmt":"2006-10-15T22:00:00","slug":"asaja-pide-que-se-prorrogue-el-plazo-de-registro-de-autorizaciones-para-transportar-ganado","status":"publish","type":"post","link":"https:\/\/www.asajacyl.com\/leon\/asaja-leon-informa\/asaja-pide-que-se-prorrogue-el-plazo-de-registro-de-autorizaciones-para-transportar-ganado","title":{"rendered":"ASAJA PIDE QUE SE PRORROGUE EL PLAZO DE REGISTRO DE AUTORIZACIONES PARA TRANSPORTAR GANADO"},"content":{"rendered":"<h2>No hay tiempo ni recursos para formar a los ganaderos antes del 5 de enero<\/h2>\n<p align=\"center\"><font size=\"2\"><strong><font color=\"#009900\">&#160;&#160;ASAJA PIDE QUE SE PRORROGUE EL PLAZO DE REGISTRO DE AUTORIZACIONES PARA TRANSPORTAR GANADO<\/font><\/strong> <\/font><\/p>\n<p align=\"center\"><font color=\"#0033ff\"><font size=\"2\">&#160; <\/font><font size=\"2\">No hay tiempo ni recursos para formar a los ganaderos antes del 5 de enero <\/font><\/font>\n<\/p>\n<p align=\"justify\"><font size=\"2\">Una orden de la Consejer&#237;a de Agricultura de la Junta de Castilla y Le&#243;n fechada en marzo de este a&#241;o ha establecido la obligatoriedad para todos los ganaderos autorizados para transportar animales y sus medios de transporte de renovar esta autorizaci&#243;n, e inscribirse en el Registro General de Transportistas y Medios de Transporte de Ganado antes del 5 de enero de 2007. <\/font>\n<\/p>\n<p align=\"justify\"><font size=\"2\">ASAJA de Castilla y Le&#243;n considera imposible, con los actuales recursos econ&#243;micos y humanos y el poco tiempo disponible, cumplir con lo establecido en la orden, y solicita una pr&#243;rroga de un a&#241;o para la actualizaci&#243;n de los ganaderos en este Registro. <\/font>\n<\/p>\n<p align=\"justify\"><font size=\"2\">Es necesario tener en cuenta que para obtener la autorizaci&#243;n, hay que acreditar haber superado un curso de formaci&#243;n de bienestar animal correspondiente a los m&#243;dulos General y de Transportistas de Ganado del conductor. <\/font>\n<\/p>\n<p align=\"justify\"><font size=\"2\">En este sentido, ASAJA est&#225; haciendo un important&#237;simo esfuerzo en todas las provincias para dar estos cursos, pero debido a que la publicaci&#243;n de la orden ha sido muy reciente y teniendo en cuenta que las organizaciones agrarias programamos con anterioridad la formaci&#243;n de cada a&#241;o, no contamos actualmente con tiempo material ni con financiaci&#243;n suficiente para facilitar estas acciones formativas a todos los ganaderos que las demandan, con el consiguiente perjuicio que esto les puede ocasionar.&#160;&#160; <\/font>\n<\/p>\n<p align=\"justify\"><font size=\"2\">En Castilla y Le&#243;n hay miles de ganaderos que transportan animales por sus propios medios, tanto a mercados locales como a mataderos o a centros de concentraci&#243;n para su posterior carga en camiones que pueden quedarse sin autorizaci&#243;n si la Consejer&#237;a no reconsidera este plazo.&#160;&#160; <\/font>\n<\/p>\n<p align=\"right\"><span><font size=\"2\">&#160; &#160; &#160; &#160; Le&#243;n a 16 de octubre de 2006<\/font><\/span><\/p>\n","protected":false},"excerpt":{"rendered":"<p>No hay tiempo ni recursos para formar a los ganaderos antes del 5 de enero<\/p>\n","protected":false},"author":3,"featured_media":8174,"comment_status":"open","ping_status":"open","sticky":false,"template":"","format":"standard","meta":{"footnotes":""},"categories":[4,9],"tags":[],"yoast_head":"<!-- This site is optimized with the Yoast SEO plugin v24.5 - https:\/\/yoast.com\/wordpress\/plugins\/seo\/ -->\n<title>ASAJA PIDE QUE SE PRORROGUE EL PLAZO DE REGISTRO DE AUTORIZACIONES PARA TRANSPORTAR GANADO - ASAJA Le\u00f3n<\/title>\n<meta name=\"description\" content=\"No hay tiempo ni recursos para formar a los ganaderos antes del 5 de enero\" \/>\n<meta name=\"robots\" content=\"index, follow, max-snippet:-1, max-image-preview:large, max-video-preview:-1\" \/>\n<link rel=\"canonical\" href=\"https:\/\/www.asajacyl.com\/leon\/asaja-leon-informa\/asaja-pide-que-se-prorrogue-el-plazo-de-registro-de-autorizaciones-para-transportar-ganado\" \/>\n<meta property=\"og:locale\" content=\"es_ES\" \/>\n<meta property=\"og:type\" content=\"article\" \/>\n<meta property=\"og:title\" content=\"ASAJA PIDE QUE SE PRORROGUE EL PLAZO DE REGISTRO DE AUTORIZACIONES PARA TRANSPORTAR GANADO - ASAJA Le\u00f3n\" \/>\n<meta property=\"og:description\" content=\"No hay tiempo ni recursos para formar a los ganaderos antes del 5 de enero\" \/>\n<meta property=\"og:url\" content=\"https:\/\/www.asajacyl.com\/leon\/asaja-leon-informa\/asaja-pide-que-se-prorrogue-el-plazo-de-registro-de-autorizaciones-para-transportar-ganado\" \/>\n<meta property=\"og:site_name\" content=\"ASAJA Le\u00f3n\" \/>\n<meta property=\"article:published_time\" content=\"2006-10-15T22:00:00+00:00\" \/>\n<meta property=\"og:image\" content=\"https:\/\/www.asajacyl.com\/leon\/wp-content\/uploads\/sites\/6\/2017\/11\/im_predefinida_1920x1080.jpg\" \/>\n\t<meta property=\"og:image:width\" content=\"1920\" \/>\n\t<meta property=\"og:image:height\" content=\"1080\" \/>\n\t<meta property=\"og:image:type\" content=\"image\/jpeg\" \/>\n<meta name=\"author\" content=\"Editor\" \/>\n<meta name=\"twitter:card\" content=\"summary_large_image\" \/>\n<meta name=\"twitter:label1\" content=\"Escrito por\" \/>\n\t<meta name=\"twitter:data1\" content=\"Editor\" \/>\n\t<meta name=\"twitter:label2\" content=\"Tiempo de lectura\" \/>\n\t<meta name=\"twitter:data2\" content=\"2 minutos\" \/>\n<script type=\"application\/ld+json\" class=\"yoast-schema-graph\">{\"@context\":\"https:\/\/schema.org\",\"@graph\":[{\"@type\":\"WebPage\",\"@id\":\"https:\/\/www.asajacyl.com\/leon\/asaja-leon-informa\/asaja-pide-que-se-prorrogue-el-plazo-de-registro-de-autorizaciones-para-transportar-ganado\",\"url\":\"https:\/\/www.asajacyl.com\/leon\/asaja-leon-informa\/asaja-pide-que-se-prorrogue-el-plazo-de-registro-de-autorizaciones-para-transportar-ganado\",\"name\":\"ASAJA PIDE QUE SE PRORROGUE EL PLAZO DE REGISTRO DE AUTORIZACIONES PARA TRANSPORTAR GANADO - ASAJA Le\u00f3n\",\"isPartOf\":{\"@id\":\"https:\/\/www.asajacyl.com\/leon\/#website\"},\"primaryImageOfPage\":{\"@id\":\"https:\/\/www.asajacyl.com\/leon\/asaja-leon-informa\/asaja-pide-que-se-prorrogue-el-plazo-de-registro-de-autorizaciones-para-transportar-ganado#primaryimage\"},\"image\":{\"@id\":\"https:\/\/www.asajacyl.com\/leon\/asaja-leon-informa\/asaja-pide-que-se-prorrogue-el-plazo-de-registro-de-autorizaciones-para-transportar-ganado#primaryimage\"},\"thumbnailUrl\":\"https:\/\/www.asajacyl.com\/leon\/wp-content\/uploads\/sites\/6\/2017\/11\/im_predefinida_1920x1080.jpg\",\"datePublished\":\"2006-10-15T22:00:00+00:00\",\"author\":{\"@id\":\"https:\/\/www.asajacyl.com\/leon\/#\/schema\/person\/7e884476cee132331142e8ac9689f20c\"},\"description\":\"No hay tiempo ni recursos para formar a los ganaderos antes del 5 de enero\",\"breadcrumb\":{\"@id\":\"https:\/\/www.asajacyl.com\/leon\/asaja-leon-informa\/asaja-pide-que-se-prorrogue-el-plazo-de-registro-de-autorizaciones-para-transportar-ganado#breadcrumb\"},\"inLanguage\":\"es\",\"potentialAction\":[{\"@type\":\"ReadAction\",\"target\":[\"https:\/\/www.asajacyl.com\/leon\/asaja-leon-informa\/asaja-pide-que-se-prorrogue-el-plazo-de-registro-de-autorizaciones-para-transportar-ganado\"]}]},{\"@type\":\"ImageObject\",\"inLanguage\":\"es\",\"@id\":\"https:\/\/www.asajacyl.com\/leon\/asaja-leon-informa\/asaja-pide-que-se-prorrogue-el-plazo-de-registro-de-autorizaciones-para-transportar-ganado#primaryimage\",\"url\":\"https:\/\/www.asajacyl.com\/leon\/wp-content\/uploads\/sites\/6\/2017\/11\/im_predefinida_1920x1080.jpg\",\"contentUrl\":\"https:\/\/www.asajacyl.com\/leon\/wp-content\/uploads\/sites\/6\/2017\/11\/im_predefinida_1920x1080.jpg\",\"width\":1920,\"height\":1080,\"caption\":\"Logotipo ASAJA Le\u00f3n\"},{\"@type\":\"BreadcrumbList\",\"@id\":\"https:\/\/www.asajacyl.com\/leon\/asaja-leon-informa\/asaja-pide-que-se-prorrogue-el-plazo-de-registro-de-autorizaciones-para-transportar-ganado#breadcrumb\",\"itemListElement\":[{\"@type\":\"ListItem\",\"position\":1,\"name\":\"Portada\",\"item\":\"https:\/\/www.asajacyl.com\/leon\/\"},{\"@type\":\"ListItem\",\"position\":2,\"name\":\"ASAJA PIDE QUE SE PRORROGUE EL PLAZO DE REGISTRO DE AUTORIZACIONES PARA TRANSPORTAR GANADO\"}]},{\"@type\":\"WebSite\",\"@id\":\"https:\/\/www.asajacyl.com\/leon\/#website\",\"url\":\"https:\/\/www.asajacyl.com\/leon\/\",\"name\":\"ASAJA Le\u00f3n\",\"description\":\"Otro sitio m\u00e1s de Provincias ASAJA Castilla y Le\u00f3n\",\"potentialAction\":[{\"@type\":\"SearchAction\",\"target\":{\"@type\":\"EntryPoint\",\"urlTemplate\":\"https:\/\/www.asajacyl.com\/leon\/?s={search_term_string}\"},\"query-input\":{\"@type\":\"PropertyValueSpecification\",\"valueRequired\":true,\"valueName\":\"search_term_string\"}}],\"inLanguage\":\"es\"},{\"@type\":\"Person\",\"@id\":\"https:\/\/www.asajacyl.com\/leon\/#\/schema\/person\/7e884476cee132331142e8ac9689f20c\",\"name\":\"Editor\",\"image\":{\"@type\":\"ImageObject\",\"inLanguage\":\"es\",\"@id\":\"https:\/\/www.asajacyl.com\/leon\/#\/schema\/person\/image\/\",\"url\":\"https:\/\/secure.gravatar.com\/avatar\/a2ef43c165669686cfcfb0e1ffa59869?s=96&d=mm&r=g\",\"contentUrl\":\"https:\/\/secure.gravatar.com\/avatar\/a2ef43c165669686cfcfb0e1ffa59869?s=96&d=mm&r=g\",\"caption\":\"Editor\"},\"url\":\"https:\/\/www.asajacyl.com\/leon\/author\/oscargg\"}]}<\/script>\n<!-- \/ Yoast SEO plugin. -->","yoast_head_json":{"title":"ASAJA PIDE QUE SE PRORROGUE EL PLAZO DE REGISTRO DE AUTORIZACIONES PARA TRANSPORTAR GANADO - ASAJA Le\u00f3n","description":"No hay tiempo ni recursos para formar a los ganaderos antes del 5 de enero","robots":{"index":"index","follow":"follow","max-snippet":"max-snippet:-1","max-image-preview":"max-image-preview:large","max-video-preview":"max-video-preview:-1"},"canonical":"https:\/\/www.asajacyl.com\/leon\/asaja-leon-informa\/asaja-pide-que-se-prorrogue-el-plazo-de-registro-de-autorizaciones-para-transportar-ganado","og_locale":"es_ES","og_type":"article","og_title":"ASAJA PIDE QUE SE PRORROGUE EL PLAZO DE REGISTRO DE AUTORIZACIONES PARA TRANSPORTAR GANADO - ASAJA Le\u00f3n","og_description":"No hay tiempo ni recursos para formar a los ganaderos antes del 5 de enero","og_url":"https:\/\/www.asajacyl.com\/leon\/asaja-leon-informa\/asaja-pide-que-se-prorrogue-el-plazo-de-registro-de-autorizaciones-para-transportar-ganado","og_site_name":"ASAJA Le\u00f3n","article_published_time":"2006-10-15T22:00:00+00:00","og_image":[{"width":1920,"height":1080,"url":"https:\/\/www.asajacyl.com\/leon\/wp-content\/uploads\/sites\/6\/2017\/11\/im_predefinida_1920x1080.jpg","type":"image\/jpeg"}],"author":"Editor","twitter_card":"summary_large_image","twitter_misc":{"Escrito por":"Editor","Tiempo de lectura":"2 minutos"},"schema":{"@context":"https:\/\/schema.org","@graph":[{"@type":"WebPage","@id":"https:\/\/www.asajacyl.com\/leon\/asaja-leon-informa\/asaja-pide-que-se-prorrogue-el-plazo-de-registro-de-autorizaciones-para-transportar-ganado","url":"https:\/\/www.asajacyl.com\/leon\/asaja-leon-informa\/asaja-pide-que-se-prorrogue-el-plazo-de-registro-de-autorizaciones-para-transportar-ganado","name":"ASAJA PIDE QUE SE PRORROGUE EL PLAZO DE REGISTRO DE AUTORIZACIONES PARA TRANSPORTAR GANADO - ASAJA Le\u00f3n","isPartOf":{"@id":"https:\/\/www.asajacyl.com\/leon\/#website"},"primaryImageOfPage":{"@id":"https:\/\/www.asajacyl.com\/leon\/asaja-leon-informa\/asaja-pide-que-se-prorrogue-el-plazo-de-registro-de-autorizaciones-para-transportar-ganado#primaryimage"},"image":{"@id":"https:\/\/www.asajacyl.com\/leon\/asaja-leon-informa\/asaja-pide-que-se-prorrogue-el-plazo-de-registro-de-autorizaciones-para-transportar-ganado#primaryimage"},"thumbnailUrl":"https:\/\/www.asajacyl.com\/leon\/wp-content\/uploads\/sites\/6\/2017\/11\/im_predefinida_1920x1080.jpg","datePublished":"2006-10-15T22:00:00+00:00","author":{"@id":"https:\/\/www.asajacyl.com\/leon\/#\/schema\/person\/7e884476cee132331142e8ac9689f20c"},"description":"No hay tiempo ni recursos para formar a los ganaderos antes del 5 de enero","breadcrumb":{"@id":"https:\/\/www.asajacyl.com\/leon\/asaja-leon-informa\/asaja-pide-que-se-prorrogue-el-plazo-de-registro-de-autorizaciones-para-transportar-ganado#breadcrumb"},"inLanguage":"es","potentialAction":[{"@type":"ReadAction","target":["https:\/\/www.asajacyl.com\/leon\/asaja-leon-informa\/asaja-pide-que-se-prorrogue-el-plazo-de-registro-de-autorizaciones-para-transportar-ganado"]}]},{"@type":"ImageObject","inLanguage":"es","@id":"https:\/\/www.asajacyl.com\/leon\/asaja-leon-informa\/asaja-pide-que-se-prorrogue-el-plazo-de-registro-de-autorizaciones-para-transportar-ganado#primaryimage","url":"https:\/\/www.asajacyl.com\/leon\/wp-content\/uploads\/sites\/6\/2017\/11\/im_predefinida_1920x1080.jpg","contentUrl":"https:\/\/www.asajacyl.com\/leon\/wp-content\/uploads\/sites\/6\/2017\/11\/im_predefinida_1920x1080.jpg","width":1920,"height":1080,"caption":"Logotipo ASAJA Le\u00f3n"},{"@type":"BreadcrumbList","@id":"https:\/\/www.asajacyl.com\/leon\/asaja-leon-informa\/asaja-pide-que-se-prorrogue-el-plazo-de-registro-de-autorizaciones-para-transportar-ganado#breadcrumb","itemListElement":[{"@type":"ListItem","position":1,"name":"Portada","item":"https:\/\/www.asajacyl.com\/leon\/"},{"@type":"ListItem","position":2,"name":"ASAJA PIDE QUE SE PRORROGUE EL PLAZO DE REGISTRO DE AUTORIZACIONES PARA TRANSPORTAR GANADO"}]},{"@type":"WebSite","@id":"https:\/\/www.asajacyl.com\/leon\/#website","url":"https:\/\/www.asajacyl.com\/leon\/","name":"ASAJA Le\u00f3n","description":"Otro sitio m\u00e1s de Provincias ASAJA Castilla y Le\u00f3n","potentialAction":[{"@type":"SearchAction","target":{"@type":"EntryPoint","urlTemplate":"https:\/\/www.asajacyl.com\/leon\/?s={search_term_string}"},"query-input":{"@type":"PropertyValueSpecification","valueRequired":true,"valueName":"search_term_string"}}],"inLanguage":"es"},{"@type":"Person","@id":"https:\/\/www.asajacyl.com\/leon\/#\/schema\/person\/7e884476cee132331142e8ac9689f20c","name":"Editor","image":{"@type":"ImageObject","inLanguage":"es","@id":"https:\/\/www.asajacyl.com\/leon\/#\/schema\/person\/image\/","url":"https:\/\/secure.gravatar.com\/avatar\/a2ef43c165669686cfcfb0e1ffa59869?s=96&d=mm&r=g","contentUrl":"https:\/\/secure.gravatar.com\/avatar\/a2ef43c165669686cfcfb0e1ffa59869?s=96&d=mm&r=g","caption":"Editor"},"url":"https:\/\/www.asajacyl.com\/leon\/author\/oscargg"}]}},"_links":{"self":[{"href":"https:\/\/www.asajacyl.com\/leon\/wp-json\/wp\/v2\/posts\/7710"}],"collection":[{"href":"https:\/\/www.asajacyl.com\/leon\/wp-json\/wp\/v2\/posts"}],"about":[{"href":"https:\/\/www.asajacyl.com\/leon\/wp-json\/wp\/v2\/types\/post"}],"author":[{"embeddable":true,"href":"https:\/\/www.asajacyl.com\/leon\/wp-json\/wp\/v2\/users\/3"}],"replies":[{"embeddable":true,"href":"https:\/\/www.asajacyl.com\/leon\/wp-json\/wp\/v2\/comments?post=7710"}],"version-history":[{"count":0,"href":"https:\/\/www.asajacyl.com\/leon\/wp-json\/wp\/v2\/posts\/7710\/revisions"}],"wp:featuredmedia":[{"embeddable":true,"href":"https:\/\/www.asajacyl.com\/leon\/wp-json\/wp\/v2\/media\/8174"}],"wp:attachment":[{"href":"https:\/\/www.asajacyl.com\/leon\/wp-json\/wp\/v2\/media?parent=7710"}],"wp:term":[{"taxonomy":"category","embeddable":true,"href":"https:\/\/www.asajacyl.com\/leon\/wp-json\/wp\/v2\/categories?post=7710"},{"taxonomy":"post_tag","embeddable":true,"href":"https:\/\/www.asajacyl.com\/leon\/wp-json\/wp\/v2\/tags?post=7710"}],"curies":[{"name":"wp","href":"https:\/\/api.w.org\/{rel}","templated":true}]}}