{"id":7713,"date":"2006-09-28T00:00:00","date_gmt":"2006-09-27T22:00:00","guid":{"rendered":"http:\/\/www.asajacyl.com\/leon\/sin-categoria\/asaja-celebrar-maana-su-junta-directiva-en-ponferrada"},"modified":"2006-09-28T00:00:00","modified_gmt":"2006-09-27T22:00:00","slug":"asaja-celebrar-maana-su-junta-directiva-en-ponferrada","status":"publish","type":"post","link":"https:\/\/www.asajacyl.com\/leon\/asaja-leon-informa\/asaja-celebrar-maana-su-junta-directiva-en-ponferrada","title":{"rendered":"ASAJA CELEBRAR&#193; MA&#209;ANA SU JUNTA DIRECTIVA EN PONFERRADA."},"content":{"rendered":"<h2>La organizaci&#243;n agraria ASAJA de Le&#243;n reunir&#225; ma&#241;ana viernes su Junta Directiva, a las 5 de la tarde, en la sede que la organizaci&#243;n tiene en Ponferrada y desde la que se atiende la comarca de El Bierzo.<\/h2>\n<p align=\"center\"><font color=\"#009900\"><b><font face=\"Verdana, Arial, Helvetica, sans-serif\" size=\"2\">ASAJA CELEBRAR&#193; MA&#209;ANA SU JUNTA DIRECTIVA <\/font><font face=\"Verdana, Arial, Helvetica, sans-serif\" size=\"2\">EN PONFERRADA.<\/font><\/b><font face=\"Verdana, Arial, Helvetica, sans-serif\" size=\"2\"> <\/font><\/font>\n<\/p>\n<p align=\"justify\"><font face=\"Verdana, Arial, Helvetica, sans-serif\" size=\"2\"><\/font>\n<\/p>\n<p align=\"justify\"><font face=\"Verdana, Arial, Helvetica, sans-serif\" size=\"2\">La organizaci&#243;n agraria ASAJA de Le&#243;n reunir&#225; ma&#241;ana viernes su Junta Directiva, a las 5 de la tarde, en la sede que la organizaci&#243;n tiene en Ponferrada y desde la que se atiende la comarca de El Bierzo. Se trata de una reuni&#243;n ordinaria en la que se abordar&#225; la actualidad de la pol&#237;tica agraria en lo que afecta a la provincia, as&#237; como la situaci&#243;n de las diferentes producciones y mercados agroganaderos. <\/font>\n<\/p>\n<p align=\"justify\"><font face=\"Verdana, Arial, Helvetica, sans-serif\" size=\"2\"><\/font>\n<\/p>\n<p align=\"justify\"><font face=\"Verdana, Arial, Helvetica, sans-serif\" size=\"2\">A nivel nacional, en estos momentos las principal ocupaci&#243;n y preocupaci&#243;n de ASAJA se centra en la negociaci&#243;n de las reformas de la organizaci&#243;n com&#250;n de mercado (OCM) de los<b> sectores del vino y del de frutas y hortalizas<\/b>, precisamente las producciones m&#225;s importantes de la comarca berciana. Respecto a frutas y hortalizas, Bruselas tiene previsto presentar en el mes de octubre un documento que marque las directrices de la futura reforma, lo que t&#233;cnicamente se conoce como \u00abdocumento de reflexi&#243;n\u00bb, sobre el que se tendr&#225;n que posicionar todas las partes afectas, entre ellas organizaciones como ASAJA. <\/font>\n<\/p>\n<p align=\"justify\"><font face=\"Verdana, Arial, Helvetica, sans-serif\" size=\"2\"><\/font>\n<\/p>\n<p align=\"justify\"><font face=\"Verdana, Arial, Helvetica, sans-serif\" size=\"2\">La reforma de la OCM del vino ha sido objeto de debate en los medios de comunicaci&#243;n en los &#250;ltimos meses despu&#233;s de que la comisaria Mariann Fisher presentase una comunicaci&#243;n oficial con medidas tan dr&#225;sticas como el arranque de 400.000 hect&#225;reas de vi&#241;edo. ASAJA est&#225; en contra de un arranque masivo de vi&#241;as, y s&#237; a favor de un arranque restringido y voluntario, a la vez que exige que no desaparezcan otras medidas reguladoras del mercado. ASAJA critica que la reforma no mira por la renta del productor, cuando deber&#237;a ser el principal objetivo de la misma, y exige que se instaure un sistema de ayuda a la hect&#225;rea de vi&#241;edo tendente a mantener los ingresos de los productores compatible con otras medidas destinadas a incrementar la calidad y competitividad de los vinos europeos. <\/font>\n<\/p>\n<p align=\"justify\"><font face=\"Verdana, Arial, Helvetica, sans-serif\" size=\"2\"><\/font>\n<\/p>\n<p align=\"justify\"><font face=\"Verdana, Arial, Helvetica, sans-serif\" size=\"2\">La Junta Directiva sopesar&#225; el presentarse o no a las elecciones al Consejo Regulador de la Denominaci&#243;n de Origen de Vinos del Bierzo, que se celebrar&#225;n el 26 de noviembre, aunque ASAJA aboga por una candidatura &#250;nica de integraci&#243;n que represente todo el sector productor, y en la que el principal protagonismo sea del mundo cooperativo de la comarca. <\/font>\n<\/p>\n<p align=\"justify\"><font face=\"Verdana, Arial, Helvetica, sans-serif\" size=\"2\"><\/font>\n<\/p>\n<p align=\"right\"><font face=\"Verdana, Arial, Helvetica, sans-serif\" size=\"2\">Le&#243;n, 28 de octubre de 2006.<\/font><\/p>\n","protected":false},"excerpt":{"rendered":"<p>La organizaci&#243;n agraria ASAJA de Le&#243;n reunir&#225; ma&#241;ana viernes su Junta Directiva, a las 5 de la tarde, en la sede que la organizaci&#243;n tiene en Ponferrada y desde la que se atiende la comarca de El Bierzo.<\/p>\n","protected":false},"author":3,"featured_media":8174,"comment_status":"open","ping_status":"open","sticky":false,"template":"","format":"standard","meta":{"footnotes":""},"categories":[4,9],"tags":[],"yoast_head":"<!-- This site is optimized with the Yoast SEO plugin v24.5 - https:\/\/yoast.com\/wordpress\/plugins\/seo\/ -->\n<title>ASAJA CELEBRAR&#193; MA&#209;ANA SU JUNTA DIRECTIVA EN PONFERRADA. - ASAJA Le\u00f3n<\/title>\n<meta name=\"description\" content=\"La organizaci&#243;n agraria ASAJA de Le&#243;n reunir&#225; ma&#241;ana viernes su Junta Directiva, a las 5 de la tarde, en la sede que la organizaci&#243;n tiene en Ponferrada y desde la que se atiende la comarca de El Bierzo.\" \/>\n<meta name=\"robots\" content=\"index, follow, max-snippet:-1, max-image-preview:large, max-video-preview:-1\" \/>\n<link rel=\"canonical\" href=\"https:\/\/www.asajacyl.com\/leon\/asaja-leon-informa\/asaja-celebrar-maana-su-junta-directiva-en-ponferrada\" \/>\n<meta property=\"og:locale\" content=\"es_ES\" \/>\n<meta property=\"og:type\" content=\"article\" \/>\n<meta property=\"og:title\" content=\"ASAJA CELEBRAR&#193; MA&#209;ANA SU JUNTA DIRECTIVA EN PONFERRADA. - ASAJA Le\u00f3n\" \/>\n<meta property=\"og:description\" content=\"La organizaci&#243;n agraria ASAJA de Le&#243;n reunir&#225; ma&#241;ana viernes su Junta Directiva, a las 5 de la tarde, en la sede que la organizaci&#243;n tiene en Ponferrada y desde la que se atiende la comarca de El Bierzo.\" \/>\n<meta property=\"og:url\" content=\"https:\/\/www.asajacyl.com\/leon\/asaja-leon-informa\/asaja-celebrar-maana-su-junta-directiva-en-ponferrada\" \/>\n<meta property=\"og:site_name\" content=\"ASAJA Le\u00f3n\" \/>\n<meta property=\"article:published_time\" content=\"2006-09-27T22:00:00+00:00\" \/>\n<meta property=\"og:image\" content=\"https:\/\/www.asajacyl.com\/leon\/wp-content\/uploads\/sites\/6\/2017\/11\/im_predefinida_1920x1080.jpg\" \/>\n\t<meta property=\"og:image:width\" content=\"1920\" \/>\n\t<meta property=\"og:image:height\" content=\"1080\" \/>\n\t<meta property=\"og:image:type\" content=\"image\/jpeg\" \/>\n<meta name=\"author\" content=\"Editor\" \/>\n<meta name=\"twitter:card\" content=\"summary_large_image\" \/>\n<meta name=\"twitter:label1\" content=\"Escrito por\" \/>\n\t<meta name=\"twitter:data1\" content=\"Editor\" \/>\n\t<meta name=\"twitter:label2\" content=\"Tiempo de lectura\" \/>\n\t<meta name=\"twitter:data2\" content=\"2 minutos\" \/>\n<script type=\"application\/ld+json\" class=\"yoast-schema-graph\">{\"@context\":\"https:\/\/schema.org\",\"@graph\":[{\"@type\":\"WebPage\",\"@id\":\"https:\/\/www.asajacyl.com\/leon\/asaja-leon-informa\/asaja-celebrar-maana-su-junta-directiva-en-ponferrada\",\"url\":\"https:\/\/www.asajacyl.com\/leon\/asaja-leon-informa\/asaja-celebrar-maana-su-junta-directiva-en-ponferrada\",\"name\":\"ASAJA CELEBRAR&#193; MA&#209;ANA SU JUNTA DIRECTIVA EN PONFERRADA. - ASAJA Le\u00f3n\",\"isPartOf\":{\"@id\":\"https:\/\/www.asajacyl.com\/leon\/#website\"},\"primaryImageOfPage\":{\"@id\":\"https:\/\/www.asajacyl.com\/leon\/asaja-leon-informa\/asaja-celebrar-maana-su-junta-directiva-en-ponferrada#primaryimage\"},\"image\":{\"@id\":\"https:\/\/www.asajacyl.com\/leon\/asaja-leon-informa\/asaja-celebrar-maana-su-junta-directiva-en-ponferrada#primaryimage\"},\"thumbnailUrl\":\"https:\/\/www.asajacyl.com\/leon\/wp-content\/uploads\/sites\/6\/2017\/11\/im_predefinida_1920x1080.jpg\",\"datePublished\":\"2006-09-27T22:00:00+00:00\",\"author\":{\"@id\":\"https:\/\/www.asajacyl.com\/leon\/#\/schema\/person\/7e884476cee132331142e8ac9689f20c\"},\"description\":\"La organizaci&#243;n agraria ASAJA de Le&#243;n reunir&#225; ma&#241;ana viernes su Junta Directiva, a las 5 de la tarde, en la sede que la organizaci&#243;n tiene en Ponferrada y desde la que se atiende la comarca de El Bierzo.\",\"breadcrumb\":{\"@id\":\"https:\/\/www.asajacyl.com\/leon\/asaja-leon-informa\/asaja-celebrar-maana-su-junta-directiva-en-ponferrada#breadcrumb\"},\"inLanguage\":\"es\",\"potentialAction\":[{\"@type\":\"ReadAction\",\"target\":[\"https:\/\/www.asajacyl.com\/leon\/asaja-leon-informa\/asaja-celebrar-maana-su-junta-directiva-en-ponferrada\"]}]},{\"@type\":\"ImageObject\",\"inLanguage\":\"es\",\"@id\":\"https:\/\/www.asajacyl.com\/leon\/asaja-leon-informa\/asaja-celebrar-maana-su-junta-directiva-en-ponferrada#primaryimage\",\"url\":\"https:\/\/www.asajacyl.com\/leon\/wp-content\/uploads\/sites\/6\/2017\/11\/im_predefinida_1920x1080.jpg\",\"contentUrl\":\"https:\/\/www.asajacyl.com\/leon\/wp-content\/uploads\/sites\/6\/2017\/11\/im_predefinida_1920x1080.jpg\",\"width\":1920,\"height\":1080,\"caption\":\"Logotipo ASAJA Le\u00f3n\"},{\"@type\":\"BreadcrumbList\",\"@id\":\"https:\/\/www.asajacyl.com\/leon\/asaja-leon-informa\/asaja-celebrar-maana-su-junta-directiva-en-ponferrada#breadcrumb\",\"itemListElement\":[{\"@type\":\"ListItem\",\"position\":1,\"name\":\"Portada\",\"item\":\"https:\/\/www.asajacyl.com\/leon\/\"},{\"@type\":\"ListItem\",\"position\":2,\"name\":\"ASAJA CELEBRAR&#193; MA&#209;ANA SU JUNTA DIRECTIVA EN PONFERRADA.\"}]},{\"@type\":\"WebSite\",\"@id\":\"https:\/\/www.asajacyl.com\/leon\/#website\",\"url\":\"https:\/\/www.asajacyl.com\/leon\/\",\"name\":\"ASAJA Le\u00f3n\",\"description\":\"Otro sitio m\u00e1s de Provincias ASAJA Castilla y Le\u00f3n\",\"potentialAction\":[{\"@type\":\"SearchAction\",\"target\":{\"@type\":\"EntryPoint\",\"urlTemplate\":\"https:\/\/www.asajacyl.com\/leon\/?s={search_term_string}\"},\"query-input\":{\"@type\":\"PropertyValueSpecification\",\"valueRequired\":true,\"valueName\":\"search_term_string\"}}],\"inLanguage\":\"es\"},{\"@type\":\"Person\",\"@id\":\"https:\/\/www.asajacyl.com\/leon\/#\/schema\/person\/7e884476cee132331142e8ac9689f20c\",\"name\":\"Editor\",\"image\":{\"@type\":\"ImageObject\",\"inLanguage\":\"es\",\"@id\":\"https:\/\/www.asajacyl.com\/leon\/#\/schema\/person\/image\/\",\"url\":\"https:\/\/secure.gravatar.com\/avatar\/a2ef43c165669686cfcfb0e1ffa59869?s=96&d=mm&r=g\",\"contentUrl\":\"https:\/\/secure.gravatar.com\/avatar\/a2ef43c165669686cfcfb0e1ffa59869?s=96&d=mm&r=g\",\"caption\":\"Editor\"},\"url\":\"https:\/\/www.asajacyl.com\/leon\/author\/oscargg\"}]}<\/script>\n<!-- \/ Yoast SEO plugin. -->","yoast_head_json":{"title":"ASAJA CELEBRAR&#193; MA&#209;ANA SU JUNTA DIRECTIVA EN PONFERRADA. - ASAJA Le\u00f3n","description":"La organizaci&#243;n agraria ASAJA de Le&#243;n reunir&#225; ma&#241;ana viernes su Junta Directiva, a las 5 de la tarde, en la sede que la organizaci&#243;n tiene en Ponferrada y desde la que se atiende la comarca de El Bierzo.","robots":{"index":"index","follow":"follow","max-snippet":"max-snippet:-1","max-image-preview":"max-image-preview:large","max-video-preview":"max-video-preview:-1"},"canonical":"https:\/\/www.asajacyl.com\/leon\/asaja-leon-informa\/asaja-celebrar-maana-su-junta-directiva-en-ponferrada","og_locale":"es_ES","og_type":"article","og_title":"ASAJA CELEBRAR&#193; MA&#209;ANA SU JUNTA DIRECTIVA EN PONFERRADA. - ASAJA Le\u00f3n","og_description":"La organizaci&#243;n agraria ASAJA de Le&#243;n reunir&#225; ma&#241;ana viernes su Junta Directiva, a las 5 de la tarde, en la sede que la organizaci&#243;n tiene en Ponferrada y desde la que se atiende la comarca de El Bierzo.","og_url":"https:\/\/www.asajacyl.com\/leon\/asaja-leon-informa\/asaja-celebrar-maana-su-junta-directiva-en-ponferrada","og_site_name":"ASAJA Le\u00f3n","article_published_time":"2006-09-27T22:00:00+00:00","og_image":[{"width":1920,"height":1080,"url":"https:\/\/www.asajacyl.com\/leon\/wp-content\/uploads\/sites\/6\/2017\/11\/im_predefinida_1920x1080.jpg","type":"image\/jpeg"}],"author":"Editor","twitter_card":"summary_large_image","twitter_misc":{"Escrito por":"Editor","Tiempo de lectura":"2 minutos"},"schema":{"@context":"https:\/\/schema.org","@graph":[{"@type":"WebPage","@id":"https:\/\/www.asajacyl.com\/leon\/asaja-leon-informa\/asaja-celebrar-maana-su-junta-directiva-en-ponferrada","url":"https:\/\/www.asajacyl.com\/leon\/asaja-leon-informa\/asaja-celebrar-maana-su-junta-directiva-en-ponferrada","name":"ASAJA CELEBRAR&#193; MA&#209;ANA SU JUNTA DIRECTIVA EN PONFERRADA. - ASAJA Le\u00f3n","isPartOf":{"@id":"https:\/\/www.asajacyl.com\/leon\/#website"},"primaryImageOfPage":{"@id":"https:\/\/www.asajacyl.com\/leon\/asaja-leon-informa\/asaja-celebrar-maana-su-junta-directiva-en-ponferrada#primaryimage"},"image":{"@id":"https:\/\/www.asajacyl.com\/leon\/asaja-leon-informa\/asaja-celebrar-maana-su-junta-directiva-en-ponferrada#primaryimage"},"thumbnailUrl":"https:\/\/www.asajacyl.com\/leon\/wp-content\/uploads\/sites\/6\/2017\/11\/im_predefinida_1920x1080.jpg","datePublished":"2006-09-27T22:00:00+00:00","author":{"@id":"https:\/\/www.asajacyl.com\/leon\/#\/schema\/person\/7e884476cee132331142e8ac9689f20c"},"description":"La organizaci&#243;n agraria ASAJA de Le&#243;n reunir&#225; ma&#241;ana viernes su Junta Directiva, a las 5 de la tarde, en la sede que la organizaci&#243;n tiene en Ponferrada y desde la que se atiende la comarca de El Bierzo.","breadcrumb":{"@id":"https:\/\/www.asajacyl.com\/leon\/asaja-leon-informa\/asaja-celebrar-maana-su-junta-directiva-en-ponferrada#breadcrumb"},"inLanguage":"es","potentialAction":[{"@type":"ReadAction","target":["https:\/\/www.asajacyl.com\/leon\/asaja-leon-informa\/asaja-celebrar-maana-su-junta-directiva-en-ponferrada"]}]},{"@type":"ImageObject","inLanguage":"es","@id":"https:\/\/www.asajacyl.com\/leon\/asaja-leon-informa\/asaja-celebrar-maana-su-junta-directiva-en-ponferrada#primaryimage","url":"https:\/\/www.asajacyl.com\/leon\/wp-content\/uploads\/sites\/6\/2017\/11\/im_predefinida_1920x1080.jpg","contentUrl":"https:\/\/www.asajacyl.com\/leon\/wp-content\/uploads\/sites\/6\/2017\/11\/im_predefinida_1920x1080.jpg","width":1920,"height":1080,"caption":"Logotipo ASAJA Le\u00f3n"},{"@type":"BreadcrumbList","@id":"https:\/\/www.asajacyl.com\/leon\/asaja-leon-informa\/asaja-celebrar-maana-su-junta-directiva-en-ponferrada#breadcrumb","itemListElement":[{"@type":"ListItem","position":1,"name":"Portada","item":"https:\/\/www.asajacyl.com\/leon\/"},{"@type":"ListItem","position":2,"name":"ASAJA CELEBRAR&#193; MA&#209;ANA SU JUNTA DIRECTIVA EN PONFERRADA."}]},{"@type":"WebSite","@id":"https:\/\/www.asajacyl.com\/leon\/#website","url":"https:\/\/www.asajacyl.com\/leon\/","name":"ASAJA Le\u00f3n","description":"Otro sitio m\u00e1s de Provincias ASAJA Castilla y Le\u00f3n","potentialAction":[{"@type":"SearchAction","target":{"@type":"EntryPoint","urlTemplate":"https:\/\/www.asajacyl.com\/leon\/?s={search_term_string}"},"query-input":{"@type":"PropertyValueSpecification","valueRequired":true,"valueName":"search_term_string"}}],"inLanguage":"es"},{"@type":"Person","@id":"https:\/\/www.asajacyl.com\/leon\/#\/schema\/person\/7e884476cee132331142e8ac9689f20c","name":"Editor","image":{"@type":"ImageObject","inLanguage":"es","@id":"https:\/\/www.asajacyl.com\/leon\/#\/schema\/person\/image\/","url":"https:\/\/secure.gravatar.com\/avatar\/a2ef43c165669686cfcfb0e1ffa59869?s=96&d=mm&r=g","contentUrl":"https:\/\/secure.gravatar.com\/avatar\/a2ef43c165669686cfcfb0e1ffa59869?s=96&d=mm&r=g","caption":"Editor"},"url":"https:\/\/www.asajacyl.com\/leon\/author\/oscargg"}]}},"_links":{"self":[{"href":"https:\/\/www.asajacyl.com\/leon\/wp-json\/wp\/v2\/posts\/7713"}],"collection":[{"href":"https:\/\/www.asajacyl.com\/leon\/wp-json\/wp\/v2\/posts"}],"about":[{"href":"https:\/\/www.asajacyl.com\/leon\/wp-json\/wp\/v2\/types\/post"}],"author":[{"embeddable":true,"href":"https:\/\/www.asajacyl.com\/leon\/wp-json\/wp\/v2\/users\/3"}],"replies":[{"embeddable":true,"href":"https:\/\/www.asajacyl.com\/leon\/wp-json\/wp\/v2\/comments?post=7713"}],"version-history":[{"count":0,"href":"https:\/\/www.asajacyl.com\/leon\/wp-json\/wp\/v2\/posts\/7713\/revisions"}],"wp:featuredmedia":[{"embeddable":true,"href":"https:\/\/www.asajacyl.com\/leon\/wp-json\/wp\/v2\/media\/8174"}],"wp:attachment":[{"href":"https:\/\/www.asajacyl.com\/leon\/wp-json\/wp\/v2\/media?parent=7713"}],"wp:term":[{"taxonomy":"category","embeddable":true,"href":"https:\/\/www.asajacyl.com\/leon\/wp-json\/wp\/v2\/categories?post=7713"},{"taxonomy":"post_tag","embeddable":true,"href":"https:\/\/www.asajacyl.com\/leon\/wp-json\/wp\/v2\/tags?post=7713"}],"curies":[{"name":"wp","href":"https:\/\/api.w.org\/{rel}","templated":true}]}}