{"id":7714,"date":"2006-09-28T00:00:00","date_gmt":"2006-09-27T22:00:00","guid":{"rendered":"http:\/\/www.asajacyl.com\/leon\/sin-categoria\/asaja-se-replantear-su-pertenencia-al-consejo-asesor-agrario-provincial"},"modified":"2006-09-28T00:00:00","modified_gmt":"2006-09-27T22:00:00","slug":"asaja-se-replantear-su-pertenencia-al-consejo-asesor-agrario-provincial","status":"publish","type":"post","link":"https:\/\/www.asajacyl.com\/leon\/asaja-leon-informa\/asaja-se-replantear-su-pertenencia-al-consejo-asesor-agrario-provincial","title":{"rendered":"ASAJA SE REPLANTEAR&#193; SU PERTENENCIA AL CONSEJO ASESOR AGRARIO PROVINCIAL"},"content":{"rendered":"<h2>La organizaci&#243;n agraria ASAJA lamenta que la reuni&#243;n de ayer del Consejo Asesor Agrario Provincial se convirtiese en un escenario de la lucha pol&#237;tica entre el PP y el PSOE, trascendiendo a la opini&#243;n p&#250;blica &#250;nicamente el rifirrafe entre ambas formaciones que son gobierno y oposici&#243;n en la Diputaci&#243;n Provincial.<\/h2>\n<p align=\"right\"><font face=\"Verdana, Arial, Helvetica, sans-serif\" size=\"2\"><\/font>\n<\/p>\n<p align=\"center\"><b><font face=\"Verdana, Arial, Helvetica, sans-serif\" color=\"#009900\" size=\"2\">ASAJA SE REPLANTEAR&#193; SU PERTENENCIA <\/font><\/p>\n<p align=\"center\"><font face=\"Verdana, Arial, Helvetica, sans-serif\" color=\"#009900\" size=\"2\">AL CONSEJO ASESOR AGRARIO PROVINCIAL<\/font><\/p>\n<p><\/b><font face=\"Verdana, Arial, Helvetica, sans-serif\" size=\"2\"> <\/font>\n<\/p>\n<p align=\"justify\"><font face=\"Verdana, Arial, Helvetica, sans-serif\" size=\"2\"><\/font>\n<\/p>\n<p align=\"justify\"><font face=\"Verdana, Arial, Helvetica, sans-serif\" size=\"2\">La organizaci&#243;n agraria ASAJA lamenta que la reuni&#243;n de ayer del Consejo Asesor Agrario Provincial se convirtiese en un escenario de la lucha pol&#237;tica entre el PP y el PSOE, trascendiendo a la opini&#243;n p&#250;blica &#250;nicamente el rifirrafe entre ambas formaciones que son gobierno y oposici&#243;n en la Diputaci&#243;n Provincial. <\/font>\n<\/p>\n<p align=\"justify\"><font face=\"Verdana, Arial, Helvetica, sans-serif\" size=\"2\"><\/font>\n<\/p>\n<p align=\"justify\"><font face=\"Verdana, Arial, Helvetica, sans-serif\" size=\"2\">ASAJA afea la actitud de Mat&#237;as Llorente, que asist&#237;a a la reuni&#243;n en calidad de diputado socialista, por abandonar la reuni&#243;n en un gesto de menosprecio a las organizaciones agrarias, y utilizar la presencia de los medios de comunicaci&#243;n para exponer su postura mientras los reunidos debat&#237;an sobre cuestiones de inter&#233;s agrario provincial. Prueba de que las cosas no transcurrieron por los cauces debidos es que la opini&#243;n de los representantes de los agricultores y ganaderos no transcendi&#243; a los medios, y s&#237; la de los pol&#237;ticos. Para esto no es necesario convocar el Consejo, basta con celebrar un Pleno o una Comisi&#243;n de Agricultura. <\/font>\n<\/p>\n<p align=\"justify\"><font face=\"Verdana, Arial, Helvetica, sans-serif\" size=\"2\"><\/font>\n<\/p>\n<p align=\"justify\"><font face=\"Verdana, Arial, Helvetica, sans-serif\" size=\"2\">La organizaci&#243;n agraria ASAJA se replantear&#225; volver a asistir a las reuniones del Consejo Asesor Agrario Provincial, y es probable que a partir de ahora solicite reuniones unilaterales con el equipo de gobierno y los grupos de la oposici&#243;n para tratar las cuestiones agroganaderas que sean competencia de la instituci&#243;n provincial. <\/font>\n<\/p>\n<p align=\"justify\"><font face=\"Verdana, Arial, Helvetica, sans-serif\" size=\"2\"><\/font>\n<\/p>\n<p align=\"justify\"><font face=\"Verdana, Arial, Helvetica, sans-serif\" size=\"2\">La organizaci&#243;n agraria ASAJA no ve clara la idea de crear un centro de formaci&#243;n para inmigrantes, y en todo caso est&#225; mucho m&#225;s cerca de la idea del presidente de la Diputaci&#243;n, Javier Garc&#237;a Prieto, que de la del diputado del PSOE, Mat&#237;as Llorente. A &#233;ste &#250;ltimo ASAJA le recuerda que el estado de las fincas de la Diputaci&#243;n es tan deplorable como cuando &#233;l ten&#237;a las responsabilidades de gobierno, y que alguna de dichas fincas se compr&#243; con su firma, sin explicar nunca para qu&#233; se quer&#237;a, en una operaci&#243;n con abundantes sombras de sospecha. La postura de ASAJA al respecto de las fincas, sobradamente conocida, es la de su enajenaci&#243;n o reversi&#243;n a sus propietarios y destinar los recursos a fines de inter&#233;s agrario provincial. <\/font>\n<\/p>\n<p align=\"right\"><font face=\"Verdana, Arial, Helvetica, sans-serif\" size=\"2\">Le&#243;n, 28 de septiembre de 2006.<\/font><\/p>\n","protected":false},"excerpt":{"rendered":"<p>La organizaci&#243;n agraria ASAJA lamenta que la reuni&#243;n de ayer del Consejo Asesor Agrario Provincial se convirtiese en un escenario de la lucha pol&#237;tica entre el PP y el PSOE, trascendiendo a la opini&#243;n p&#250;blica &#250;nicamente el rifirrafe entre ambas formaciones que son gobierno y oposici&#243;n en la Diputaci&#243;n Provincial.<\/p>\n","protected":false},"author":3,"featured_media":8174,"comment_status":"open","ping_status":"open","sticky":false,"template":"","format":"standard","meta":{"footnotes":""},"categories":[4,9],"tags":[],"yoast_head":"<!-- This site is optimized with the Yoast SEO plugin v24.5 - https:\/\/yoast.com\/wordpress\/plugins\/seo\/ -->\n<title>ASAJA SE REPLANTEAR&#193; SU PERTENENCIA AL CONSEJO ASESOR AGRARIO PROVINCIAL - ASAJA Le\u00f3n<\/title>\n<meta name=\"description\" content=\"La organizaci&#243;n agraria ASAJA lamenta que la reuni&#243;n de ayer del Consejo Asesor Agrario Provincial se convirtiese en un escenario de la lucha pol&#237;tica entre el PP y el PSOE, trascendiendo a la opini&#243;n p&#250;blica &#250;nicamente el rifirrafe entre ambas formaciones que son gobierno y oposici&#243;n en la Diputaci&#243;n Provincial.\" \/>\n<meta name=\"robots\" content=\"index, follow, max-snippet:-1, max-image-preview:large, max-video-preview:-1\" \/>\n<link rel=\"canonical\" href=\"https:\/\/www.asajacyl.com\/leon\/asaja-leon-informa\/asaja-se-replantear-su-pertenencia-al-consejo-asesor-agrario-provincial\" \/>\n<meta property=\"og:locale\" content=\"es_ES\" \/>\n<meta property=\"og:type\" content=\"article\" \/>\n<meta property=\"og:title\" content=\"ASAJA SE REPLANTEAR&#193; SU PERTENENCIA AL CONSEJO ASESOR AGRARIO PROVINCIAL - ASAJA Le\u00f3n\" \/>\n<meta property=\"og:description\" content=\"La organizaci&#243;n agraria ASAJA lamenta que la reuni&#243;n de ayer del Consejo Asesor Agrario Provincial se convirtiese en un escenario de la lucha pol&#237;tica entre el PP y el PSOE, trascendiendo a la opini&#243;n p&#250;blica &#250;nicamente el rifirrafe entre ambas formaciones que son gobierno y oposici&#243;n en la Diputaci&#243;n Provincial.\" \/>\n<meta property=\"og:url\" content=\"https:\/\/www.asajacyl.com\/leon\/asaja-leon-informa\/asaja-se-replantear-su-pertenencia-al-consejo-asesor-agrario-provincial\" \/>\n<meta property=\"og:site_name\" content=\"ASAJA Le\u00f3n\" \/>\n<meta property=\"article:published_time\" content=\"2006-09-27T22:00:00+00:00\" \/>\n<meta property=\"og:image\" content=\"https:\/\/www.asajacyl.com\/leon\/wp-content\/uploads\/sites\/6\/2017\/11\/im_predefinida_1920x1080.jpg\" \/>\n\t<meta property=\"og:image:width\" content=\"1920\" \/>\n\t<meta property=\"og:image:height\" content=\"1080\" \/>\n\t<meta property=\"og:image:type\" content=\"image\/jpeg\" \/>\n<meta name=\"author\" content=\"Editor\" \/>\n<meta name=\"twitter:card\" content=\"summary_large_image\" \/>\n<meta name=\"twitter:label1\" content=\"Escrito por\" \/>\n\t<meta name=\"twitter:data1\" content=\"Editor\" \/>\n\t<meta name=\"twitter:label2\" content=\"Tiempo de lectura\" \/>\n\t<meta name=\"twitter:data2\" content=\"2 minutos\" \/>\n<script type=\"application\/ld+json\" class=\"yoast-schema-graph\">{\"@context\":\"https:\/\/schema.org\",\"@graph\":[{\"@type\":\"WebPage\",\"@id\":\"https:\/\/www.asajacyl.com\/leon\/asaja-leon-informa\/asaja-se-replantear-su-pertenencia-al-consejo-asesor-agrario-provincial\",\"url\":\"https:\/\/www.asajacyl.com\/leon\/asaja-leon-informa\/asaja-se-replantear-su-pertenencia-al-consejo-asesor-agrario-provincial\",\"name\":\"ASAJA SE REPLANTEAR&#193; SU PERTENENCIA AL CONSEJO ASESOR AGRARIO PROVINCIAL - ASAJA Le\u00f3n\",\"isPartOf\":{\"@id\":\"https:\/\/www.asajacyl.com\/leon\/#website\"},\"primaryImageOfPage\":{\"@id\":\"https:\/\/www.asajacyl.com\/leon\/asaja-leon-informa\/asaja-se-replantear-su-pertenencia-al-consejo-asesor-agrario-provincial#primaryimage\"},\"image\":{\"@id\":\"https:\/\/www.asajacyl.com\/leon\/asaja-leon-informa\/asaja-se-replantear-su-pertenencia-al-consejo-asesor-agrario-provincial#primaryimage\"},\"thumbnailUrl\":\"https:\/\/www.asajacyl.com\/leon\/wp-content\/uploads\/sites\/6\/2017\/11\/im_predefinida_1920x1080.jpg\",\"datePublished\":\"2006-09-27T22:00:00+00:00\",\"author\":{\"@id\":\"https:\/\/www.asajacyl.com\/leon\/#\/schema\/person\/7e884476cee132331142e8ac9689f20c\"},\"description\":\"La organizaci&#243;n agraria ASAJA lamenta que la reuni&#243;n de ayer del Consejo Asesor Agrario Provincial se convirtiese en un escenario de la lucha pol&#237;tica entre el PP y el PSOE, trascendiendo a la opini&#243;n p&#250;blica &#250;nicamente el rifirrafe entre ambas formaciones que son gobierno y oposici&#243;n en la Diputaci&#243;n Provincial.\",\"breadcrumb\":{\"@id\":\"https:\/\/www.asajacyl.com\/leon\/asaja-leon-informa\/asaja-se-replantear-su-pertenencia-al-consejo-asesor-agrario-provincial#breadcrumb\"},\"inLanguage\":\"es\",\"potentialAction\":[{\"@type\":\"ReadAction\",\"target\":[\"https:\/\/www.asajacyl.com\/leon\/asaja-leon-informa\/asaja-se-replantear-su-pertenencia-al-consejo-asesor-agrario-provincial\"]}]},{\"@type\":\"ImageObject\",\"inLanguage\":\"es\",\"@id\":\"https:\/\/www.asajacyl.com\/leon\/asaja-leon-informa\/asaja-se-replantear-su-pertenencia-al-consejo-asesor-agrario-provincial#primaryimage\",\"url\":\"https:\/\/www.asajacyl.com\/leon\/wp-content\/uploads\/sites\/6\/2017\/11\/im_predefinida_1920x1080.jpg\",\"contentUrl\":\"https:\/\/www.asajacyl.com\/leon\/wp-content\/uploads\/sites\/6\/2017\/11\/im_predefinida_1920x1080.jpg\",\"width\":1920,\"height\":1080,\"caption\":\"Logotipo ASAJA Le\u00f3n\"},{\"@type\":\"BreadcrumbList\",\"@id\":\"https:\/\/www.asajacyl.com\/leon\/asaja-leon-informa\/asaja-se-replantear-su-pertenencia-al-consejo-asesor-agrario-provincial#breadcrumb\",\"itemListElement\":[{\"@type\":\"ListItem\",\"position\":1,\"name\":\"Portada\",\"item\":\"https:\/\/www.asajacyl.com\/leon\/\"},{\"@type\":\"ListItem\",\"position\":2,\"name\":\"ASAJA SE REPLANTEAR&#193; SU PERTENENCIA AL CONSEJO ASESOR AGRARIO PROVINCIAL\"}]},{\"@type\":\"WebSite\",\"@id\":\"https:\/\/www.asajacyl.com\/leon\/#website\",\"url\":\"https:\/\/www.asajacyl.com\/leon\/\",\"name\":\"ASAJA Le\u00f3n\",\"description\":\"Otro sitio m\u00e1s de Provincias ASAJA Castilla y Le\u00f3n\",\"potentialAction\":[{\"@type\":\"SearchAction\",\"target\":{\"@type\":\"EntryPoint\",\"urlTemplate\":\"https:\/\/www.asajacyl.com\/leon\/?s={search_term_string}\"},\"query-input\":{\"@type\":\"PropertyValueSpecification\",\"valueRequired\":true,\"valueName\":\"search_term_string\"}}],\"inLanguage\":\"es\"},{\"@type\":\"Person\",\"@id\":\"https:\/\/www.asajacyl.com\/leon\/#\/schema\/person\/7e884476cee132331142e8ac9689f20c\",\"name\":\"Editor\",\"image\":{\"@type\":\"ImageObject\",\"inLanguage\":\"es\",\"@id\":\"https:\/\/www.asajacyl.com\/leon\/#\/schema\/person\/image\/\",\"url\":\"https:\/\/secure.gravatar.com\/avatar\/a2ef43c165669686cfcfb0e1ffa59869?s=96&d=mm&r=g\",\"contentUrl\":\"https:\/\/secure.gravatar.com\/avatar\/a2ef43c165669686cfcfb0e1ffa59869?s=96&d=mm&r=g\",\"caption\":\"Editor\"},\"url\":\"https:\/\/www.asajacyl.com\/leon\/author\/oscargg\"}]}<\/script>\n<!-- \/ Yoast SEO plugin. -->","yoast_head_json":{"title":"ASAJA SE REPLANTEAR&#193; SU PERTENENCIA AL CONSEJO ASESOR AGRARIO PROVINCIAL - ASAJA Le\u00f3n","description":"La organizaci&#243;n agraria ASAJA lamenta que la reuni&#243;n de ayer del Consejo Asesor Agrario Provincial se convirtiese en un escenario de la lucha pol&#237;tica entre el PP y el PSOE, trascendiendo a la opini&#243;n p&#250;blica &#250;nicamente el rifirrafe entre ambas formaciones que son gobierno y oposici&#243;n en la Diputaci&#243;n Provincial.","robots":{"index":"index","follow":"follow","max-snippet":"max-snippet:-1","max-image-preview":"max-image-preview:large","max-video-preview":"max-video-preview:-1"},"canonical":"https:\/\/www.asajacyl.com\/leon\/asaja-leon-informa\/asaja-se-replantear-su-pertenencia-al-consejo-asesor-agrario-provincial","og_locale":"es_ES","og_type":"article","og_title":"ASAJA SE REPLANTEAR&#193; SU PERTENENCIA AL CONSEJO ASESOR AGRARIO PROVINCIAL - ASAJA Le\u00f3n","og_description":"La organizaci&#243;n agraria ASAJA lamenta que la reuni&#243;n de ayer del Consejo Asesor Agrario Provincial se convirtiese en un escenario de la lucha pol&#237;tica entre el PP y el PSOE, trascendiendo a la opini&#243;n p&#250;blica &#250;nicamente el rifirrafe entre ambas formaciones que son gobierno y oposici&#243;n en la Diputaci&#243;n Provincial.","og_url":"https:\/\/www.asajacyl.com\/leon\/asaja-leon-informa\/asaja-se-replantear-su-pertenencia-al-consejo-asesor-agrario-provincial","og_site_name":"ASAJA Le\u00f3n","article_published_time":"2006-09-27T22:00:00+00:00","og_image":[{"width":1920,"height":1080,"url":"https:\/\/www.asajacyl.com\/leon\/wp-content\/uploads\/sites\/6\/2017\/11\/im_predefinida_1920x1080.jpg","type":"image\/jpeg"}],"author":"Editor","twitter_card":"summary_large_image","twitter_misc":{"Escrito por":"Editor","Tiempo de lectura":"2 minutos"},"schema":{"@context":"https:\/\/schema.org","@graph":[{"@type":"WebPage","@id":"https:\/\/www.asajacyl.com\/leon\/asaja-leon-informa\/asaja-se-replantear-su-pertenencia-al-consejo-asesor-agrario-provincial","url":"https:\/\/www.asajacyl.com\/leon\/asaja-leon-informa\/asaja-se-replantear-su-pertenencia-al-consejo-asesor-agrario-provincial","name":"ASAJA SE REPLANTEAR&#193; SU PERTENENCIA AL CONSEJO ASESOR AGRARIO PROVINCIAL - ASAJA Le\u00f3n","isPartOf":{"@id":"https:\/\/www.asajacyl.com\/leon\/#website"},"primaryImageOfPage":{"@id":"https:\/\/www.asajacyl.com\/leon\/asaja-leon-informa\/asaja-se-replantear-su-pertenencia-al-consejo-asesor-agrario-provincial#primaryimage"},"image":{"@id":"https:\/\/www.asajacyl.com\/leon\/asaja-leon-informa\/asaja-se-replantear-su-pertenencia-al-consejo-asesor-agrario-provincial#primaryimage"},"thumbnailUrl":"https:\/\/www.asajacyl.com\/leon\/wp-content\/uploads\/sites\/6\/2017\/11\/im_predefinida_1920x1080.jpg","datePublished":"2006-09-27T22:00:00+00:00","author":{"@id":"https:\/\/www.asajacyl.com\/leon\/#\/schema\/person\/7e884476cee132331142e8ac9689f20c"},"description":"La organizaci&#243;n agraria ASAJA lamenta que la reuni&#243;n de ayer del Consejo Asesor Agrario Provincial se convirtiese en un escenario de la lucha pol&#237;tica entre el PP y el PSOE, trascendiendo a la opini&#243;n p&#250;blica &#250;nicamente el rifirrafe entre ambas formaciones que son gobierno y oposici&#243;n en la Diputaci&#243;n Provincial.","breadcrumb":{"@id":"https:\/\/www.asajacyl.com\/leon\/asaja-leon-informa\/asaja-se-replantear-su-pertenencia-al-consejo-asesor-agrario-provincial#breadcrumb"},"inLanguage":"es","potentialAction":[{"@type":"ReadAction","target":["https:\/\/www.asajacyl.com\/leon\/asaja-leon-informa\/asaja-se-replantear-su-pertenencia-al-consejo-asesor-agrario-provincial"]}]},{"@type":"ImageObject","inLanguage":"es","@id":"https:\/\/www.asajacyl.com\/leon\/asaja-leon-informa\/asaja-se-replantear-su-pertenencia-al-consejo-asesor-agrario-provincial#primaryimage","url":"https:\/\/www.asajacyl.com\/leon\/wp-content\/uploads\/sites\/6\/2017\/11\/im_predefinida_1920x1080.jpg","contentUrl":"https:\/\/www.asajacyl.com\/leon\/wp-content\/uploads\/sites\/6\/2017\/11\/im_predefinida_1920x1080.jpg","width":1920,"height":1080,"caption":"Logotipo ASAJA Le\u00f3n"},{"@type":"BreadcrumbList","@id":"https:\/\/www.asajacyl.com\/leon\/asaja-leon-informa\/asaja-se-replantear-su-pertenencia-al-consejo-asesor-agrario-provincial#breadcrumb","itemListElement":[{"@type":"ListItem","position":1,"name":"Portada","item":"https:\/\/www.asajacyl.com\/leon\/"},{"@type":"ListItem","position":2,"name":"ASAJA SE REPLANTEAR&#193; SU PERTENENCIA AL CONSEJO ASESOR AGRARIO PROVINCIAL"}]},{"@type":"WebSite","@id":"https:\/\/www.asajacyl.com\/leon\/#website","url":"https:\/\/www.asajacyl.com\/leon\/","name":"ASAJA Le\u00f3n","description":"Otro sitio m\u00e1s de Provincias ASAJA Castilla y Le\u00f3n","potentialAction":[{"@type":"SearchAction","target":{"@type":"EntryPoint","urlTemplate":"https:\/\/www.asajacyl.com\/leon\/?s={search_term_string}"},"query-input":{"@type":"PropertyValueSpecification","valueRequired":true,"valueName":"search_term_string"}}],"inLanguage":"es"},{"@type":"Person","@id":"https:\/\/www.asajacyl.com\/leon\/#\/schema\/person\/7e884476cee132331142e8ac9689f20c","name":"Editor","image":{"@type":"ImageObject","inLanguage":"es","@id":"https:\/\/www.asajacyl.com\/leon\/#\/schema\/person\/image\/","url":"https:\/\/secure.gravatar.com\/avatar\/a2ef43c165669686cfcfb0e1ffa59869?s=96&d=mm&r=g","contentUrl":"https:\/\/secure.gravatar.com\/avatar\/a2ef43c165669686cfcfb0e1ffa59869?s=96&d=mm&r=g","caption":"Editor"},"url":"https:\/\/www.asajacyl.com\/leon\/author\/oscargg"}]}},"_links":{"self":[{"href":"https:\/\/www.asajacyl.com\/leon\/wp-json\/wp\/v2\/posts\/7714"}],"collection":[{"href":"https:\/\/www.asajacyl.com\/leon\/wp-json\/wp\/v2\/posts"}],"about":[{"href":"https:\/\/www.asajacyl.com\/leon\/wp-json\/wp\/v2\/types\/post"}],"author":[{"embeddable":true,"href":"https:\/\/www.asajacyl.com\/leon\/wp-json\/wp\/v2\/users\/3"}],"replies":[{"embeddable":true,"href":"https:\/\/www.asajacyl.com\/leon\/wp-json\/wp\/v2\/comments?post=7714"}],"version-history":[{"count":0,"href":"https:\/\/www.asajacyl.com\/leon\/wp-json\/wp\/v2\/posts\/7714\/revisions"}],"wp:featuredmedia":[{"embeddable":true,"href":"https:\/\/www.asajacyl.com\/leon\/wp-json\/wp\/v2\/media\/8174"}],"wp:attachment":[{"href":"https:\/\/www.asajacyl.com\/leon\/wp-json\/wp\/v2\/media?parent=7714"}],"wp:term":[{"taxonomy":"category","embeddable":true,"href":"https:\/\/www.asajacyl.com\/leon\/wp-json\/wp\/v2\/categories?post=7714"},{"taxonomy":"post_tag","embeddable":true,"href":"https:\/\/www.asajacyl.com\/leon\/wp-json\/wp\/v2\/tags?post=7714"}],"curies":[{"name":"wp","href":"https:\/\/api.w.org\/{rel}","templated":true}]}}