{"id":7719,"date":"2006-09-08T00:00:00","date_gmt":"2006-09-07T22:00:00","guid":{"rendered":"http:\/\/www.asajacyl.com\/leon\/sin-categoria\/embalse-del-eria-ya"},"modified":"2006-09-08T00:00:00","modified_gmt":"2006-09-07T22:00:00","slug":"embalse-del-eria-ya","status":"publish","type":"post","link":"https:\/\/www.asajacyl.com\/leon\/asaja-leon-informa\/embalse-del-eria-ya","title":{"rendered":"EMBALSE DEL ERIA &#161;YA!"},"content":{"rendered":"<h2>Para evitar los da&#241;os en las propiedades y el riesgo a poblaciones en las crecidas del invierno. <\/p>\n<p>Para garantizar un caudal ecol&#243;gico todo el a&#241;o a un r&#237;o que se seca en verano.   <\/p>\n<p>Para consolidar los regad&#237;os tradicionales y aumentar las reservas hidrol&#243;gicas de Le&#243;n. <\/p>\n<p>Para un aprovechamiento hidroel&#233;ctrico fomentando as&#237; las energ&#237;as limpias. <\/p>\n<p>  Para atraer el turismo y nuevas alternativas a una comarca desfavorecida y marginada.<\/h2>\n<p align=\"center\"><font color=\"#ff0000\" size=\"5\">&#160; <b>EMBALSE DEL ERIA &#161;YA!<\/b> <\/font><\/p>\n<p align=\"center\">Para evitar los da&#241;os en las propiedades y el riesgo a poblaciones en las crecidas del invierno.\n<\/p>\n<p align=\"center\">Para garantizar un caudal ecol&#243;gico todo el a&#241;o a un r&#237;o que se seca en verano.&#160;&#160;\n<\/p>\n<p align=\"center\">Para consolidar los regad&#237;os tradicionales y aumentar las reservas hidrol&#243;gicas de Le&#243;n.\n<\/p>\n<p align=\"center\">Para un aprovechamiento hidroel&#233;ctrico fomentando as&#237; las energ&#237;as limpias.\n<\/p>\n<p align=\"center\">&#160; Para atraer el turismo y nuevas alternativas a una comarca desfavorecida y marginada. <\/p>\n<h3 align=\"center\"><b><font color=\"#0000ff\" size=\"2\">NO HAY RAZONES PARA QUE ESTE PROYECTO SIGA PARADO<\/font><\/b><\/h3>\n<\/p>\n<p><span>&#183;&#160; <\/span>Es una obra prevista en el Plan Hidrol&#243;gico Nacional.\n<\/p>\n<p><span>&#183;&#160; <\/span>No tiene impacto ambiental negativo.\n<\/p>\n<p><span>&#183;&#160; <\/span>Tiene un coste f&#225;cilmente asumible por el Estado, con financiaci&#243;n europea.\n<\/p>\n<p><span>&#183;&#160; <\/span>No tiene un rechazo social, ni tan siquiera en el municipio de ocupaci&#243;n de los terrenos.\n<\/p>\n<p><span>&#183;&#160; <\/span><span>Est&#225; justificada desde el punto de vista econ&#243;mico,&#160; social y medioambiental.<\/span>\n<\/p>\n<p><span>&#183;&#160; <\/span>Se ha prometido por todos los Gobiernos y todos los partidos desde hace d&#233;cadas.\n<\/p>\n<p align=\"center\">\n<p align=\"center\"><font color=\"#0033ff\" size=\"3\"><em><strong>&#8220;El Gobierno de Zapatero no puede dar la espalda a la comarca de la Valder&#237;a, y tiene que ejecutar un proyecto tan importante como es el embalse del Eria&#8221; <\/strong><\/em><\/font>\n<\/p>\n<p align=\"center\"><font color=\"#00cc00\" size=\"4\"><strong>MANCOMUNIDAD DE MUNICIPIOS DE LA VALDERIA<br \/><\/strong><\/font>\n<\/p>\n<p align=\"center\">&#160;Castrocalb&#243;n, 9 de septiembre 2006<\/p>\n","protected":false},"excerpt":{"rendered":"<p>Para evitar los da&#241;os en las propiedades y el riesgo a poblaciones en las crecidas del invierno. <\/p>\n<p>Para garantizar un caudal ecol&#243;gico todo el a&#241;o a un r&#237;o que se seca en verano.   <\/p>\n<p>Para consolidar los regad&#237;os tradicionales y aumentar las reservas hidrol&#243;gicas de Le&#243;n. <\/p>\n<p>Para un aprovechamiento hidroel&#233;ctrico fomentando as&#237; las energ&#237;as limpias. <\/p>\n<p>  Para atraer el turismo y nuevas alternativas a una comarca desfavorecida y marginada.<\/p>\n","protected":false},"author":3,"featured_media":8174,"comment_status":"open","ping_status":"open","sticky":false,"template":"","format":"standard","meta":{"footnotes":""},"categories":[4,9],"tags":[],"yoast_head":"<!-- This site is optimized with the Yoast SEO plugin v24.5 - https:\/\/yoast.com\/wordpress\/plugins\/seo\/ -->\n<title>EMBALSE DEL ERIA &#161;YA! - ASAJA Le\u00f3n<\/title>\n<meta name=\"description\" content=\"Para evitar los da&#241;os en las propiedades y el riesgo a poblaciones en las crecidas del invierno.  Para garantizar un caudal ecol&#243;gico todo el a&#241;o a un r&#237;o que se seca en verano.   Para consolidar los regad&#237;os tradicionales y aumentar las reservas hidrol&#243;gicas de Le&#243;n.  Para un aprovechamiento hidroel&#233;ctrico fomentando as&#237; las energ&#237;as limpias.   Para atraer el turismo y nuevas alternativas a una comarca desfavorecida y marginada.\" \/>\n<meta name=\"robots\" content=\"index, follow, max-snippet:-1, max-image-preview:large, max-video-preview:-1\" \/>\n<link rel=\"canonical\" href=\"https:\/\/www.asajacyl.com\/leon\/asaja-leon-informa\/embalse-del-eria-ya\" \/>\n<meta property=\"og:locale\" content=\"es_ES\" \/>\n<meta property=\"og:type\" content=\"article\" \/>\n<meta property=\"og:title\" content=\"EMBALSE DEL ERIA &#161;YA! - ASAJA Le\u00f3n\" \/>\n<meta property=\"og:description\" content=\"Para evitar los da&#241;os en las propiedades y el riesgo a poblaciones en las crecidas del invierno.  Para garantizar un caudal ecol&#243;gico todo el a&#241;o a un r&#237;o que se seca en verano.   Para consolidar los regad&#237;os tradicionales y aumentar las reservas hidrol&#243;gicas de Le&#243;n.  Para un aprovechamiento hidroel&#233;ctrico fomentando as&#237; las energ&#237;as limpias.   Para atraer el turismo y nuevas alternativas a una comarca desfavorecida y marginada.\" \/>\n<meta property=\"og:url\" content=\"https:\/\/www.asajacyl.com\/leon\/asaja-leon-informa\/embalse-del-eria-ya\" \/>\n<meta property=\"og:site_name\" content=\"ASAJA Le\u00f3n\" \/>\n<meta property=\"article:published_time\" content=\"2006-09-07T22:00:00+00:00\" \/>\n<meta property=\"og:image\" content=\"https:\/\/www.asajacyl.com\/leon\/wp-content\/uploads\/sites\/6\/2017\/11\/im_predefinida_1920x1080.jpg\" \/>\n\t<meta property=\"og:image:width\" content=\"1920\" \/>\n\t<meta property=\"og:image:height\" content=\"1080\" \/>\n\t<meta property=\"og:image:type\" content=\"image\/jpeg\" \/>\n<meta name=\"author\" content=\"Editor\" \/>\n<meta name=\"twitter:card\" content=\"summary_large_image\" \/>\n<meta name=\"twitter:label1\" content=\"Escrito por\" \/>\n\t<meta name=\"twitter:data1\" content=\"Editor\" \/>\n\t<meta name=\"twitter:label2\" content=\"Tiempo de lectura\" \/>\n\t<meta name=\"twitter:data2\" content=\"1 minuto\" \/>\n<script type=\"application\/ld+json\" class=\"yoast-schema-graph\">{\"@context\":\"https:\/\/schema.org\",\"@graph\":[{\"@type\":\"WebPage\",\"@id\":\"https:\/\/www.asajacyl.com\/leon\/asaja-leon-informa\/embalse-del-eria-ya\",\"url\":\"https:\/\/www.asajacyl.com\/leon\/asaja-leon-informa\/embalse-del-eria-ya\",\"name\":\"EMBALSE DEL ERIA &#161;YA! - ASAJA Le\u00f3n\",\"isPartOf\":{\"@id\":\"https:\/\/www.asajacyl.com\/leon\/#website\"},\"primaryImageOfPage\":{\"@id\":\"https:\/\/www.asajacyl.com\/leon\/asaja-leon-informa\/embalse-del-eria-ya#primaryimage\"},\"image\":{\"@id\":\"https:\/\/www.asajacyl.com\/leon\/asaja-leon-informa\/embalse-del-eria-ya#primaryimage\"},\"thumbnailUrl\":\"https:\/\/www.asajacyl.com\/leon\/wp-content\/uploads\/sites\/6\/2017\/11\/im_predefinida_1920x1080.jpg\",\"datePublished\":\"2006-09-07T22:00:00+00:00\",\"author\":{\"@id\":\"https:\/\/www.asajacyl.com\/leon\/#\/schema\/person\/7e884476cee132331142e8ac9689f20c\"},\"description\":\"Para evitar los da&#241;os en las propiedades y el riesgo a poblaciones en las crecidas del invierno. Para garantizar un caudal ecol&#243;gico todo el a&#241;o a un r&#237;o que se seca en verano. Para consolidar los regad&#237;os tradicionales y aumentar las reservas hidrol&#243;gicas de Le&#243;n. Para un aprovechamiento hidroel&#233;ctrico fomentando as&#237; las energ&#237;as limpias. Para atraer el turismo y nuevas alternativas a una comarca desfavorecida y marginada.\",\"breadcrumb\":{\"@id\":\"https:\/\/www.asajacyl.com\/leon\/asaja-leon-informa\/embalse-del-eria-ya#breadcrumb\"},\"inLanguage\":\"es\",\"potentialAction\":[{\"@type\":\"ReadAction\",\"target\":[\"https:\/\/www.asajacyl.com\/leon\/asaja-leon-informa\/embalse-del-eria-ya\"]}]},{\"@type\":\"ImageObject\",\"inLanguage\":\"es\",\"@id\":\"https:\/\/www.asajacyl.com\/leon\/asaja-leon-informa\/embalse-del-eria-ya#primaryimage\",\"url\":\"https:\/\/www.asajacyl.com\/leon\/wp-content\/uploads\/sites\/6\/2017\/11\/im_predefinida_1920x1080.jpg\",\"contentUrl\":\"https:\/\/www.asajacyl.com\/leon\/wp-content\/uploads\/sites\/6\/2017\/11\/im_predefinida_1920x1080.jpg\",\"width\":1920,\"height\":1080,\"caption\":\"Logotipo ASAJA Le\u00f3n\"},{\"@type\":\"BreadcrumbList\",\"@id\":\"https:\/\/www.asajacyl.com\/leon\/asaja-leon-informa\/embalse-del-eria-ya#breadcrumb\",\"itemListElement\":[{\"@type\":\"ListItem\",\"position\":1,\"name\":\"Portada\",\"item\":\"https:\/\/www.asajacyl.com\/leon\/\"},{\"@type\":\"ListItem\",\"position\":2,\"name\":\"EMBALSE DEL ERIA &#161;YA!\"}]},{\"@type\":\"WebSite\",\"@id\":\"https:\/\/www.asajacyl.com\/leon\/#website\",\"url\":\"https:\/\/www.asajacyl.com\/leon\/\",\"name\":\"ASAJA Le\u00f3n\",\"description\":\"Otro sitio m\u00e1s de Provincias ASAJA Castilla y Le\u00f3n\",\"potentialAction\":[{\"@type\":\"SearchAction\",\"target\":{\"@type\":\"EntryPoint\",\"urlTemplate\":\"https:\/\/www.asajacyl.com\/leon\/?s={search_term_string}\"},\"query-input\":{\"@type\":\"PropertyValueSpecification\",\"valueRequired\":true,\"valueName\":\"search_term_string\"}}],\"inLanguage\":\"es\"},{\"@type\":\"Person\",\"@id\":\"https:\/\/www.asajacyl.com\/leon\/#\/schema\/person\/7e884476cee132331142e8ac9689f20c\",\"name\":\"Editor\",\"image\":{\"@type\":\"ImageObject\",\"inLanguage\":\"es\",\"@id\":\"https:\/\/www.asajacyl.com\/leon\/#\/schema\/person\/image\/\",\"url\":\"https:\/\/secure.gravatar.com\/avatar\/a2ef43c165669686cfcfb0e1ffa59869?s=96&d=mm&r=g\",\"contentUrl\":\"https:\/\/secure.gravatar.com\/avatar\/a2ef43c165669686cfcfb0e1ffa59869?s=96&d=mm&r=g\",\"caption\":\"Editor\"},\"url\":\"https:\/\/www.asajacyl.com\/leon\/author\/oscargg\"}]}<\/script>\n<!-- \/ Yoast SEO plugin. -->","yoast_head_json":{"title":"EMBALSE DEL ERIA &#161;YA! - ASAJA Le\u00f3n","description":"Para evitar los da&#241;os en las propiedades y el riesgo a poblaciones en las crecidas del invierno.  Para garantizar un caudal ecol&#243;gico todo el a&#241;o a un r&#237;o que se seca en verano.   Para consolidar los regad&#237;os tradicionales y aumentar las reservas hidrol&#243;gicas de Le&#243;n.  Para un aprovechamiento hidroel&#233;ctrico fomentando as&#237; las energ&#237;as limpias.   Para atraer el turismo y nuevas alternativas a una comarca desfavorecida y marginada.","robots":{"index":"index","follow":"follow","max-snippet":"max-snippet:-1","max-image-preview":"max-image-preview:large","max-video-preview":"max-video-preview:-1"},"canonical":"https:\/\/www.asajacyl.com\/leon\/asaja-leon-informa\/embalse-del-eria-ya","og_locale":"es_ES","og_type":"article","og_title":"EMBALSE DEL ERIA &#161;YA! - ASAJA Le\u00f3n","og_description":"Para evitar los da&#241;os en las propiedades y el riesgo a poblaciones en las crecidas del invierno.  Para garantizar un caudal ecol&#243;gico todo el a&#241;o a un r&#237;o que se seca en verano.   Para consolidar los regad&#237;os tradicionales y aumentar las reservas hidrol&#243;gicas de Le&#243;n.  Para un aprovechamiento hidroel&#233;ctrico fomentando as&#237; las energ&#237;as limpias.   Para atraer el turismo y nuevas alternativas a una comarca desfavorecida y marginada.","og_url":"https:\/\/www.asajacyl.com\/leon\/asaja-leon-informa\/embalse-del-eria-ya","og_site_name":"ASAJA Le\u00f3n","article_published_time":"2006-09-07T22:00:00+00:00","og_image":[{"width":1920,"height":1080,"url":"https:\/\/www.asajacyl.com\/leon\/wp-content\/uploads\/sites\/6\/2017\/11\/im_predefinida_1920x1080.jpg","type":"image\/jpeg"}],"author":"Editor","twitter_card":"summary_large_image","twitter_misc":{"Escrito por":"Editor","Tiempo de lectura":"1 minuto"},"schema":{"@context":"https:\/\/schema.org","@graph":[{"@type":"WebPage","@id":"https:\/\/www.asajacyl.com\/leon\/asaja-leon-informa\/embalse-del-eria-ya","url":"https:\/\/www.asajacyl.com\/leon\/asaja-leon-informa\/embalse-del-eria-ya","name":"EMBALSE DEL ERIA &#161;YA! - ASAJA Le\u00f3n","isPartOf":{"@id":"https:\/\/www.asajacyl.com\/leon\/#website"},"primaryImageOfPage":{"@id":"https:\/\/www.asajacyl.com\/leon\/asaja-leon-informa\/embalse-del-eria-ya#primaryimage"},"image":{"@id":"https:\/\/www.asajacyl.com\/leon\/asaja-leon-informa\/embalse-del-eria-ya#primaryimage"},"thumbnailUrl":"https:\/\/www.asajacyl.com\/leon\/wp-content\/uploads\/sites\/6\/2017\/11\/im_predefinida_1920x1080.jpg","datePublished":"2006-09-07T22:00:00+00:00","author":{"@id":"https:\/\/www.asajacyl.com\/leon\/#\/schema\/person\/7e884476cee132331142e8ac9689f20c"},"description":"Para evitar los da&#241;os en las propiedades y el riesgo a poblaciones en las crecidas del invierno. Para garantizar un caudal ecol&#243;gico todo el a&#241;o a un r&#237;o que se seca en verano. Para consolidar los regad&#237;os tradicionales y aumentar las reservas hidrol&#243;gicas de Le&#243;n. Para un aprovechamiento hidroel&#233;ctrico fomentando as&#237; las energ&#237;as limpias. Para atraer el turismo y nuevas alternativas a una comarca desfavorecida y marginada.","breadcrumb":{"@id":"https:\/\/www.asajacyl.com\/leon\/asaja-leon-informa\/embalse-del-eria-ya#breadcrumb"},"inLanguage":"es","potentialAction":[{"@type":"ReadAction","target":["https:\/\/www.asajacyl.com\/leon\/asaja-leon-informa\/embalse-del-eria-ya"]}]},{"@type":"ImageObject","inLanguage":"es","@id":"https:\/\/www.asajacyl.com\/leon\/asaja-leon-informa\/embalse-del-eria-ya#primaryimage","url":"https:\/\/www.asajacyl.com\/leon\/wp-content\/uploads\/sites\/6\/2017\/11\/im_predefinida_1920x1080.jpg","contentUrl":"https:\/\/www.asajacyl.com\/leon\/wp-content\/uploads\/sites\/6\/2017\/11\/im_predefinida_1920x1080.jpg","width":1920,"height":1080,"caption":"Logotipo ASAJA Le\u00f3n"},{"@type":"BreadcrumbList","@id":"https:\/\/www.asajacyl.com\/leon\/asaja-leon-informa\/embalse-del-eria-ya#breadcrumb","itemListElement":[{"@type":"ListItem","position":1,"name":"Portada","item":"https:\/\/www.asajacyl.com\/leon\/"},{"@type":"ListItem","position":2,"name":"EMBALSE DEL ERIA &#161;YA!"}]},{"@type":"WebSite","@id":"https:\/\/www.asajacyl.com\/leon\/#website","url":"https:\/\/www.asajacyl.com\/leon\/","name":"ASAJA Le\u00f3n","description":"Otro sitio m\u00e1s de Provincias ASAJA Castilla y Le\u00f3n","potentialAction":[{"@type":"SearchAction","target":{"@type":"EntryPoint","urlTemplate":"https:\/\/www.asajacyl.com\/leon\/?s={search_term_string}"},"query-input":{"@type":"PropertyValueSpecification","valueRequired":true,"valueName":"search_term_string"}}],"inLanguage":"es"},{"@type":"Person","@id":"https:\/\/www.asajacyl.com\/leon\/#\/schema\/person\/7e884476cee132331142e8ac9689f20c","name":"Editor","image":{"@type":"ImageObject","inLanguage":"es","@id":"https:\/\/www.asajacyl.com\/leon\/#\/schema\/person\/image\/","url":"https:\/\/secure.gravatar.com\/avatar\/a2ef43c165669686cfcfb0e1ffa59869?s=96&d=mm&r=g","contentUrl":"https:\/\/secure.gravatar.com\/avatar\/a2ef43c165669686cfcfb0e1ffa59869?s=96&d=mm&r=g","caption":"Editor"},"url":"https:\/\/www.asajacyl.com\/leon\/author\/oscargg"}]}},"_links":{"self":[{"href":"https:\/\/www.asajacyl.com\/leon\/wp-json\/wp\/v2\/posts\/7719"}],"collection":[{"href":"https:\/\/www.asajacyl.com\/leon\/wp-json\/wp\/v2\/posts"}],"about":[{"href":"https:\/\/www.asajacyl.com\/leon\/wp-json\/wp\/v2\/types\/post"}],"author":[{"embeddable":true,"href":"https:\/\/www.asajacyl.com\/leon\/wp-json\/wp\/v2\/users\/3"}],"replies":[{"embeddable":true,"href":"https:\/\/www.asajacyl.com\/leon\/wp-json\/wp\/v2\/comments?post=7719"}],"version-history":[{"count":0,"href":"https:\/\/www.asajacyl.com\/leon\/wp-json\/wp\/v2\/posts\/7719\/revisions"}],"wp:featuredmedia":[{"embeddable":true,"href":"https:\/\/www.asajacyl.com\/leon\/wp-json\/wp\/v2\/media\/8174"}],"wp:attachment":[{"href":"https:\/\/www.asajacyl.com\/leon\/wp-json\/wp\/v2\/media?parent=7719"}],"wp:term":[{"taxonomy":"category","embeddable":true,"href":"https:\/\/www.asajacyl.com\/leon\/wp-json\/wp\/v2\/categories?post=7719"},{"taxonomy":"post_tag","embeddable":true,"href":"https:\/\/www.asajacyl.com\/leon\/wp-json\/wp\/v2\/tags?post=7719"}],"curies":[{"name":"wp","href":"https:\/\/api.w.org\/{rel}","templated":true}]}}