{"id":7720,"date":"2006-09-08T00:00:00","date_gmt":"2006-09-07T22:00:00","guid":{"rendered":"http:\/\/www.asajacyl.com\/leon\/sin-categoria\/jose-antonio-turrado-participar-en-el-acto-reivindicativo-a-favor-del-embalse-del-eria"},"modified":"2006-09-08T00:00:00","modified_gmt":"2006-09-07T22:00:00","slug":"jose-antonio-turrado-participar-en-el-acto-reivindicativo-a-favor-del-embalse-del-eria","status":"publish","type":"post","link":"https:\/\/www.asajacyl.com\/leon\/asaja-leon-informa\/jose-antonio-turrado-participar-en-el-acto-reivindicativo-a-favor-del-embalse-del-eria","title":{"rendered":"JOSE ANTONIO TURRADO PARTICIPAR&#193; EN EL ACTO REIVINDICATIVO A FAVOR DEL EMBALSE DEL ERIA"},"content":{"rendered":"<h2>El secretario general de ASAJA de Le&#243;n, Jos&#233; Antonio Turrado, participar&#225; ma&#241;ana en el acto reivindicativo a favor del embalse del r&#237;o Eria que se celebrar&#225; en Castrocalb&#243;n, coincidiendo con la fiesta de la Mancomunidad de Municipios de la Valder&#237;a.<\/h2>\n<p align=\"justify\">&#160;\n<\/p>\n<p align=\"center\"><font color=\"#009900\" size=\"3\"><strong>JOSE ANTONIO TURRADO PARTICIPAR&#193; EN EL ACTO REIVINDICATIVO A FAVOR DEL EMBALSE DEL ERIA <\/strong><\/font>\n<\/p>\n<p align=\"justify\">El secretario general de ASAJA de Le&#243;n, Jos&#233; Antonio Turrado, participar&#225; ma&#241;ana en el acto reivindicativo a favor del embalse del r&#237;o Eria que se celebrar&#225; en Castrocalb&#243;n, coincidiendo con la fiesta de la Mancomunidad de Municipios de la Valder&#237;a.\n<\/p>\n<p align=\"justify\">ASAJA mantiene entre sus reivindicaciones en materia de pol&#237;tica hidr&#225;ulica, la construcci&#243;n de los embalses de los r&#237;os Eria y Duerna, aprobados en el Plan Hidrol&#243;gico Nacional. La otra gran obra del Plan Hidrol&#243;gico para esta provincia que tiene parada el actual Gobierno es el Canal Bajo de Payuelos.\n<\/p>\n<p align=\"justify\">ASAJA promovi&#243; en septiembre de 2002 una reuni&#243;n con todos los alcaldes de la comarca de La Ba&#241;eza para impulsar estas obras, y se reuni&#243; posteriormente para este asunto, junto con los alcaldes y otros cargos p&#250;blicos, con el entonces presidente de la Confederaci&#243;n Hidrogr&#225;fica del Duero. La promesa en aquel momento fue que las obras del embalse del Er&#237;a se licitar&#237;an en el primer semestre de 2003. Aunque el proyecto estaba sufriendo demoras, se estaban dando pasos como la aprobaci&#243;n del impacto ambiental o la contrataci&#243;n de consultor&#237;a para actualizar el proyecto. Fue con el cambio de Gobierno en 2004 y la toma de posesi&#243;n de la ya cesada presidenta de la CHD, Helena Caballero, cuando por primera vez se cuestiona esta obra.\n<\/p>\n<p align=\"right\">&#160;Le&#243;n, 8 de septiembre de 2006.<\/p>\n","protected":false},"excerpt":{"rendered":"<p>El secretario general de ASAJA de Le&#243;n, Jos&#233; Antonio Turrado, participar&#225; ma&#241;ana en el acto reivindicativo a favor del embalse del r&#237;o Eria que se celebrar&#225; en Castrocalb&#243;n, coincidiendo con la fiesta de la Mancomunidad de Municipios de la Valder&#237;a.<\/p>\n","protected":false},"author":3,"featured_media":8174,"comment_status":"open","ping_status":"open","sticky":false,"template":"","format":"standard","meta":{"footnotes":""},"categories":[4,9],"tags":[],"yoast_head":"<!-- This site is optimized with the Yoast SEO plugin v24.5 - https:\/\/yoast.com\/wordpress\/plugins\/seo\/ -->\n<title>JOSE ANTONIO TURRADO PARTICIPAR&#193; EN EL ACTO REIVINDICATIVO A FAVOR DEL EMBALSE DEL ERIA - ASAJA Le\u00f3n<\/title>\n<meta name=\"description\" content=\"El secretario general de ASAJA de Le&#243;n, Jos&#233; Antonio Turrado, participar&#225; ma&#241;ana en el acto reivindicativo a favor del embalse del r&#237;o Eria que se celebrar&#225; en Castrocalb&#243;n, coincidiendo con la fiesta de la Mancomunidad de Municipios de la Valder&#237;a.\" \/>\n<meta name=\"robots\" content=\"index, follow, max-snippet:-1, max-image-preview:large, max-video-preview:-1\" \/>\n<link rel=\"canonical\" href=\"https:\/\/www.asajacyl.com\/leon\/asaja-leon-informa\/jose-antonio-turrado-participar-en-el-acto-reivindicativo-a-favor-del-embalse-del-eria\" \/>\n<meta property=\"og:locale\" content=\"es_ES\" \/>\n<meta property=\"og:type\" content=\"article\" \/>\n<meta property=\"og:title\" content=\"JOSE ANTONIO TURRADO PARTICIPAR&#193; EN EL ACTO REIVINDICATIVO A FAVOR DEL EMBALSE DEL ERIA - ASAJA Le\u00f3n\" \/>\n<meta property=\"og:description\" content=\"El secretario general de ASAJA de Le&#243;n, Jos&#233; Antonio Turrado, participar&#225; ma&#241;ana en el acto reivindicativo a favor del embalse del r&#237;o Eria que se celebrar&#225; en Castrocalb&#243;n, coincidiendo con la fiesta de la Mancomunidad de Municipios de la Valder&#237;a.\" \/>\n<meta property=\"og:url\" content=\"https:\/\/www.asajacyl.com\/leon\/asaja-leon-informa\/jose-antonio-turrado-participar-en-el-acto-reivindicativo-a-favor-del-embalse-del-eria\" \/>\n<meta property=\"og:site_name\" content=\"ASAJA Le\u00f3n\" \/>\n<meta property=\"article:published_time\" content=\"2006-09-07T22:00:00+00:00\" \/>\n<meta property=\"og:image\" content=\"https:\/\/www.asajacyl.com\/leon\/wp-content\/uploads\/sites\/6\/2017\/11\/im_predefinida_1920x1080.jpg\" \/>\n\t<meta property=\"og:image:width\" content=\"1920\" \/>\n\t<meta property=\"og:image:height\" content=\"1080\" \/>\n\t<meta property=\"og:image:type\" content=\"image\/jpeg\" \/>\n<meta name=\"author\" content=\"Editor\" \/>\n<meta name=\"twitter:card\" content=\"summary_large_image\" \/>\n<meta name=\"twitter:label1\" content=\"Escrito por\" \/>\n\t<meta name=\"twitter:data1\" content=\"Editor\" \/>\n\t<meta name=\"twitter:label2\" content=\"Tiempo de lectura\" \/>\n\t<meta name=\"twitter:data2\" content=\"1 minuto\" \/>\n<script type=\"application\/ld+json\" class=\"yoast-schema-graph\">{\"@context\":\"https:\/\/schema.org\",\"@graph\":[{\"@type\":\"WebPage\",\"@id\":\"https:\/\/www.asajacyl.com\/leon\/asaja-leon-informa\/jose-antonio-turrado-participar-en-el-acto-reivindicativo-a-favor-del-embalse-del-eria\",\"url\":\"https:\/\/www.asajacyl.com\/leon\/asaja-leon-informa\/jose-antonio-turrado-participar-en-el-acto-reivindicativo-a-favor-del-embalse-del-eria\",\"name\":\"JOSE ANTONIO TURRADO PARTICIPAR&#193; EN EL ACTO REIVINDICATIVO A FAVOR DEL EMBALSE DEL ERIA - ASAJA Le\u00f3n\",\"isPartOf\":{\"@id\":\"https:\/\/www.asajacyl.com\/leon\/#website\"},\"primaryImageOfPage\":{\"@id\":\"https:\/\/www.asajacyl.com\/leon\/asaja-leon-informa\/jose-antonio-turrado-participar-en-el-acto-reivindicativo-a-favor-del-embalse-del-eria#primaryimage\"},\"image\":{\"@id\":\"https:\/\/www.asajacyl.com\/leon\/asaja-leon-informa\/jose-antonio-turrado-participar-en-el-acto-reivindicativo-a-favor-del-embalse-del-eria#primaryimage\"},\"thumbnailUrl\":\"https:\/\/www.asajacyl.com\/leon\/wp-content\/uploads\/sites\/6\/2017\/11\/im_predefinida_1920x1080.jpg\",\"datePublished\":\"2006-09-07T22:00:00+00:00\",\"author\":{\"@id\":\"https:\/\/www.asajacyl.com\/leon\/#\/schema\/person\/7e884476cee132331142e8ac9689f20c\"},\"description\":\"El secretario general de ASAJA de Le&#243;n, Jos&#233; Antonio Turrado, participar&#225; ma&#241;ana en el acto reivindicativo a favor del embalse del r&#237;o Eria que se celebrar&#225; en Castrocalb&#243;n, coincidiendo con la fiesta de la Mancomunidad de Municipios de la Valder&#237;a.\",\"breadcrumb\":{\"@id\":\"https:\/\/www.asajacyl.com\/leon\/asaja-leon-informa\/jose-antonio-turrado-participar-en-el-acto-reivindicativo-a-favor-del-embalse-del-eria#breadcrumb\"},\"inLanguage\":\"es\",\"potentialAction\":[{\"@type\":\"ReadAction\",\"target\":[\"https:\/\/www.asajacyl.com\/leon\/asaja-leon-informa\/jose-antonio-turrado-participar-en-el-acto-reivindicativo-a-favor-del-embalse-del-eria\"]}]},{\"@type\":\"ImageObject\",\"inLanguage\":\"es\",\"@id\":\"https:\/\/www.asajacyl.com\/leon\/asaja-leon-informa\/jose-antonio-turrado-participar-en-el-acto-reivindicativo-a-favor-del-embalse-del-eria#primaryimage\",\"url\":\"https:\/\/www.asajacyl.com\/leon\/wp-content\/uploads\/sites\/6\/2017\/11\/im_predefinida_1920x1080.jpg\",\"contentUrl\":\"https:\/\/www.asajacyl.com\/leon\/wp-content\/uploads\/sites\/6\/2017\/11\/im_predefinida_1920x1080.jpg\",\"width\":1920,\"height\":1080,\"caption\":\"Logotipo ASAJA Le\u00f3n\"},{\"@type\":\"BreadcrumbList\",\"@id\":\"https:\/\/www.asajacyl.com\/leon\/asaja-leon-informa\/jose-antonio-turrado-participar-en-el-acto-reivindicativo-a-favor-del-embalse-del-eria#breadcrumb\",\"itemListElement\":[{\"@type\":\"ListItem\",\"position\":1,\"name\":\"Portada\",\"item\":\"https:\/\/www.asajacyl.com\/leon\/\"},{\"@type\":\"ListItem\",\"position\":2,\"name\":\"JOSE ANTONIO TURRADO PARTICIPAR&#193; EN EL ACTO REIVINDICATIVO A FAVOR DEL EMBALSE DEL ERIA\"}]},{\"@type\":\"WebSite\",\"@id\":\"https:\/\/www.asajacyl.com\/leon\/#website\",\"url\":\"https:\/\/www.asajacyl.com\/leon\/\",\"name\":\"ASAJA Le\u00f3n\",\"description\":\"Otro sitio m\u00e1s de Provincias ASAJA Castilla y Le\u00f3n\",\"potentialAction\":[{\"@type\":\"SearchAction\",\"target\":{\"@type\":\"EntryPoint\",\"urlTemplate\":\"https:\/\/www.asajacyl.com\/leon\/?s={search_term_string}\"},\"query-input\":{\"@type\":\"PropertyValueSpecification\",\"valueRequired\":true,\"valueName\":\"search_term_string\"}}],\"inLanguage\":\"es\"},{\"@type\":\"Person\",\"@id\":\"https:\/\/www.asajacyl.com\/leon\/#\/schema\/person\/7e884476cee132331142e8ac9689f20c\",\"name\":\"Editor\",\"image\":{\"@type\":\"ImageObject\",\"inLanguage\":\"es\",\"@id\":\"https:\/\/www.asajacyl.com\/leon\/#\/schema\/person\/image\/\",\"url\":\"https:\/\/secure.gravatar.com\/avatar\/a2ef43c165669686cfcfb0e1ffa59869?s=96&d=mm&r=g\",\"contentUrl\":\"https:\/\/secure.gravatar.com\/avatar\/a2ef43c165669686cfcfb0e1ffa59869?s=96&d=mm&r=g\",\"caption\":\"Editor\"},\"url\":\"https:\/\/www.asajacyl.com\/leon\/author\/oscargg\"}]}<\/script>\n<!-- \/ Yoast SEO plugin. -->","yoast_head_json":{"title":"JOSE ANTONIO TURRADO PARTICIPAR&#193; EN EL ACTO REIVINDICATIVO A FAVOR DEL EMBALSE DEL ERIA - ASAJA Le\u00f3n","description":"El secretario general de ASAJA de Le&#243;n, Jos&#233; Antonio Turrado, participar&#225; ma&#241;ana en el acto reivindicativo a favor del embalse del r&#237;o Eria que se celebrar&#225; en Castrocalb&#243;n, coincidiendo con la fiesta de la Mancomunidad de Municipios de la Valder&#237;a.","robots":{"index":"index","follow":"follow","max-snippet":"max-snippet:-1","max-image-preview":"max-image-preview:large","max-video-preview":"max-video-preview:-1"},"canonical":"https:\/\/www.asajacyl.com\/leon\/asaja-leon-informa\/jose-antonio-turrado-participar-en-el-acto-reivindicativo-a-favor-del-embalse-del-eria","og_locale":"es_ES","og_type":"article","og_title":"JOSE ANTONIO TURRADO PARTICIPAR&#193; EN EL ACTO REIVINDICATIVO A FAVOR DEL EMBALSE DEL ERIA - ASAJA Le\u00f3n","og_description":"El secretario general de ASAJA de Le&#243;n, Jos&#233; Antonio Turrado, participar&#225; ma&#241;ana en el acto reivindicativo a favor del embalse del r&#237;o Eria que se celebrar&#225; en Castrocalb&#243;n, coincidiendo con la fiesta de la Mancomunidad de Municipios de la Valder&#237;a.","og_url":"https:\/\/www.asajacyl.com\/leon\/asaja-leon-informa\/jose-antonio-turrado-participar-en-el-acto-reivindicativo-a-favor-del-embalse-del-eria","og_site_name":"ASAJA Le\u00f3n","article_published_time":"2006-09-07T22:00:00+00:00","og_image":[{"width":1920,"height":1080,"url":"https:\/\/www.asajacyl.com\/leon\/wp-content\/uploads\/sites\/6\/2017\/11\/im_predefinida_1920x1080.jpg","type":"image\/jpeg"}],"author":"Editor","twitter_card":"summary_large_image","twitter_misc":{"Escrito por":"Editor","Tiempo de lectura":"1 minuto"},"schema":{"@context":"https:\/\/schema.org","@graph":[{"@type":"WebPage","@id":"https:\/\/www.asajacyl.com\/leon\/asaja-leon-informa\/jose-antonio-turrado-participar-en-el-acto-reivindicativo-a-favor-del-embalse-del-eria","url":"https:\/\/www.asajacyl.com\/leon\/asaja-leon-informa\/jose-antonio-turrado-participar-en-el-acto-reivindicativo-a-favor-del-embalse-del-eria","name":"JOSE ANTONIO TURRADO PARTICIPAR&#193; EN EL ACTO REIVINDICATIVO A FAVOR DEL EMBALSE DEL ERIA - ASAJA Le\u00f3n","isPartOf":{"@id":"https:\/\/www.asajacyl.com\/leon\/#website"},"primaryImageOfPage":{"@id":"https:\/\/www.asajacyl.com\/leon\/asaja-leon-informa\/jose-antonio-turrado-participar-en-el-acto-reivindicativo-a-favor-del-embalse-del-eria#primaryimage"},"image":{"@id":"https:\/\/www.asajacyl.com\/leon\/asaja-leon-informa\/jose-antonio-turrado-participar-en-el-acto-reivindicativo-a-favor-del-embalse-del-eria#primaryimage"},"thumbnailUrl":"https:\/\/www.asajacyl.com\/leon\/wp-content\/uploads\/sites\/6\/2017\/11\/im_predefinida_1920x1080.jpg","datePublished":"2006-09-07T22:00:00+00:00","author":{"@id":"https:\/\/www.asajacyl.com\/leon\/#\/schema\/person\/7e884476cee132331142e8ac9689f20c"},"description":"El secretario general de ASAJA de Le&#243;n, Jos&#233; Antonio Turrado, participar&#225; ma&#241;ana en el acto reivindicativo a favor del embalse del r&#237;o Eria que se celebrar&#225; en Castrocalb&#243;n, coincidiendo con la fiesta de la Mancomunidad de Municipios de la Valder&#237;a.","breadcrumb":{"@id":"https:\/\/www.asajacyl.com\/leon\/asaja-leon-informa\/jose-antonio-turrado-participar-en-el-acto-reivindicativo-a-favor-del-embalse-del-eria#breadcrumb"},"inLanguage":"es","potentialAction":[{"@type":"ReadAction","target":["https:\/\/www.asajacyl.com\/leon\/asaja-leon-informa\/jose-antonio-turrado-participar-en-el-acto-reivindicativo-a-favor-del-embalse-del-eria"]}]},{"@type":"ImageObject","inLanguage":"es","@id":"https:\/\/www.asajacyl.com\/leon\/asaja-leon-informa\/jose-antonio-turrado-participar-en-el-acto-reivindicativo-a-favor-del-embalse-del-eria#primaryimage","url":"https:\/\/www.asajacyl.com\/leon\/wp-content\/uploads\/sites\/6\/2017\/11\/im_predefinida_1920x1080.jpg","contentUrl":"https:\/\/www.asajacyl.com\/leon\/wp-content\/uploads\/sites\/6\/2017\/11\/im_predefinida_1920x1080.jpg","width":1920,"height":1080,"caption":"Logotipo ASAJA Le\u00f3n"},{"@type":"BreadcrumbList","@id":"https:\/\/www.asajacyl.com\/leon\/asaja-leon-informa\/jose-antonio-turrado-participar-en-el-acto-reivindicativo-a-favor-del-embalse-del-eria#breadcrumb","itemListElement":[{"@type":"ListItem","position":1,"name":"Portada","item":"https:\/\/www.asajacyl.com\/leon\/"},{"@type":"ListItem","position":2,"name":"JOSE ANTONIO TURRADO PARTICIPAR&#193; EN EL ACTO REIVINDICATIVO A FAVOR DEL EMBALSE DEL ERIA"}]},{"@type":"WebSite","@id":"https:\/\/www.asajacyl.com\/leon\/#website","url":"https:\/\/www.asajacyl.com\/leon\/","name":"ASAJA Le\u00f3n","description":"Otro sitio m\u00e1s de Provincias ASAJA Castilla y Le\u00f3n","potentialAction":[{"@type":"SearchAction","target":{"@type":"EntryPoint","urlTemplate":"https:\/\/www.asajacyl.com\/leon\/?s={search_term_string}"},"query-input":{"@type":"PropertyValueSpecification","valueRequired":true,"valueName":"search_term_string"}}],"inLanguage":"es"},{"@type":"Person","@id":"https:\/\/www.asajacyl.com\/leon\/#\/schema\/person\/7e884476cee132331142e8ac9689f20c","name":"Editor","image":{"@type":"ImageObject","inLanguage":"es","@id":"https:\/\/www.asajacyl.com\/leon\/#\/schema\/person\/image\/","url":"https:\/\/secure.gravatar.com\/avatar\/a2ef43c165669686cfcfb0e1ffa59869?s=96&d=mm&r=g","contentUrl":"https:\/\/secure.gravatar.com\/avatar\/a2ef43c165669686cfcfb0e1ffa59869?s=96&d=mm&r=g","caption":"Editor"},"url":"https:\/\/www.asajacyl.com\/leon\/author\/oscargg"}]}},"_links":{"self":[{"href":"https:\/\/www.asajacyl.com\/leon\/wp-json\/wp\/v2\/posts\/7720"}],"collection":[{"href":"https:\/\/www.asajacyl.com\/leon\/wp-json\/wp\/v2\/posts"}],"about":[{"href":"https:\/\/www.asajacyl.com\/leon\/wp-json\/wp\/v2\/types\/post"}],"author":[{"embeddable":true,"href":"https:\/\/www.asajacyl.com\/leon\/wp-json\/wp\/v2\/users\/3"}],"replies":[{"embeddable":true,"href":"https:\/\/www.asajacyl.com\/leon\/wp-json\/wp\/v2\/comments?post=7720"}],"version-history":[{"count":0,"href":"https:\/\/www.asajacyl.com\/leon\/wp-json\/wp\/v2\/posts\/7720\/revisions"}],"wp:featuredmedia":[{"embeddable":true,"href":"https:\/\/www.asajacyl.com\/leon\/wp-json\/wp\/v2\/media\/8174"}],"wp:attachment":[{"href":"https:\/\/www.asajacyl.com\/leon\/wp-json\/wp\/v2\/media?parent=7720"}],"wp:term":[{"taxonomy":"category","embeddable":true,"href":"https:\/\/www.asajacyl.com\/leon\/wp-json\/wp\/v2\/categories?post=7720"},{"taxonomy":"post_tag","embeddable":true,"href":"https:\/\/www.asajacyl.com\/leon\/wp-json\/wp\/v2\/tags?post=7720"}],"curies":[{"name":"wp","href":"https:\/\/api.w.org\/{rel}","templated":true}]}}