{"id":7723,"date":"2006-08-21T00:00:00","date_gmt":"2006-08-20T22:00:00","guid":{"rendered":"http:\/\/www.asajacyl.com\/leon\/sin-categoria\/asaja-convocar-movilizaciones-si-no-se-garantizan-los-fondos-de-desarrollo-rural"},"modified":"2006-08-21T00:00:00","modified_gmt":"2006-08-20T22:00:00","slug":"asaja-convocar-movilizaciones-si-no-se-garantizan-los-fondos-de-desarrollo-rural","status":"publish","type":"post","link":"https:\/\/www.asajacyl.com\/leon\/asaja-leon-informa\/asaja-convocar-movilizaciones-si-no-se-garantizan-los-fondos-de-desarrollo-rural","title":{"rendered":"ASAJA CONVOCAR&#193; MOVILIZACIONES SI NO SE GARANTIZAN LOS FONDOS DE DESARROLLO RURAL"},"content":{"rendered":"<h2>La OPA recuerda que la renta agraria en la regi&#243;n ha disminuido y exige que se la considere prioritaria en el Programa 2007-13<\/h2>\n<p align=\"right\"><font size=\"2\"><span>&#160;&#160;&#160;&#160;<i>&#160;<\/i><\/span>&#160;<\/font><\/p>\n<div>\n<p><font color=\"#009900\" size=\"2\">ASAJA CONVOCAR&#193; MOVILIZACIONES SI NO SE GARANTIZAN LOS FONDOS DE DESARROLLO RURAL <\/font>\n<\/p>\n<p><font size=\"2\">&#160; La OPA recuerda que la renta agraria en la regi&#243;n ha disminuido y exige que se la considere prioritaria en el Programa 2007-13 <\/font>\n<\/p>\n<p><font size=\"2\">&#160;&#160; La organizaci&#243;n agraria ASAJA de Castilla y Le&#243;n espera un inminente pronunciamiento del Gobierno de la Naci&#243;n sobre la cuant&#237;a de los fondos del Programa de Desarrollo Rural para el periodo 2007-2013. El ministerio de Agricultura ha presentado a las organizaciones agrarias y a las comunidades aut&#243;nomas un borrador sobre las directrices de dicho programa, pero ha evitado pronunciarse sobre las cifras econ&#243;micas que llegar&#225;n a cada una de las regiones tanto de fondos europeos como de dinero procedente de la administraci&#243;n del Estado.&#160;&#160;<\/font><\/p>\n<\/div>\n<p><font size=\"2\">El Programa 2000-2006 que ahora finaliza report&#243; a Castilla y Le&#243;n 1.550 millones de euros procedentes de la Uni&#243;n Europea, as&#237; como otros 500 millones aportados por el ministerio de Agricultura, complementando el resto hasta 2.580 por parte de la Junta. La reducci&#243;n de fondos aprobada en la Cumbre Europea del 16 de diciembre 2005 en la que se establecieron las perspectivas financieras de la Uni&#243;n para el periodo 2007-13, y el hecho de perder Castilla y Le&#243;n la condici&#243;n de regi&#243;n Objetivo 1, va a representar que la aportaci&#243;n de la Uni&#243;n Europea para Castilla y Le&#243;n en el concepto de &#8220;desarrollo rural&#8221;, caiga de los 1.500 millones de euros en el periodo de 7 a&#241;os a no m&#225;s de 750 millones, es decir, exactamente la mitad. <\/font>\n<\/p>\n<p><font size=\"2\">ASAJA exige al Gobierno que considere a Castilla y Le&#243;n como prioritaria ya que si bien la renta por habitante la ha excluido de ser regi&#243;n Objetivo 1, la renta agraria en vez de mejorar ha empeorado, y no es superior a la medida de la Uni&#243;n Europea ni a la media de las diferentes comunidades aut&#243;nomas, teniendo el sector agrario menos alternativas que el que tiene en otras regiones que parad&#243;jicamente se consideran &#8220;regiones de convergencia&#8221; y por tanto ser&#225;n claramente beneficiadas en el reparto de estos fondos. <\/font>\n<\/p>\n<p><font size=\"2\">En el Plan Estrat&#233;gico de Desarrollo Rural se engloban pr&#225;cticamente todos los fondos agrarios que no son ayudas directas a la renta, y que inciden m&#225;s directamente en la pol&#237;tica de inversiones y apuesta de futuro. Entre otras est&#225;n las ayudas a la modernizaci&#243;n de explotaciones, las ayudas a la incorporaci&#243;n de j&#243;venes al sector, inversiones en regad&#237;os y concentraciones parcelarias, ayudas agroambientales, ayudas a zonas de monta&#241;a y desfavorecidas, la jubilaci&#243;n anticipada de los profesionales del campo, apoyo a la industria agroalimentaria, o la forestaci&#243;n de tierras agrarias entre otras. <\/font>\n<\/p>\n<p><font size=\"2\">La organizaci&#243;n agraria ASAJA exige al Gobierno que Castilla y Le&#243;n siga percibiendo a menos los 2.580 millones de euros que percibi&#243; en el anterior periodo (aportaci&#243;n U.E., MAPA y Junta) y que se compense con fondos estatales los montantes que no llegar&#225;n de Bruselas por la mala negociaci&#243;n de Zapatero en la Cumbre de diciembre del pasado a&#241;o. La organizaci&#243;n agraria considera este tema de los fondos de Desarrollo Rural como la principal actividad sindical en los pr&#243;ximos meses, y anuncia una importante movilizaci&#243;n del sector si la primera propuesta oficial que se&#160; haga sobre el dinero que va a percibir Castilla y Le&#243;n se aleja de las necesidades del sector y es inferior a los 2.580 millones de euros del periodo anterior. <\/font>\n<\/p>\n<p><font size=\"2\">&#160; <\/font>\n<\/p>\n<p><font size=\"2\">&#160; <\/font>\n<\/p>\n<p><font size=\"2\">&#160; <\/font>\n<\/p>\n<p><font size=\"2\">&#160; <\/font>\n<\/p>\n<p><font size=\"2\">&#160; <\/font>\n<\/p>\n<p><font size=\"2\">&#160; <\/font>\n<\/p>\n<p><font size=\"2\">&#160;<\/font><\/p>\n","protected":false},"excerpt":{"rendered":"<p>La OPA recuerda que la renta agraria en la regi&#243;n ha disminuido y exige que se la considere prioritaria en el Programa 2007-13<\/p>\n","protected":false},"author":3,"featured_media":8174,"comment_status":"open","ping_status":"open","sticky":false,"template":"","format":"standard","meta":{"footnotes":""},"categories":[4,9],"tags":[],"yoast_head":"<!-- This site is optimized with the Yoast SEO plugin v24.5 - https:\/\/yoast.com\/wordpress\/plugins\/seo\/ -->\n<title>ASAJA CONVOCAR&#193; MOVILIZACIONES SI NO SE GARANTIZAN LOS FONDOS DE DESARROLLO RURAL - ASAJA Le\u00f3n<\/title>\n<meta name=\"description\" content=\"La OPA recuerda que la renta agraria en la regi&#243;n ha disminuido y exige que se la considere prioritaria en el Programa 2007-13\" \/>\n<meta name=\"robots\" content=\"index, follow, max-snippet:-1, max-image-preview:large, max-video-preview:-1\" \/>\n<link rel=\"canonical\" href=\"https:\/\/www.asajacyl.com\/leon\/asaja-leon-informa\/asaja-convocar-movilizaciones-si-no-se-garantizan-los-fondos-de-desarrollo-rural\" \/>\n<meta property=\"og:locale\" content=\"es_ES\" \/>\n<meta property=\"og:type\" content=\"article\" \/>\n<meta property=\"og:title\" content=\"ASAJA CONVOCAR&#193; MOVILIZACIONES SI NO SE GARANTIZAN LOS FONDOS DE DESARROLLO RURAL - ASAJA Le\u00f3n\" \/>\n<meta property=\"og:description\" content=\"La OPA recuerda que la renta agraria en la regi&#243;n ha disminuido y exige que se la considere prioritaria en el Programa 2007-13\" \/>\n<meta property=\"og:url\" content=\"https:\/\/www.asajacyl.com\/leon\/asaja-leon-informa\/asaja-convocar-movilizaciones-si-no-se-garantizan-los-fondos-de-desarrollo-rural\" \/>\n<meta property=\"og:site_name\" content=\"ASAJA Le\u00f3n\" \/>\n<meta property=\"article:published_time\" content=\"2006-08-20T22:00:00+00:00\" \/>\n<meta property=\"og:image\" content=\"https:\/\/www.asajacyl.com\/leon\/wp-content\/uploads\/sites\/6\/2017\/11\/im_predefinida_1920x1080.jpg\" \/>\n\t<meta property=\"og:image:width\" content=\"1920\" \/>\n\t<meta property=\"og:image:height\" content=\"1080\" \/>\n\t<meta property=\"og:image:type\" content=\"image\/jpeg\" \/>\n<meta name=\"author\" content=\"Editor\" \/>\n<meta name=\"twitter:card\" content=\"summary_large_image\" \/>\n<meta name=\"twitter:label1\" content=\"Escrito por\" \/>\n\t<meta name=\"twitter:data1\" content=\"Editor\" \/>\n\t<meta name=\"twitter:label2\" content=\"Tiempo de lectura\" \/>\n\t<meta name=\"twitter:data2\" content=\"3 minutos\" \/>\n<script type=\"application\/ld+json\" class=\"yoast-schema-graph\">{\"@context\":\"https:\/\/schema.org\",\"@graph\":[{\"@type\":\"WebPage\",\"@id\":\"https:\/\/www.asajacyl.com\/leon\/asaja-leon-informa\/asaja-convocar-movilizaciones-si-no-se-garantizan-los-fondos-de-desarrollo-rural\",\"url\":\"https:\/\/www.asajacyl.com\/leon\/asaja-leon-informa\/asaja-convocar-movilizaciones-si-no-se-garantizan-los-fondos-de-desarrollo-rural\",\"name\":\"ASAJA CONVOCAR&#193; MOVILIZACIONES SI NO SE GARANTIZAN LOS FONDOS DE DESARROLLO RURAL - ASAJA Le\u00f3n\",\"isPartOf\":{\"@id\":\"https:\/\/www.asajacyl.com\/leon\/#website\"},\"primaryImageOfPage\":{\"@id\":\"https:\/\/www.asajacyl.com\/leon\/asaja-leon-informa\/asaja-convocar-movilizaciones-si-no-se-garantizan-los-fondos-de-desarrollo-rural#primaryimage\"},\"image\":{\"@id\":\"https:\/\/www.asajacyl.com\/leon\/asaja-leon-informa\/asaja-convocar-movilizaciones-si-no-se-garantizan-los-fondos-de-desarrollo-rural#primaryimage\"},\"thumbnailUrl\":\"https:\/\/www.asajacyl.com\/leon\/wp-content\/uploads\/sites\/6\/2017\/11\/im_predefinida_1920x1080.jpg\",\"datePublished\":\"2006-08-20T22:00:00+00:00\",\"author\":{\"@id\":\"https:\/\/www.asajacyl.com\/leon\/#\/schema\/person\/7e884476cee132331142e8ac9689f20c\"},\"description\":\"La OPA recuerda que la renta agraria en la regi&#243;n ha disminuido y exige que se la considere prioritaria en el Programa 2007-13\",\"breadcrumb\":{\"@id\":\"https:\/\/www.asajacyl.com\/leon\/asaja-leon-informa\/asaja-convocar-movilizaciones-si-no-se-garantizan-los-fondos-de-desarrollo-rural#breadcrumb\"},\"inLanguage\":\"es\",\"potentialAction\":[{\"@type\":\"ReadAction\",\"target\":[\"https:\/\/www.asajacyl.com\/leon\/asaja-leon-informa\/asaja-convocar-movilizaciones-si-no-se-garantizan-los-fondos-de-desarrollo-rural\"]}]},{\"@type\":\"ImageObject\",\"inLanguage\":\"es\",\"@id\":\"https:\/\/www.asajacyl.com\/leon\/asaja-leon-informa\/asaja-convocar-movilizaciones-si-no-se-garantizan-los-fondos-de-desarrollo-rural#primaryimage\",\"url\":\"https:\/\/www.asajacyl.com\/leon\/wp-content\/uploads\/sites\/6\/2017\/11\/im_predefinida_1920x1080.jpg\",\"contentUrl\":\"https:\/\/www.asajacyl.com\/leon\/wp-content\/uploads\/sites\/6\/2017\/11\/im_predefinida_1920x1080.jpg\",\"width\":1920,\"height\":1080,\"caption\":\"Logotipo ASAJA Le\u00f3n\"},{\"@type\":\"BreadcrumbList\",\"@id\":\"https:\/\/www.asajacyl.com\/leon\/asaja-leon-informa\/asaja-convocar-movilizaciones-si-no-se-garantizan-los-fondos-de-desarrollo-rural#breadcrumb\",\"itemListElement\":[{\"@type\":\"ListItem\",\"position\":1,\"name\":\"Portada\",\"item\":\"https:\/\/www.asajacyl.com\/leon\/\"},{\"@type\":\"ListItem\",\"position\":2,\"name\":\"ASAJA CONVOCAR&#193; MOVILIZACIONES SI NO SE GARANTIZAN LOS FONDOS DE DESARROLLO RURAL\"}]},{\"@type\":\"WebSite\",\"@id\":\"https:\/\/www.asajacyl.com\/leon\/#website\",\"url\":\"https:\/\/www.asajacyl.com\/leon\/\",\"name\":\"ASAJA Le\u00f3n\",\"description\":\"Otro sitio m\u00e1s de Provincias ASAJA Castilla y Le\u00f3n\",\"potentialAction\":[{\"@type\":\"SearchAction\",\"target\":{\"@type\":\"EntryPoint\",\"urlTemplate\":\"https:\/\/www.asajacyl.com\/leon\/?s={search_term_string}\"},\"query-input\":{\"@type\":\"PropertyValueSpecification\",\"valueRequired\":true,\"valueName\":\"search_term_string\"}}],\"inLanguage\":\"es\"},{\"@type\":\"Person\",\"@id\":\"https:\/\/www.asajacyl.com\/leon\/#\/schema\/person\/7e884476cee132331142e8ac9689f20c\",\"name\":\"Editor\",\"image\":{\"@type\":\"ImageObject\",\"inLanguage\":\"es\",\"@id\":\"https:\/\/www.asajacyl.com\/leon\/#\/schema\/person\/image\/\",\"url\":\"https:\/\/secure.gravatar.com\/avatar\/a2ef43c165669686cfcfb0e1ffa59869?s=96&d=mm&r=g\",\"contentUrl\":\"https:\/\/secure.gravatar.com\/avatar\/a2ef43c165669686cfcfb0e1ffa59869?s=96&d=mm&r=g\",\"caption\":\"Editor\"},\"url\":\"https:\/\/www.asajacyl.com\/leon\/author\/oscargg\"}]}<\/script>\n<!-- \/ Yoast SEO plugin. -->","yoast_head_json":{"title":"ASAJA CONVOCAR&#193; MOVILIZACIONES SI NO SE GARANTIZAN LOS FONDOS DE DESARROLLO RURAL - ASAJA Le\u00f3n","description":"La OPA recuerda que la renta agraria en la regi&#243;n ha disminuido y exige que se la considere prioritaria en el Programa 2007-13","robots":{"index":"index","follow":"follow","max-snippet":"max-snippet:-1","max-image-preview":"max-image-preview:large","max-video-preview":"max-video-preview:-1"},"canonical":"https:\/\/www.asajacyl.com\/leon\/asaja-leon-informa\/asaja-convocar-movilizaciones-si-no-se-garantizan-los-fondos-de-desarrollo-rural","og_locale":"es_ES","og_type":"article","og_title":"ASAJA CONVOCAR&#193; MOVILIZACIONES SI NO SE GARANTIZAN LOS FONDOS DE DESARROLLO RURAL - ASAJA Le\u00f3n","og_description":"La OPA recuerda que la renta agraria en la regi&#243;n ha disminuido y exige que se la considere prioritaria en el Programa 2007-13","og_url":"https:\/\/www.asajacyl.com\/leon\/asaja-leon-informa\/asaja-convocar-movilizaciones-si-no-se-garantizan-los-fondos-de-desarrollo-rural","og_site_name":"ASAJA Le\u00f3n","article_published_time":"2006-08-20T22:00:00+00:00","og_image":[{"width":1920,"height":1080,"url":"https:\/\/www.asajacyl.com\/leon\/wp-content\/uploads\/sites\/6\/2017\/11\/im_predefinida_1920x1080.jpg","type":"image\/jpeg"}],"author":"Editor","twitter_card":"summary_large_image","twitter_misc":{"Escrito por":"Editor","Tiempo de lectura":"3 minutos"},"schema":{"@context":"https:\/\/schema.org","@graph":[{"@type":"WebPage","@id":"https:\/\/www.asajacyl.com\/leon\/asaja-leon-informa\/asaja-convocar-movilizaciones-si-no-se-garantizan-los-fondos-de-desarrollo-rural","url":"https:\/\/www.asajacyl.com\/leon\/asaja-leon-informa\/asaja-convocar-movilizaciones-si-no-se-garantizan-los-fondos-de-desarrollo-rural","name":"ASAJA CONVOCAR&#193; MOVILIZACIONES SI NO SE GARANTIZAN LOS FONDOS DE DESARROLLO RURAL - ASAJA Le\u00f3n","isPartOf":{"@id":"https:\/\/www.asajacyl.com\/leon\/#website"},"primaryImageOfPage":{"@id":"https:\/\/www.asajacyl.com\/leon\/asaja-leon-informa\/asaja-convocar-movilizaciones-si-no-se-garantizan-los-fondos-de-desarrollo-rural#primaryimage"},"image":{"@id":"https:\/\/www.asajacyl.com\/leon\/asaja-leon-informa\/asaja-convocar-movilizaciones-si-no-se-garantizan-los-fondos-de-desarrollo-rural#primaryimage"},"thumbnailUrl":"https:\/\/www.asajacyl.com\/leon\/wp-content\/uploads\/sites\/6\/2017\/11\/im_predefinida_1920x1080.jpg","datePublished":"2006-08-20T22:00:00+00:00","author":{"@id":"https:\/\/www.asajacyl.com\/leon\/#\/schema\/person\/7e884476cee132331142e8ac9689f20c"},"description":"La OPA recuerda que la renta agraria en la regi&#243;n ha disminuido y exige que se la considere prioritaria en el Programa 2007-13","breadcrumb":{"@id":"https:\/\/www.asajacyl.com\/leon\/asaja-leon-informa\/asaja-convocar-movilizaciones-si-no-se-garantizan-los-fondos-de-desarrollo-rural#breadcrumb"},"inLanguage":"es","potentialAction":[{"@type":"ReadAction","target":["https:\/\/www.asajacyl.com\/leon\/asaja-leon-informa\/asaja-convocar-movilizaciones-si-no-se-garantizan-los-fondos-de-desarrollo-rural"]}]},{"@type":"ImageObject","inLanguage":"es","@id":"https:\/\/www.asajacyl.com\/leon\/asaja-leon-informa\/asaja-convocar-movilizaciones-si-no-se-garantizan-los-fondos-de-desarrollo-rural#primaryimage","url":"https:\/\/www.asajacyl.com\/leon\/wp-content\/uploads\/sites\/6\/2017\/11\/im_predefinida_1920x1080.jpg","contentUrl":"https:\/\/www.asajacyl.com\/leon\/wp-content\/uploads\/sites\/6\/2017\/11\/im_predefinida_1920x1080.jpg","width":1920,"height":1080,"caption":"Logotipo ASAJA Le\u00f3n"},{"@type":"BreadcrumbList","@id":"https:\/\/www.asajacyl.com\/leon\/asaja-leon-informa\/asaja-convocar-movilizaciones-si-no-se-garantizan-los-fondos-de-desarrollo-rural#breadcrumb","itemListElement":[{"@type":"ListItem","position":1,"name":"Portada","item":"https:\/\/www.asajacyl.com\/leon\/"},{"@type":"ListItem","position":2,"name":"ASAJA CONVOCAR&#193; MOVILIZACIONES SI NO SE GARANTIZAN LOS FONDOS DE DESARROLLO RURAL"}]},{"@type":"WebSite","@id":"https:\/\/www.asajacyl.com\/leon\/#website","url":"https:\/\/www.asajacyl.com\/leon\/","name":"ASAJA Le\u00f3n","description":"Otro sitio m\u00e1s de Provincias ASAJA Castilla y Le\u00f3n","potentialAction":[{"@type":"SearchAction","target":{"@type":"EntryPoint","urlTemplate":"https:\/\/www.asajacyl.com\/leon\/?s={search_term_string}"},"query-input":{"@type":"PropertyValueSpecification","valueRequired":true,"valueName":"search_term_string"}}],"inLanguage":"es"},{"@type":"Person","@id":"https:\/\/www.asajacyl.com\/leon\/#\/schema\/person\/7e884476cee132331142e8ac9689f20c","name":"Editor","image":{"@type":"ImageObject","inLanguage":"es","@id":"https:\/\/www.asajacyl.com\/leon\/#\/schema\/person\/image\/","url":"https:\/\/secure.gravatar.com\/avatar\/a2ef43c165669686cfcfb0e1ffa59869?s=96&d=mm&r=g","contentUrl":"https:\/\/secure.gravatar.com\/avatar\/a2ef43c165669686cfcfb0e1ffa59869?s=96&d=mm&r=g","caption":"Editor"},"url":"https:\/\/www.asajacyl.com\/leon\/author\/oscargg"}]}},"_links":{"self":[{"href":"https:\/\/www.asajacyl.com\/leon\/wp-json\/wp\/v2\/posts\/7723"}],"collection":[{"href":"https:\/\/www.asajacyl.com\/leon\/wp-json\/wp\/v2\/posts"}],"about":[{"href":"https:\/\/www.asajacyl.com\/leon\/wp-json\/wp\/v2\/types\/post"}],"author":[{"embeddable":true,"href":"https:\/\/www.asajacyl.com\/leon\/wp-json\/wp\/v2\/users\/3"}],"replies":[{"embeddable":true,"href":"https:\/\/www.asajacyl.com\/leon\/wp-json\/wp\/v2\/comments?post=7723"}],"version-history":[{"count":0,"href":"https:\/\/www.asajacyl.com\/leon\/wp-json\/wp\/v2\/posts\/7723\/revisions"}],"wp:featuredmedia":[{"embeddable":true,"href":"https:\/\/www.asajacyl.com\/leon\/wp-json\/wp\/v2\/media\/8174"}],"wp:attachment":[{"href":"https:\/\/www.asajacyl.com\/leon\/wp-json\/wp\/v2\/media?parent=7723"}],"wp:term":[{"taxonomy":"category","embeddable":true,"href":"https:\/\/www.asajacyl.com\/leon\/wp-json\/wp\/v2\/categories?post=7723"},{"taxonomy":"post_tag","embeddable":true,"href":"https:\/\/www.asajacyl.com\/leon\/wp-json\/wp\/v2\/tags?post=7723"}],"curies":[{"name":"wp","href":"https:\/\/api.w.org\/{rel}","templated":true}]}}