{"id":7727,"date":"2006-08-01T00:00:00","date_gmt":"2006-07-31T22:00:00","guid":{"rendered":"http:\/\/www.asajacyl.com\/leon\/sin-categoria\/la-cosecha-de-cereal-se-ha-reducido-en-66-000-toneladas-en-la-provincia-de-leon"},"modified":"2006-08-01T00:00:00","modified_gmt":"2006-07-31T22:00:00","slug":"la-cosecha-de-cereal-se-ha-reducido-en-66-000-toneladas-en-la-provincia-de-leon","status":"publish","type":"post","link":"https:\/\/www.asajacyl.com\/leon\/asaja-leon-informa\/la-cosecha-de-cereal-se-ha-reducido-en-66-000-toneladas-en-la-provincia-de-leon","title":{"rendered":"LA COSECHA DE CEREAL SE HA REDUCIDO EN 66.000 TONELADAS EN LA PROVINCIA DE LEON"},"content":{"rendered":"<h2>Con la recolecci&#243;n de cereal pr&#225;cticamente rematada, la producci&#243;n en la provincia de Le&#243;n ha sido de 274.000 toneladas, seg&#250;n datos de la consejer&#237;a de Agricultura, y que en general son compartidos por ASAJA<\/h2>\n<p align=\"right\"><font face=\"Verdana, Arial, Helvetica, sans-serif\" size=\"2\">Comunicado de prensa <\/font>\n<\/p>\n<p align=\"right\"><font face=\"Verdana, Arial, Helvetica, sans-serif\" size=\"2\"><\/font><b><\/p>\n<p align=\"center\"><font face=\"Verdana, Arial, Helvetica, sans-serif\" color=\"#009900\" size=\"2\">LA COSECHA DE CEREAL SE HA REDUCIDO EN 66.000 TONELADAS EN LA PROVINCIA DE LEON<\/font><\/p>\n<p><\/b><font face=\"Verdana, Arial, Helvetica, sans-serif\" color=\"#009900\" size=\"2\"> <\/font>\n<\/p>\n<p align=\"justify\"><font face=\"Verdana, Arial, Helvetica, sans-serif\" size=\"2\"><\/font>\n<\/p>\n<p align=\"justify\"><font face=\"Verdana, Arial, Helvetica, sans-serif\" size=\"2\">Con la recolecci&#243;n de cereal pr&#225;cticamente rematada, la producci&#243;n en la provincia de Le&#243;n ha sido de 274.000 toneladas, seg&#250;n datos de la consejer&#237;a de Agricultura, y que en general son compartidos por ASAJA. Esto representa un 19 por ciento menos que el a&#241;o anterior, pero que se ha debido m&#225;s a la reducci&#243;n de superficie sembrada que a la ca&#237;da de rendimientos, que han sido muy similares a los del a&#241;o 2005. De esta producci&#243;n, 114.600 toneladas corresponden a trigo cultivado en 31.900 hect&#225;reas; 95.600 toneladas a cebada cultivada en 30.100 hect&#225;reas; 61.800 toneladas a avena cultivada en 23.300 hect&#225;reas; y 12.300 toneladas de centeno cultivado en 8.800 hect&#225;reas. <\/font>\n<\/p>\n<p align=\"justify\"><font face=\"Verdana, Arial, Helvetica, sans-serif\" size=\"2\"><\/font>\n<\/p>\n<p align=\"justify\"><font face=\"Verdana, Arial, Helvetica, sans-serif\" size=\"2\">La reducci&#243;n de superficie ha estado motivada por las concentraciones parcelarias y obras de nuevos regad&#237;os tanto en Payuelos como en la Margen Izquierda del Porma, que han impedido poderse labrar y sembrar a tiempo las fincas de reemplazo que se entregaron el pasado oto&#241;o, por lo que es de esperar que el pr&#243;ximo a&#241;o la superficie de estos cereales vuelva a repuntar hasta las 120.000 hect&#225;reas que son habituales. <\/font>\n<\/p>\n<p align=\"justify\"><font face=\"Verdana, Arial, Helvetica, sans-serif\" size=\"2\"><\/font>\n<\/p>\n<p align=\"justify\"><font face=\"Verdana, Arial, Helvetica, sans-serif\" size=\"2\">Respecto al resto de producciones agr&#237;colas, los cultivos se est&#225;n desarrollando por lo general bien, aunque todo depender&#225; de lo que ocurra en las pr&#243;ximas semanas. El ma&#237;z se encuentra en un &#243;ptimo estado de crecimiento &#8211; cultivo en el que se ha reducido la superficie de las 60.500 hect&#225;reas del a&#241;o anterior a 51.500-, y lo mismo se puede decir de la remolacha, las patatas, alubias o l&#250;pulo. Los cultivos de huerta, los frutales y vi&#241;edo tampoco presentan m&#225;s problemas que los ocasionados por algunas tormentas locales de granizo, unas tormentas que tampoco han provocado por ahora da&#241;os significativos en el conjunto de la agricultura de la provincia. <\/font>\n<\/p>\n<p align=\"justify\"><font face=\"Verdana, Arial, Helvetica, sans-serif\" size=\"2\"><\/font><u><\/p>\n<p align=\"justify\"><font face=\"Verdana, Arial, Helvetica, sans-serif\" size=\"2\">Cada a&#241;o se adelantan m&#225;s las cosechas<\/font><\/p>\n<p><\/u><font face=\"Verdana, Arial, Helvetica, sans-serif\" size=\"2\">. <\/font>\n<\/p>\n<p align=\"justify\"><font face=\"Verdana, Arial, Helvetica, sans-serif\" size=\"2\"><\/font>\n<\/p>\n<p align=\"justify\"><font face=\"Verdana, Arial, Helvetica, sans-serif\"><font size=\"2\">Quiz&#225;s este a&#241;o de forma m&#225;s significativa que en anteriores, se est&#225; observando que se est&#225;n adelantando las cosechas sobre las fechas habituales. Este fen&#243;meno, que podr&#237;a estar directamente relacionado con el cambio clim&#225;tico, se ha observado en los cereales pero tambi&#233;n est&#225; ocurriendo con el ma&#237;z y otros cultivos de regad&#237;o, y est&#225; previsto que se adelante tambi&#233;n tanto la recolecci&#243;n de fruta como la campa&#241;a de vendimia.<\/font><font size=\"2\"> <\/font><\/font>\n<\/p>\n<p align=\"right\"><font face=\"Verdana, Arial, Helvetica, sans-serif\" size=\"2\">Le&#243;n, 1 de agosto de 2006.<\/font><\/p>\n","protected":false},"excerpt":{"rendered":"<p>Con la recolecci&#243;n de cereal pr&#225;cticamente rematada, la producci&#243;n en la provincia de Le&#243;n ha sido de 274.000 toneladas, seg&#250;n datos de la consejer&#237;a de Agricultura, y que en general son compartidos por ASAJA<\/p>\n","protected":false},"author":3,"featured_media":8174,"comment_status":"open","ping_status":"open","sticky":false,"template":"","format":"standard","meta":{"footnotes":""},"categories":[4,9],"tags":[],"yoast_head":"<!-- This site is optimized with the Yoast SEO plugin v24.5 - https:\/\/yoast.com\/wordpress\/plugins\/seo\/ -->\n<title>LA COSECHA DE CEREAL SE HA REDUCIDO EN 66.000 TONELADAS EN LA PROVINCIA DE LEON - ASAJA Le\u00f3n<\/title>\n<meta name=\"description\" content=\"Con la recolecci&#243;n de cereal pr&#225;cticamente rematada, la producci&#243;n en la provincia de Le&#243;n ha sido de 274.000 toneladas, seg&#250;n datos de la consejer&#237;a de Agricultura, y que en general son compartidos por ASAJA\" \/>\n<meta name=\"robots\" content=\"index, follow, max-snippet:-1, max-image-preview:large, max-video-preview:-1\" \/>\n<link rel=\"canonical\" href=\"https:\/\/www.asajacyl.com\/leon\/asaja-leon-informa\/la-cosecha-de-cereal-se-ha-reducido-en-66-000-toneladas-en-la-provincia-de-leon\" \/>\n<meta property=\"og:locale\" content=\"es_ES\" \/>\n<meta property=\"og:type\" content=\"article\" \/>\n<meta property=\"og:title\" content=\"LA COSECHA DE CEREAL SE HA REDUCIDO EN 66.000 TONELADAS EN LA PROVINCIA DE LEON - ASAJA Le\u00f3n\" \/>\n<meta property=\"og:description\" content=\"Con la recolecci&#243;n de cereal pr&#225;cticamente rematada, la producci&#243;n en la provincia de Le&#243;n ha sido de 274.000 toneladas, seg&#250;n datos de la consejer&#237;a de Agricultura, y que en general son compartidos por ASAJA\" \/>\n<meta property=\"og:url\" content=\"https:\/\/www.asajacyl.com\/leon\/asaja-leon-informa\/la-cosecha-de-cereal-se-ha-reducido-en-66-000-toneladas-en-la-provincia-de-leon\" \/>\n<meta property=\"og:site_name\" content=\"ASAJA Le\u00f3n\" \/>\n<meta property=\"article:published_time\" content=\"2006-07-31T22:00:00+00:00\" \/>\n<meta property=\"og:image\" content=\"https:\/\/www.asajacyl.com\/leon\/wp-content\/uploads\/sites\/6\/2017\/11\/im_predefinida_1920x1080.jpg\" \/>\n\t<meta property=\"og:image:width\" content=\"1920\" \/>\n\t<meta property=\"og:image:height\" content=\"1080\" \/>\n\t<meta property=\"og:image:type\" content=\"image\/jpeg\" \/>\n<meta name=\"author\" content=\"Editor\" \/>\n<meta name=\"twitter:card\" content=\"summary_large_image\" \/>\n<meta name=\"twitter:label1\" content=\"Escrito por\" \/>\n\t<meta name=\"twitter:data1\" content=\"Editor\" \/>\n\t<meta name=\"twitter:label2\" content=\"Tiempo de lectura\" \/>\n\t<meta name=\"twitter:data2\" content=\"2 minutos\" \/>\n<script type=\"application\/ld+json\" class=\"yoast-schema-graph\">{\"@context\":\"https:\/\/schema.org\",\"@graph\":[{\"@type\":\"WebPage\",\"@id\":\"https:\/\/www.asajacyl.com\/leon\/asaja-leon-informa\/la-cosecha-de-cereal-se-ha-reducido-en-66-000-toneladas-en-la-provincia-de-leon\",\"url\":\"https:\/\/www.asajacyl.com\/leon\/asaja-leon-informa\/la-cosecha-de-cereal-se-ha-reducido-en-66-000-toneladas-en-la-provincia-de-leon\",\"name\":\"LA COSECHA DE CEREAL SE HA REDUCIDO EN 66.000 TONELADAS EN LA PROVINCIA DE LEON - ASAJA Le\u00f3n\",\"isPartOf\":{\"@id\":\"https:\/\/www.asajacyl.com\/leon\/#website\"},\"primaryImageOfPage\":{\"@id\":\"https:\/\/www.asajacyl.com\/leon\/asaja-leon-informa\/la-cosecha-de-cereal-se-ha-reducido-en-66-000-toneladas-en-la-provincia-de-leon#primaryimage\"},\"image\":{\"@id\":\"https:\/\/www.asajacyl.com\/leon\/asaja-leon-informa\/la-cosecha-de-cereal-se-ha-reducido-en-66-000-toneladas-en-la-provincia-de-leon#primaryimage\"},\"thumbnailUrl\":\"https:\/\/www.asajacyl.com\/leon\/wp-content\/uploads\/sites\/6\/2017\/11\/im_predefinida_1920x1080.jpg\",\"datePublished\":\"2006-07-31T22:00:00+00:00\",\"author\":{\"@id\":\"https:\/\/www.asajacyl.com\/leon\/#\/schema\/person\/7e884476cee132331142e8ac9689f20c\"},\"description\":\"Con la recolecci&#243;n de cereal pr&#225;cticamente rematada, la producci&#243;n en la provincia de Le&#243;n ha sido de 274.000 toneladas, seg&#250;n datos de la consejer&#237;a de Agricultura, y que en general son compartidos por ASAJA\",\"breadcrumb\":{\"@id\":\"https:\/\/www.asajacyl.com\/leon\/asaja-leon-informa\/la-cosecha-de-cereal-se-ha-reducido-en-66-000-toneladas-en-la-provincia-de-leon#breadcrumb\"},\"inLanguage\":\"es\",\"potentialAction\":[{\"@type\":\"ReadAction\",\"target\":[\"https:\/\/www.asajacyl.com\/leon\/asaja-leon-informa\/la-cosecha-de-cereal-se-ha-reducido-en-66-000-toneladas-en-la-provincia-de-leon\"]}]},{\"@type\":\"ImageObject\",\"inLanguage\":\"es\",\"@id\":\"https:\/\/www.asajacyl.com\/leon\/asaja-leon-informa\/la-cosecha-de-cereal-se-ha-reducido-en-66-000-toneladas-en-la-provincia-de-leon#primaryimage\",\"url\":\"https:\/\/www.asajacyl.com\/leon\/wp-content\/uploads\/sites\/6\/2017\/11\/im_predefinida_1920x1080.jpg\",\"contentUrl\":\"https:\/\/www.asajacyl.com\/leon\/wp-content\/uploads\/sites\/6\/2017\/11\/im_predefinida_1920x1080.jpg\",\"width\":1920,\"height\":1080,\"caption\":\"Logotipo ASAJA Le\u00f3n\"},{\"@type\":\"BreadcrumbList\",\"@id\":\"https:\/\/www.asajacyl.com\/leon\/asaja-leon-informa\/la-cosecha-de-cereal-se-ha-reducido-en-66-000-toneladas-en-la-provincia-de-leon#breadcrumb\",\"itemListElement\":[{\"@type\":\"ListItem\",\"position\":1,\"name\":\"Portada\",\"item\":\"https:\/\/www.asajacyl.com\/leon\/\"},{\"@type\":\"ListItem\",\"position\":2,\"name\":\"LA COSECHA DE CEREAL SE HA REDUCIDO EN 66.000 TONELADAS EN LA PROVINCIA DE LEON\"}]},{\"@type\":\"WebSite\",\"@id\":\"https:\/\/www.asajacyl.com\/leon\/#website\",\"url\":\"https:\/\/www.asajacyl.com\/leon\/\",\"name\":\"ASAJA Le\u00f3n\",\"description\":\"Otro sitio m\u00e1s de Provincias ASAJA Castilla y Le\u00f3n\",\"potentialAction\":[{\"@type\":\"SearchAction\",\"target\":{\"@type\":\"EntryPoint\",\"urlTemplate\":\"https:\/\/www.asajacyl.com\/leon\/?s={search_term_string}\"},\"query-input\":{\"@type\":\"PropertyValueSpecification\",\"valueRequired\":true,\"valueName\":\"search_term_string\"}}],\"inLanguage\":\"es\"},{\"@type\":\"Person\",\"@id\":\"https:\/\/www.asajacyl.com\/leon\/#\/schema\/person\/7e884476cee132331142e8ac9689f20c\",\"name\":\"Editor\",\"image\":{\"@type\":\"ImageObject\",\"inLanguage\":\"es\",\"@id\":\"https:\/\/www.asajacyl.com\/leon\/#\/schema\/person\/image\/\",\"url\":\"https:\/\/secure.gravatar.com\/avatar\/a2ef43c165669686cfcfb0e1ffa59869?s=96&d=mm&r=g\",\"contentUrl\":\"https:\/\/secure.gravatar.com\/avatar\/a2ef43c165669686cfcfb0e1ffa59869?s=96&d=mm&r=g\",\"caption\":\"Editor\"},\"url\":\"https:\/\/www.asajacyl.com\/leon\/author\/oscargg\"}]}<\/script>\n<!-- \/ Yoast SEO plugin. -->","yoast_head_json":{"title":"LA COSECHA DE CEREAL SE HA REDUCIDO EN 66.000 TONELADAS EN LA PROVINCIA DE LEON - ASAJA Le\u00f3n","description":"Con la recolecci&#243;n de cereal pr&#225;cticamente rematada, la producci&#243;n en la provincia de Le&#243;n ha sido de 274.000 toneladas, seg&#250;n datos de la consejer&#237;a de Agricultura, y que en general son compartidos por ASAJA","robots":{"index":"index","follow":"follow","max-snippet":"max-snippet:-1","max-image-preview":"max-image-preview:large","max-video-preview":"max-video-preview:-1"},"canonical":"https:\/\/www.asajacyl.com\/leon\/asaja-leon-informa\/la-cosecha-de-cereal-se-ha-reducido-en-66-000-toneladas-en-la-provincia-de-leon","og_locale":"es_ES","og_type":"article","og_title":"LA COSECHA DE CEREAL SE HA REDUCIDO EN 66.000 TONELADAS EN LA PROVINCIA DE LEON - ASAJA Le\u00f3n","og_description":"Con la recolecci&#243;n de cereal pr&#225;cticamente rematada, la producci&#243;n en la provincia de Le&#243;n ha sido de 274.000 toneladas, seg&#250;n datos de la consejer&#237;a de Agricultura, y que en general son compartidos por ASAJA","og_url":"https:\/\/www.asajacyl.com\/leon\/asaja-leon-informa\/la-cosecha-de-cereal-se-ha-reducido-en-66-000-toneladas-en-la-provincia-de-leon","og_site_name":"ASAJA Le\u00f3n","article_published_time":"2006-07-31T22:00:00+00:00","og_image":[{"width":1920,"height":1080,"url":"https:\/\/www.asajacyl.com\/leon\/wp-content\/uploads\/sites\/6\/2017\/11\/im_predefinida_1920x1080.jpg","type":"image\/jpeg"}],"author":"Editor","twitter_card":"summary_large_image","twitter_misc":{"Escrito por":"Editor","Tiempo de lectura":"2 minutos"},"schema":{"@context":"https:\/\/schema.org","@graph":[{"@type":"WebPage","@id":"https:\/\/www.asajacyl.com\/leon\/asaja-leon-informa\/la-cosecha-de-cereal-se-ha-reducido-en-66-000-toneladas-en-la-provincia-de-leon","url":"https:\/\/www.asajacyl.com\/leon\/asaja-leon-informa\/la-cosecha-de-cereal-se-ha-reducido-en-66-000-toneladas-en-la-provincia-de-leon","name":"LA COSECHA DE CEREAL SE HA REDUCIDO EN 66.000 TONELADAS EN LA PROVINCIA DE LEON - ASAJA Le\u00f3n","isPartOf":{"@id":"https:\/\/www.asajacyl.com\/leon\/#website"},"primaryImageOfPage":{"@id":"https:\/\/www.asajacyl.com\/leon\/asaja-leon-informa\/la-cosecha-de-cereal-se-ha-reducido-en-66-000-toneladas-en-la-provincia-de-leon#primaryimage"},"image":{"@id":"https:\/\/www.asajacyl.com\/leon\/asaja-leon-informa\/la-cosecha-de-cereal-se-ha-reducido-en-66-000-toneladas-en-la-provincia-de-leon#primaryimage"},"thumbnailUrl":"https:\/\/www.asajacyl.com\/leon\/wp-content\/uploads\/sites\/6\/2017\/11\/im_predefinida_1920x1080.jpg","datePublished":"2006-07-31T22:00:00+00:00","author":{"@id":"https:\/\/www.asajacyl.com\/leon\/#\/schema\/person\/7e884476cee132331142e8ac9689f20c"},"description":"Con la recolecci&#243;n de cereal pr&#225;cticamente rematada, la producci&#243;n en la provincia de Le&#243;n ha sido de 274.000 toneladas, seg&#250;n datos de la consejer&#237;a de Agricultura, y que en general son compartidos por ASAJA","breadcrumb":{"@id":"https:\/\/www.asajacyl.com\/leon\/asaja-leon-informa\/la-cosecha-de-cereal-se-ha-reducido-en-66-000-toneladas-en-la-provincia-de-leon#breadcrumb"},"inLanguage":"es","potentialAction":[{"@type":"ReadAction","target":["https:\/\/www.asajacyl.com\/leon\/asaja-leon-informa\/la-cosecha-de-cereal-se-ha-reducido-en-66-000-toneladas-en-la-provincia-de-leon"]}]},{"@type":"ImageObject","inLanguage":"es","@id":"https:\/\/www.asajacyl.com\/leon\/asaja-leon-informa\/la-cosecha-de-cereal-se-ha-reducido-en-66-000-toneladas-en-la-provincia-de-leon#primaryimage","url":"https:\/\/www.asajacyl.com\/leon\/wp-content\/uploads\/sites\/6\/2017\/11\/im_predefinida_1920x1080.jpg","contentUrl":"https:\/\/www.asajacyl.com\/leon\/wp-content\/uploads\/sites\/6\/2017\/11\/im_predefinida_1920x1080.jpg","width":1920,"height":1080,"caption":"Logotipo ASAJA Le\u00f3n"},{"@type":"BreadcrumbList","@id":"https:\/\/www.asajacyl.com\/leon\/asaja-leon-informa\/la-cosecha-de-cereal-se-ha-reducido-en-66-000-toneladas-en-la-provincia-de-leon#breadcrumb","itemListElement":[{"@type":"ListItem","position":1,"name":"Portada","item":"https:\/\/www.asajacyl.com\/leon\/"},{"@type":"ListItem","position":2,"name":"LA COSECHA DE CEREAL SE HA REDUCIDO EN 66.000 TONELADAS EN LA PROVINCIA DE LEON"}]},{"@type":"WebSite","@id":"https:\/\/www.asajacyl.com\/leon\/#website","url":"https:\/\/www.asajacyl.com\/leon\/","name":"ASAJA Le\u00f3n","description":"Otro sitio m\u00e1s de Provincias ASAJA Castilla y Le\u00f3n","potentialAction":[{"@type":"SearchAction","target":{"@type":"EntryPoint","urlTemplate":"https:\/\/www.asajacyl.com\/leon\/?s={search_term_string}"},"query-input":{"@type":"PropertyValueSpecification","valueRequired":true,"valueName":"search_term_string"}}],"inLanguage":"es"},{"@type":"Person","@id":"https:\/\/www.asajacyl.com\/leon\/#\/schema\/person\/7e884476cee132331142e8ac9689f20c","name":"Editor","image":{"@type":"ImageObject","inLanguage":"es","@id":"https:\/\/www.asajacyl.com\/leon\/#\/schema\/person\/image\/","url":"https:\/\/secure.gravatar.com\/avatar\/a2ef43c165669686cfcfb0e1ffa59869?s=96&d=mm&r=g","contentUrl":"https:\/\/secure.gravatar.com\/avatar\/a2ef43c165669686cfcfb0e1ffa59869?s=96&d=mm&r=g","caption":"Editor"},"url":"https:\/\/www.asajacyl.com\/leon\/author\/oscargg"}]}},"_links":{"self":[{"href":"https:\/\/www.asajacyl.com\/leon\/wp-json\/wp\/v2\/posts\/7727"}],"collection":[{"href":"https:\/\/www.asajacyl.com\/leon\/wp-json\/wp\/v2\/posts"}],"about":[{"href":"https:\/\/www.asajacyl.com\/leon\/wp-json\/wp\/v2\/types\/post"}],"author":[{"embeddable":true,"href":"https:\/\/www.asajacyl.com\/leon\/wp-json\/wp\/v2\/users\/3"}],"replies":[{"embeddable":true,"href":"https:\/\/www.asajacyl.com\/leon\/wp-json\/wp\/v2\/comments?post=7727"}],"version-history":[{"count":0,"href":"https:\/\/www.asajacyl.com\/leon\/wp-json\/wp\/v2\/posts\/7727\/revisions"}],"wp:featuredmedia":[{"embeddable":true,"href":"https:\/\/www.asajacyl.com\/leon\/wp-json\/wp\/v2\/media\/8174"}],"wp:attachment":[{"href":"https:\/\/www.asajacyl.com\/leon\/wp-json\/wp\/v2\/media?parent=7727"}],"wp:term":[{"taxonomy":"category","embeddable":true,"href":"https:\/\/www.asajacyl.com\/leon\/wp-json\/wp\/v2\/categories?post=7727"},{"taxonomy":"post_tag","embeddable":true,"href":"https:\/\/www.asajacyl.com\/leon\/wp-json\/wp\/v2\/tags?post=7727"}],"curies":[{"name":"wp","href":"https:\/\/api.w.org\/{rel}","templated":true}]}}