{"id":7730,"date":"2006-07-18T00:00:00","date_gmt":"2006-07-17T22:00:00","guid":{"rendered":"http:\/\/www.asajacyl.com\/leon\/sin-categoria\/el-presidente-de-asaja-pide-a-fischer-boel-medidas-de-apoyo-para-los-viticultores-espaoles"},"modified":"2006-07-18T00:00:00","modified_gmt":"2006-07-17T22:00:00","slug":"el-presidente-de-asaja-pide-a-fischer-boel-medidas-de-apoyo-para-los-viticultores-espaoles","status":"publish","type":"post","link":"https:\/\/www.asajacyl.com\/leon\/asaja-leon-informa\/el-presidente-de-asaja-pide-a-fischer-boel-medidas-de-apoyo-para-los-viticultores-espaoles","title":{"rendered":"EL PRESIDENTE DE ASAJA PIDE A FISCHER-BOEL MEDIDAS DE APOYO PARA LOS VITICULTORES ESPA&#209;OLES"},"content":{"rendered":"<h2>El mantenimiento del presupuesto, la ayuda a la hect&#225;rea y el control de las plantaciones, asuntos fundamentales que han sido tratados y que deber&#237;a recoger la reforma<\/h2>\n<p><b><\/p>\n<p align=\"center\"><font size=\"2\">En el transcurso de una entrevista mantenida hoy en Bruselas con la comisaria de Agricultura <\/font>\n<\/p>\n<p align=\"center\"><font color=\"#009900\" size=\"2\">EL PRESIDENTE DE ASAJA PIDE A FISCHER-BOEL MEDIDAS DE APOYO PARA LOS VITICULTORES ESPA&#209;OLES <\/font>\n<\/p>\n<p align=\"justify\"><font size=\"2\"><\/font><i><\/p>\n<p align=\"center\"><font color=\"#0033ff\" size=\"2\">El mantenimiento del presupuesto, la ayuda a la hect&#225;rea y el control de las plantaciones, asuntos fundamentales que han sido tratados y que deber&#237;a recoger la reforma <\/font>\n<\/p>\n<p align=\"justify\"><font size=\"2\"><\/font>\n<\/p>\n<p align=\"justify\"><font size=\"2\">&#160;<\/font><\/p>\n<p><\/i><font size=\"2\"> <\/font>\n<\/p>\n<p align=\"justify\"><font size=\"2\">Bruselas, 17 de julio de 2006.- En v&#237;speras del primer debate sobre la reforma de OCM del vino que tiene lugar ma&#241;ana en el Consejo de ministros de Agricultura de la UE, el presidente de ASAJA, Pedro Barato, ha mantenido una entrevista de trabajo con la comisaria europea Fischer-Boel para transmitirle la preocupaci&#243;n de la Organizaci&#243;n por la propuesta de reforma y los efectos que &#233;sta tendr&#237;a para los viticultores espa&#241;oles. <\/font><i><font size=\"2\">\u00abEl arranque de vi&#241;as no puede ser un pilar fundamental de la reforma, sino una posibilidad m&#225;s junto a otras alternativas que se ofrezcan al productor\u00bb. <\/font><\/p>\n<p align=\"justify\"><font size=\"2\"><\/font><\/p>\n<p><\/i><\/p>\n<p><\/b><\/p>\n<p align=\"justify\"><font size=\"2\">Tras agradecer a la comisaria la deferencia mostrada con ASAJA al aceptar mantener este encuentro, el presidente Pedro Barato ha expuesto a la comisaria los aspectos b&#225;sicos que, en opini&#243;n de los productores espa&#241;oles de vino, deber&#237;a recoger la nueva OCM. <\/font>\n<\/p>\n<p align=\"justify\"><font size=\"2\"><\/font>\n<\/p>\n<p align=\"justify\"><font size=\"2\">En primer lugar, se deber&#237;a garantizar que Espa&#241;a perciba, al menos, el mismo presupuesto que ha recibido hasta ahora, es decir, un 37,3 por ciento del total. Mucho nos tememos que los 450 millones de euros actuales se reducir&#225;n con la nueva reforma si se adoptan unos criterios que favorezcan los intereses de otros pa&#237;ses en detrimento de los espa&#241;oles. <\/font><b><\/p>\n<p align=\"justify\"><font size=\"2\"><\/font><\/p>\n<p><\/b>\n<\/p>\n<p align=\"justify\"><font size=\"2\">La renta del productor debe ser, en opini&#243;n de ASAJA, el principal objetivo a defender. \u00ab<i>Para garantizar esto &#8211; <\/i>explic&#243; Barato a la comisaria- <i>la nueva OCM deber&#237;a establecer un sistema de ayuda a la hect&#225;rea tendente a mantener los ingresos de los productores compatibles con medidas destinadas a incrementar la competitividad de los vinos europeos y a preservar el car&#225;cter europeo del sector vitivin&#237;cola.\u00bb<\/i> <\/font>\n<\/p>\n<p align=\"justify\"><font size=\"2\"><\/font>\n<\/p>\n<p align=\"justify\"><font size=\"2\">Por otra parte, Barato recalc&#243; ante la comisaria su rechazo ante la propuesta de arranque de vi&#241;edo como eje b&#225;sico en el que se sustenta &#233;sta reforma y a la que se destina la mayor dotaci&#243;n presupuestaria. En opini&#243;n de ASAJA, <\/font><i><font size=\"2\">\u00ab&#233;sta medida, tal y c&#243;mo est&#225; planteada, tendr&#237;a un grave impacto social y medioambiental y adem&#225;s provocar&#237;a serios desequilibrios en otras producciones.\u00bb <\/font><\/p>\n<p align=\"justify\"><font size=\"2\"><\/font><\/p>\n<p><\/i>\n<\/p>\n<p align=\"justify\"><font size=\"2\">Tambi&#233;n rechaz&#243; que el futuro r&#233;gimen del sector se base en las Organizaciones de Productores. Respecto a los derechos de plantaci&#243;n, Barato abog&#243; porque exista un control de los mismos y se mantenga la prohibici&#243;n de nuevas plantaciones. <\/font>\n<\/p>\n<p align=\"justify\"><font size=\"2\"><\/font>\n<\/p>\n<p align=\"justify\"><font size=\"2\">Sin embargo, no todo fueron discrepancias. Barato y la comisaria coincidieron en valorar la necesidad de apoyar al productor, motivo de preocupaci&#243;n esencial para ASAJA. En cualquier caso, Barato defendi&#243; la necesidad de que las medidas destinadas al arranque vayan acompa&#241;adas de otras como la jubilaci&#243;n anticipada. <\/font><\/p>\n","protected":false},"excerpt":{"rendered":"<p>El mantenimiento del presupuesto, la ayuda a la hect&#225;rea y el control de las plantaciones, asuntos fundamentales que han sido tratados y que deber&#237;a recoger la reforma<\/p>\n","protected":false},"author":3,"featured_media":8174,"comment_status":"open","ping_status":"open","sticky":false,"template":"","format":"standard","meta":{"footnotes":""},"categories":[4,9],"tags":[],"yoast_head":"<!-- This site is optimized with the Yoast SEO plugin v24.5 - https:\/\/yoast.com\/wordpress\/plugins\/seo\/ -->\n<title>EL PRESIDENTE DE ASAJA PIDE A FISCHER-BOEL MEDIDAS DE APOYO PARA LOS VITICULTORES ESPA&#209;OLES - ASAJA Le\u00f3n<\/title>\n<meta name=\"description\" content=\"El mantenimiento del presupuesto, la ayuda a la hect&#225;rea y el control de las plantaciones, asuntos fundamentales que han sido tratados y que deber&#237;a recoger la reforma\" \/>\n<meta name=\"robots\" content=\"index, follow, max-snippet:-1, max-image-preview:large, max-video-preview:-1\" \/>\n<link rel=\"canonical\" href=\"https:\/\/www.asajacyl.com\/leon\/asaja-leon-informa\/el-presidente-de-asaja-pide-a-fischer-boel-medidas-de-apoyo-para-los-viticultores-espaoles\" \/>\n<meta property=\"og:locale\" content=\"es_ES\" \/>\n<meta property=\"og:type\" content=\"article\" \/>\n<meta property=\"og:title\" content=\"EL PRESIDENTE DE ASAJA PIDE A FISCHER-BOEL MEDIDAS DE APOYO PARA LOS VITICULTORES ESPA&#209;OLES - ASAJA Le\u00f3n\" \/>\n<meta property=\"og:description\" content=\"El mantenimiento del presupuesto, la ayuda a la hect&#225;rea y el control de las plantaciones, asuntos fundamentales que han sido tratados y que deber&#237;a recoger la reforma\" \/>\n<meta property=\"og:url\" content=\"https:\/\/www.asajacyl.com\/leon\/asaja-leon-informa\/el-presidente-de-asaja-pide-a-fischer-boel-medidas-de-apoyo-para-los-viticultores-espaoles\" \/>\n<meta property=\"og:site_name\" content=\"ASAJA Le\u00f3n\" \/>\n<meta property=\"article:published_time\" content=\"2006-07-17T22:00:00+00:00\" \/>\n<meta property=\"og:image\" content=\"https:\/\/www.asajacyl.com\/leon\/wp-content\/uploads\/sites\/6\/2017\/11\/im_predefinida_1920x1080.jpg\" \/>\n\t<meta property=\"og:image:width\" content=\"1920\" \/>\n\t<meta property=\"og:image:height\" content=\"1080\" \/>\n\t<meta property=\"og:image:type\" content=\"image\/jpeg\" \/>\n<meta name=\"author\" content=\"Editor\" \/>\n<meta name=\"twitter:card\" content=\"summary_large_image\" \/>\n<meta name=\"twitter:label1\" content=\"Escrito por\" \/>\n\t<meta name=\"twitter:data1\" content=\"Editor\" \/>\n\t<meta name=\"twitter:label2\" content=\"Tiempo de lectura\" \/>\n\t<meta name=\"twitter:data2\" content=\"3 minutos\" \/>\n<script type=\"application\/ld+json\" class=\"yoast-schema-graph\">{\"@context\":\"https:\/\/schema.org\",\"@graph\":[{\"@type\":\"WebPage\",\"@id\":\"https:\/\/www.asajacyl.com\/leon\/asaja-leon-informa\/el-presidente-de-asaja-pide-a-fischer-boel-medidas-de-apoyo-para-los-viticultores-espaoles\",\"url\":\"https:\/\/www.asajacyl.com\/leon\/asaja-leon-informa\/el-presidente-de-asaja-pide-a-fischer-boel-medidas-de-apoyo-para-los-viticultores-espaoles\",\"name\":\"EL PRESIDENTE DE ASAJA PIDE A FISCHER-BOEL MEDIDAS DE APOYO PARA LOS VITICULTORES ESPA&#209;OLES - ASAJA Le\u00f3n\",\"isPartOf\":{\"@id\":\"https:\/\/www.asajacyl.com\/leon\/#website\"},\"primaryImageOfPage\":{\"@id\":\"https:\/\/www.asajacyl.com\/leon\/asaja-leon-informa\/el-presidente-de-asaja-pide-a-fischer-boel-medidas-de-apoyo-para-los-viticultores-espaoles#primaryimage\"},\"image\":{\"@id\":\"https:\/\/www.asajacyl.com\/leon\/asaja-leon-informa\/el-presidente-de-asaja-pide-a-fischer-boel-medidas-de-apoyo-para-los-viticultores-espaoles#primaryimage\"},\"thumbnailUrl\":\"https:\/\/www.asajacyl.com\/leon\/wp-content\/uploads\/sites\/6\/2017\/11\/im_predefinida_1920x1080.jpg\",\"datePublished\":\"2006-07-17T22:00:00+00:00\",\"author\":{\"@id\":\"https:\/\/www.asajacyl.com\/leon\/#\/schema\/person\/7e884476cee132331142e8ac9689f20c\"},\"description\":\"El mantenimiento del presupuesto, la ayuda a la hect&#225;rea y el control de las plantaciones, asuntos fundamentales que han sido tratados y que deber&#237;a recoger la reforma\",\"breadcrumb\":{\"@id\":\"https:\/\/www.asajacyl.com\/leon\/asaja-leon-informa\/el-presidente-de-asaja-pide-a-fischer-boel-medidas-de-apoyo-para-los-viticultores-espaoles#breadcrumb\"},\"inLanguage\":\"es\",\"potentialAction\":[{\"@type\":\"ReadAction\",\"target\":[\"https:\/\/www.asajacyl.com\/leon\/asaja-leon-informa\/el-presidente-de-asaja-pide-a-fischer-boel-medidas-de-apoyo-para-los-viticultores-espaoles\"]}]},{\"@type\":\"ImageObject\",\"inLanguage\":\"es\",\"@id\":\"https:\/\/www.asajacyl.com\/leon\/asaja-leon-informa\/el-presidente-de-asaja-pide-a-fischer-boel-medidas-de-apoyo-para-los-viticultores-espaoles#primaryimage\",\"url\":\"https:\/\/www.asajacyl.com\/leon\/wp-content\/uploads\/sites\/6\/2017\/11\/im_predefinida_1920x1080.jpg\",\"contentUrl\":\"https:\/\/www.asajacyl.com\/leon\/wp-content\/uploads\/sites\/6\/2017\/11\/im_predefinida_1920x1080.jpg\",\"width\":1920,\"height\":1080,\"caption\":\"Logotipo ASAJA Le\u00f3n\"},{\"@type\":\"BreadcrumbList\",\"@id\":\"https:\/\/www.asajacyl.com\/leon\/asaja-leon-informa\/el-presidente-de-asaja-pide-a-fischer-boel-medidas-de-apoyo-para-los-viticultores-espaoles#breadcrumb\",\"itemListElement\":[{\"@type\":\"ListItem\",\"position\":1,\"name\":\"Portada\",\"item\":\"https:\/\/www.asajacyl.com\/leon\/\"},{\"@type\":\"ListItem\",\"position\":2,\"name\":\"EL PRESIDENTE DE ASAJA PIDE A FISCHER-BOEL MEDIDAS DE APOYO PARA LOS VITICULTORES ESPA&#209;OLES\"}]},{\"@type\":\"WebSite\",\"@id\":\"https:\/\/www.asajacyl.com\/leon\/#website\",\"url\":\"https:\/\/www.asajacyl.com\/leon\/\",\"name\":\"ASAJA Le\u00f3n\",\"description\":\"Otro sitio m\u00e1s de Provincias ASAJA Castilla y Le\u00f3n\",\"potentialAction\":[{\"@type\":\"SearchAction\",\"target\":{\"@type\":\"EntryPoint\",\"urlTemplate\":\"https:\/\/www.asajacyl.com\/leon\/?s={search_term_string}\"},\"query-input\":{\"@type\":\"PropertyValueSpecification\",\"valueRequired\":true,\"valueName\":\"search_term_string\"}}],\"inLanguage\":\"es\"},{\"@type\":\"Person\",\"@id\":\"https:\/\/www.asajacyl.com\/leon\/#\/schema\/person\/7e884476cee132331142e8ac9689f20c\",\"name\":\"Editor\",\"image\":{\"@type\":\"ImageObject\",\"inLanguage\":\"es\",\"@id\":\"https:\/\/www.asajacyl.com\/leon\/#\/schema\/person\/image\/\",\"url\":\"https:\/\/secure.gravatar.com\/avatar\/a2ef43c165669686cfcfb0e1ffa59869?s=96&d=mm&r=g\",\"contentUrl\":\"https:\/\/secure.gravatar.com\/avatar\/a2ef43c165669686cfcfb0e1ffa59869?s=96&d=mm&r=g\",\"caption\":\"Editor\"},\"url\":\"https:\/\/www.asajacyl.com\/leon\/author\/oscargg\"}]}<\/script>\n<!-- \/ Yoast SEO plugin. -->","yoast_head_json":{"title":"EL PRESIDENTE DE ASAJA PIDE A FISCHER-BOEL MEDIDAS DE APOYO PARA LOS VITICULTORES ESPA&#209;OLES - ASAJA Le\u00f3n","description":"El mantenimiento del presupuesto, la ayuda a la hect&#225;rea y el control de las plantaciones, asuntos fundamentales que han sido tratados y que deber&#237;a recoger la reforma","robots":{"index":"index","follow":"follow","max-snippet":"max-snippet:-1","max-image-preview":"max-image-preview:large","max-video-preview":"max-video-preview:-1"},"canonical":"https:\/\/www.asajacyl.com\/leon\/asaja-leon-informa\/el-presidente-de-asaja-pide-a-fischer-boel-medidas-de-apoyo-para-los-viticultores-espaoles","og_locale":"es_ES","og_type":"article","og_title":"EL PRESIDENTE DE ASAJA PIDE A FISCHER-BOEL MEDIDAS DE APOYO PARA LOS VITICULTORES ESPA&#209;OLES - ASAJA Le\u00f3n","og_description":"El mantenimiento del presupuesto, la ayuda a la hect&#225;rea y el control de las plantaciones, asuntos fundamentales que han sido tratados y que deber&#237;a recoger la reforma","og_url":"https:\/\/www.asajacyl.com\/leon\/asaja-leon-informa\/el-presidente-de-asaja-pide-a-fischer-boel-medidas-de-apoyo-para-los-viticultores-espaoles","og_site_name":"ASAJA Le\u00f3n","article_published_time":"2006-07-17T22:00:00+00:00","og_image":[{"width":1920,"height":1080,"url":"https:\/\/www.asajacyl.com\/leon\/wp-content\/uploads\/sites\/6\/2017\/11\/im_predefinida_1920x1080.jpg","type":"image\/jpeg"}],"author":"Editor","twitter_card":"summary_large_image","twitter_misc":{"Escrito por":"Editor","Tiempo de lectura":"3 minutos"},"schema":{"@context":"https:\/\/schema.org","@graph":[{"@type":"WebPage","@id":"https:\/\/www.asajacyl.com\/leon\/asaja-leon-informa\/el-presidente-de-asaja-pide-a-fischer-boel-medidas-de-apoyo-para-los-viticultores-espaoles","url":"https:\/\/www.asajacyl.com\/leon\/asaja-leon-informa\/el-presidente-de-asaja-pide-a-fischer-boel-medidas-de-apoyo-para-los-viticultores-espaoles","name":"EL PRESIDENTE DE ASAJA PIDE A FISCHER-BOEL MEDIDAS DE APOYO PARA LOS VITICULTORES ESPA&#209;OLES - ASAJA Le\u00f3n","isPartOf":{"@id":"https:\/\/www.asajacyl.com\/leon\/#website"},"primaryImageOfPage":{"@id":"https:\/\/www.asajacyl.com\/leon\/asaja-leon-informa\/el-presidente-de-asaja-pide-a-fischer-boel-medidas-de-apoyo-para-los-viticultores-espaoles#primaryimage"},"image":{"@id":"https:\/\/www.asajacyl.com\/leon\/asaja-leon-informa\/el-presidente-de-asaja-pide-a-fischer-boel-medidas-de-apoyo-para-los-viticultores-espaoles#primaryimage"},"thumbnailUrl":"https:\/\/www.asajacyl.com\/leon\/wp-content\/uploads\/sites\/6\/2017\/11\/im_predefinida_1920x1080.jpg","datePublished":"2006-07-17T22:00:00+00:00","author":{"@id":"https:\/\/www.asajacyl.com\/leon\/#\/schema\/person\/7e884476cee132331142e8ac9689f20c"},"description":"El mantenimiento del presupuesto, la ayuda a la hect&#225;rea y el control de las plantaciones, asuntos fundamentales que han sido tratados y que deber&#237;a recoger la reforma","breadcrumb":{"@id":"https:\/\/www.asajacyl.com\/leon\/asaja-leon-informa\/el-presidente-de-asaja-pide-a-fischer-boel-medidas-de-apoyo-para-los-viticultores-espaoles#breadcrumb"},"inLanguage":"es","potentialAction":[{"@type":"ReadAction","target":["https:\/\/www.asajacyl.com\/leon\/asaja-leon-informa\/el-presidente-de-asaja-pide-a-fischer-boel-medidas-de-apoyo-para-los-viticultores-espaoles"]}]},{"@type":"ImageObject","inLanguage":"es","@id":"https:\/\/www.asajacyl.com\/leon\/asaja-leon-informa\/el-presidente-de-asaja-pide-a-fischer-boel-medidas-de-apoyo-para-los-viticultores-espaoles#primaryimage","url":"https:\/\/www.asajacyl.com\/leon\/wp-content\/uploads\/sites\/6\/2017\/11\/im_predefinida_1920x1080.jpg","contentUrl":"https:\/\/www.asajacyl.com\/leon\/wp-content\/uploads\/sites\/6\/2017\/11\/im_predefinida_1920x1080.jpg","width":1920,"height":1080,"caption":"Logotipo ASAJA Le\u00f3n"},{"@type":"BreadcrumbList","@id":"https:\/\/www.asajacyl.com\/leon\/asaja-leon-informa\/el-presidente-de-asaja-pide-a-fischer-boel-medidas-de-apoyo-para-los-viticultores-espaoles#breadcrumb","itemListElement":[{"@type":"ListItem","position":1,"name":"Portada","item":"https:\/\/www.asajacyl.com\/leon\/"},{"@type":"ListItem","position":2,"name":"EL PRESIDENTE DE ASAJA PIDE A FISCHER-BOEL MEDIDAS DE APOYO PARA LOS VITICULTORES ESPA&#209;OLES"}]},{"@type":"WebSite","@id":"https:\/\/www.asajacyl.com\/leon\/#website","url":"https:\/\/www.asajacyl.com\/leon\/","name":"ASAJA Le\u00f3n","description":"Otro sitio m\u00e1s de Provincias ASAJA Castilla y Le\u00f3n","potentialAction":[{"@type":"SearchAction","target":{"@type":"EntryPoint","urlTemplate":"https:\/\/www.asajacyl.com\/leon\/?s={search_term_string}"},"query-input":{"@type":"PropertyValueSpecification","valueRequired":true,"valueName":"search_term_string"}}],"inLanguage":"es"},{"@type":"Person","@id":"https:\/\/www.asajacyl.com\/leon\/#\/schema\/person\/7e884476cee132331142e8ac9689f20c","name":"Editor","image":{"@type":"ImageObject","inLanguage":"es","@id":"https:\/\/www.asajacyl.com\/leon\/#\/schema\/person\/image\/","url":"https:\/\/secure.gravatar.com\/avatar\/a2ef43c165669686cfcfb0e1ffa59869?s=96&d=mm&r=g","contentUrl":"https:\/\/secure.gravatar.com\/avatar\/a2ef43c165669686cfcfb0e1ffa59869?s=96&d=mm&r=g","caption":"Editor"},"url":"https:\/\/www.asajacyl.com\/leon\/author\/oscargg"}]}},"_links":{"self":[{"href":"https:\/\/www.asajacyl.com\/leon\/wp-json\/wp\/v2\/posts\/7730"}],"collection":[{"href":"https:\/\/www.asajacyl.com\/leon\/wp-json\/wp\/v2\/posts"}],"about":[{"href":"https:\/\/www.asajacyl.com\/leon\/wp-json\/wp\/v2\/types\/post"}],"author":[{"embeddable":true,"href":"https:\/\/www.asajacyl.com\/leon\/wp-json\/wp\/v2\/users\/3"}],"replies":[{"embeddable":true,"href":"https:\/\/www.asajacyl.com\/leon\/wp-json\/wp\/v2\/comments?post=7730"}],"version-history":[{"count":0,"href":"https:\/\/www.asajacyl.com\/leon\/wp-json\/wp\/v2\/posts\/7730\/revisions"}],"wp:featuredmedia":[{"embeddable":true,"href":"https:\/\/www.asajacyl.com\/leon\/wp-json\/wp\/v2\/media\/8174"}],"wp:attachment":[{"href":"https:\/\/www.asajacyl.com\/leon\/wp-json\/wp\/v2\/media?parent=7730"}],"wp:term":[{"taxonomy":"category","embeddable":true,"href":"https:\/\/www.asajacyl.com\/leon\/wp-json\/wp\/v2\/categories?post=7730"},{"taxonomy":"post_tag","embeddable":true,"href":"https:\/\/www.asajacyl.com\/leon\/wp-json\/wp\/v2\/tags?post=7730"}],"curies":[{"name":"wp","href":"https:\/\/api.w.org\/{rel}","templated":true}]}}