{"id":7743,"date":"2006-06-12T00:00:00","date_gmt":"2006-06-11T22:00:00","guid":{"rendered":"http:\/\/www.asajacyl.com\/leon\/sin-categoria\/elecciones-caja-espaa"},"modified":"2006-06-12T00:00:00","modified_gmt":"2006-06-11T22:00:00","slug":"elecciones-caja-espaa","status":"publish","type":"post","link":"https:\/\/www.asajacyl.com\/leon\/asaja-leon-informa\/elecciones-caja-espaa","title":{"rendered":"ELECCIONES CAJA ESPA&#209;A"},"content":{"rendered":"<h2>CANDIDATURA DE ASAJA-CSICA A CAJA ESPA&#209;A<\/h2>\n<p><b><font face=\"Arial\" color=\"#800080\"><\/p>\n<p align=\"center\"><font size=\"2\">CANDIDATURA DE ASAJA-CSICA A CAJA ESPA&#209;A<\/font><\/p>\n<p><\/font><\/b><font color=\"#800080\"><font size=\"2\"> <\/font><\/p>\n<p align=\"center\"><font size=\"2\"><\/font><\/p>\n<p><\/font><b><font face=\"Arial\" color=\"#800080\"><\/p>\n<p align=\"center\"><font size=\"2\">\u00abLA CANDIDATURA DE LA ESPIGA\u00bb<\/font><\/p>\n<p><\/font><\/b><font face=\"Arial\" color=\"#000080\"><font size=\"2\"> <\/font><\/p>\n<p align=\"justify\"><font size=\"2\"><\/font><b><\/p>\n<p align=\"justify\"><font size=\"2\">Quienes somos:<\/font><\/p>\n<p><\/b><\/p>\n<p><\/font><font face=\"Arial\"><font size=\"2\"> <\/font><\/p>\n<p align=\"justify\"><font size=\"2\"><\/font><\/p>\n<ul>\n<p align=\"justify\"><font size=\"2\"><\/font><\/p>\n<li>\n<div align=\"justify\"><font size=\"2\">Somos ciudadanos normales, la mayor&#237;a agricultores y ganaderos, con experiencia en el asociacionismo, y comprometidos con el desarrollo de nuestros pueblos, de nuestro territorio. Tambi&#233;n forma parte de esta candidatura un grupo de profesionales que han sido trabajadores de Caja Espa&#241;a, algunos con importantes responsabilidades, que quieren lo mejor para la Caja y sus empleados. <\/font><\/div>\n<p align=\"justify\"><font size=\"2\"><\/font>\n<\/p>\n<p align=\"justify\"><font size=\"2\"><\/font><\/p>\n<\/li>\n<li>\n<div align=\"justify\"><font size=\"2\">Somos pol&#237;ticamente independientes, pues no tenemos cargos de responsabilidad en ning&#250;n partido pol&#237;tico. No estamos en contra de los pol&#237;ticos ni de los partidos, pero creemos que la Caja no es su espacio. <\/font><\/div>\n<p align=\"justify\"><font size=\"2\"><\/font>\n<\/p>\n<p align=\"justify\"><font size=\"2\"><\/font><\/p>\n<\/li>\n<li>\n<div align=\"justify\"><font size=\"2\">Vivimos de nuestro trabajo, un trabajo duro y poco recompensado. Gestionamos nuestro peque&#241;o negocio, por lo que conocemos y sufrimos los problemas de cualquier aut&#243;nomo. <\/font><\/div>\n<p align=\"justify\"><font size=\"2\"><\/font>\n<\/p>\n<p align=\"justify\"><font size=\"2\"><\/font><\/p>\n<\/li>\n<li>\n<div align=\"justify\"><font size=\"2\">Tenemos la formaci&#243;n y conocimientos suficientes como para afrontar la nueva responsabilidad de participar en los &#243;rganos de gobierno de la Caja. Y sobre todo tenemos sentido com&#250;n. <\/font><\/div>\n<p align=\"justify\"><font size=\"2\"><\/font>\n<\/p>\n<p align=\"justify\"><font size=\"2\"><\/font><\/p>\n<\/li>\n<li>\n<div align=\"justify\"><font size=\"2\">Somos gente seria, gente de palabra, gente de compromiso, gente pr&#243;xima. <\/font><\/div>\n<p align=\"justify\"><font size=\"2\"><\/font>\n<\/p>\n<p align=\"justify\"><font size=\"2\"><\/font><\/p>\n<\/li>\n<li>\n<div align=\"justify\"><font size=\"2\">Somos una candidatura que representa todo el territorio hist&#243;rico de la Caja. Se ha integrado por igual a las provincias de Le&#243;n, Zamora, Valladolid y Palencia, y hay tambi&#233;n Impositores de otras zonas de implantaci&#243;n de la entidad <\/font><\/div>\n<p align=\"justify\"><font size=\"2\"><\/font><\/p>\n<\/li>\n<\/ul>\n<p align=\"justify\"><font size=\"2\"><\/font><\/p>\n<p><\/font><b><font face=\"Arial\" color=\"#000080\"><\/p>\n<p align=\"justify\"><font size=\"2\">Quienes no somos:<\/font><\/p>\n<p><\/font><\/b><font face=\"Arial\"><font size=\"2\"> <\/font><\/p>\n<p align=\"justify\"><font size=\"2\"><\/font><\/p>\n<ul>\n<p align=\"justify\"><font size=\"2\"><\/font><\/p>\n<li>\n<div align=\"justify\"><font size=\"2\">No somos partidos pol&#237;ticos, ni sus sat&#233;lites, ni sus secuaces. <\/font><\/div>\n<p align=\"justify\"><font size=\"2\"><\/font>\n<\/p>\n<p align=\"justify\"><font size=\"2\"><\/font><\/p>\n<\/li>\n<li>\n<div align=\"justify\"><font size=\"2\">No somos gentes sin oficio ni beneficio que necesitan estos y otros cargos para vivir. <\/font><\/div>\n<p align=\"justify\"><font size=\"2\"><\/font>\n<\/p>\n<p align=\"justify\"><font size=\"2\"><\/font><\/p>\n<\/li>\n<li>\n<div align=\"justify\"><font size=\"2\">No somos grandes empresarios como los que se han hecho ricos vendiendo los pisos caros y especulando con el terreno. <\/font><\/div>\n<p align=\"justify\"><font size=\"2\"><\/font>\n<\/p>\n<p align=\"justify\"><font size=\"2\"><\/font><\/p>\n<\/li>\n<li>\n<div align=\"justify\"><font size=\"2\">No somos de presumir de dinero, ni de poder, ni de influencias. No tenemos nada de esto, y sospechamos de quienes lo tienen. <\/font><\/div>\n<p align=\"justify\"><font size=\"2\"><\/font>\n<\/p>\n<p align=\"justify\"><font size=\"2\"><\/font><\/p>\n<\/li>\n<li>\n<div align=\"justify\"><font size=\"2\">No somos de los que pactan hasta con el diablo para conseguir lo que quieren. <\/font><\/div>\n<p align=\"justify\"><font size=\"2\"><\/font>\n<\/p>\n<p align=\"justify\"><font size=\"2\"><\/font><\/p>\n<\/li>\n<li>\n<div align=\"justify\"><font size=\"2\">No somos la \u00abcandidatura del ladrillo\u00bb, la de la especulaci&#243;n urban&#237;stica, la de las grandes plusval&#237;as. <\/font><\/div>\n<p align=\"justify\"><font size=\"2\"><\/font><\/p>\n<\/li>\n<\/ul>\n<p><\/font><\/p>\n<p align=\"justify\"><font size=\"2\"><\/font><b><font face=\"Arial\" color=\"#000080\"><\/p>\n<p align=\"justify\"><font size=\"2\">Qu&#233; queremos:<\/font><\/p>\n<p><\/font><\/b><\/p>\n<p><font face=\"Arial\"><font size=\"2\"> <\/font><\/p>\n<ul>\n<p align=\"justify\"><font size=\"2\"><\/font><\/p>\n<li>\n<div align=\"justify\"><font size=\"2\">Una Caja Espa&#241;a de fuerte implantaci&#243;n regional, que sea l&#237;der indiscutible, y que adquiera m&#225;s peso en el conjunto de las cajas del Pa&#237;s. <\/font><\/div>\n<p align=\"justify\"><font size=\"2\"><\/font>\n<\/p>\n<p align=\"justify\"><font size=\"2\"><\/font><\/p>\n<\/li>\n<li>\n<div align=\"justify\"><font size=\"2\">Una Caja que apueste por la inversi&#243;n productiva en la regi&#243;n, que apueste por empresas que generen empleo y ocupen el territorio. <\/font><\/div>\n<p align=\"justify\"><font size=\"2\"><\/font>\n<\/p>\n<p align=\"justify\"><font size=\"2\"><\/font><\/p>\n<\/li>\n<li>\n<div align=\"justify\"><font size=\"2\">Una Caja que garantice empleo estable y de calidad a sus trabajadores y que atraiga a otras empresas de servicios. <\/font><\/div>\n<p align=\"justify\"><font size=\"2\"><\/font>\n<\/p>\n<p align=\"justify\"><font size=\"2\"><\/font><\/p>\n<\/li>\n<li>\n<div align=\"justify\"><font size=\"2\">Queremos una Caja que ofrezca productos financieros a la medida de todos y cada uno de los colectivos de ciudadanos. <\/font><\/div>\n<p align=\"justify\"><font size=\"2\"><\/font>\n<\/p>\n<p align=\"justify\"><font size=\"2\"><\/font><\/p>\n<\/li>\n<li>\n<div align=\"justify\"><font size=\"2\">Una Caja que se desarrolle m&#225;s en el medio rural, llevando los servicios incluso a n&#250;cleos donde su presencia puede no ser tan rentable. <\/font><\/div>\n<p align=\"justify\"><font size=\"2\"><\/font>\n<\/p>\n<p align=\"justify\"><font size=\"2\"><\/font><\/p>\n<\/li>\n<li>\n<div align=\"justify\"><font size=\"2\">Una Caja que participe en empresas que se consideren estrat&#233;gicas para los intereses de la regi&#243;n. <\/font><\/div>\n<p align=\"justify\"><font size=\"2\"><\/font>\n<\/p>\n<p align=\"justify\"><font size=\"2\"><\/font><\/p>\n<\/li>\n<li>\n<div align=\"justify\"><font size=\"2\">Una Caja capaz de liderar alianzas estrat&#233;gicas con otras entidades financieras de dentro o fuera de la regi&#243;n. <\/font><\/div>\n<p align=\"justify\"><font size=\"2\"><\/font>\n<\/p>\n<p align=\"justify\"><font size=\"2\"><\/font><\/p>\n<\/li>\n<li>\n<div align=\"justify\"><font size=\"2\">Una Caja cuya Obra Social se reparta con criterios t&#233;cnicos y profesionales, atendiendo a todo el territorio, y donde no intervenga la mano de los pol&#237;ticos. <\/font><\/div>\n<p align=\"justify\"><font size=\"2\"><\/font>\n<\/p>\n<p align=\"justify\"><font size=\"2\"><\/font><\/p>\n<\/li>\n<li>\n<div align=\"justify\"><font size=\"2\">Una Caja cuya obra social responda a las necesidades de los ciudadanos en aspectos como la asistencia social, el patrimonio, la cultura, la formaci&#243;n, la investigaci&#243;n y el desarrollo, el deporte o el tiempo libre, el medio ambiente. <\/font><\/div>\n<p align=\"justify\"><font size=\"2\"><\/font>\n<\/p>\n<p align=\"justify\"><font size=\"2\"><\/font><\/p>\n<\/li>\n<li>\n<div align=\"justify\"><font size=\"2\">Queremos tambi&#233;n echar a los pol&#237;ticos de Caja Espa&#241;a. Para ello promoveremos leyes y normas que garanticen que las listas de Impositores sean para los ciudadanos de a pi&#233;, y no para los que ya gobiernan en las instituciones. <\/font><\/div>\n<p align=\"justify\"><font size=\"2\"><\/font>\n<\/p>\n<p align=\"justify\"><font size=\"2\"><\/font><\/p>\n<\/li>\n<li>\n<div align=\"justify\"><font size=\"2\">Queremos escuchar a todos los clientes de Caja Espa&#241;a ahora, y lo que es m&#225;s importante, en los cuatro a&#241;os que dura el mandato. Para ello crearemos <b>\u00abla oficina del Impositor\u00bb,<\/b> donde cualquier cliente de la entidad puede hacer llegar sus quejas, sus propuestas y sugerencias. Nuestros candidatos van a dar la cara, usted podr&#225; reunirse con ellos sin limitaci&#243;n alguna. <\/font><\/div>\n<p align=\"justify\"><font size=\"2\"><\/font>\n<\/p>\n<p align=\"justify\"><font size=\"2\"><\/font><\/p>\n<\/li>\n<li>\n<div align=\"justify\"><font size=\"2\">Que a los partidos pol&#237;ticos no se les trate en la Caja mejor que a los ciudadanos. !Nunca consentiremos que se le condonen deudas a los partidos pol&#237;ticos! <\/font><\/div>\n<p align=\"justify\"><font size=\"2\"><\/font><\/p>\n<\/li>\n<\/ul>\n<p><\/font><\/p>\n<p align=\"justify\"><font size=\"2\"><\/font><b><font face=\"Arial\" color=\"#800080\"><\/p>\n<p align=\"center\"><font size=\"2\">CON TU VOTO ESTO ES POSIBLE.<\/font><\/p>\n<p><\/font><font face=\"Arial\" color=\"#800080\"><font size=\"2\"> <\/font><\/p>\n<p align=\"center\"><font size=\"2\"><\/font>\n<\/p>\n<p align=\"center\"><font size=\"2\">CONFIA EN NOSOTROS. SOMOS GENTE COMO TU.<\/font><\/p>\n<p><\/font><\/b><\/p>\n","protected":false},"excerpt":{"rendered":"<p>CANDIDATURA DE ASAJA-CSICA A CAJA ESPA&#209;A<\/p>\n","protected":false},"author":3,"featured_media":8174,"comment_status":"open","ping_status":"open","sticky":false,"template":"","format":"standard","meta":{"footnotes":""},"categories":[4,9],"tags":[],"yoast_head":"<!-- This site is optimized with the Yoast SEO plugin v24.5 - https:\/\/yoast.com\/wordpress\/plugins\/seo\/ -->\n<title>ELECCIONES CAJA ESPA&#209;A - ASAJA Le\u00f3n<\/title>\n<meta name=\"description\" content=\"CANDIDATURA DE ASAJA-CSICA A CAJA ESPA&#209;A\" \/>\n<meta name=\"robots\" content=\"index, follow, max-snippet:-1, max-image-preview:large, max-video-preview:-1\" \/>\n<link rel=\"canonical\" href=\"https:\/\/www.asajacyl.com\/leon\/asaja-leon-informa\/elecciones-caja-espaa\" \/>\n<meta property=\"og:locale\" content=\"es_ES\" \/>\n<meta property=\"og:type\" content=\"article\" \/>\n<meta property=\"og:title\" content=\"ELECCIONES CAJA ESPA&#209;A - ASAJA Le\u00f3n\" \/>\n<meta property=\"og:description\" content=\"CANDIDATURA DE ASAJA-CSICA A CAJA ESPA&#209;A\" \/>\n<meta property=\"og:url\" content=\"https:\/\/www.asajacyl.com\/leon\/asaja-leon-informa\/elecciones-caja-espaa\" \/>\n<meta property=\"og:site_name\" content=\"ASAJA Le\u00f3n\" \/>\n<meta property=\"article:published_time\" content=\"2006-06-11T22:00:00+00:00\" \/>\n<meta property=\"og:image\" content=\"https:\/\/www.asajacyl.com\/leon\/wp-content\/uploads\/sites\/6\/2017\/11\/im_predefinida_1920x1080.jpg\" \/>\n\t<meta property=\"og:image:width\" content=\"1920\" \/>\n\t<meta property=\"og:image:height\" content=\"1080\" \/>\n\t<meta property=\"og:image:type\" content=\"image\/jpeg\" \/>\n<meta name=\"author\" content=\"Editor\" \/>\n<meta name=\"twitter:card\" content=\"summary_large_image\" \/>\n<meta name=\"twitter:label1\" content=\"Escrito por\" \/>\n\t<meta name=\"twitter:data1\" content=\"Editor\" \/>\n\t<meta name=\"twitter:label2\" content=\"Tiempo de lectura\" \/>\n\t<meta name=\"twitter:data2\" content=\"4 minutos\" \/>\n<script type=\"application\/ld+json\" class=\"yoast-schema-graph\">{\"@context\":\"https:\/\/schema.org\",\"@graph\":[{\"@type\":\"WebPage\",\"@id\":\"https:\/\/www.asajacyl.com\/leon\/asaja-leon-informa\/elecciones-caja-espaa\",\"url\":\"https:\/\/www.asajacyl.com\/leon\/asaja-leon-informa\/elecciones-caja-espaa\",\"name\":\"ELECCIONES CAJA ESPA&#209;A - ASAJA Le\u00f3n\",\"isPartOf\":{\"@id\":\"https:\/\/www.asajacyl.com\/leon\/#website\"},\"primaryImageOfPage\":{\"@id\":\"https:\/\/www.asajacyl.com\/leon\/asaja-leon-informa\/elecciones-caja-espaa#primaryimage\"},\"image\":{\"@id\":\"https:\/\/www.asajacyl.com\/leon\/asaja-leon-informa\/elecciones-caja-espaa#primaryimage\"},\"thumbnailUrl\":\"https:\/\/www.asajacyl.com\/leon\/wp-content\/uploads\/sites\/6\/2017\/11\/im_predefinida_1920x1080.jpg\",\"datePublished\":\"2006-06-11T22:00:00+00:00\",\"author\":{\"@id\":\"https:\/\/www.asajacyl.com\/leon\/#\/schema\/person\/7e884476cee132331142e8ac9689f20c\"},\"description\":\"CANDIDATURA DE ASAJA-CSICA A CAJA ESPA&#209;A\",\"breadcrumb\":{\"@id\":\"https:\/\/www.asajacyl.com\/leon\/asaja-leon-informa\/elecciones-caja-espaa#breadcrumb\"},\"inLanguage\":\"es\",\"potentialAction\":[{\"@type\":\"ReadAction\",\"target\":[\"https:\/\/www.asajacyl.com\/leon\/asaja-leon-informa\/elecciones-caja-espaa\"]}]},{\"@type\":\"ImageObject\",\"inLanguage\":\"es\",\"@id\":\"https:\/\/www.asajacyl.com\/leon\/asaja-leon-informa\/elecciones-caja-espaa#primaryimage\",\"url\":\"https:\/\/www.asajacyl.com\/leon\/wp-content\/uploads\/sites\/6\/2017\/11\/im_predefinida_1920x1080.jpg\",\"contentUrl\":\"https:\/\/www.asajacyl.com\/leon\/wp-content\/uploads\/sites\/6\/2017\/11\/im_predefinida_1920x1080.jpg\",\"width\":1920,\"height\":1080,\"caption\":\"Logotipo ASAJA Le\u00f3n\"},{\"@type\":\"BreadcrumbList\",\"@id\":\"https:\/\/www.asajacyl.com\/leon\/asaja-leon-informa\/elecciones-caja-espaa#breadcrumb\",\"itemListElement\":[{\"@type\":\"ListItem\",\"position\":1,\"name\":\"Portada\",\"item\":\"https:\/\/www.asajacyl.com\/leon\/\"},{\"@type\":\"ListItem\",\"position\":2,\"name\":\"ELECCIONES CAJA ESPA&#209;A\"}]},{\"@type\":\"WebSite\",\"@id\":\"https:\/\/www.asajacyl.com\/leon\/#website\",\"url\":\"https:\/\/www.asajacyl.com\/leon\/\",\"name\":\"ASAJA Le\u00f3n\",\"description\":\"Otro sitio m\u00e1s de Provincias ASAJA Castilla y Le\u00f3n\",\"potentialAction\":[{\"@type\":\"SearchAction\",\"target\":{\"@type\":\"EntryPoint\",\"urlTemplate\":\"https:\/\/www.asajacyl.com\/leon\/?s={search_term_string}\"},\"query-input\":{\"@type\":\"PropertyValueSpecification\",\"valueRequired\":true,\"valueName\":\"search_term_string\"}}],\"inLanguage\":\"es\"},{\"@type\":\"Person\",\"@id\":\"https:\/\/www.asajacyl.com\/leon\/#\/schema\/person\/7e884476cee132331142e8ac9689f20c\",\"name\":\"Editor\",\"image\":{\"@type\":\"ImageObject\",\"inLanguage\":\"es\",\"@id\":\"https:\/\/www.asajacyl.com\/leon\/#\/schema\/person\/image\/\",\"url\":\"https:\/\/secure.gravatar.com\/avatar\/a2ef43c165669686cfcfb0e1ffa59869?s=96&d=mm&r=g\",\"contentUrl\":\"https:\/\/secure.gravatar.com\/avatar\/a2ef43c165669686cfcfb0e1ffa59869?s=96&d=mm&r=g\",\"caption\":\"Editor\"},\"url\":\"https:\/\/www.asajacyl.com\/leon\/author\/oscargg\"}]}<\/script>\n<!-- \/ Yoast SEO plugin. -->","yoast_head_json":{"title":"ELECCIONES CAJA ESPA&#209;A - ASAJA Le\u00f3n","description":"CANDIDATURA DE ASAJA-CSICA A CAJA ESPA&#209;A","robots":{"index":"index","follow":"follow","max-snippet":"max-snippet:-1","max-image-preview":"max-image-preview:large","max-video-preview":"max-video-preview:-1"},"canonical":"https:\/\/www.asajacyl.com\/leon\/asaja-leon-informa\/elecciones-caja-espaa","og_locale":"es_ES","og_type":"article","og_title":"ELECCIONES CAJA ESPA&#209;A - ASAJA Le\u00f3n","og_description":"CANDIDATURA DE ASAJA-CSICA A CAJA ESPA&#209;A","og_url":"https:\/\/www.asajacyl.com\/leon\/asaja-leon-informa\/elecciones-caja-espaa","og_site_name":"ASAJA Le\u00f3n","article_published_time":"2006-06-11T22:00:00+00:00","og_image":[{"width":1920,"height":1080,"url":"https:\/\/www.asajacyl.com\/leon\/wp-content\/uploads\/sites\/6\/2017\/11\/im_predefinida_1920x1080.jpg","type":"image\/jpeg"}],"author":"Editor","twitter_card":"summary_large_image","twitter_misc":{"Escrito por":"Editor","Tiempo de lectura":"4 minutos"},"schema":{"@context":"https:\/\/schema.org","@graph":[{"@type":"WebPage","@id":"https:\/\/www.asajacyl.com\/leon\/asaja-leon-informa\/elecciones-caja-espaa","url":"https:\/\/www.asajacyl.com\/leon\/asaja-leon-informa\/elecciones-caja-espaa","name":"ELECCIONES CAJA ESPA&#209;A - ASAJA Le\u00f3n","isPartOf":{"@id":"https:\/\/www.asajacyl.com\/leon\/#website"},"primaryImageOfPage":{"@id":"https:\/\/www.asajacyl.com\/leon\/asaja-leon-informa\/elecciones-caja-espaa#primaryimage"},"image":{"@id":"https:\/\/www.asajacyl.com\/leon\/asaja-leon-informa\/elecciones-caja-espaa#primaryimage"},"thumbnailUrl":"https:\/\/www.asajacyl.com\/leon\/wp-content\/uploads\/sites\/6\/2017\/11\/im_predefinida_1920x1080.jpg","datePublished":"2006-06-11T22:00:00+00:00","author":{"@id":"https:\/\/www.asajacyl.com\/leon\/#\/schema\/person\/7e884476cee132331142e8ac9689f20c"},"description":"CANDIDATURA DE ASAJA-CSICA A CAJA ESPA&#209;A","breadcrumb":{"@id":"https:\/\/www.asajacyl.com\/leon\/asaja-leon-informa\/elecciones-caja-espaa#breadcrumb"},"inLanguage":"es","potentialAction":[{"@type":"ReadAction","target":["https:\/\/www.asajacyl.com\/leon\/asaja-leon-informa\/elecciones-caja-espaa"]}]},{"@type":"ImageObject","inLanguage":"es","@id":"https:\/\/www.asajacyl.com\/leon\/asaja-leon-informa\/elecciones-caja-espaa#primaryimage","url":"https:\/\/www.asajacyl.com\/leon\/wp-content\/uploads\/sites\/6\/2017\/11\/im_predefinida_1920x1080.jpg","contentUrl":"https:\/\/www.asajacyl.com\/leon\/wp-content\/uploads\/sites\/6\/2017\/11\/im_predefinida_1920x1080.jpg","width":1920,"height":1080,"caption":"Logotipo ASAJA Le\u00f3n"},{"@type":"BreadcrumbList","@id":"https:\/\/www.asajacyl.com\/leon\/asaja-leon-informa\/elecciones-caja-espaa#breadcrumb","itemListElement":[{"@type":"ListItem","position":1,"name":"Portada","item":"https:\/\/www.asajacyl.com\/leon\/"},{"@type":"ListItem","position":2,"name":"ELECCIONES CAJA ESPA&#209;A"}]},{"@type":"WebSite","@id":"https:\/\/www.asajacyl.com\/leon\/#website","url":"https:\/\/www.asajacyl.com\/leon\/","name":"ASAJA Le\u00f3n","description":"Otro sitio m\u00e1s de Provincias ASAJA Castilla y Le\u00f3n","potentialAction":[{"@type":"SearchAction","target":{"@type":"EntryPoint","urlTemplate":"https:\/\/www.asajacyl.com\/leon\/?s={search_term_string}"},"query-input":{"@type":"PropertyValueSpecification","valueRequired":true,"valueName":"search_term_string"}}],"inLanguage":"es"},{"@type":"Person","@id":"https:\/\/www.asajacyl.com\/leon\/#\/schema\/person\/7e884476cee132331142e8ac9689f20c","name":"Editor","image":{"@type":"ImageObject","inLanguage":"es","@id":"https:\/\/www.asajacyl.com\/leon\/#\/schema\/person\/image\/","url":"https:\/\/secure.gravatar.com\/avatar\/a2ef43c165669686cfcfb0e1ffa59869?s=96&d=mm&r=g","contentUrl":"https:\/\/secure.gravatar.com\/avatar\/a2ef43c165669686cfcfb0e1ffa59869?s=96&d=mm&r=g","caption":"Editor"},"url":"https:\/\/www.asajacyl.com\/leon\/author\/oscargg"}]}},"_links":{"self":[{"href":"https:\/\/www.asajacyl.com\/leon\/wp-json\/wp\/v2\/posts\/7743"}],"collection":[{"href":"https:\/\/www.asajacyl.com\/leon\/wp-json\/wp\/v2\/posts"}],"about":[{"href":"https:\/\/www.asajacyl.com\/leon\/wp-json\/wp\/v2\/types\/post"}],"author":[{"embeddable":true,"href":"https:\/\/www.asajacyl.com\/leon\/wp-json\/wp\/v2\/users\/3"}],"replies":[{"embeddable":true,"href":"https:\/\/www.asajacyl.com\/leon\/wp-json\/wp\/v2\/comments?post=7743"}],"version-history":[{"count":0,"href":"https:\/\/www.asajacyl.com\/leon\/wp-json\/wp\/v2\/posts\/7743\/revisions"}],"wp:featuredmedia":[{"embeddable":true,"href":"https:\/\/www.asajacyl.com\/leon\/wp-json\/wp\/v2\/media\/8174"}],"wp:attachment":[{"href":"https:\/\/www.asajacyl.com\/leon\/wp-json\/wp\/v2\/media?parent=7743"}],"wp:term":[{"taxonomy":"category","embeddable":true,"href":"https:\/\/www.asajacyl.com\/leon\/wp-json\/wp\/v2\/categories?post=7743"},{"taxonomy":"post_tag","embeddable":true,"href":"https:\/\/www.asajacyl.com\/leon\/wp-json\/wp\/v2\/tags?post=7743"}],"curies":[{"name":"wp","href":"https:\/\/api.w.org\/{rel}","templated":true}]}}