{"id":7822,"date":"2005-12-15T00:00:00","date_gmt":"2005-12-14T23:00:00","guid":{"rendered":"http:\/\/www.asajacyl.com\/leon\/sin-categoria\/el-acuerdo-del-gasleo-es-clientelismo-poltico"},"modified":"2005-12-15T00:00:00","modified_gmt":"2005-12-14T23:00:00","slug":"el-acuerdo-del-gasleo-es-clientelismo-poltico","status":"publish","type":"post","link":"https:\/\/www.asajacyl.com\/leon\/asaja-leon-informa\/el-acuerdo-del-gasleo-es-clientelismo-poltico","title":{"rendered":"EL ACUERDO DEL GAS&#211;LEO ES CLIENTELISMO POL&#205;TICO"},"content":{"rendered":"<h2>Entrevista de El Mundo \/ La Cronica y la Cope A Jos&#233; Antonio Turrado \/ Secretario General De ASAJA<\/h2>\n<p><font size=\"2\"><\/p>\n<p align=\"center\"><font color=\"#006699\">Entrevista de El Mundo \/ La Cronica y la Cope A Jos&#233; Antonio Turrado \/ Secretario General De ASAJA <\/font>\n<\/p>\n<p align=\"justify\"><b><\/p>\n<p align=\"center\"><font color=\"#009933\">&#171;EL ACUERDO DEL GAS&#211;LEO ES CLIENTELISMO POL&#205;TICO&#187;<\/font><\/p>\n<p><\/b><font color=\"#009933\"> <\/font>\n<\/p>\n<p align=\"justify\">\n<p align=\"justify\">\n<p align=\"justify\">\n<p align=\"justify\">\n<p align=\"justify\">\n<p align=\"justify\">EL MUNDO \/ LA CRONICA &#8211; COPE\n<\/p>\n<p align=\"justify\">\n<p align=\"justify\">LEON.&#8212; Asaja celebra hoy 20 a&#241;os de sindicalismo agrario en la provincia de Le&#243;n, desde que iniciar&#225; su andadura un 15 de diciembre de 1985 en el hostal San Antonio de Santas Martas. A aquella junta directiva se incorpor&#243; meses m&#225;s tarde su actual secretario general, Jos&#233; Antonio Turrado. De su mano Asaja se ha convertido en la primera organizaci&#243;n agraria leonesa. Desde 1985 se han afiliado al sindicato 4.445 agricultores y ganaderos, muchos de ellos ya jubilados. Actualmente el n&#250;mero de explotaciones asociadas a Asaja en la provincia asciende a 2.300.\n<\/p>\n<p align=\"justify\"><font color=\"#006699\">Muchos ciudadanos de la calle piensan que los agricultores viven de la subvenci&#243;n y no de lo que producen sus explotaciones. &#191;Qu&#233; opina al respecto? <\/font>\n<\/p>\n<p align=\"justify\">\n<p align=\"justify\">Si comparamos el importe de las subvenciones con una renta neta de un agricultor, las ayudas que recibe pueden representar el 20-25% de su renta. Pero creo que no es justo decir que se vive de la subvenci&#243;n, hay que comparar lo que representan las ayudas con lo que factura un agricultor, y en este caso la subvenci&#243;n viene representando el 12% &#243; 15% de media. Las ayudas son, por lo tanto, una parte importante de nuestra renta pero no son lo m&#225;s importante.\n<\/p>\n<p align=\"justify\">\n<p align=\"justify\"><font color=\"#006699\">El acuerdo de la reforma de la OCM no ha gustado a los cultivadores leoneses. &#191;C&#243;mo enfoca Asaja el futuro del cultivo de la remolacha? &#191;Se podr&#225; seguir sembrando m&#225;s all&#225; del a&#241;o 2010? <\/font>\n<\/p>\n<p align=\"justify\">\n<p align=\"justify\">Cuando sembremos la remolacha de la campa&#241;a siguiente vamos a cobrar entre cinco y seis euros menos por tonelada, por lo tanto nunca podr&#225; ser buena una reforma que prev&#233; seguir bajando los precios hasta llegar al 2010 que ser&#225; cuando el sector pierda m&#225;s dinero. La cuesti&#243;n de que podamos seguir sembrando en el futuro est&#225; condicionado a que abandonemos la mitad de la producci&#243;n. Esta reforma viene tan envenenada que nos van a dar seis euros por tonelada siempre que en Espa&#241;a se abandone el 50% de toda la superficie y producci&#243;n de remolacha.\n<\/p>\n<p align=\"justify\">\n<p align=\"justify\"><font color=\"#006699\">Desde muchos sectores y organizaciones agrarias se se&#241;ala que el abandono de la siembra de remolacha en el pa&#237;s puede beneficiar a Le&#243;n donde se podr&#237;a concentrar m&#225;s superficie de cultivo. <\/font>\n<\/p>\n<p align=\"justify\">\n<p align=\"justify\">En Asaja siempre hemos cre&#237;do que en un futuro pr&#243;ximo habr&#237;a zonas del pa&#237;s donde se dejar&#237;a de sembrar remolacha y se ir&#237;a desvi&#225;ndose a zonas m&#225;s eficientes como la provincia de Le&#243;n. Sin embargo esta reforma contempla la desaparici&#243;n y el abandono voluntario del cultivo por parte de agricultores e industria con la amortizaci&#243;n de esta cuota, es decir, lo que se abandona se deja de producir a trav&#233;s de pagos y subvenciones. Por lo tanto, si un agricultor abandona la siembra otro cultivador no puede retomar la actividad, lo que imposibilita que Le&#243;n ampl&#237;e su actual superficie y producci&#243;n.\n<\/p>\n<p align=\"justify\">\n<p align=\"justify\"><font color=\"#006699\">Entonces el campo est&#225; rendido a las previsiones catastrofistas que ha provocado la reforma aprobada en Bruselas. <\/font>\n<\/p>\n<p align=\"justify\">\n<p align=\"justify\">Para hablar de futuro en agricultura hay que saber por donde vienen los tiros en pol&#237;tica. Esta misma semana se est&#225;n negociando las perspectivas financieras en Europa para el periodo 2007-2013, as&#237; como los acuerdos que se negocian en Hong Kong de la ronda de la Organizaci&#243;n Mundial de Comercio (OMC) que tampoco nos son ajenos. Todas estas negociaciones marcan el camino de la pol&#237;tica agraria. En todo caso yo estoy seguro que en la provincia de Le&#243;n seguir&#225; habiendo agricultores m&#225;s all&#225; de 2010 en la remolacha y otros cultivos y a corto y medio plazo no vamos a ver los campos abandonados.\n<\/p>\n<p align=\"justify\">\n<p align=\"justify\"><font color=\"#006699\">&#191;Por qu&#233; Asaja rompe la unidad sindical con Coag y UPA en el acuerdo del gas&#243;leo firmado con el Ministerio de Agricultura? <\/font>\n<\/p>\n<p align=\"justify\">\n<p align=\"justify\">Cre&#237;mos que est&#225;bamos en el buen camino despu&#233;s del &#233;xito de las movilizaciones conjuntas para sacar medidas eficientes y eficaces para conseguir medidas que paliasen las graves p&#233;rdidas producidas por la subida del gas&#243;leo. Seg&#250;n estaban enfocadas las negociaciones estas medidas paliativas estaban fundamentadas por la v&#237;a de incrementar el IVA que nosotros percibimos cuando que vendemos nuestros productos. En un determinado momento nuestros compa&#241;eros de viaje tuvieron demasiada prisa por llegar a un acuerdo con el Gobierno que no estaba justificada con los logros que se estaban consiguiendo y si justificada por un clientelismo pol&#237;tico que Asaja no comparte. Deben ser otros los que den explicaciones.\n<\/p>\n<p align=\"justify\">\n<p align=\"justify\"><font color=\"#006699\">Los intereses pol&#237;ticos se han antepuesto a los intereses de los agricultores en esta negociaci&#243;n. <\/font>\n<\/p>\n<p align=\"justify\">\n<p align=\"justify\">Nosotros hemos actuado con estricta profesionalidad. Todo el mundo sabe que no recibimos consignas pol&#237;ticas de nadie ni antes ni ahora. En cambio UPA y Coag han hecho prevalecer sus intereses pol&#237;ticos e incluso econ&#243;micos y podemos demostrarlo. No me gustar&#237;a insistir porque la gente puede llegar a pensar que estas cosas pasan, que se firman o no acuerdos dependiendo de que le den una subvenci&#243;n a una organizaci&#243;n en un momento determinado o dependiendo de que alguien quiera obtener la simpat&#237;a del Gobierno para ver si alg&#250;n d&#237;a le hacen secretario de Estado de Comunicaci&#243;n como han hecho con Fernando Moraleda, hasta no hace mucho secretario general del sindicato UPA.\n<\/p>\n<p align=\"justify\">\n<p align=\"justify\"><font color=\"#006699\">En el mismo campo pol&#237;tico &#191;c&#243;mo est&#225;n las relaciones con la Junta de Castilla de Le&#243;n?. Hab&#237;a mucha sinton&#237;a pol&#237;tica e incluso electoral entre el Gobierno regional y el sindicato. <\/font>\n<\/p>\n<p align=\"justify\">\n<p align=\"justify\">Nosotros tuvimos una participaci&#243;n en pol&#237;tica hace muchos a&#241;os, all&#225; por 1991 cuando influimos para que una persona fuera procuradora en Cortes y dos personas fueran diputados provinciales. Todo esto ha perdido, pero incluso durante el periodo que dur&#243; esta colaboraci&#243;n nosotros nos mostramos muy cr&#237;ticos con las actuaciones de pol&#237;tica agraria y hemos tenido no pocos enfrentamientos con el actual consejero de Agricultura y con el anterior.\n<\/p>\n<p align=\"justify\">\n<p align=\"justify\"><font color=\"#006699\">&#191;No llegan los nuevos regad&#237;os demasiado tarde? <\/font>\n<\/p>\n<p align=\"justify\">\n<p align=\"justify\">Yo creo que los regad&#237;os son imprescindibles. En Le&#243;n tenemos un buena agricultura de regad&#237;o y una p&#233;sima agricultura de secano, por lo tanto apostar por los nuevos regad&#237;os y la modernizaci&#243;n de los ya existentes es fundamental. Tambi&#233;n es verdad que hemos sido muy cr&#237;ticos con la amortizaci&#243;n de estas obras, porque al contrario que otros nos hemos preguntado c&#243;mo las vamos a pagar, pero siempre hemos exigido al Gobierno que cumpla sus compromisos en regad&#237;o incluidos en el Plan Nacional de Regad&#237;os y el Plan Hidrol&#243;gico Nacional dentro del horizonte del a&#241;o 2008.\n<\/p>\n<p align=\"justify\">\n<p align=\"justify\"><font color=\"#006699\">Realmente los cultivos energ&#233;ticos para la producci&#243;n de biocombustibles es una esperanza o una quimera para aliviar la situaci&#243;n del campo. <\/font>\n<\/p>\n<p align=\"justify\">\n<p align=\"justify\">Yo creo que no se debe ir contracorriente y en este tema apostar por los cultivos energ&#233;ticos es ir a favor de corriente. Lo que sucede es que el agricultor lejos de modas cuando tiene que vivir de esto y tiene que invertir quiere saber cu&#225;nto le van a pagar a &#233;l por ese producto y no s&#243;lo yo, casi nadie est&#225; viendo con claridad que estos cultivos tengan un futuro. Hay que diferenciar el proyecto industrial de la actividad agr&#237;cola, ya que el proyecto podr&#237;a ser viable aunque no se produciera aqu&#237; la materia prima, a todos nos gustar&#237;a proyectos que se desarrollasen y utilizasen materia prima producida en la provincia. Pero si no hay barreras arancelarias si alguien piensa que podemos producir en Le&#243;n aceites de soja y colza m&#225;s barata que Argentina est&#225;n muy equivocados. A esto se suma que en estos pa&#237;ses se poducen siembras transg&#233;nicas que abaratan much&#237;simos los costes pero que en Espa&#241;a no se pueden sembrar.\n<\/p>\n<p align=\"justify\">\n<p align=\"justify\"><font color=\"#006699\">&#191;Que alternativas a los cultivos tradicionales le quedan a los agricultores leoneses? <\/font>\n<\/p>\n<p align=\"justify\">\n<p align=\"justify\">No hay cultivos intensivos que dejen dinero por eso se observa una p&#233;rdida de renta importante en nuestras familias a&#241;o tras a&#241;o. El d&#237;a que la agricultura no de para vivir habr&#225; que salir fuera del sector para trabajar y buscar un complemento de renta para estas familias, estableci&#233;ndose el modelo del agricultor a tiempo parcial, que no es el modelo de agricultura que m&#225;s nos gusta pero el que sin duda alguna se va a implantar como ya sucede en gran parte de los pa&#237;ses europeos. Aunque siempre habr&#225; explotaciones rentables estamos abocados a una reducci&#243;n de activos en el campo que se pueden reducir a la mitad en los pr&#243;ximos 10 a&#241;os.\n<\/p>\n<p align=\"justify\">\n<p align=\"justify\"><font color=\"#0066cc\">&#191;Qu&#233; futuro tiene un sector en el que cerca del 40% de la propiedad de la tierra est&#225; en manos ajenas al sector agrario? <\/font>\n<\/p>\n<p align=\"justify\">\n<p align=\"justify\">Esta situaci&#243;n se va a agravar ya que con la nueva pol&#237;tica de ayudas agrarias el agricultor podr&#225; seguir recibiendo subvenciones a&#250;n despu&#233;s de jubilarse. Esta situaci&#243;n provocar&#225; que estos agricultores no se despredan de sus tierras, por lo que no se van a liberalizar superficies provocando que las explotaciones en activo no se puedan redimensionar.\n<\/p>\n<\/p>\n<p><\/font><\/p>\n","protected":false},"excerpt":{"rendered":"<p>Entrevista de El Mundo \/ La Cronica y la Cope A Jos&#233; Antonio Turrado \/ Secretario General De ASAJA<\/p>\n","protected":false},"author":3,"featured_media":8174,"comment_status":"open","ping_status":"open","sticky":false,"template":"","format":"standard","meta":{"footnotes":""},"categories":[4,9],"tags":[],"yoast_head":"<!-- This site is optimized with the Yoast SEO plugin v24.5 - https:\/\/yoast.com\/wordpress\/plugins\/seo\/ -->\n<title>EL ACUERDO DEL GAS&#211;LEO ES CLIENTELISMO POL&#205;TICO - ASAJA Le\u00f3n<\/title>\n<meta name=\"description\" content=\"Entrevista de El Mundo \/ La Cronica y la Cope A Jos&#233; Antonio Turrado \/ Secretario General De ASAJA\" \/>\n<meta name=\"robots\" content=\"index, follow, max-snippet:-1, max-image-preview:large, max-video-preview:-1\" \/>\n<link rel=\"canonical\" href=\"https:\/\/www.asajacyl.com\/leon\/asaja-leon-informa\/el-acuerdo-del-gasleo-es-clientelismo-poltico\" \/>\n<meta property=\"og:locale\" content=\"es_ES\" \/>\n<meta property=\"og:type\" content=\"article\" \/>\n<meta property=\"og:title\" content=\"EL ACUERDO DEL GAS&#211;LEO ES CLIENTELISMO POL&#205;TICO - ASAJA Le\u00f3n\" \/>\n<meta property=\"og:description\" content=\"Entrevista de El Mundo \/ La Cronica y la Cope A Jos&#233; Antonio Turrado \/ Secretario General De ASAJA\" \/>\n<meta property=\"og:url\" content=\"https:\/\/www.asajacyl.com\/leon\/asaja-leon-informa\/el-acuerdo-del-gasleo-es-clientelismo-poltico\" \/>\n<meta property=\"og:site_name\" content=\"ASAJA Le\u00f3n\" \/>\n<meta property=\"article:published_time\" content=\"2005-12-14T23:00:00+00:00\" \/>\n<meta property=\"og:image\" content=\"https:\/\/www.asajacyl.com\/leon\/wp-content\/uploads\/sites\/6\/2017\/11\/im_predefinida_1920x1080.jpg\" \/>\n\t<meta property=\"og:image:width\" content=\"1920\" \/>\n\t<meta property=\"og:image:height\" content=\"1080\" \/>\n\t<meta property=\"og:image:type\" content=\"image\/jpeg\" \/>\n<meta name=\"author\" content=\"Editor\" \/>\n<meta name=\"twitter:card\" content=\"summary_large_image\" \/>\n<meta name=\"twitter:label1\" content=\"Escrito por\" \/>\n\t<meta name=\"twitter:data1\" content=\"Editor\" \/>\n\t<meta name=\"twitter:label2\" content=\"Tiempo de lectura\" \/>\n\t<meta name=\"twitter:data2\" content=\"8 minutos\" \/>\n<script type=\"application\/ld+json\" class=\"yoast-schema-graph\">{\"@context\":\"https:\/\/schema.org\",\"@graph\":[{\"@type\":\"WebPage\",\"@id\":\"https:\/\/www.asajacyl.com\/leon\/asaja-leon-informa\/el-acuerdo-del-gasleo-es-clientelismo-poltico\",\"url\":\"https:\/\/www.asajacyl.com\/leon\/asaja-leon-informa\/el-acuerdo-del-gasleo-es-clientelismo-poltico\",\"name\":\"EL ACUERDO DEL GAS&#211;LEO ES CLIENTELISMO POL&#205;TICO - ASAJA Le\u00f3n\",\"isPartOf\":{\"@id\":\"https:\/\/www.asajacyl.com\/leon\/#website\"},\"primaryImageOfPage\":{\"@id\":\"https:\/\/www.asajacyl.com\/leon\/asaja-leon-informa\/el-acuerdo-del-gasleo-es-clientelismo-poltico#primaryimage\"},\"image\":{\"@id\":\"https:\/\/www.asajacyl.com\/leon\/asaja-leon-informa\/el-acuerdo-del-gasleo-es-clientelismo-poltico#primaryimage\"},\"thumbnailUrl\":\"https:\/\/www.asajacyl.com\/leon\/wp-content\/uploads\/sites\/6\/2017\/11\/im_predefinida_1920x1080.jpg\",\"datePublished\":\"2005-12-14T23:00:00+00:00\",\"author\":{\"@id\":\"https:\/\/www.asajacyl.com\/leon\/#\/schema\/person\/7e884476cee132331142e8ac9689f20c\"},\"description\":\"Entrevista de El Mundo \/ La Cronica y la Cope A Jos&#233; Antonio Turrado \/ Secretario General De ASAJA\",\"breadcrumb\":{\"@id\":\"https:\/\/www.asajacyl.com\/leon\/asaja-leon-informa\/el-acuerdo-del-gasleo-es-clientelismo-poltico#breadcrumb\"},\"inLanguage\":\"es\",\"potentialAction\":[{\"@type\":\"ReadAction\",\"target\":[\"https:\/\/www.asajacyl.com\/leon\/asaja-leon-informa\/el-acuerdo-del-gasleo-es-clientelismo-poltico\"]}]},{\"@type\":\"ImageObject\",\"inLanguage\":\"es\",\"@id\":\"https:\/\/www.asajacyl.com\/leon\/asaja-leon-informa\/el-acuerdo-del-gasleo-es-clientelismo-poltico#primaryimage\",\"url\":\"https:\/\/www.asajacyl.com\/leon\/wp-content\/uploads\/sites\/6\/2017\/11\/im_predefinida_1920x1080.jpg\",\"contentUrl\":\"https:\/\/www.asajacyl.com\/leon\/wp-content\/uploads\/sites\/6\/2017\/11\/im_predefinida_1920x1080.jpg\",\"width\":1920,\"height\":1080,\"caption\":\"Logotipo ASAJA Le\u00f3n\"},{\"@type\":\"BreadcrumbList\",\"@id\":\"https:\/\/www.asajacyl.com\/leon\/asaja-leon-informa\/el-acuerdo-del-gasleo-es-clientelismo-poltico#breadcrumb\",\"itemListElement\":[{\"@type\":\"ListItem\",\"position\":1,\"name\":\"Portada\",\"item\":\"https:\/\/www.asajacyl.com\/leon\/\"},{\"@type\":\"ListItem\",\"position\":2,\"name\":\"EL ACUERDO DEL GAS&#211;LEO ES CLIENTELISMO POL&#205;TICO\"}]},{\"@type\":\"WebSite\",\"@id\":\"https:\/\/www.asajacyl.com\/leon\/#website\",\"url\":\"https:\/\/www.asajacyl.com\/leon\/\",\"name\":\"ASAJA Le\u00f3n\",\"description\":\"Otro sitio m\u00e1s de Provincias ASAJA Castilla y Le\u00f3n\",\"potentialAction\":[{\"@type\":\"SearchAction\",\"target\":{\"@type\":\"EntryPoint\",\"urlTemplate\":\"https:\/\/www.asajacyl.com\/leon\/?s={search_term_string}\"},\"query-input\":{\"@type\":\"PropertyValueSpecification\",\"valueRequired\":true,\"valueName\":\"search_term_string\"}}],\"inLanguage\":\"es\"},{\"@type\":\"Person\",\"@id\":\"https:\/\/www.asajacyl.com\/leon\/#\/schema\/person\/7e884476cee132331142e8ac9689f20c\",\"name\":\"Editor\",\"image\":{\"@type\":\"ImageObject\",\"inLanguage\":\"es\",\"@id\":\"https:\/\/www.asajacyl.com\/leon\/#\/schema\/person\/image\/\",\"url\":\"https:\/\/secure.gravatar.com\/avatar\/a2ef43c165669686cfcfb0e1ffa59869?s=96&d=mm&r=g\",\"contentUrl\":\"https:\/\/secure.gravatar.com\/avatar\/a2ef43c165669686cfcfb0e1ffa59869?s=96&d=mm&r=g\",\"caption\":\"Editor\"},\"url\":\"https:\/\/www.asajacyl.com\/leon\/author\/oscargg\"}]}<\/script>\n<!-- \/ Yoast SEO plugin. -->","yoast_head_json":{"title":"EL ACUERDO DEL GAS&#211;LEO ES CLIENTELISMO POL&#205;TICO - ASAJA Le\u00f3n","description":"Entrevista de El Mundo \/ La Cronica y la Cope A Jos&#233; Antonio Turrado \/ Secretario General De ASAJA","robots":{"index":"index","follow":"follow","max-snippet":"max-snippet:-1","max-image-preview":"max-image-preview:large","max-video-preview":"max-video-preview:-1"},"canonical":"https:\/\/www.asajacyl.com\/leon\/asaja-leon-informa\/el-acuerdo-del-gasleo-es-clientelismo-poltico","og_locale":"es_ES","og_type":"article","og_title":"EL ACUERDO DEL GAS&#211;LEO ES CLIENTELISMO POL&#205;TICO - ASAJA Le\u00f3n","og_description":"Entrevista de El Mundo \/ La Cronica y la Cope A Jos&#233; Antonio Turrado \/ Secretario General De ASAJA","og_url":"https:\/\/www.asajacyl.com\/leon\/asaja-leon-informa\/el-acuerdo-del-gasleo-es-clientelismo-poltico","og_site_name":"ASAJA Le\u00f3n","article_published_time":"2005-12-14T23:00:00+00:00","og_image":[{"width":1920,"height":1080,"url":"https:\/\/www.asajacyl.com\/leon\/wp-content\/uploads\/sites\/6\/2017\/11\/im_predefinida_1920x1080.jpg","type":"image\/jpeg"}],"author":"Editor","twitter_card":"summary_large_image","twitter_misc":{"Escrito por":"Editor","Tiempo de lectura":"8 minutos"},"schema":{"@context":"https:\/\/schema.org","@graph":[{"@type":"WebPage","@id":"https:\/\/www.asajacyl.com\/leon\/asaja-leon-informa\/el-acuerdo-del-gasleo-es-clientelismo-poltico","url":"https:\/\/www.asajacyl.com\/leon\/asaja-leon-informa\/el-acuerdo-del-gasleo-es-clientelismo-poltico","name":"EL ACUERDO DEL GAS&#211;LEO ES CLIENTELISMO POL&#205;TICO - ASAJA Le\u00f3n","isPartOf":{"@id":"https:\/\/www.asajacyl.com\/leon\/#website"},"primaryImageOfPage":{"@id":"https:\/\/www.asajacyl.com\/leon\/asaja-leon-informa\/el-acuerdo-del-gasleo-es-clientelismo-poltico#primaryimage"},"image":{"@id":"https:\/\/www.asajacyl.com\/leon\/asaja-leon-informa\/el-acuerdo-del-gasleo-es-clientelismo-poltico#primaryimage"},"thumbnailUrl":"https:\/\/www.asajacyl.com\/leon\/wp-content\/uploads\/sites\/6\/2017\/11\/im_predefinida_1920x1080.jpg","datePublished":"2005-12-14T23:00:00+00:00","author":{"@id":"https:\/\/www.asajacyl.com\/leon\/#\/schema\/person\/7e884476cee132331142e8ac9689f20c"},"description":"Entrevista de El Mundo \/ La Cronica y la Cope A Jos&#233; Antonio Turrado \/ Secretario General De ASAJA","breadcrumb":{"@id":"https:\/\/www.asajacyl.com\/leon\/asaja-leon-informa\/el-acuerdo-del-gasleo-es-clientelismo-poltico#breadcrumb"},"inLanguage":"es","potentialAction":[{"@type":"ReadAction","target":["https:\/\/www.asajacyl.com\/leon\/asaja-leon-informa\/el-acuerdo-del-gasleo-es-clientelismo-poltico"]}]},{"@type":"ImageObject","inLanguage":"es","@id":"https:\/\/www.asajacyl.com\/leon\/asaja-leon-informa\/el-acuerdo-del-gasleo-es-clientelismo-poltico#primaryimage","url":"https:\/\/www.asajacyl.com\/leon\/wp-content\/uploads\/sites\/6\/2017\/11\/im_predefinida_1920x1080.jpg","contentUrl":"https:\/\/www.asajacyl.com\/leon\/wp-content\/uploads\/sites\/6\/2017\/11\/im_predefinida_1920x1080.jpg","width":1920,"height":1080,"caption":"Logotipo ASAJA Le\u00f3n"},{"@type":"BreadcrumbList","@id":"https:\/\/www.asajacyl.com\/leon\/asaja-leon-informa\/el-acuerdo-del-gasleo-es-clientelismo-poltico#breadcrumb","itemListElement":[{"@type":"ListItem","position":1,"name":"Portada","item":"https:\/\/www.asajacyl.com\/leon\/"},{"@type":"ListItem","position":2,"name":"EL ACUERDO DEL GAS&#211;LEO ES CLIENTELISMO POL&#205;TICO"}]},{"@type":"WebSite","@id":"https:\/\/www.asajacyl.com\/leon\/#website","url":"https:\/\/www.asajacyl.com\/leon\/","name":"ASAJA Le\u00f3n","description":"Otro sitio m\u00e1s de Provincias ASAJA Castilla y Le\u00f3n","potentialAction":[{"@type":"SearchAction","target":{"@type":"EntryPoint","urlTemplate":"https:\/\/www.asajacyl.com\/leon\/?s={search_term_string}"},"query-input":{"@type":"PropertyValueSpecification","valueRequired":true,"valueName":"search_term_string"}}],"inLanguage":"es"},{"@type":"Person","@id":"https:\/\/www.asajacyl.com\/leon\/#\/schema\/person\/7e884476cee132331142e8ac9689f20c","name":"Editor","image":{"@type":"ImageObject","inLanguage":"es","@id":"https:\/\/www.asajacyl.com\/leon\/#\/schema\/person\/image\/","url":"https:\/\/secure.gravatar.com\/avatar\/a2ef43c165669686cfcfb0e1ffa59869?s=96&d=mm&r=g","contentUrl":"https:\/\/secure.gravatar.com\/avatar\/a2ef43c165669686cfcfb0e1ffa59869?s=96&d=mm&r=g","caption":"Editor"},"url":"https:\/\/www.asajacyl.com\/leon\/author\/oscargg"}]}},"_links":{"self":[{"href":"https:\/\/www.asajacyl.com\/leon\/wp-json\/wp\/v2\/posts\/7822"}],"collection":[{"href":"https:\/\/www.asajacyl.com\/leon\/wp-json\/wp\/v2\/posts"}],"about":[{"href":"https:\/\/www.asajacyl.com\/leon\/wp-json\/wp\/v2\/types\/post"}],"author":[{"embeddable":true,"href":"https:\/\/www.asajacyl.com\/leon\/wp-json\/wp\/v2\/users\/3"}],"replies":[{"embeddable":true,"href":"https:\/\/www.asajacyl.com\/leon\/wp-json\/wp\/v2\/comments?post=7822"}],"version-history":[{"count":0,"href":"https:\/\/www.asajacyl.com\/leon\/wp-json\/wp\/v2\/posts\/7822\/revisions"}],"wp:featuredmedia":[{"embeddable":true,"href":"https:\/\/www.asajacyl.com\/leon\/wp-json\/wp\/v2\/media\/8174"}],"wp:attachment":[{"href":"https:\/\/www.asajacyl.com\/leon\/wp-json\/wp\/v2\/media?parent=7822"}],"wp:term":[{"taxonomy":"category","embeddable":true,"href":"https:\/\/www.asajacyl.com\/leon\/wp-json\/wp\/v2\/categories?post=7822"},{"taxonomy":"post_tag","embeddable":true,"href":"https:\/\/www.asajacyl.com\/leon\/wp-json\/wp\/v2\/tags?post=7822"}],"curies":[{"name":"wp","href":"https:\/\/api.w.org\/{rel}","templated":true}]}}