{"id":7921,"date":"2005-05-12T00:00:00","date_gmt":"2005-05-11T22:00:00","guid":{"rendered":"http:\/\/www.asajacyl.com\/leon\/sin-categoria\/asaja-reclama-al-gobierno-espaol-firmeza-en-la-defensa-del-actual-modelo-europeo-de-agricultura"},"modified":"2005-05-12T00:00:00","modified_gmt":"2005-05-11T22:00:00","slug":"asaja-reclama-al-gobierno-espaol-firmeza-en-la-defensa-del-actual-modelo-europeo-de-agricultura","status":"publish","type":"post","link":"https:\/\/www.asajacyl.com\/leon\/asaja-leon-informa\/asaja-reclama-al-gobierno-espaol-firmeza-en-la-defensa-del-actual-modelo-europeo-de-agricultura","title":{"rendered":"ASAJA RECLAMA AL GOBIERNO ESPA&#209;OL FIRMEZA EN LA DEFENSA DEL ACTUAL MODELO EUROPEO DE AGRICULTURA"},"content":{"rendered":"<h2>El rechazo a la cofinanciaci&#243;n de las ayudas agr&#237;colas debe ser cuesti&#243;n de Estado<\/h2>\n<p align=\"center\"><font size=\"2\"><font color=\"#0033cc\">El rechazo a la cofinanciaci&#243;n de las ayudas agr&#237;colas debe ser cuesti&#243;n de Estado<\/font> <\/font>\n<\/p>\n<p align=\"center\"><font size=\"2\"><font color=\"#009900\"><strong>ASAJA RECLAMA AL GOBIERNO ESPA&#209;OL FIRMEZA EN LA DEFENSA DEL ACTUAL MODELO EUROPEO DE AGRICULTURA<\/strong><\/font> <\/font>\n<\/p>\n<p align=\"center\"><font size=\"2\"><\/font>\n<\/p>\n<p align=\"justify\"><font size=\"2\">Madrid, 11 de mayor de 2005.- La reciente aprobaci&#243;n por parte de la Comisi&#243;n temporal sobre Perspectivas Financieras del Parlamento Europeo de la cofinanciaci&#243;n de las ayudas agr&#237;colas para el per&#237;odo 2007 &#8211; 2013 merece el mas absoluto rechazo por parte de ASAJA. En este sentido, &#233;sta Organizaci&#243;n exige al Gobierno y a los grupos pol&#237;ticos espa&#241;oles presentes en el Parlamento Europeo que voten en contra de &#233;sta propuesta en el Pleno que tendr&#225; lugar a comienzos del mes de junio. <\/font>\n<\/p>\n<p align=\"justify\"><font size=\"2\"><\/font>\n<\/p>\n<p align=\"justify\"><font size=\"2\">El informe del eurodiputado alem&#225;n Boge constituye un ataque a la l&#237;nea de flotaci&#243;n de la &#250;nica Pol&#237;tica realmente Com&#250;n de la Uni&#243;n Europea, consagrada en el propio Tratado de Roma, y supondr&#237;a la desaparici&#243;n de los principios de la propia Comunidad Europea, tales como la equiparaci&#243;n de las rentas de los agricultores al resto de la sociedad o la solidaridad financiera. <\/font>\n<\/p>\n<p align=\"justify\"><font size=\"2\"><\/font>\n<\/p>\n<p align=\"justify\"><font size=\"2\">Esta propuesta va, adem&#225;s, en contra de lo acordado por los Jefes de Estado y presidentes de Gobierno en Cumbre europea de octubre de 2002, en la que se decidi&#243; el gasto agr&#237;cola para la UE a 25 hasta el 2013 y donde no se contemplaba la entrada de nuevos pa&#237;ses en la UE, como Bulgaria o Rumania y eventualmente Croacia. En opini&#243;n de ASAJA, estas nuevas incorporaciones deben tener un presupuesto adicional, sufragado por todos los europeos y no solo por los agricultores. <\/font>\n<\/p>\n<p align=\"justify\"><font size=\"2\"><\/font>\n<\/p>\n<p align=\"justify\"><font size=\"2\">ASAJA recuerda que, en contra la tesis del Sr. Boge quien sostiene que <i>\u00bb la agricultura sigue representando un volumen desproporcionado de cr&#233;ditos<\/i>\u00ab, los gastos de la Pol&#237;tica Agraria de la UE representan menos del 0.5% del PIB comunitario (muy por debajo del 5% que aporta la agricultura a dicho P.I.B.), mientras que garantiza la soberan&#237;a alimentaria europea, con unos elevados requisitos en materia ambiental, de bienestar animal, trazabilidad y calidad de los productos agroalimentarios europeos, a la vez que ocupa el 80 % del territorio de la Uni&#243;n, siendo el principal garante del entorno y el medio natural. <\/font>\n<\/p>\n<p align=\"justify\"><font size=\"2\"><\/font>\n<\/p>\n<p align=\"justify\"><font size=\"2\">La propuesta de Boge introduce la renacionalizaci&#243;n de la PAC, principal peligro para Espa&#241;a, que va a ver mermados los ingresos procedentes de la Uni&#243;n Europea como consecuencia de la ampliaci&#243;n de la UE y de las propuestas en materia de perspectivas financieras que afectan, no solo a la agricultura sino tambi&#233;n a los fondos estructurales y el fondo de cohesi&#243;n. Y esta renacionalizaci&#243;n no afecta solo al Gobierno central sino tambi&#233;n a las Autonom&#237;as que deber&#225;n participar en la financiaci&#243;n de las ayudas agr&#237;colas, por lo que el rechazo a la propuesta debe ser un&#225;nime y por parte de todos los grupos pol&#237;ticos representados en el Parlamento Europeo. <\/font>\n<\/p>\n<p align=\"justify\"><font size=\"2\"><\/font>\n<\/p>\n<p align=\"justify\"><font size=\"2\">En cuanto al Gobierno central, este asunto debe ser tratado como cuesti&#243;n de Estado ya que la agricultura espa&#241;ola ser&#225; la principal perjudicada. Si bien Francia ser&#237;a el pa&#237;s que m&#225;s ver&#237;a recortadas las ayudas de la UE en t&#233;rminos absolutos, si las p&#233;rdidas las computamos en relaci&#243;n con el volumen anual de ayudas de la PAC, resulta que Espa&#241;a es, de lejos, la principal afectada, situaci&#243;n que se agrava con la aplicaci&#243;n de la reforma de la PAC que prev&#233; serios recortes en las rentas de los agricultores y ganaderos espa&#241;oles. <\/font>\n<\/p>\n<p align=\"justify\"><font size=\"2\"><\/font>\n<\/p>\n<p align=\"justify\"><font size=\"2\">Esta circunstancia debe tenerse muy presente por parte del gobierno de Espa&#241;a que tiene que buscar alianzas firmes para evitar que esta propuesta prospere en el seno de la Uni&#243;n y se mantenga el cumplimiento de los compromisos adoptados en octubre de 2002 y el respeto de los principios de la Uni&#243;n Europea, y por tanto, de la PAC.<\/font><font size=\"2\"> <\/font>\n<\/p>\n<p align=\"justify\"><font size=\"2\"><\/font><\/p>\n","protected":false},"excerpt":{"rendered":"<p>El rechazo a la cofinanciaci&#243;n de las ayudas agr&#237;colas debe ser cuesti&#243;n de Estado<\/p>\n","protected":false},"author":3,"featured_media":8174,"comment_status":"open","ping_status":"open","sticky":false,"template":"","format":"standard","meta":{"footnotes":""},"categories":[4,9],"tags":[],"yoast_head":"<!-- This site is optimized with the Yoast SEO plugin v24.5 - https:\/\/yoast.com\/wordpress\/plugins\/seo\/ -->\n<title>ASAJA RECLAMA AL GOBIERNO ESPA&#209;OL FIRMEZA EN LA DEFENSA DEL ACTUAL MODELO EUROPEO DE AGRICULTURA - ASAJA Le\u00f3n<\/title>\n<meta name=\"description\" content=\"El rechazo a la cofinanciaci&#243;n de las ayudas agr&#237;colas debe ser cuesti&#243;n de Estado\" \/>\n<meta name=\"robots\" content=\"index, follow, max-snippet:-1, max-image-preview:large, max-video-preview:-1\" \/>\n<link rel=\"canonical\" href=\"https:\/\/www.asajacyl.com\/leon\/asaja-leon-informa\/asaja-reclama-al-gobierno-espaol-firmeza-en-la-defensa-del-actual-modelo-europeo-de-agricultura\" \/>\n<meta property=\"og:locale\" content=\"es_ES\" \/>\n<meta property=\"og:type\" content=\"article\" \/>\n<meta property=\"og:title\" content=\"ASAJA RECLAMA AL GOBIERNO ESPA&#209;OL FIRMEZA EN LA DEFENSA DEL ACTUAL MODELO EUROPEO DE AGRICULTURA - ASAJA Le\u00f3n\" \/>\n<meta property=\"og:description\" content=\"El rechazo a la cofinanciaci&#243;n de las ayudas agr&#237;colas debe ser cuesti&#243;n de Estado\" \/>\n<meta property=\"og:url\" content=\"https:\/\/www.asajacyl.com\/leon\/asaja-leon-informa\/asaja-reclama-al-gobierno-espaol-firmeza-en-la-defensa-del-actual-modelo-europeo-de-agricultura\" \/>\n<meta property=\"og:site_name\" content=\"ASAJA Le\u00f3n\" \/>\n<meta property=\"article:published_time\" content=\"2005-05-11T22:00:00+00:00\" \/>\n<meta property=\"og:image\" content=\"https:\/\/www.asajacyl.com\/leon\/wp-content\/uploads\/sites\/6\/2017\/11\/im_predefinida_1920x1080.jpg\" \/>\n\t<meta property=\"og:image:width\" content=\"1920\" \/>\n\t<meta property=\"og:image:height\" content=\"1080\" \/>\n\t<meta property=\"og:image:type\" content=\"image\/jpeg\" \/>\n<meta name=\"author\" content=\"Editor\" \/>\n<meta name=\"twitter:card\" content=\"summary_large_image\" \/>\n<meta name=\"twitter:label1\" content=\"Escrito por\" \/>\n\t<meta name=\"twitter:data1\" content=\"Editor\" \/>\n\t<meta name=\"twitter:label2\" content=\"Tiempo de lectura\" \/>\n\t<meta name=\"twitter:data2\" content=\"3 minutos\" \/>\n<script type=\"application\/ld+json\" class=\"yoast-schema-graph\">{\"@context\":\"https:\/\/schema.org\",\"@graph\":[{\"@type\":\"WebPage\",\"@id\":\"https:\/\/www.asajacyl.com\/leon\/asaja-leon-informa\/asaja-reclama-al-gobierno-espaol-firmeza-en-la-defensa-del-actual-modelo-europeo-de-agricultura\",\"url\":\"https:\/\/www.asajacyl.com\/leon\/asaja-leon-informa\/asaja-reclama-al-gobierno-espaol-firmeza-en-la-defensa-del-actual-modelo-europeo-de-agricultura\",\"name\":\"ASAJA RECLAMA AL GOBIERNO ESPA&#209;OL FIRMEZA EN LA DEFENSA DEL ACTUAL MODELO EUROPEO DE AGRICULTURA - ASAJA Le\u00f3n\",\"isPartOf\":{\"@id\":\"https:\/\/www.asajacyl.com\/leon\/#website\"},\"primaryImageOfPage\":{\"@id\":\"https:\/\/www.asajacyl.com\/leon\/asaja-leon-informa\/asaja-reclama-al-gobierno-espaol-firmeza-en-la-defensa-del-actual-modelo-europeo-de-agricultura#primaryimage\"},\"image\":{\"@id\":\"https:\/\/www.asajacyl.com\/leon\/asaja-leon-informa\/asaja-reclama-al-gobierno-espaol-firmeza-en-la-defensa-del-actual-modelo-europeo-de-agricultura#primaryimage\"},\"thumbnailUrl\":\"https:\/\/www.asajacyl.com\/leon\/wp-content\/uploads\/sites\/6\/2017\/11\/im_predefinida_1920x1080.jpg\",\"datePublished\":\"2005-05-11T22:00:00+00:00\",\"author\":{\"@id\":\"https:\/\/www.asajacyl.com\/leon\/#\/schema\/person\/7e884476cee132331142e8ac9689f20c\"},\"description\":\"El rechazo a la cofinanciaci&#243;n de las ayudas agr&#237;colas debe ser cuesti&#243;n de Estado\",\"breadcrumb\":{\"@id\":\"https:\/\/www.asajacyl.com\/leon\/asaja-leon-informa\/asaja-reclama-al-gobierno-espaol-firmeza-en-la-defensa-del-actual-modelo-europeo-de-agricultura#breadcrumb\"},\"inLanguage\":\"es\",\"potentialAction\":[{\"@type\":\"ReadAction\",\"target\":[\"https:\/\/www.asajacyl.com\/leon\/asaja-leon-informa\/asaja-reclama-al-gobierno-espaol-firmeza-en-la-defensa-del-actual-modelo-europeo-de-agricultura\"]}]},{\"@type\":\"ImageObject\",\"inLanguage\":\"es\",\"@id\":\"https:\/\/www.asajacyl.com\/leon\/asaja-leon-informa\/asaja-reclama-al-gobierno-espaol-firmeza-en-la-defensa-del-actual-modelo-europeo-de-agricultura#primaryimage\",\"url\":\"https:\/\/www.asajacyl.com\/leon\/wp-content\/uploads\/sites\/6\/2017\/11\/im_predefinida_1920x1080.jpg\",\"contentUrl\":\"https:\/\/www.asajacyl.com\/leon\/wp-content\/uploads\/sites\/6\/2017\/11\/im_predefinida_1920x1080.jpg\",\"width\":1920,\"height\":1080,\"caption\":\"Logotipo ASAJA Le\u00f3n\"},{\"@type\":\"BreadcrumbList\",\"@id\":\"https:\/\/www.asajacyl.com\/leon\/asaja-leon-informa\/asaja-reclama-al-gobierno-espaol-firmeza-en-la-defensa-del-actual-modelo-europeo-de-agricultura#breadcrumb\",\"itemListElement\":[{\"@type\":\"ListItem\",\"position\":1,\"name\":\"Portada\",\"item\":\"https:\/\/www.asajacyl.com\/leon\/\"},{\"@type\":\"ListItem\",\"position\":2,\"name\":\"ASAJA RECLAMA AL GOBIERNO ESPA&#209;OL FIRMEZA EN LA DEFENSA DEL ACTUAL MODELO EUROPEO DE AGRICULTURA\"}]},{\"@type\":\"WebSite\",\"@id\":\"https:\/\/www.asajacyl.com\/leon\/#website\",\"url\":\"https:\/\/www.asajacyl.com\/leon\/\",\"name\":\"ASAJA Le\u00f3n\",\"description\":\"Otro sitio m\u00e1s de Provincias ASAJA Castilla y Le\u00f3n\",\"potentialAction\":[{\"@type\":\"SearchAction\",\"target\":{\"@type\":\"EntryPoint\",\"urlTemplate\":\"https:\/\/www.asajacyl.com\/leon\/?s={search_term_string}\"},\"query-input\":{\"@type\":\"PropertyValueSpecification\",\"valueRequired\":true,\"valueName\":\"search_term_string\"}}],\"inLanguage\":\"es\"},{\"@type\":\"Person\",\"@id\":\"https:\/\/www.asajacyl.com\/leon\/#\/schema\/person\/7e884476cee132331142e8ac9689f20c\",\"name\":\"Editor\",\"image\":{\"@type\":\"ImageObject\",\"inLanguage\":\"es\",\"@id\":\"https:\/\/www.asajacyl.com\/leon\/#\/schema\/person\/image\/\",\"url\":\"https:\/\/secure.gravatar.com\/avatar\/a2ef43c165669686cfcfb0e1ffa59869?s=96&d=mm&r=g\",\"contentUrl\":\"https:\/\/secure.gravatar.com\/avatar\/a2ef43c165669686cfcfb0e1ffa59869?s=96&d=mm&r=g\",\"caption\":\"Editor\"},\"url\":\"https:\/\/www.asajacyl.com\/leon\/author\/oscargg\"}]}<\/script>\n<!-- \/ Yoast SEO plugin. -->","yoast_head_json":{"title":"ASAJA RECLAMA AL GOBIERNO ESPA&#209;OL FIRMEZA EN LA DEFENSA DEL ACTUAL MODELO EUROPEO DE AGRICULTURA - ASAJA Le\u00f3n","description":"El rechazo a la cofinanciaci&#243;n de las ayudas agr&#237;colas debe ser cuesti&#243;n de Estado","robots":{"index":"index","follow":"follow","max-snippet":"max-snippet:-1","max-image-preview":"max-image-preview:large","max-video-preview":"max-video-preview:-1"},"canonical":"https:\/\/www.asajacyl.com\/leon\/asaja-leon-informa\/asaja-reclama-al-gobierno-espaol-firmeza-en-la-defensa-del-actual-modelo-europeo-de-agricultura","og_locale":"es_ES","og_type":"article","og_title":"ASAJA RECLAMA AL GOBIERNO ESPA&#209;OL FIRMEZA EN LA DEFENSA DEL ACTUAL MODELO EUROPEO DE AGRICULTURA - ASAJA Le\u00f3n","og_description":"El rechazo a la cofinanciaci&#243;n de las ayudas agr&#237;colas debe ser cuesti&#243;n de Estado","og_url":"https:\/\/www.asajacyl.com\/leon\/asaja-leon-informa\/asaja-reclama-al-gobierno-espaol-firmeza-en-la-defensa-del-actual-modelo-europeo-de-agricultura","og_site_name":"ASAJA Le\u00f3n","article_published_time":"2005-05-11T22:00:00+00:00","og_image":[{"width":1920,"height":1080,"url":"https:\/\/www.asajacyl.com\/leon\/wp-content\/uploads\/sites\/6\/2017\/11\/im_predefinida_1920x1080.jpg","type":"image\/jpeg"}],"author":"Editor","twitter_card":"summary_large_image","twitter_misc":{"Escrito por":"Editor","Tiempo de lectura":"3 minutos"},"schema":{"@context":"https:\/\/schema.org","@graph":[{"@type":"WebPage","@id":"https:\/\/www.asajacyl.com\/leon\/asaja-leon-informa\/asaja-reclama-al-gobierno-espaol-firmeza-en-la-defensa-del-actual-modelo-europeo-de-agricultura","url":"https:\/\/www.asajacyl.com\/leon\/asaja-leon-informa\/asaja-reclama-al-gobierno-espaol-firmeza-en-la-defensa-del-actual-modelo-europeo-de-agricultura","name":"ASAJA RECLAMA AL GOBIERNO ESPA&#209;OL FIRMEZA EN LA DEFENSA DEL ACTUAL MODELO EUROPEO DE AGRICULTURA - ASAJA Le\u00f3n","isPartOf":{"@id":"https:\/\/www.asajacyl.com\/leon\/#website"},"primaryImageOfPage":{"@id":"https:\/\/www.asajacyl.com\/leon\/asaja-leon-informa\/asaja-reclama-al-gobierno-espaol-firmeza-en-la-defensa-del-actual-modelo-europeo-de-agricultura#primaryimage"},"image":{"@id":"https:\/\/www.asajacyl.com\/leon\/asaja-leon-informa\/asaja-reclama-al-gobierno-espaol-firmeza-en-la-defensa-del-actual-modelo-europeo-de-agricultura#primaryimage"},"thumbnailUrl":"https:\/\/www.asajacyl.com\/leon\/wp-content\/uploads\/sites\/6\/2017\/11\/im_predefinida_1920x1080.jpg","datePublished":"2005-05-11T22:00:00+00:00","author":{"@id":"https:\/\/www.asajacyl.com\/leon\/#\/schema\/person\/7e884476cee132331142e8ac9689f20c"},"description":"El rechazo a la cofinanciaci&#243;n de las ayudas agr&#237;colas debe ser cuesti&#243;n de Estado","breadcrumb":{"@id":"https:\/\/www.asajacyl.com\/leon\/asaja-leon-informa\/asaja-reclama-al-gobierno-espaol-firmeza-en-la-defensa-del-actual-modelo-europeo-de-agricultura#breadcrumb"},"inLanguage":"es","potentialAction":[{"@type":"ReadAction","target":["https:\/\/www.asajacyl.com\/leon\/asaja-leon-informa\/asaja-reclama-al-gobierno-espaol-firmeza-en-la-defensa-del-actual-modelo-europeo-de-agricultura"]}]},{"@type":"ImageObject","inLanguage":"es","@id":"https:\/\/www.asajacyl.com\/leon\/asaja-leon-informa\/asaja-reclama-al-gobierno-espaol-firmeza-en-la-defensa-del-actual-modelo-europeo-de-agricultura#primaryimage","url":"https:\/\/www.asajacyl.com\/leon\/wp-content\/uploads\/sites\/6\/2017\/11\/im_predefinida_1920x1080.jpg","contentUrl":"https:\/\/www.asajacyl.com\/leon\/wp-content\/uploads\/sites\/6\/2017\/11\/im_predefinida_1920x1080.jpg","width":1920,"height":1080,"caption":"Logotipo ASAJA Le\u00f3n"},{"@type":"BreadcrumbList","@id":"https:\/\/www.asajacyl.com\/leon\/asaja-leon-informa\/asaja-reclama-al-gobierno-espaol-firmeza-en-la-defensa-del-actual-modelo-europeo-de-agricultura#breadcrumb","itemListElement":[{"@type":"ListItem","position":1,"name":"Portada","item":"https:\/\/www.asajacyl.com\/leon\/"},{"@type":"ListItem","position":2,"name":"ASAJA RECLAMA AL GOBIERNO ESPA&#209;OL FIRMEZA EN LA DEFENSA DEL ACTUAL MODELO EUROPEO DE AGRICULTURA"}]},{"@type":"WebSite","@id":"https:\/\/www.asajacyl.com\/leon\/#website","url":"https:\/\/www.asajacyl.com\/leon\/","name":"ASAJA Le\u00f3n","description":"Otro sitio m\u00e1s de Provincias ASAJA Castilla y Le\u00f3n","potentialAction":[{"@type":"SearchAction","target":{"@type":"EntryPoint","urlTemplate":"https:\/\/www.asajacyl.com\/leon\/?s={search_term_string}"},"query-input":{"@type":"PropertyValueSpecification","valueRequired":true,"valueName":"search_term_string"}}],"inLanguage":"es"},{"@type":"Person","@id":"https:\/\/www.asajacyl.com\/leon\/#\/schema\/person\/7e884476cee132331142e8ac9689f20c","name":"Editor","image":{"@type":"ImageObject","inLanguage":"es","@id":"https:\/\/www.asajacyl.com\/leon\/#\/schema\/person\/image\/","url":"https:\/\/secure.gravatar.com\/avatar\/a2ef43c165669686cfcfb0e1ffa59869?s=96&d=mm&r=g","contentUrl":"https:\/\/secure.gravatar.com\/avatar\/a2ef43c165669686cfcfb0e1ffa59869?s=96&d=mm&r=g","caption":"Editor"},"url":"https:\/\/www.asajacyl.com\/leon\/author\/oscargg"}]}},"_links":{"self":[{"href":"https:\/\/www.asajacyl.com\/leon\/wp-json\/wp\/v2\/posts\/7921"}],"collection":[{"href":"https:\/\/www.asajacyl.com\/leon\/wp-json\/wp\/v2\/posts"}],"about":[{"href":"https:\/\/www.asajacyl.com\/leon\/wp-json\/wp\/v2\/types\/post"}],"author":[{"embeddable":true,"href":"https:\/\/www.asajacyl.com\/leon\/wp-json\/wp\/v2\/users\/3"}],"replies":[{"embeddable":true,"href":"https:\/\/www.asajacyl.com\/leon\/wp-json\/wp\/v2\/comments?post=7921"}],"version-history":[{"count":0,"href":"https:\/\/www.asajacyl.com\/leon\/wp-json\/wp\/v2\/posts\/7921\/revisions"}],"wp:featuredmedia":[{"embeddable":true,"href":"https:\/\/www.asajacyl.com\/leon\/wp-json\/wp\/v2\/media\/8174"}],"wp:attachment":[{"href":"https:\/\/www.asajacyl.com\/leon\/wp-json\/wp\/v2\/media?parent=7921"}],"wp:term":[{"taxonomy":"category","embeddable":true,"href":"https:\/\/www.asajacyl.com\/leon\/wp-json\/wp\/v2\/categories?post=7921"},{"taxonomy":"post_tag","embeddable":true,"href":"https:\/\/www.asajacyl.com\/leon\/wp-json\/wp\/v2\/tags?post=7921"}],"curies":[{"name":"wp","href":"https:\/\/api.w.org\/{rel}","templated":true}]}}