{"id":7940,"date":"2005-03-01T00:00:00","date_gmt":"2005-02-28T23:00:00","guid":{"rendered":"http:\/\/www.asajacyl.com\/leon\/sin-categoria\/han-sido-norniella-y-espinosa-quienes-han-dejado-a-valn-con-las-vergenzas-al-aire-y-no-los-agricultores"},"modified":"2005-03-01T00:00:00","modified_gmt":"2005-02-28T23:00:00","slug":"han-sido-norniella-y-espinosa-quienes-han-dejado-a-valn-con-las-vergenzas-al-aire-y-no-los-agricultores","status":"publish","type":"post","link":"https:\/\/www.asajacyl.com\/leon\/asaja-leon-informa\/han-sido-norniella-y-espinosa-quienes-han-dejado-a-valn-con-las-vergenzas-al-aire-y-no-los-agricultores","title":{"rendered":"HAN SIDO NORNIELLA Y ESPINOSA QUIENES HAN DEJADO A VAL&#205;N \u00abCON LAS VERG&#220;ENZAS AL AIRE\u00bb, Y NO LOS AGRICULTORES"},"content":{"rendered":"<h2>La organizaci&#243;n agraria ASAJA de Castilla y Le&#243;n quiere salir al paso de las declaraciones del fin de semana del consejero de Agricultura y Ganader&#237;a de la Junta, Jos&#233; Val&#237;n, en las que culpaba al sector remolachero de haberle dejado \u00abcon las verg&#252;enzas al aire\u00bb al contratar con Azucarera Ebro remolacha a bajo precio (36 euros por tonelada).<\/h2>\n<p><b><\/p>\n<p align=\"center\"><font color=\"#009900\" size=\"2\">HAN SIDO NORNIELLA Y ESPINOSA QUIENES HAN DEJADO A VAL&#205;N \u00abCON LAS VERG&#220;ENZAS AL AIRE\u00bb, Y NO LOS AGRICULTORES<\/font><\/p>\n<p><\/b><font size=\"2\"> <\/font><\/p>\n<p align=\"justify\"><font size=\"2\">La organizaci&#243;n agraria ASAJA de Castilla y Le&#243;n quiere salir al paso de las declaraciones del fin de semana del consejero de Agricultura y Ganader&#237;a de la Junta, Jos&#233; Val&#237;n, en las que culpaba al sector remolachero de haberle dejado \u00abcon las verg&#252;enzas al aire\u00bb al contratar con Azucarera Ebro remolacha a bajo precio (36 euros por tonelada). La organizaci&#243;n agraria le exige a Val&#237;n que \u00abpique\u00bb m&#225;s alto, y que exija responsabilidades tanto el presidente de Azucarera Ebro, Jos&#233; Manuel Fern&#225;ndez Norniella, como a la ministra de Agricultura, Elena Espinosa. <\/font>\n<\/p>\n<p align=\"justify\"><font size=\"2\"><\/font>\n<\/p>\n<p align=\"justify\"><font size=\"2\">La responsabilidad del presidente de Ebro es evidente, pues ASAJA considera que una decisi&#243;n con tanta trascendencia pol&#237;tica y econ&#243;mica no se pudo tomar sin el consentimiento del presidente, y previsiblemente del propio Consejo de Administraci&#243;n, en el que se sientan destacados representantes de las cajas de ahorro de la regi&#243;n. Por otra parte, la responsabilidad de la ministra de Agricultura viene dada por su competencia en velar por el buen desarrollo de los acuerdos interprofesionales y el cumplimiento de los reglamentos europeos, y hasta la fecha el MAPA no ha decidido sobre el arbitraje que le ha pedido el sector productor al tomar decisiones Azucarera Ebro que contravienen el esp&#237;ritu y la letra del Acuerdo Marco Interprofesional remolachero (AMI) en vigor. <\/font>\n<\/p>\n<p align=\"justify\"><font size=\"2\"><\/font>\n<\/p>\n<p align=\"justify\"><font size=\"2\">ASAJA, que critic&#243; desde un primer momento la oferta de Azucarera Ebro de contratar remolacha a bajo precio, entiende, no obstante, y pide que el consejero lo entienda tambi&#233;n, la postura de los remolacheros de la regi&#243;n. El sector ha contratado este tipo de remolacha de bajo precio como una opci&#243;n casi desesperada de mantener la actividad en amplias zonas de regad&#237;o en las que se han hecho importantes inversiones coincidiendo con la ca&#237;da de precios de otros productos como las patatas o el ma&#237;z. Algo tendr&#225; que ver tambi&#233;n el consejero, y la administraci&#243;n agraria en general, en la cr&#237;tica situaci&#243;n que atraviesa el campo para que los remolacheros est&#233;n dispuestos a producir con m&#225;s costes que el a&#241;o anterior y cobrando por el producto un 25 por ciento menos. <\/font>\n<\/p>\n<p align=\"justify\"><font size=\"2\"><\/font>\n<\/p>\n<p align=\"justify\"><font size=\"2\">ASAJA exige a Elena Espinosa y a Jos&#233; Val&#237;n que reconduzcan esta situaci&#243;n haciendo valer los acuerdos interprofesionales establecidos al amparo de una Ley del Estado Espa&#241;ol, y que garanticen una defensa firme de nuestros intereses en Bruselas en una negociaci&#243;n que, siendo dif&#237;cil, se ha venido a complicar con los &#250;ltimos acontecimientos. <\/font>\n<\/p>\n<p><font size=\"2\">&#160; <\/font>\n<\/p>\n<p align=\"right\"><font size=\"2\">Le&#243;n a 28 de Febrero de 2005<\/font><\/p>\n","protected":false},"excerpt":{"rendered":"<p>La organizaci&#243;n agraria ASAJA de Castilla y Le&#243;n quiere salir al paso de las declaraciones del fin de semana del consejero de Agricultura y Ganader&#237;a de la Junta, Jos&#233; Val&#237;n, en las que culpaba al sector remolachero de haberle dejado \u00abcon las verg&#252;enzas al aire\u00bb al contratar con Azucarera Ebro remolacha a bajo precio (36 euros por tonelada).<\/p>\n","protected":false},"author":3,"featured_media":8174,"comment_status":"open","ping_status":"open","sticky":false,"template":"","format":"standard","meta":{"footnotes":""},"categories":[4,9],"tags":[],"yoast_head":"<!-- This site is optimized with the Yoast SEO plugin v24.5 - https:\/\/yoast.com\/wordpress\/plugins\/seo\/ -->\n<title>HAN SIDO NORNIELLA Y ESPINOSA QUIENES HAN DEJADO A VAL&#205;N &quot;CON LAS VERG&#220;ENZAS AL AIRE&quot;, Y NO LOS AGRICULTORES - ASAJA Le\u00f3n<\/title>\n<meta name=\"description\" content=\"La organizaci&#243;n agraria ASAJA de Castilla y Le&#243;n quiere salir al paso de las declaraciones del fin de semana del consejero de Agricultura y Ganader&#237;a de la Junta, Jos&#233; Val&#237;n, en las que culpaba al sector remolachero de haberle dejado &quot;con las verg&#252;enzas al aire&quot; al contratar con Azucarera Ebro remolacha a bajo precio (36 euros por tonelada).\" \/>\n<meta name=\"robots\" content=\"index, follow, max-snippet:-1, max-image-preview:large, max-video-preview:-1\" \/>\n<link rel=\"canonical\" href=\"https:\/\/www.asajacyl.com\/leon\/asaja-leon-informa\/han-sido-norniella-y-espinosa-quienes-han-dejado-a-valn-con-las-vergenzas-al-aire-y-no-los-agricultores\" \/>\n<meta property=\"og:locale\" content=\"es_ES\" \/>\n<meta property=\"og:type\" content=\"article\" \/>\n<meta property=\"og:title\" content=\"HAN SIDO NORNIELLA Y ESPINOSA QUIENES HAN DEJADO A VAL&#205;N &quot;CON LAS VERG&#220;ENZAS AL AIRE&quot;, Y NO LOS AGRICULTORES - ASAJA Le\u00f3n\" \/>\n<meta property=\"og:description\" content=\"La organizaci&#243;n agraria ASAJA de Castilla y Le&#243;n quiere salir al paso de las declaraciones del fin de semana del consejero de Agricultura y Ganader&#237;a de la Junta, Jos&#233; Val&#237;n, en las que culpaba al sector remolachero de haberle dejado &quot;con las verg&#252;enzas al aire&quot; al contratar con Azucarera Ebro remolacha a bajo precio (36 euros por tonelada).\" \/>\n<meta property=\"og:url\" content=\"https:\/\/www.asajacyl.com\/leon\/asaja-leon-informa\/han-sido-norniella-y-espinosa-quienes-han-dejado-a-valn-con-las-vergenzas-al-aire-y-no-los-agricultores\" \/>\n<meta property=\"og:site_name\" content=\"ASAJA Le\u00f3n\" \/>\n<meta property=\"article:published_time\" content=\"2005-02-28T23:00:00+00:00\" \/>\n<meta property=\"og:image\" content=\"https:\/\/www.asajacyl.com\/leon\/wp-content\/uploads\/sites\/6\/2017\/11\/im_predefinida_1920x1080.jpg\" \/>\n\t<meta property=\"og:image:width\" content=\"1920\" \/>\n\t<meta property=\"og:image:height\" content=\"1080\" \/>\n\t<meta property=\"og:image:type\" content=\"image\/jpeg\" \/>\n<meta name=\"author\" content=\"Editor\" \/>\n<meta name=\"twitter:card\" content=\"summary_large_image\" \/>\n<meta name=\"twitter:label1\" content=\"Escrito por\" \/>\n\t<meta name=\"twitter:data1\" content=\"Editor\" \/>\n\t<meta name=\"twitter:label2\" content=\"Tiempo de lectura\" \/>\n\t<meta name=\"twitter:data2\" content=\"3 minutos\" \/>\n<script type=\"application\/ld+json\" class=\"yoast-schema-graph\">{\"@context\":\"https:\/\/schema.org\",\"@graph\":[{\"@type\":\"WebPage\",\"@id\":\"https:\/\/www.asajacyl.com\/leon\/asaja-leon-informa\/han-sido-norniella-y-espinosa-quienes-han-dejado-a-valn-con-las-vergenzas-al-aire-y-no-los-agricultores\",\"url\":\"https:\/\/www.asajacyl.com\/leon\/asaja-leon-informa\/han-sido-norniella-y-espinosa-quienes-han-dejado-a-valn-con-las-vergenzas-al-aire-y-no-los-agricultores\",\"name\":\"HAN SIDO NORNIELLA Y ESPINOSA QUIENES HAN DEJADO A VAL&#205;N \\\"CON LAS VERG&#220;ENZAS AL AIRE\\\", Y NO LOS AGRICULTORES - ASAJA Le\u00f3n\",\"isPartOf\":{\"@id\":\"https:\/\/www.asajacyl.com\/leon\/#website\"},\"primaryImageOfPage\":{\"@id\":\"https:\/\/www.asajacyl.com\/leon\/asaja-leon-informa\/han-sido-norniella-y-espinosa-quienes-han-dejado-a-valn-con-las-vergenzas-al-aire-y-no-los-agricultores#primaryimage\"},\"image\":{\"@id\":\"https:\/\/www.asajacyl.com\/leon\/asaja-leon-informa\/han-sido-norniella-y-espinosa-quienes-han-dejado-a-valn-con-las-vergenzas-al-aire-y-no-los-agricultores#primaryimage\"},\"thumbnailUrl\":\"https:\/\/www.asajacyl.com\/leon\/wp-content\/uploads\/sites\/6\/2017\/11\/im_predefinida_1920x1080.jpg\",\"datePublished\":\"2005-02-28T23:00:00+00:00\",\"author\":{\"@id\":\"https:\/\/www.asajacyl.com\/leon\/#\/schema\/person\/7e884476cee132331142e8ac9689f20c\"},\"description\":\"La organizaci&#243;n agraria ASAJA de Castilla y Le&#243;n quiere salir al paso de las declaraciones del fin de semana del consejero de Agricultura y Ganader&#237;a de la Junta, Jos&#233; Val&#237;n, en las que culpaba al sector remolachero de haberle dejado \\\"con las verg&#252;enzas al aire\\\" al contratar con Azucarera Ebro remolacha a bajo precio (36 euros por tonelada).\",\"breadcrumb\":{\"@id\":\"https:\/\/www.asajacyl.com\/leon\/asaja-leon-informa\/han-sido-norniella-y-espinosa-quienes-han-dejado-a-valn-con-las-vergenzas-al-aire-y-no-los-agricultores#breadcrumb\"},\"inLanguage\":\"es\",\"potentialAction\":[{\"@type\":\"ReadAction\",\"target\":[\"https:\/\/www.asajacyl.com\/leon\/asaja-leon-informa\/han-sido-norniella-y-espinosa-quienes-han-dejado-a-valn-con-las-vergenzas-al-aire-y-no-los-agricultores\"]}]},{\"@type\":\"ImageObject\",\"inLanguage\":\"es\",\"@id\":\"https:\/\/www.asajacyl.com\/leon\/asaja-leon-informa\/han-sido-norniella-y-espinosa-quienes-han-dejado-a-valn-con-las-vergenzas-al-aire-y-no-los-agricultores#primaryimage\",\"url\":\"https:\/\/www.asajacyl.com\/leon\/wp-content\/uploads\/sites\/6\/2017\/11\/im_predefinida_1920x1080.jpg\",\"contentUrl\":\"https:\/\/www.asajacyl.com\/leon\/wp-content\/uploads\/sites\/6\/2017\/11\/im_predefinida_1920x1080.jpg\",\"width\":1920,\"height\":1080,\"caption\":\"Logotipo ASAJA Le\u00f3n\"},{\"@type\":\"BreadcrumbList\",\"@id\":\"https:\/\/www.asajacyl.com\/leon\/asaja-leon-informa\/han-sido-norniella-y-espinosa-quienes-han-dejado-a-valn-con-las-vergenzas-al-aire-y-no-los-agricultores#breadcrumb\",\"itemListElement\":[{\"@type\":\"ListItem\",\"position\":1,\"name\":\"Portada\",\"item\":\"https:\/\/www.asajacyl.com\/leon\/\"},{\"@type\":\"ListItem\",\"position\":2,\"name\":\"HAN SIDO NORNIELLA Y ESPINOSA QUIENES HAN DEJADO A VAL&#205;N \u00abCON LAS VERG&#220;ENZAS AL AIRE\u00bb, Y NO LOS AGRICULTORES\"}]},{\"@type\":\"WebSite\",\"@id\":\"https:\/\/www.asajacyl.com\/leon\/#website\",\"url\":\"https:\/\/www.asajacyl.com\/leon\/\",\"name\":\"ASAJA Le\u00f3n\",\"description\":\"Otro sitio m\u00e1s de Provincias ASAJA Castilla y Le\u00f3n\",\"potentialAction\":[{\"@type\":\"SearchAction\",\"target\":{\"@type\":\"EntryPoint\",\"urlTemplate\":\"https:\/\/www.asajacyl.com\/leon\/?s={search_term_string}\"},\"query-input\":{\"@type\":\"PropertyValueSpecification\",\"valueRequired\":true,\"valueName\":\"search_term_string\"}}],\"inLanguage\":\"es\"},{\"@type\":\"Person\",\"@id\":\"https:\/\/www.asajacyl.com\/leon\/#\/schema\/person\/7e884476cee132331142e8ac9689f20c\",\"name\":\"Editor\",\"image\":{\"@type\":\"ImageObject\",\"inLanguage\":\"es\",\"@id\":\"https:\/\/www.asajacyl.com\/leon\/#\/schema\/person\/image\/\",\"url\":\"https:\/\/secure.gravatar.com\/avatar\/a2ef43c165669686cfcfb0e1ffa59869?s=96&d=mm&r=g\",\"contentUrl\":\"https:\/\/secure.gravatar.com\/avatar\/a2ef43c165669686cfcfb0e1ffa59869?s=96&d=mm&r=g\",\"caption\":\"Editor\"},\"url\":\"https:\/\/www.asajacyl.com\/leon\/author\/oscargg\"}]}<\/script>\n<!-- \/ Yoast SEO plugin. -->","yoast_head_json":{"title":"HAN SIDO NORNIELLA Y ESPINOSA QUIENES HAN DEJADO A VAL&#205;N \"CON LAS VERG&#220;ENZAS AL AIRE\", Y NO LOS AGRICULTORES - ASAJA Le\u00f3n","description":"La organizaci&#243;n agraria ASAJA de Castilla y Le&#243;n quiere salir al paso de las declaraciones del fin de semana del consejero de Agricultura y Ganader&#237;a de la Junta, Jos&#233; Val&#237;n, en las que culpaba al sector remolachero de haberle dejado \"con las verg&#252;enzas al aire\" al contratar con Azucarera Ebro remolacha a bajo precio (36 euros por tonelada).","robots":{"index":"index","follow":"follow","max-snippet":"max-snippet:-1","max-image-preview":"max-image-preview:large","max-video-preview":"max-video-preview:-1"},"canonical":"https:\/\/www.asajacyl.com\/leon\/asaja-leon-informa\/han-sido-norniella-y-espinosa-quienes-han-dejado-a-valn-con-las-vergenzas-al-aire-y-no-los-agricultores","og_locale":"es_ES","og_type":"article","og_title":"HAN SIDO NORNIELLA Y ESPINOSA QUIENES HAN DEJADO A VAL&#205;N \"CON LAS VERG&#220;ENZAS AL AIRE\", Y NO LOS AGRICULTORES - ASAJA Le\u00f3n","og_description":"La organizaci&#243;n agraria ASAJA de Castilla y Le&#243;n quiere salir al paso de las declaraciones del fin de semana del consejero de Agricultura y Ganader&#237;a de la Junta, Jos&#233; Val&#237;n, en las que culpaba al sector remolachero de haberle dejado \"con las verg&#252;enzas al aire\" al contratar con Azucarera Ebro remolacha a bajo precio (36 euros por tonelada).","og_url":"https:\/\/www.asajacyl.com\/leon\/asaja-leon-informa\/han-sido-norniella-y-espinosa-quienes-han-dejado-a-valn-con-las-vergenzas-al-aire-y-no-los-agricultores","og_site_name":"ASAJA Le\u00f3n","article_published_time":"2005-02-28T23:00:00+00:00","og_image":[{"width":1920,"height":1080,"url":"https:\/\/www.asajacyl.com\/leon\/wp-content\/uploads\/sites\/6\/2017\/11\/im_predefinida_1920x1080.jpg","type":"image\/jpeg"}],"author":"Editor","twitter_card":"summary_large_image","twitter_misc":{"Escrito por":"Editor","Tiempo de lectura":"3 minutos"},"schema":{"@context":"https:\/\/schema.org","@graph":[{"@type":"WebPage","@id":"https:\/\/www.asajacyl.com\/leon\/asaja-leon-informa\/han-sido-norniella-y-espinosa-quienes-han-dejado-a-valn-con-las-vergenzas-al-aire-y-no-los-agricultores","url":"https:\/\/www.asajacyl.com\/leon\/asaja-leon-informa\/han-sido-norniella-y-espinosa-quienes-han-dejado-a-valn-con-las-vergenzas-al-aire-y-no-los-agricultores","name":"HAN SIDO NORNIELLA Y ESPINOSA QUIENES HAN DEJADO A VAL&#205;N \"CON LAS VERG&#220;ENZAS AL AIRE\", Y NO LOS AGRICULTORES - ASAJA Le\u00f3n","isPartOf":{"@id":"https:\/\/www.asajacyl.com\/leon\/#website"},"primaryImageOfPage":{"@id":"https:\/\/www.asajacyl.com\/leon\/asaja-leon-informa\/han-sido-norniella-y-espinosa-quienes-han-dejado-a-valn-con-las-vergenzas-al-aire-y-no-los-agricultores#primaryimage"},"image":{"@id":"https:\/\/www.asajacyl.com\/leon\/asaja-leon-informa\/han-sido-norniella-y-espinosa-quienes-han-dejado-a-valn-con-las-vergenzas-al-aire-y-no-los-agricultores#primaryimage"},"thumbnailUrl":"https:\/\/www.asajacyl.com\/leon\/wp-content\/uploads\/sites\/6\/2017\/11\/im_predefinida_1920x1080.jpg","datePublished":"2005-02-28T23:00:00+00:00","author":{"@id":"https:\/\/www.asajacyl.com\/leon\/#\/schema\/person\/7e884476cee132331142e8ac9689f20c"},"description":"La organizaci&#243;n agraria ASAJA de Castilla y Le&#243;n quiere salir al paso de las declaraciones del fin de semana del consejero de Agricultura y Ganader&#237;a de la Junta, Jos&#233; Val&#237;n, en las que culpaba al sector remolachero de haberle dejado \"con las verg&#252;enzas al aire\" al contratar con Azucarera Ebro remolacha a bajo precio (36 euros por tonelada).","breadcrumb":{"@id":"https:\/\/www.asajacyl.com\/leon\/asaja-leon-informa\/han-sido-norniella-y-espinosa-quienes-han-dejado-a-valn-con-las-vergenzas-al-aire-y-no-los-agricultores#breadcrumb"},"inLanguage":"es","potentialAction":[{"@type":"ReadAction","target":["https:\/\/www.asajacyl.com\/leon\/asaja-leon-informa\/han-sido-norniella-y-espinosa-quienes-han-dejado-a-valn-con-las-vergenzas-al-aire-y-no-los-agricultores"]}]},{"@type":"ImageObject","inLanguage":"es","@id":"https:\/\/www.asajacyl.com\/leon\/asaja-leon-informa\/han-sido-norniella-y-espinosa-quienes-han-dejado-a-valn-con-las-vergenzas-al-aire-y-no-los-agricultores#primaryimage","url":"https:\/\/www.asajacyl.com\/leon\/wp-content\/uploads\/sites\/6\/2017\/11\/im_predefinida_1920x1080.jpg","contentUrl":"https:\/\/www.asajacyl.com\/leon\/wp-content\/uploads\/sites\/6\/2017\/11\/im_predefinida_1920x1080.jpg","width":1920,"height":1080,"caption":"Logotipo ASAJA Le\u00f3n"},{"@type":"BreadcrumbList","@id":"https:\/\/www.asajacyl.com\/leon\/asaja-leon-informa\/han-sido-norniella-y-espinosa-quienes-han-dejado-a-valn-con-las-vergenzas-al-aire-y-no-los-agricultores#breadcrumb","itemListElement":[{"@type":"ListItem","position":1,"name":"Portada","item":"https:\/\/www.asajacyl.com\/leon\/"},{"@type":"ListItem","position":2,"name":"HAN SIDO NORNIELLA Y ESPINOSA QUIENES HAN DEJADO A VAL&#205;N \u00abCON LAS VERG&#220;ENZAS AL AIRE\u00bb, Y NO LOS AGRICULTORES"}]},{"@type":"WebSite","@id":"https:\/\/www.asajacyl.com\/leon\/#website","url":"https:\/\/www.asajacyl.com\/leon\/","name":"ASAJA Le\u00f3n","description":"Otro sitio m\u00e1s de Provincias ASAJA Castilla y Le\u00f3n","potentialAction":[{"@type":"SearchAction","target":{"@type":"EntryPoint","urlTemplate":"https:\/\/www.asajacyl.com\/leon\/?s={search_term_string}"},"query-input":{"@type":"PropertyValueSpecification","valueRequired":true,"valueName":"search_term_string"}}],"inLanguage":"es"},{"@type":"Person","@id":"https:\/\/www.asajacyl.com\/leon\/#\/schema\/person\/7e884476cee132331142e8ac9689f20c","name":"Editor","image":{"@type":"ImageObject","inLanguage":"es","@id":"https:\/\/www.asajacyl.com\/leon\/#\/schema\/person\/image\/","url":"https:\/\/secure.gravatar.com\/avatar\/a2ef43c165669686cfcfb0e1ffa59869?s=96&d=mm&r=g","contentUrl":"https:\/\/secure.gravatar.com\/avatar\/a2ef43c165669686cfcfb0e1ffa59869?s=96&d=mm&r=g","caption":"Editor"},"url":"https:\/\/www.asajacyl.com\/leon\/author\/oscargg"}]}},"_links":{"self":[{"href":"https:\/\/www.asajacyl.com\/leon\/wp-json\/wp\/v2\/posts\/7940"}],"collection":[{"href":"https:\/\/www.asajacyl.com\/leon\/wp-json\/wp\/v2\/posts"}],"about":[{"href":"https:\/\/www.asajacyl.com\/leon\/wp-json\/wp\/v2\/types\/post"}],"author":[{"embeddable":true,"href":"https:\/\/www.asajacyl.com\/leon\/wp-json\/wp\/v2\/users\/3"}],"replies":[{"embeddable":true,"href":"https:\/\/www.asajacyl.com\/leon\/wp-json\/wp\/v2\/comments?post=7940"}],"version-history":[{"count":0,"href":"https:\/\/www.asajacyl.com\/leon\/wp-json\/wp\/v2\/posts\/7940\/revisions"}],"wp:featuredmedia":[{"embeddable":true,"href":"https:\/\/www.asajacyl.com\/leon\/wp-json\/wp\/v2\/media\/8174"}],"wp:attachment":[{"href":"https:\/\/www.asajacyl.com\/leon\/wp-json\/wp\/v2\/media?parent=7940"}],"wp:term":[{"taxonomy":"category","embeddable":true,"href":"https:\/\/www.asajacyl.com\/leon\/wp-json\/wp\/v2\/categories?post=7940"},{"taxonomy":"post_tag","embeddable":true,"href":"https:\/\/www.asajacyl.com\/leon\/wp-json\/wp\/v2\/tags?post=7940"}],"curies":[{"name":"wp","href":"https:\/\/api.w.org\/{rel}","templated":true}]}}