{"id":7948,"date":"2005-01-28T00:00:00","date_gmt":"2005-01-27T23:00:00","guid":{"rendered":"http:\/\/www.asajacyl.com\/leon\/sin-categoria\/replica-de-asaja-a-la-nota-de-prensa-de-ugal"},"modified":"2005-01-28T00:00:00","modified_gmt":"2005-01-27T23:00:00","slug":"replica-de-asaja-a-la-nota-de-prensa-de-ugal","status":"publish","type":"post","link":"https:\/\/www.asajacyl.com\/leon\/asaja-leon-informa\/replica-de-asaja-a-la-nota-de-prensa-de-ugal","title":{"rendered":"REPLICA DE ASAJA A LA NOTA DE PRENSA DE UGAL"},"content":{"rendered":"<h2>Manifestaciones de ASAJA respecto a la nota de prensa enviada en el d&#237;a de ayer por Ugal a los medios de comunicaci&#243;n<\/h2>\n<p align=\"center\"><b><font face=\"Arial\"><font color=\"#009900\" size=\"2\">REPLICA DE ASAJA A LA NOTA DE PRENSA DE UGAL<\/font><\/font><\/b><font size=\"2\"> <\/font>\n<\/p>\n<p align=\"justify\"><font size=\"2\"><\/font>\n<\/p>\n<p align=\"justify\"><font size=\"2\">Respecto a la nota de prensa enviada en el d&#237;a de ayer por Ugal a los medios de comunicaci&#243;n, ASAJA desea manifestar lo siguiente: <\/font>\n<\/p>\n<p align=\"justify\"><font size=\"2\"><\/font><\/p>\n<ul>\n<p align=\"justify\"><font size=\"2\"><\/font><\/p>\n<li>\n<div align=\"justify\"><font size=\"2\">La propuesta de ASAJA de pedir la enajenaci&#243;n de las fincas r&#250;sticas de Diputaci&#243;n no es nueva, por lo que el lunes la petici&#243;n que se har&#225; en este sentido es tan solo un recordatorio de lo que piensa la organizaci&#243;n al respecto. Dicho extremo no se hab&#237;a consultado ni comunicado al Diputado del &#225;rea, a pesar de las buenas relaciones que se mantienen con &#233;l, pues ASAJA para manifestar su opini&#243;n en un tema de pol&#237;tica agraria no tiene que consultar con ninguna administraci&#243;n y menos con partidos pol&#237;ticos. <\/font><\/div>\n<p align=\"justify\"><font size=\"2\"><\/font>\n<\/p>\n<p align=\"justify\"><font size=\"2\"><\/font><\/p>\n<\/li>\n<li>\n<div align=\"justify\"><font size=\"2\">La inoperatividad de las fincas agr&#237;colas de Diputaci&#243;n se remonta al menos a las tres &#250;ltimas d&#233;cadas, periodo en el que Mat&#237;as Llorente ha tenido responsabilidades de gesti&#243;n primero y de oposici&#243;n despu&#233;s. ASAJA insiste en que en este periodo las fincas han sido un mal ejemplo para los agricultores y ganaderos, y no han reportado nada positivo al sector. A Mat&#237;as Llorente hay que atribuirle la compra de la finca de San Pedro Bercianos, una operaci&#243;n que adem&#225;s de rocambolesca como muchos seguimos recordando, siempre estuvo bajo sospecha. <\/font><\/div>\n<p align=\"justify\"><font size=\"2\"><\/font>\n<\/p>\n<p align=\"justify\"><font size=\"2\"><\/font><\/p>\n<\/li>\n<li>\n<div align=\"justify\"><font size=\"2\">ASAJA plantear&#225; en el Consejo Asesor las cuestiones que estime oportunas, independientemente que figuren o no en el orden del d&#237;a de la reuni&#243;n. Y todas ellas ser&#225;n cuestiones que preocupan a los agricultores profesionales de la provincia. <\/font><\/div>\n<p align=\"justify\"><font size=\"2\"><\/font>\n<\/p>\n<p align=\"justify\"><font size=\"2\"><\/font><\/p>\n<\/li>\n<li>\n<div align=\"justify\"><font size=\"2\">Respecto a la iniciativa de creaci&#243;n del Consejo Asesor, ASAJA no pretende atribuirse m&#233;rito alguno, pero no hay duda de que la idea surgi&#243; de ASAJA, y como tal puede demostrarlo. El 24 de enero de 2003, ASAJA celebr&#243; rueda de prensa para presentar el documento \u00abpropuestas de ASAJA de Le&#243;n a los partidos pol&#237;ticos de cara a los programas electorales de los comicios de mayo de 2003\u00bb. En la p&#225;gina 15 de dicho documento se recoge la propuesta de que Diputaci&#243;n cree un <b>Comit&#233; Asesor<\/b> para la interlocuci&#243;n agraria, as&#237; como la de dar una salida a las fincas r&#250;sticas. El 7 de octubre del mismo a&#241;o, ASAJA se entrevist&#243; con el Presidente de Diputaci&#243;n y con el diputado de Agricultura, se hicieron entre otras esta propuesta, y as&#237; lo reflejaron los medios de comunicaci&#243;n de la provincia. CUESTION ZANJADA. <\/font><\/div>\n<p align=\"justify\"><font size=\"2\"><\/font>\n<\/p>\n<p align=\"justify\"><font size=\"2\"><\/font><\/p>\n<\/li>\n<li>\n<div align=\"justify\"><font size=\"2\">ASAJA pide a Mat&#237;as Llorente que no se ponga nervioso, pues ASAJA no tiene m&#225;s pretensiones que las de acudir al Consejo Asesor cuando se le convoque, y expresar libremente lo que piensa en materia agraria. ASAJA no ser&#225; inconveniente para que se perpet&#250;e de por vida en el sill&#243;n de diputado. <\/font><\/div>\n<p align=\"justify\"><font size=\"2\"><\/font><\/p>\n<\/li>\n<\/ul>\n<p align=\"justify\"><font size=\"2\"><\/font><font face=\"Arial\"><\/p>\n<p align=\"right\"><font size=\"2\">Le&#243;n, 28 de enero de 2005<\/font><\/p>\n<p><\/font><\/p>\n","protected":false},"excerpt":{"rendered":"<p>Manifestaciones de ASAJA respecto a la nota de prensa enviada en el d&#237;a de ayer por Ugal a los medios de comunicaci&#243;n<\/p>\n","protected":false},"author":3,"featured_media":8174,"comment_status":"open","ping_status":"open","sticky":false,"template":"","format":"standard","meta":{"footnotes":""},"categories":[4,9],"tags":[],"yoast_head":"<!-- This site is optimized with the Yoast SEO plugin v24.5 - https:\/\/yoast.com\/wordpress\/plugins\/seo\/ -->\n<title>REPLICA DE ASAJA A LA NOTA DE PRENSA DE UGAL - ASAJA Le\u00f3n<\/title>\n<meta name=\"description\" content=\"Manifestaciones de ASAJA respecto a la nota de prensa enviada en el d&#237;a de ayer por Ugal a los medios de comunicaci&#243;n\" \/>\n<meta name=\"robots\" content=\"index, follow, max-snippet:-1, max-image-preview:large, max-video-preview:-1\" \/>\n<link rel=\"canonical\" href=\"https:\/\/www.asajacyl.com\/leon\/asaja-leon-informa\/replica-de-asaja-a-la-nota-de-prensa-de-ugal\" \/>\n<meta property=\"og:locale\" content=\"es_ES\" \/>\n<meta property=\"og:type\" content=\"article\" \/>\n<meta property=\"og:title\" content=\"REPLICA DE ASAJA A LA NOTA DE PRENSA DE UGAL - ASAJA Le\u00f3n\" \/>\n<meta property=\"og:description\" content=\"Manifestaciones de ASAJA respecto a la nota de prensa enviada en el d&#237;a de ayer por Ugal a los medios de comunicaci&#243;n\" \/>\n<meta property=\"og:url\" content=\"https:\/\/www.asajacyl.com\/leon\/asaja-leon-informa\/replica-de-asaja-a-la-nota-de-prensa-de-ugal\" \/>\n<meta property=\"og:site_name\" content=\"ASAJA Le\u00f3n\" \/>\n<meta property=\"article:published_time\" content=\"2005-01-27T23:00:00+00:00\" \/>\n<meta property=\"og:image\" content=\"https:\/\/www.asajacyl.com\/leon\/wp-content\/uploads\/sites\/6\/2017\/11\/im_predefinida_1920x1080.jpg\" \/>\n\t<meta property=\"og:image:width\" content=\"1920\" \/>\n\t<meta property=\"og:image:height\" content=\"1080\" \/>\n\t<meta property=\"og:image:type\" content=\"image\/jpeg\" \/>\n<meta name=\"author\" content=\"Editor\" \/>\n<meta name=\"twitter:card\" content=\"summary_large_image\" \/>\n<meta name=\"twitter:label1\" content=\"Escrito por\" \/>\n\t<meta name=\"twitter:data1\" content=\"Editor\" \/>\n\t<meta name=\"twitter:label2\" content=\"Tiempo de lectura\" \/>\n\t<meta name=\"twitter:data2\" content=\"3 minutos\" \/>\n<script type=\"application\/ld+json\" class=\"yoast-schema-graph\">{\"@context\":\"https:\/\/schema.org\",\"@graph\":[{\"@type\":\"WebPage\",\"@id\":\"https:\/\/www.asajacyl.com\/leon\/asaja-leon-informa\/replica-de-asaja-a-la-nota-de-prensa-de-ugal\",\"url\":\"https:\/\/www.asajacyl.com\/leon\/asaja-leon-informa\/replica-de-asaja-a-la-nota-de-prensa-de-ugal\",\"name\":\"REPLICA DE ASAJA A LA NOTA DE PRENSA DE UGAL - ASAJA Le\u00f3n\",\"isPartOf\":{\"@id\":\"https:\/\/www.asajacyl.com\/leon\/#website\"},\"primaryImageOfPage\":{\"@id\":\"https:\/\/www.asajacyl.com\/leon\/asaja-leon-informa\/replica-de-asaja-a-la-nota-de-prensa-de-ugal#primaryimage\"},\"image\":{\"@id\":\"https:\/\/www.asajacyl.com\/leon\/asaja-leon-informa\/replica-de-asaja-a-la-nota-de-prensa-de-ugal#primaryimage\"},\"thumbnailUrl\":\"https:\/\/www.asajacyl.com\/leon\/wp-content\/uploads\/sites\/6\/2017\/11\/im_predefinida_1920x1080.jpg\",\"datePublished\":\"2005-01-27T23:00:00+00:00\",\"author\":{\"@id\":\"https:\/\/www.asajacyl.com\/leon\/#\/schema\/person\/7e884476cee132331142e8ac9689f20c\"},\"description\":\"Manifestaciones de ASAJA respecto a la nota de prensa enviada en el d&#237;a de ayer por Ugal a los medios de comunicaci&#243;n\",\"breadcrumb\":{\"@id\":\"https:\/\/www.asajacyl.com\/leon\/asaja-leon-informa\/replica-de-asaja-a-la-nota-de-prensa-de-ugal#breadcrumb\"},\"inLanguage\":\"es\",\"potentialAction\":[{\"@type\":\"ReadAction\",\"target\":[\"https:\/\/www.asajacyl.com\/leon\/asaja-leon-informa\/replica-de-asaja-a-la-nota-de-prensa-de-ugal\"]}]},{\"@type\":\"ImageObject\",\"inLanguage\":\"es\",\"@id\":\"https:\/\/www.asajacyl.com\/leon\/asaja-leon-informa\/replica-de-asaja-a-la-nota-de-prensa-de-ugal#primaryimage\",\"url\":\"https:\/\/www.asajacyl.com\/leon\/wp-content\/uploads\/sites\/6\/2017\/11\/im_predefinida_1920x1080.jpg\",\"contentUrl\":\"https:\/\/www.asajacyl.com\/leon\/wp-content\/uploads\/sites\/6\/2017\/11\/im_predefinida_1920x1080.jpg\",\"width\":1920,\"height\":1080,\"caption\":\"Logotipo ASAJA Le\u00f3n\"},{\"@type\":\"BreadcrumbList\",\"@id\":\"https:\/\/www.asajacyl.com\/leon\/asaja-leon-informa\/replica-de-asaja-a-la-nota-de-prensa-de-ugal#breadcrumb\",\"itemListElement\":[{\"@type\":\"ListItem\",\"position\":1,\"name\":\"Portada\",\"item\":\"https:\/\/www.asajacyl.com\/leon\/\"},{\"@type\":\"ListItem\",\"position\":2,\"name\":\"REPLICA DE ASAJA A LA NOTA DE PRENSA DE UGAL\"}]},{\"@type\":\"WebSite\",\"@id\":\"https:\/\/www.asajacyl.com\/leon\/#website\",\"url\":\"https:\/\/www.asajacyl.com\/leon\/\",\"name\":\"ASAJA Le\u00f3n\",\"description\":\"Otro sitio m\u00e1s de Provincias ASAJA Castilla y Le\u00f3n\",\"potentialAction\":[{\"@type\":\"SearchAction\",\"target\":{\"@type\":\"EntryPoint\",\"urlTemplate\":\"https:\/\/www.asajacyl.com\/leon\/?s={search_term_string}\"},\"query-input\":{\"@type\":\"PropertyValueSpecification\",\"valueRequired\":true,\"valueName\":\"search_term_string\"}}],\"inLanguage\":\"es\"},{\"@type\":\"Person\",\"@id\":\"https:\/\/www.asajacyl.com\/leon\/#\/schema\/person\/7e884476cee132331142e8ac9689f20c\",\"name\":\"Editor\",\"image\":{\"@type\":\"ImageObject\",\"inLanguage\":\"es\",\"@id\":\"https:\/\/www.asajacyl.com\/leon\/#\/schema\/person\/image\/\",\"url\":\"https:\/\/secure.gravatar.com\/avatar\/a2ef43c165669686cfcfb0e1ffa59869?s=96&d=mm&r=g\",\"contentUrl\":\"https:\/\/secure.gravatar.com\/avatar\/a2ef43c165669686cfcfb0e1ffa59869?s=96&d=mm&r=g\",\"caption\":\"Editor\"},\"url\":\"https:\/\/www.asajacyl.com\/leon\/author\/oscargg\"}]}<\/script>\n<!-- \/ Yoast SEO plugin. -->","yoast_head_json":{"title":"REPLICA DE ASAJA A LA NOTA DE PRENSA DE UGAL - ASAJA Le\u00f3n","description":"Manifestaciones de ASAJA respecto a la nota de prensa enviada en el d&#237;a de ayer por Ugal a los medios de comunicaci&#243;n","robots":{"index":"index","follow":"follow","max-snippet":"max-snippet:-1","max-image-preview":"max-image-preview:large","max-video-preview":"max-video-preview:-1"},"canonical":"https:\/\/www.asajacyl.com\/leon\/asaja-leon-informa\/replica-de-asaja-a-la-nota-de-prensa-de-ugal","og_locale":"es_ES","og_type":"article","og_title":"REPLICA DE ASAJA A LA NOTA DE PRENSA DE UGAL - ASAJA Le\u00f3n","og_description":"Manifestaciones de ASAJA respecto a la nota de prensa enviada en el d&#237;a de ayer por Ugal a los medios de comunicaci&#243;n","og_url":"https:\/\/www.asajacyl.com\/leon\/asaja-leon-informa\/replica-de-asaja-a-la-nota-de-prensa-de-ugal","og_site_name":"ASAJA Le\u00f3n","article_published_time":"2005-01-27T23:00:00+00:00","og_image":[{"width":1920,"height":1080,"url":"https:\/\/www.asajacyl.com\/leon\/wp-content\/uploads\/sites\/6\/2017\/11\/im_predefinida_1920x1080.jpg","type":"image\/jpeg"}],"author":"Editor","twitter_card":"summary_large_image","twitter_misc":{"Escrito por":"Editor","Tiempo de lectura":"3 minutos"},"schema":{"@context":"https:\/\/schema.org","@graph":[{"@type":"WebPage","@id":"https:\/\/www.asajacyl.com\/leon\/asaja-leon-informa\/replica-de-asaja-a-la-nota-de-prensa-de-ugal","url":"https:\/\/www.asajacyl.com\/leon\/asaja-leon-informa\/replica-de-asaja-a-la-nota-de-prensa-de-ugal","name":"REPLICA DE ASAJA A LA NOTA DE PRENSA DE UGAL - ASAJA Le\u00f3n","isPartOf":{"@id":"https:\/\/www.asajacyl.com\/leon\/#website"},"primaryImageOfPage":{"@id":"https:\/\/www.asajacyl.com\/leon\/asaja-leon-informa\/replica-de-asaja-a-la-nota-de-prensa-de-ugal#primaryimage"},"image":{"@id":"https:\/\/www.asajacyl.com\/leon\/asaja-leon-informa\/replica-de-asaja-a-la-nota-de-prensa-de-ugal#primaryimage"},"thumbnailUrl":"https:\/\/www.asajacyl.com\/leon\/wp-content\/uploads\/sites\/6\/2017\/11\/im_predefinida_1920x1080.jpg","datePublished":"2005-01-27T23:00:00+00:00","author":{"@id":"https:\/\/www.asajacyl.com\/leon\/#\/schema\/person\/7e884476cee132331142e8ac9689f20c"},"description":"Manifestaciones de ASAJA respecto a la nota de prensa enviada en el d&#237;a de ayer por Ugal a los medios de comunicaci&#243;n","breadcrumb":{"@id":"https:\/\/www.asajacyl.com\/leon\/asaja-leon-informa\/replica-de-asaja-a-la-nota-de-prensa-de-ugal#breadcrumb"},"inLanguage":"es","potentialAction":[{"@type":"ReadAction","target":["https:\/\/www.asajacyl.com\/leon\/asaja-leon-informa\/replica-de-asaja-a-la-nota-de-prensa-de-ugal"]}]},{"@type":"ImageObject","inLanguage":"es","@id":"https:\/\/www.asajacyl.com\/leon\/asaja-leon-informa\/replica-de-asaja-a-la-nota-de-prensa-de-ugal#primaryimage","url":"https:\/\/www.asajacyl.com\/leon\/wp-content\/uploads\/sites\/6\/2017\/11\/im_predefinida_1920x1080.jpg","contentUrl":"https:\/\/www.asajacyl.com\/leon\/wp-content\/uploads\/sites\/6\/2017\/11\/im_predefinida_1920x1080.jpg","width":1920,"height":1080,"caption":"Logotipo ASAJA Le\u00f3n"},{"@type":"BreadcrumbList","@id":"https:\/\/www.asajacyl.com\/leon\/asaja-leon-informa\/replica-de-asaja-a-la-nota-de-prensa-de-ugal#breadcrumb","itemListElement":[{"@type":"ListItem","position":1,"name":"Portada","item":"https:\/\/www.asajacyl.com\/leon\/"},{"@type":"ListItem","position":2,"name":"REPLICA DE ASAJA A LA NOTA DE PRENSA DE UGAL"}]},{"@type":"WebSite","@id":"https:\/\/www.asajacyl.com\/leon\/#website","url":"https:\/\/www.asajacyl.com\/leon\/","name":"ASAJA Le\u00f3n","description":"Otro sitio m\u00e1s de Provincias ASAJA Castilla y Le\u00f3n","potentialAction":[{"@type":"SearchAction","target":{"@type":"EntryPoint","urlTemplate":"https:\/\/www.asajacyl.com\/leon\/?s={search_term_string}"},"query-input":{"@type":"PropertyValueSpecification","valueRequired":true,"valueName":"search_term_string"}}],"inLanguage":"es"},{"@type":"Person","@id":"https:\/\/www.asajacyl.com\/leon\/#\/schema\/person\/7e884476cee132331142e8ac9689f20c","name":"Editor","image":{"@type":"ImageObject","inLanguage":"es","@id":"https:\/\/www.asajacyl.com\/leon\/#\/schema\/person\/image\/","url":"https:\/\/secure.gravatar.com\/avatar\/a2ef43c165669686cfcfb0e1ffa59869?s=96&d=mm&r=g","contentUrl":"https:\/\/secure.gravatar.com\/avatar\/a2ef43c165669686cfcfb0e1ffa59869?s=96&d=mm&r=g","caption":"Editor"},"url":"https:\/\/www.asajacyl.com\/leon\/author\/oscargg"}]}},"_links":{"self":[{"href":"https:\/\/www.asajacyl.com\/leon\/wp-json\/wp\/v2\/posts\/7948"}],"collection":[{"href":"https:\/\/www.asajacyl.com\/leon\/wp-json\/wp\/v2\/posts"}],"about":[{"href":"https:\/\/www.asajacyl.com\/leon\/wp-json\/wp\/v2\/types\/post"}],"author":[{"embeddable":true,"href":"https:\/\/www.asajacyl.com\/leon\/wp-json\/wp\/v2\/users\/3"}],"replies":[{"embeddable":true,"href":"https:\/\/www.asajacyl.com\/leon\/wp-json\/wp\/v2\/comments?post=7948"}],"version-history":[{"count":0,"href":"https:\/\/www.asajacyl.com\/leon\/wp-json\/wp\/v2\/posts\/7948\/revisions"}],"wp:featuredmedia":[{"embeddable":true,"href":"https:\/\/www.asajacyl.com\/leon\/wp-json\/wp\/v2\/media\/8174"}],"wp:attachment":[{"href":"https:\/\/www.asajacyl.com\/leon\/wp-json\/wp\/v2\/media?parent=7948"}],"wp:term":[{"taxonomy":"category","embeddable":true,"href":"https:\/\/www.asajacyl.com\/leon\/wp-json\/wp\/v2\/categories?post=7948"},{"taxonomy":"post_tag","embeddable":true,"href":"https:\/\/www.asajacyl.com\/leon\/wp-json\/wp\/v2\/tags?post=7948"}],"curies":[{"name":"wp","href":"https:\/\/api.w.org\/{rel}","templated":true}]}}