{"id":7966,"date":"2004-11-24T00:00:00","date_gmt":"2004-11-23T23:00:00","guid":{"rendered":"http:\/\/www.asajacyl.com\/leon\/sin-categoria\/a-espinosa-le-falla-el-disco-duro"},"modified":"2004-11-24T00:00:00","modified_gmt":"2004-11-23T23:00:00","slug":"a-espinosa-le-falla-el-disco-duro","status":"publish","type":"post","link":"https:\/\/www.asajacyl.com\/leon\/asaja-leon-informa\/a-espinosa-le-falla-el-disco-duro","title":{"rendered":"A ESPINOSA LE FALLA EL DISCO DURO"},"content":{"rendered":"<h2>\u00abO es una desmemoriada o una mentirosa al afirmar que con el PP no nos manifest&#225;bamos\u00bb, subraya ASAJA, que adjunta las pruebas<\/h2>\n<p><b><\/p>\n<p align=\"center\"><font color=\"#009900\" size=\"2\">A ESPINOSA LE FALLA EL DISCO DURO <\/font>\n<\/p>\n<p align=\"center\"><font size=\"2\"><\/font>\n<\/p>\n<p align=\"center\"><font color=\"#0099ff\" size=\"2\">\u00abO es una desmemoriada o una mentirosa al afirmar que con el PP no nos manifest&#225;bamos\u00bb, subraya ASAJA, que adjunta las pruebas<\/font><\/p>\n<p><\/b><font size=\"2\"> <\/font><\/p>\n<p align=\"justify\"><font size=\"2\">Parece que a algunos no les ha sentado bien la multitudinaria respuesta de los agricultores y ganaderos de todo el pa&#237;s a la manifestaci&#243;n realizada ayer por ASAJA, en la que participaron miles de profesionales, 5.000 de ellos procedentes de Castilla y Le&#243;n. Y cuando faltan los argumentos, la descalificaci&#243;n parece que era la &#250;nica salida para la ministra de Agricultura, Elena Espinosa, quien, despreciando el leg&#237;timo y libre derecho de los agricultores y ganaderos a expresar su disconformidad con el momento actual del sector, ha atribuido la protesta a razones pol&#237;ticas, afirmando que \u00abASAJA no se manifestaba cuando estaba el PP\u00bb. <\/font>\n<\/p>\n<p align=\"justify\"><font size=\"2\"><\/font>\n<\/p>\n<p align=\"justify\"><font size=\"2\">No sabemos si nos causan risa, o m&#225;s bien pena, estas declaraciones, que se descalifican por s&#237; mismas. Quienes siguen la trayectoria de ASAJA, y en concreto, de nuestras organizaciones en Castilla y Le&#243;n, saben que las palabras de Espinosa son falsas. \u00abPreferimos pensar que es un fallo de memoria, ya que hasta hace pocos meses la ministra no estaba al tanto de lo que ocurr&#237;a en el sector agr&#237;cola y ganadero. Porque el otro motivo es m&#225;s triste: simplemente, Elena Espinosa miente\u00bb, subraya ASAJA. <\/font>\n<\/p>\n<p align=\"justify\"><font size=\"2\"><\/font>\n<\/p>\n<p align=\"justify\"><font size=\"2\">A continuaci&#243;n, ofrecemos una lista breve de las manifestaciones convocadas por ASAJA de Castilla y Le&#243;n y las distintas ASAJA provinciales de nuestra Comunidad Aut&#243;noma desde 1996, a&#241;o en el que lleg&#243; el PP al Gobierno central. Por supuesto, todas las manifestaciones de car&#225;cter regional han ido directamente dirigidas contra el Gobierno auton&#243;mico que, antes de esa fecha y despu&#233;s de las elecciones de marzo de 2004, ha sido y es del PP. Tambi&#233;n se subrayan en negrita las manifestaciones realizadas espec&#237;ficamente a las puertas del Ministerio de Agricultura: muchos de los lemas coreados en ellas eligieron como \u00abv&#237;ctimas\u00bb a Jos&#233; Mar&#237;a Aznar, o a Loyola de Palacio y Miguel Arias Ca&#241;ete, los ministros de entonces. \u00abEncontrar una vinculaci&#243;n entre el partido que ostenta el poder y nuestra lucha sindical es, como queda suficientemente probado, malintencionado e insultante. ASAJA lleva muchos a&#241;os gan&#225;ndose a pulso ser una organizaci&#243;n cien por cien profesional, y eso parece que algunos, y algunas, no lo perdonan\u00bb, se&#241;ala la OPA. <\/font>\n<\/p>\n<p align=\"justify\"><font size=\"2\"><\/font>\n<\/p>\n<p align=\"justify\"><b><i><font size=\"2\">&#160;<\/font><font size=\"2\">&#160; <\/font><\/p>\n<p align=\"justify\"><font color=\"#0066cc\" size=\"2\">RELACI&#211;N DE MANIFESTACIONES Y ACTOS DE PROTESTA ORGANIZADOS O SECUNDADOS POR ASAJA (tanto la organizaci&#243;n regional como las organizaciones provinciales de Castilla y Le&#243;n) DESDE 1996<\/font><\/p>\n<p><\/i><\/b><\/p>\n<p><b><font size=\"2\"> <\/font><\/p>\n<p><font size=\"2\">1996<\/font><\/p>\n<p><\/b><i><font size=\"2\"> <\/font><\/p>\n<p><font size=\"2\">5 de mayo<\/font><\/p>\n<p><\/i><font size=\"2\"> <\/font><\/p>\n<p><font size=\"2\">Manifestaci&#243;n en apoyo a la presa de Castrovido de ASAJA-Burgos.<\/font><i><font size=\"2\"> <\/font><\/p>\n<p><font size=\"2\">18 de octubre<\/font><\/p>\n<p><\/i><font size=\"2\"> <\/font>\n<\/p>\n<p><font size=\"2\">Protesta de los productores de patata de Le&#243;n<\/font><i><font size=\"2\"> <\/font><\/p>\n<p><font size=\"2\">9 de octubre<\/font><\/p>\n<p><\/i><font size=\"2\"> <\/font>\n<\/p>\n<p><font size=\"2\">Protesta de los productores de patata de Salamanca <\/font>\n<\/p>\n<p><font size=\"2\">3-4-5-diciembre <\/font>\n<\/p>\n<p><font size=\"2\">ASAJA-Zamora protesta en defensa del mantenimiento de rentas agrarias. <\/font>\n<\/p>\n<p><font size=\"2\">&#160;<\/font><b><font size=\"2\"> <\/font><\/p>\n<p><font size=\"2\">1997<\/font><\/p>\n<p><\/b><i><font size=\"2\"> <\/font><\/p>\n<p><font size=\"2\">17 de enero<\/font><\/p>\n<p><\/i><font size=\"2\"> <\/font>\n<\/p>\n<p><font size=\"2\">Manifestaci&#243;n de ASAJA de Castilla y Le&#243;n en Valladolid contra el recorte de pagos PAC, la incertidumbre del sector azucarero, y la multa l&#225;ctea. Algunos gritos: \u00abAznar, Bot&#237;n, arruin&#225;is a los de aqu&#237;\u00bb. \u00abLoyola, dimite, el pueblo no te admite\u00bb, \u00abVal&#237;n, deja el barbecho en tu comarca\u00bb.<\/font><i><font size=\"2\"> <\/font><\/p>\n<p><font size=\"2\">22 de enero<\/font><\/p>\n<p><\/i><font size=\"2\"> <\/font>\n<\/p>\n<p><font size=\"2\">Protesta de los remolacheros de Burgos, en defensa sector remolachero.<\/font><i><font size=\"2\"> <\/font><\/p>\n<p><font size=\"2\">Abril<\/font><\/p>\n<p><\/i><font size=\"2\"> <\/font>\n<\/p>\n<p><font size=\"2\">Manifestaci&#243;n de ASAJA-Soria contra el plan de regionalizaci&#243;n<\/font><b><font size=\"2\"> <\/font><\/p>\n<p><font size=\"2\">&#160; <\/font>\n<\/p>\n<p><font size=\"2\">1998 <\/font><\/p>\n<p><\/b><i><\/p>\n<p><font size=\"2\">20-21 de abril<\/font><\/p>\n<p><\/i><font size=\"2\"> <\/font>\n<\/p>\n<p><font size=\"2\">Encierro de la Junta Directiva de ASAJA de Castilla y Le&#243;n en la D.G. de Estructuras Agrarias, en defensa de la modernizaci&#243;n explotaciones e incorporaci&#243;n j&#243;venes.<\/font><i><font size=\"2\"> <\/font><\/p>\n<p><font size=\"2\">17 de noviembre<\/font><\/p>\n<p><\/i><b><font size=\"2\"> <\/font><\/p>\n<p><font size=\"2\">Manifestaci&#243;n de centenares de ganaderos de porcino de ASAJA frente al Ministerio de Agricultura.<\/font><\/p>\n<p><\/b><i><font size=\"2\"> <\/font><\/p>\n<p><font size=\"2\">18 de diciembre <\/font><\/p>\n<p><\/i>\n<\/p>\n<p><font size=\"2\">Protesta de los agricultores de Le&#243;n en defensa del regad&#237;o y contra la CHD. <\/font>\n<\/p>\n<p><font size=\"2\">&#160;<\/font><b><font size=\"2\"> <\/font><\/p>\n<p><font size=\"2\">1999<\/font><\/p>\n<p><\/b><i><font size=\"2\"> <\/font><\/p>\n<p><font size=\"2\">22 de febrero<\/font><\/p>\n<p><\/i><font size=\"2\"> <\/font>\n<\/p>\n<p><font size=\"2\">Manifestaci&#243;n en Bruselas contra la Agenda 2000.<\/font><i><font size=\"2\"> <\/font><\/p>\n<p><font size=\"2\">6 de marzo<\/font><\/p>\n<p><\/i><b><font size=\"2\"> <\/font><\/p>\n<p><font size=\"2\">Manifestaci&#243;n en Madrid contra los recortes de la Agenda 2000, frente al Ministerio de Agricultura.<\/font><\/p>\n<p><\/b><i><font size=\"2\"> <\/font><\/p>\n<p><font size=\"2\">15 de abril<\/font><\/p>\n<p><\/i><b><font size=\"2\"> <\/font><\/p>\n<p><font size=\"2\">Agricultores de Le&#243;n frente al Ministerio de Agricultura en defensa de los regad&#237;os de la provincia.<\/font><\/p>\n<p><\/b><i><font size=\"2\"> <\/font><\/p>\n<p><font size=\"2\">Mayo<\/font><\/p>\n<p><\/i><font size=\"2\"> <\/font>\n<\/p>\n<p><font size=\"2\">Protesta de miembros ASAJA-Soria a las puertas del mitin electoral del PP por el asunto del lino: \u00abLucas, menos programa electoral, lo que queremos es cobrar\u00bb.<\/font><i><font size=\"2\"> <\/font><\/p>\n<p><font size=\"2\">31 agosto<\/font><\/p>\n<p><\/i><font size=\"2\"> <\/font>\n<\/p>\n<p><font size=\"2\">Concentraci&#243;n de productores de patata de Valladolid y Burgos <\/font>\n<\/p>\n<p><font size=\"2\">&#160;<\/font><b><font size=\"2\"> <\/font><\/p>\n<p><font size=\"2\">2000<\/font><\/p>\n<p><\/b><i><font size=\"2\"> <\/font><\/p>\n<p><font size=\"2\">27 febrero<\/font><\/p>\n<p><\/i><font size=\"2\"> <\/font>\n<\/p>\n<p><font size=\"2\">Salamanca manifestaci&#243;n en defensa de la f&#225;brica azucarera.<\/font><i><font size=\"2\"> <\/font><\/p>\n<p><font size=\"2\">Marzo<\/font><\/p>\n<p><\/i><font size=\"2\"> <\/font>\n<\/p>\n<p><font size=\"2\">ASAJA-Zamora se manifiesta contra la subida de precios de los input agrarios y los da&#241;os por el lobo.<\/font><i><font size=\"2\"> <\/font><\/p>\n<p><font size=\"2\">27 de mayo<\/font><\/p>\n<p><\/i><u><font size=\"2\"> <\/font><\/p>\n<p><font size=\"2\">Manifestaci&#243;n de 15.000 agricultores y ganaderos de ASAJA en Madrid contra el precio del gas&#243;leo agr&#237;cola: \u00abAznar: con Rato y Ca&#241;ete nos vamos al garete\u00bb. Frente al Ministerio de Econom&#237;a.<\/font><\/p>\n<p><\/u><i><font size=\"2\"> <\/font><\/p>\n<p><font size=\"2\">19 de septiembre<\/font><\/p>\n<p><\/i><font size=\"2\"> <\/font>\n<\/p>\n<p><font size=\"2\">Manifestaci&#243;n en todas las CCAA por la subida del gas&#243;leo. Estuvo precedida por tractoras de protesta el d&#237;a 17.<\/font><b><font size=\"2\"> <\/font><\/p>\n<p><font size=\"2\">2001<\/font><\/p>\n<p><\/b><i><font size=\"2\"> <\/font><\/p>\n<p><font size=\"2\">5 de enero<\/font><\/p>\n<p><\/i><font size=\"2\"> <\/font>\n<\/p>\n<p><font size=\"2\">Agricultores de &#193;vila protestan por el programa de estepas cerealistas, contra el consejero de Agricultura.<\/font><i><font size=\"2\"> <\/font><\/p>\n<p><font size=\"2\">5 de febrero<\/font><\/p>\n<p><\/i><font size=\"2\"> <\/font>\n<\/p>\n<p><font size=\"2\">Manifestaci&#243;n de los ganaderos leoneses para reclamar mejor servicio unidades veterinarias<\/font><i><font size=\"2\"> <\/font><\/p>\n<p><font size=\"2\">14 de febrero<\/font><\/p>\n<p><\/i><font size=\"2\"> <\/font>\n<\/p>\n<p><font size=\"2\">Manifestaci&#243;n ASAJA Salamanca en defensa de la ganader&#237;a salmantina.<\/font><i><font size=\"2\"> <\/font><\/p>\n<p><font size=\"2\">21 y 22 marzo<\/font><\/p>\n<p><\/i><font size=\"2\"> <\/font>\n<\/p>\n<p><font size=\"2\">Encierro ASAJA-Zamora en la delegaci&#243;n territorial de la Junta para pedir medidas contra la fiebre aftosa.<\/font><i><font size=\"2\"> <\/font><\/p>\n<p><font size=\"2\">5 de abril<\/font><\/p>\n<p><\/i><font size=\"2\"> <\/font>\n<\/p>\n<p><font size=\"2\">Ganaderos de Salamanca se manifiestan ante la unidad veterinaria de Ledesma; en Lumbrales el 11 de abril, y el 8 de mayo en Vitigudino.<\/font><i><font size=\"2\"> <\/font><\/p>\n<p><font size=\"2\">3 y 4 de octubre<\/font><\/p>\n<p><\/i><font size=\"2\"> <\/font>\n<\/p>\n<p><font size=\"2\">Maiceros de Palencia, Le&#243;n, Salamanca y Valladolid, en defensa del sector.<\/font><i><font size=\"2\"> <\/font><\/p>\n<p><font size=\"2\">3 de octubre<\/font><\/p>\n<p><\/i><font size=\"2\"> <\/font>\n<\/p>\n<p><font size=\"2\">ASAJA-Soria se manifiesta contra los da&#241;os de animales salvajes. <\/font>\n<\/p>\n<p><font size=\"2\">&#160;<\/font><b><font size=\"2\"> <\/font><\/p>\n<p><font size=\"2\">2002<\/font><\/p>\n<p><\/b><i><font size=\"2\"> <\/font><\/p>\n<p><font size=\"2\">23 de enero<\/font><\/p>\n<p><\/i><font size=\"2\"> <\/font>\n<\/p>\n<p><font size=\"2\">ASAJA-Soria se manifiesta contra las tasas MER y certificados ganaderos.<\/font><i><font size=\"2\"> <\/font><\/p>\n<p><font size=\"2\">2 de marzo<\/font><\/p>\n<p><\/i><font size=\"2\"> <\/font>\n<\/p>\n<p><font size=\"2\">Ciclo protestas de ASAJA-Zamora en defensa de los regad&#237;os de Villaf&#225;fila.<\/font><i><font size=\"2\"> <\/font><\/p>\n<p><font size=\"2\">27 de marzo<\/font><\/p>\n<p><\/i><font size=\"2\"> <\/font>\n<\/p>\n<p><font size=\"2\">Productores de leche de Castilla y Le&#243;n en Toral de los Guzmanes Le&#243;n, corte de circulaci&#243;n<\/font><i><font size=\"2\"> <\/font><\/p>\n<p><font size=\"2\">30 de marzo<\/font><\/p>\n<p><\/i><font size=\"2\"> <\/font>\n<\/p>\n<p><font size=\"2\">ASAJA-Palencia frente a Carrefour.<\/font><i><font size=\"2\"> <\/font><\/p>\n<p><font size=\"2\">7 y 8 de junio<\/font><\/p>\n<p><\/i><font size=\"2\"> <\/font>\n<\/p>\n<p><font size=\"2\">Encierro de ASAJA regional en la Consejer&#237;a en protesta por los problemas en el movimiento de animales.<\/font><i><font size=\"2\"> <\/font><\/p>\n<p><font size=\"2\">10 de julio<\/font><\/p>\n<p><\/i><font size=\"2\"> <\/font>\n<\/p>\n<p><font size=\"2\">Manifestaci&#243;n en Bruselas contra la reforma de la PAC.<\/font><i><font size=\"2\"> <\/font><\/p>\n<p><font size=\"2\">5 de julio<\/font><\/p>\n<p><\/i><font size=\"2\"> <\/font>\n<\/p>\n<p><font size=\"2\">Manifestaci&#243;n en Valladolid frente a la Consejer&#237;a de Agricultura y la sede regional del PP para que se resuelvan los 800 expedientes de cese anticipado.<\/font><i><font size=\"2\"> <\/font><\/p>\n<p><font size=\"2\">Agosto<\/font><\/p>\n<p><\/i><br \/><font size=\"2\">ASAJA Salamanca y Valladolid contra el precio de la patata<\/font><i><font size=\"2\"> <\/font><\/p>\n<p><font size=\"2\">4 de octubre<\/font><\/p>\n<p><\/i><font size=\"2\"> <\/font>\n<\/p>\n<p><font size=\"2\">Manifestaci&#243;n nacional contra la reforma de la PAC, frente a la Oficina de la Uni&#243;n Europea. <\/font>\n<\/p>\n<p><font size=\"2\">&#160;<\/font><b><font size=\"2\"> <\/font><\/p>\n<p><font size=\"2\">2003<\/font><\/p>\n<p><\/b><i><font size=\"2\"> <\/font><\/p>\n<p><font size=\"2\">9 de marzo<\/font><\/p>\n<p><\/i><font size=\"2\"> <\/font>\n<\/p>\n<p><font size=\"2\">Protesta regional productores leche en Valladolid. <\/font><i><\/p>\n<p><font size=\"2\">12 de marzo<\/font><\/p>\n<p><\/i><font size=\"2\"> <\/font>\n<\/p>\n<p><font size=\"2\">Protesta regantes palentinos frente a las Cortes. Petici&#243;n dimisi&#243;n delegado del Gobierno y presidente CHD.<\/font><i><font size=\"2\"> <\/font><\/p>\n<p><font size=\"2\">13 de marzo<\/font><\/p>\n<p><\/i><font size=\"2\"> <\/font>\n<\/p>\n<p><font size=\"2\">Protesta regional cultivadores de patata en Valladolid. <\/font><i><\/p>\n<p><font size=\"2\">4 abril<\/font><\/p>\n<p><\/i><font size=\"2\"> <\/font>\n<\/p>\n<p><font size=\"2\">Protesta ganaderos de leche frente a la f&#225;brica de Pascual.<\/font><i><font size=\"2\"> <\/font><\/p>\n<p><font size=\"2\">12 de abril<\/font><\/p>\n<p><\/i><font size=\"2\"> <\/font>\n<\/p>\n<p><font size=\"2\">Protesta de ganaderos de leche frente a Carrefour.<\/font><i><font size=\"2\"> <\/font><\/p>\n<p><font size=\"2\">15 de abril<\/font><\/p>\n<p><\/i><font size=\"2\"> <\/font>\n<\/p>\n<p><font size=\"2\">Protesta de ganaderos de leche de Castilla y Le&#243;n frente a Delegaci&#243;n del Gobierno.<\/font><i><font size=\"2\"> <\/font><\/p>\n<p><font size=\"2\">6 de mayo<\/font><\/p>\n<p><\/i><font size=\"2\"> <\/font>\n<\/p>\n<p><font size=\"2\">Protesta de ganaderos de leche frente a la Junta.<\/font><i><font size=\"2\"> <\/font><\/p>\n<p><font size=\"2\">Agosto<\/font><\/p>\n<p><\/i><font size=\"2\"> <\/font>\n<\/p>\n<p><font size=\"2\">Manifestaci&#243;n de palentinos contra el cierre de la azucarera de Monz&#243;n (Palencia)<\/font><i><font size=\"2\"> <\/font><\/p>\n<p><font size=\"2\">Octubre<\/font><\/p>\n<p><\/i><font size=\"2\"> <\/font>\n<\/p>\n<p><font size=\"2\">Manifestaci&#243;n ASAJA-Le&#243;n en apoyo a los agricultores y alcaldes encerrados en la CHD contra las tarifas de riego. <\/font>\n<\/p>\n<p><font size=\"2\">28 de noviembre <\/font>\n<\/p>\n<p><font size=\"2\">Manifestaci&#243;n ASAJA Castilla y Le&#243;n contra la falta de compromiso de la Junta con la incorporaci&#243;n, mejora de explotaciones y el cese anticipado. Eslogan: \u00abPara qui&#233;n gobierna el PP, ni para los mayores ni para los j&#243;venes\u00bb. <\/font>\n<\/p>\n<p><font size=\"2\">&#160;<\/font><b><font size=\"2\"> <\/font><\/p>\n<p><font size=\"2\">2004<\/font><\/p>\n<p><\/b><i><font size=\"2\"> <\/font><\/p>\n<p><font size=\"2\">30 de abril<\/font><\/p>\n<p><\/i><font size=\"2\"> <\/font>\n<\/p>\n<p><font size=\"2\">Le&#243;n y Salamanca contra la pol&#237;tica de precios de Danone.<\/font><i><font size=\"2\"> <\/font><\/p>\n<p><font size=\"2\">14 de julio<\/font><\/p>\n<p><\/i><font size=\"2\"> <\/font>\n<\/p>\n<p><font size=\"2\">Remolacheros en Bruselas contra la OCM del az&#250;car.<\/font><i><font size=\"2\"> <\/font><\/p>\n<p><font size=\"2\">12 de agosto<\/font><\/p>\n<p><\/i><font size=\"2\"> <\/font>\n<\/p>\n<p><font size=\"2\">ASAJA-Zamora tractorada en Villaf&#225;fila.<\/font><i><font size=\"2\"> <\/font><\/p>\n<p><font size=\"2\">7 de septiembre<\/font><\/p>\n<p><\/i><font size=\"2\"> <\/font>\n<\/p>\n<p><font size=\"2\">Frente a la Subdelegaci&#243;n del Gobierno de Soria, contra la subida del gas&#243;leo.<\/font><i><font size=\"2\"> <\/font><\/p>\n<p><font size=\"2\">25 de agosto<\/font><\/p>\n<p><\/i><font size=\"2\"> <\/font>\n<\/p>\n<p><font size=\"2\">Concentraci&#243;n regional por el gas&#243;leo, frente a Hacienda.<\/font><i><font size=\"2\"> <\/font><\/p>\n<p><font size=\"2\">Septiembre<\/font><\/p>\n<p><\/i><font size=\"2\"> <\/font>\n<\/p>\n<p><font size=\"2\">Protesta productores de patatas en varias provincias.<\/font><i><font size=\"2\"> <\/font><\/p>\n<p><font size=\"2\">21 de septiembre<\/font><\/p>\n<p><\/i><font size=\"2\"> <\/font>\n<\/p>\n<p><font size=\"2\">Manifestaci&#243;n regional por el gas&#243;leo.<\/font><i><font size=\"2\"> <\/font><\/p>\n<p><font size=\"2\">15 de octubre<\/font><\/p>\n<p><\/i><font size=\"2\"> <\/font>\n<\/p>\n<p><font size=\"2\">Manifestaci&#243;n por Castrovido, frente a la CHD<\/font><i><font size=\"2\"> <\/font><\/p>\n<p><font size=\"2\">23 de noviembre<\/font><\/p>\n<p><\/i><b><font size=\"2\"> <\/font><\/p>\n<p><font size=\"2\">Manifestaci&#243;n del gas&#243;leo frente al Ministerio de Agricultura. <\/font>\n<\/p>\n<p><font size=\"2\">&#160;<\/font><br \/>\n<dir><i><\/p>\n<p><font size=\"2\">* Debido a la rapidez con la que se ha elaborado el informe, puede que falte alguna manifestaci&#243;n m&#225;s de la que no hemos encontrado registro. Disculpad las omisiones.<\/font><\/p>\n<p><\/i><\/dir><\/p>\n<p><\/b><\/p>\n<p><font size=\"2\"> <\/font><\/p>\n<p align=\"justify\"><font size=\"2\">&#160;<\/font><\/p>\n<p align=\"right\"><font size=\"2\">Le&#243;n a 24 de Noviembre de 2004<\/font><\/p>\n","protected":false},"excerpt":{"rendered":"<p>\u00abO es una desmemoriada o una mentirosa al afirmar que con el PP no nos manifest&#225;bamos\u00bb, subraya ASAJA, que adjunta las pruebas<\/p>\n","protected":false},"author":3,"featured_media":8174,"comment_status":"open","ping_status":"open","sticky":false,"template":"","format":"standard","meta":{"footnotes":""},"categories":[4,9],"tags":[],"yoast_head":"<!-- This site is optimized with the Yoast SEO plugin v24.5 - https:\/\/yoast.com\/wordpress\/plugins\/seo\/ -->\n<title>A ESPINOSA LE FALLA EL DISCO DURO - ASAJA Le\u00f3n<\/title>\n<meta name=\"description\" content=\"&quot;O es una desmemoriada o una mentirosa al afirmar que con el PP no nos manifest&#225;bamos&quot;, subraya ASAJA, que adjunta las pruebas\" \/>\n<meta name=\"robots\" content=\"index, follow, max-snippet:-1, max-image-preview:large, max-video-preview:-1\" \/>\n<link rel=\"canonical\" href=\"https:\/\/www.asajacyl.com\/leon\/asaja-leon-informa\/a-espinosa-le-falla-el-disco-duro\" \/>\n<meta property=\"og:locale\" content=\"es_ES\" \/>\n<meta property=\"og:type\" content=\"article\" \/>\n<meta property=\"og:title\" content=\"A ESPINOSA LE FALLA EL DISCO DURO - ASAJA Le\u00f3n\" \/>\n<meta property=\"og:description\" content=\"&quot;O es una desmemoriada o una mentirosa al afirmar que con el PP no nos manifest&#225;bamos&quot;, subraya ASAJA, que adjunta las pruebas\" \/>\n<meta property=\"og:url\" content=\"https:\/\/www.asajacyl.com\/leon\/asaja-leon-informa\/a-espinosa-le-falla-el-disco-duro\" \/>\n<meta property=\"og:site_name\" content=\"ASAJA Le\u00f3n\" \/>\n<meta property=\"article:published_time\" content=\"2004-11-23T23:00:00+00:00\" \/>\n<meta property=\"og:image\" content=\"https:\/\/www.asajacyl.com\/leon\/wp-content\/uploads\/sites\/6\/2017\/11\/im_predefinida_1920x1080.jpg\" \/>\n\t<meta property=\"og:image:width\" content=\"1920\" \/>\n\t<meta property=\"og:image:height\" content=\"1080\" \/>\n\t<meta property=\"og:image:type\" content=\"image\/jpeg\" \/>\n<meta name=\"author\" content=\"Editor\" \/>\n<meta name=\"twitter:card\" content=\"summary_large_image\" \/>\n<meta name=\"twitter:label1\" content=\"Escrito por\" \/>\n\t<meta name=\"twitter:data1\" content=\"Editor\" \/>\n\t<meta name=\"twitter:label2\" content=\"Tiempo de lectura\" \/>\n\t<meta name=\"twitter:data2\" content=\"7 minutos\" \/>\n<script type=\"application\/ld+json\" class=\"yoast-schema-graph\">{\"@context\":\"https:\/\/schema.org\",\"@graph\":[{\"@type\":\"WebPage\",\"@id\":\"https:\/\/www.asajacyl.com\/leon\/asaja-leon-informa\/a-espinosa-le-falla-el-disco-duro\",\"url\":\"https:\/\/www.asajacyl.com\/leon\/asaja-leon-informa\/a-espinosa-le-falla-el-disco-duro\",\"name\":\"A ESPINOSA LE FALLA EL DISCO DURO - ASAJA Le\u00f3n\",\"isPartOf\":{\"@id\":\"https:\/\/www.asajacyl.com\/leon\/#website\"},\"primaryImageOfPage\":{\"@id\":\"https:\/\/www.asajacyl.com\/leon\/asaja-leon-informa\/a-espinosa-le-falla-el-disco-duro#primaryimage\"},\"image\":{\"@id\":\"https:\/\/www.asajacyl.com\/leon\/asaja-leon-informa\/a-espinosa-le-falla-el-disco-duro#primaryimage\"},\"thumbnailUrl\":\"https:\/\/www.asajacyl.com\/leon\/wp-content\/uploads\/sites\/6\/2017\/11\/im_predefinida_1920x1080.jpg\",\"datePublished\":\"2004-11-23T23:00:00+00:00\",\"author\":{\"@id\":\"https:\/\/www.asajacyl.com\/leon\/#\/schema\/person\/7e884476cee132331142e8ac9689f20c\"},\"description\":\"\\\"O es una desmemoriada o una mentirosa al afirmar que con el PP no nos manifest&#225;bamos\\\", subraya ASAJA, que adjunta las pruebas\",\"breadcrumb\":{\"@id\":\"https:\/\/www.asajacyl.com\/leon\/asaja-leon-informa\/a-espinosa-le-falla-el-disco-duro#breadcrumb\"},\"inLanguage\":\"es\",\"potentialAction\":[{\"@type\":\"ReadAction\",\"target\":[\"https:\/\/www.asajacyl.com\/leon\/asaja-leon-informa\/a-espinosa-le-falla-el-disco-duro\"]}]},{\"@type\":\"ImageObject\",\"inLanguage\":\"es\",\"@id\":\"https:\/\/www.asajacyl.com\/leon\/asaja-leon-informa\/a-espinosa-le-falla-el-disco-duro#primaryimage\",\"url\":\"https:\/\/www.asajacyl.com\/leon\/wp-content\/uploads\/sites\/6\/2017\/11\/im_predefinida_1920x1080.jpg\",\"contentUrl\":\"https:\/\/www.asajacyl.com\/leon\/wp-content\/uploads\/sites\/6\/2017\/11\/im_predefinida_1920x1080.jpg\",\"width\":1920,\"height\":1080,\"caption\":\"Logotipo ASAJA Le\u00f3n\"},{\"@type\":\"BreadcrumbList\",\"@id\":\"https:\/\/www.asajacyl.com\/leon\/asaja-leon-informa\/a-espinosa-le-falla-el-disco-duro#breadcrumb\",\"itemListElement\":[{\"@type\":\"ListItem\",\"position\":1,\"name\":\"Portada\",\"item\":\"https:\/\/www.asajacyl.com\/leon\/\"},{\"@type\":\"ListItem\",\"position\":2,\"name\":\"A ESPINOSA LE FALLA EL DISCO DURO\"}]},{\"@type\":\"WebSite\",\"@id\":\"https:\/\/www.asajacyl.com\/leon\/#website\",\"url\":\"https:\/\/www.asajacyl.com\/leon\/\",\"name\":\"ASAJA Le\u00f3n\",\"description\":\"Otro sitio m\u00e1s de Provincias ASAJA Castilla y Le\u00f3n\",\"potentialAction\":[{\"@type\":\"SearchAction\",\"target\":{\"@type\":\"EntryPoint\",\"urlTemplate\":\"https:\/\/www.asajacyl.com\/leon\/?s={search_term_string}\"},\"query-input\":{\"@type\":\"PropertyValueSpecification\",\"valueRequired\":true,\"valueName\":\"search_term_string\"}}],\"inLanguage\":\"es\"},{\"@type\":\"Person\",\"@id\":\"https:\/\/www.asajacyl.com\/leon\/#\/schema\/person\/7e884476cee132331142e8ac9689f20c\",\"name\":\"Editor\",\"image\":{\"@type\":\"ImageObject\",\"inLanguage\":\"es\",\"@id\":\"https:\/\/www.asajacyl.com\/leon\/#\/schema\/person\/image\/\",\"url\":\"https:\/\/secure.gravatar.com\/avatar\/a2ef43c165669686cfcfb0e1ffa59869?s=96&d=mm&r=g\",\"contentUrl\":\"https:\/\/secure.gravatar.com\/avatar\/a2ef43c165669686cfcfb0e1ffa59869?s=96&d=mm&r=g\",\"caption\":\"Editor\"},\"url\":\"https:\/\/www.asajacyl.com\/leon\/author\/oscargg\"}]}<\/script>\n<!-- \/ Yoast SEO plugin. -->","yoast_head_json":{"title":"A ESPINOSA LE FALLA EL DISCO DURO - ASAJA Le\u00f3n","description":"\"O es una desmemoriada o una mentirosa al afirmar que con el PP no nos manifest&#225;bamos\", subraya ASAJA, que adjunta las pruebas","robots":{"index":"index","follow":"follow","max-snippet":"max-snippet:-1","max-image-preview":"max-image-preview:large","max-video-preview":"max-video-preview:-1"},"canonical":"https:\/\/www.asajacyl.com\/leon\/asaja-leon-informa\/a-espinosa-le-falla-el-disco-duro","og_locale":"es_ES","og_type":"article","og_title":"A ESPINOSA LE FALLA EL DISCO DURO - ASAJA Le\u00f3n","og_description":"\"O es una desmemoriada o una mentirosa al afirmar que con el PP no nos manifest&#225;bamos\", subraya ASAJA, que adjunta las pruebas","og_url":"https:\/\/www.asajacyl.com\/leon\/asaja-leon-informa\/a-espinosa-le-falla-el-disco-duro","og_site_name":"ASAJA Le\u00f3n","article_published_time":"2004-11-23T23:00:00+00:00","og_image":[{"width":1920,"height":1080,"url":"https:\/\/www.asajacyl.com\/leon\/wp-content\/uploads\/sites\/6\/2017\/11\/im_predefinida_1920x1080.jpg","type":"image\/jpeg"}],"author":"Editor","twitter_card":"summary_large_image","twitter_misc":{"Escrito por":"Editor","Tiempo de lectura":"7 minutos"},"schema":{"@context":"https:\/\/schema.org","@graph":[{"@type":"WebPage","@id":"https:\/\/www.asajacyl.com\/leon\/asaja-leon-informa\/a-espinosa-le-falla-el-disco-duro","url":"https:\/\/www.asajacyl.com\/leon\/asaja-leon-informa\/a-espinosa-le-falla-el-disco-duro","name":"A ESPINOSA LE FALLA EL DISCO DURO - ASAJA Le\u00f3n","isPartOf":{"@id":"https:\/\/www.asajacyl.com\/leon\/#website"},"primaryImageOfPage":{"@id":"https:\/\/www.asajacyl.com\/leon\/asaja-leon-informa\/a-espinosa-le-falla-el-disco-duro#primaryimage"},"image":{"@id":"https:\/\/www.asajacyl.com\/leon\/asaja-leon-informa\/a-espinosa-le-falla-el-disco-duro#primaryimage"},"thumbnailUrl":"https:\/\/www.asajacyl.com\/leon\/wp-content\/uploads\/sites\/6\/2017\/11\/im_predefinida_1920x1080.jpg","datePublished":"2004-11-23T23:00:00+00:00","author":{"@id":"https:\/\/www.asajacyl.com\/leon\/#\/schema\/person\/7e884476cee132331142e8ac9689f20c"},"description":"\"O es una desmemoriada o una mentirosa al afirmar que con el PP no nos manifest&#225;bamos\", subraya ASAJA, que adjunta las pruebas","breadcrumb":{"@id":"https:\/\/www.asajacyl.com\/leon\/asaja-leon-informa\/a-espinosa-le-falla-el-disco-duro#breadcrumb"},"inLanguage":"es","potentialAction":[{"@type":"ReadAction","target":["https:\/\/www.asajacyl.com\/leon\/asaja-leon-informa\/a-espinosa-le-falla-el-disco-duro"]}]},{"@type":"ImageObject","inLanguage":"es","@id":"https:\/\/www.asajacyl.com\/leon\/asaja-leon-informa\/a-espinosa-le-falla-el-disco-duro#primaryimage","url":"https:\/\/www.asajacyl.com\/leon\/wp-content\/uploads\/sites\/6\/2017\/11\/im_predefinida_1920x1080.jpg","contentUrl":"https:\/\/www.asajacyl.com\/leon\/wp-content\/uploads\/sites\/6\/2017\/11\/im_predefinida_1920x1080.jpg","width":1920,"height":1080,"caption":"Logotipo ASAJA Le\u00f3n"},{"@type":"BreadcrumbList","@id":"https:\/\/www.asajacyl.com\/leon\/asaja-leon-informa\/a-espinosa-le-falla-el-disco-duro#breadcrumb","itemListElement":[{"@type":"ListItem","position":1,"name":"Portada","item":"https:\/\/www.asajacyl.com\/leon\/"},{"@type":"ListItem","position":2,"name":"A ESPINOSA LE FALLA EL DISCO DURO"}]},{"@type":"WebSite","@id":"https:\/\/www.asajacyl.com\/leon\/#website","url":"https:\/\/www.asajacyl.com\/leon\/","name":"ASAJA Le\u00f3n","description":"Otro sitio m\u00e1s de Provincias ASAJA Castilla y Le\u00f3n","potentialAction":[{"@type":"SearchAction","target":{"@type":"EntryPoint","urlTemplate":"https:\/\/www.asajacyl.com\/leon\/?s={search_term_string}"},"query-input":{"@type":"PropertyValueSpecification","valueRequired":true,"valueName":"search_term_string"}}],"inLanguage":"es"},{"@type":"Person","@id":"https:\/\/www.asajacyl.com\/leon\/#\/schema\/person\/7e884476cee132331142e8ac9689f20c","name":"Editor","image":{"@type":"ImageObject","inLanguage":"es","@id":"https:\/\/www.asajacyl.com\/leon\/#\/schema\/person\/image\/","url":"https:\/\/secure.gravatar.com\/avatar\/a2ef43c165669686cfcfb0e1ffa59869?s=96&d=mm&r=g","contentUrl":"https:\/\/secure.gravatar.com\/avatar\/a2ef43c165669686cfcfb0e1ffa59869?s=96&d=mm&r=g","caption":"Editor"},"url":"https:\/\/www.asajacyl.com\/leon\/author\/oscargg"}]}},"_links":{"self":[{"href":"https:\/\/www.asajacyl.com\/leon\/wp-json\/wp\/v2\/posts\/7966"}],"collection":[{"href":"https:\/\/www.asajacyl.com\/leon\/wp-json\/wp\/v2\/posts"}],"about":[{"href":"https:\/\/www.asajacyl.com\/leon\/wp-json\/wp\/v2\/types\/post"}],"author":[{"embeddable":true,"href":"https:\/\/www.asajacyl.com\/leon\/wp-json\/wp\/v2\/users\/3"}],"replies":[{"embeddable":true,"href":"https:\/\/www.asajacyl.com\/leon\/wp-json\/wp\/v2\/comments?post=7966"}],"version-history":[{"count":0,"href":"https:\/\/www.asajacyl.com\/leon\/wp-json\/wp\/v2\/posts\/7966\/revisions"}],"wp:featuredmedia":[{"embeddable":true,"href":"https:\/\/www.asajacyl.com\/leon\/wp-json\/wp\/v2\/media\/8174"}],"wp:attachment":[{"href":"https:\/\/www.asajacyl.com\/leon\/wp-json\/wp\/v2\/media?parent=7966"}],"wp:term":[{"taxonomy":"category","embeddable":true,"href":"https:\/\/www.asajacyl.com\/leon\/wp-json\/wp\/v2\/categories?post=7966"},{"taxonomy":"post_tag","embeddable":true,"href":"https:\/\/www.asajacyl.com\/leon\/wp-json\/wp\/v2\/tags?post=7966"}],"curies":[{"name":"wp","href":"https:\/\/api.w.org\/{rel}","templated":true}]}}