{"id":7967,"date":"2004-11-22T00:00:00","date_gmt":"2004-11-21T23:00:00","guid":{"rendered":"http:\/\/www.asajacyl.com\/leon\/sin-categoria\/asaja-exige-la-dimisin-de-ricardo-martn-como-presidente-de-las-cooperativas-agrarias"},"modified":"2004-11-22T00:00:00","modified_gmt":"2004-11-21T23:00:00","slug":"asaja-exige-la-dimisin-de-ricardo-martn-como-presidente-de-las-cooperativas-agrarias","status":"publish","type":"post","link":"https:\/\/www.asajacyl.com\/leon\/asaja-leon-informa\/asaja-exige-la-dimisin-de-ricardo-martn-como-presidente-de-las-cooperativas-agrarias","title":{"rendered":"ASAJA EXIGE LA DIMISI&#211;N DE RICARDO MART&#205;N COMO PRESIDENTE DE LAS COOPERATIVAS AGRARIAS"},"content":{"rendered":"<h2>\u00abLos agricultores tenemos al enemigo en casa mientras Mart&#237;n <br \/>\nno deje sus cargos\u00bb, subraya la OPA<\/h2>\n<p><b><\/p>\n<p align=\"center\"><font size=\"2\"><\/font>\n<\/p>\n<p align=\"center\"><font size=\"2\"><font color=\"#009900\">ASAJA EXIGE LA DIMISI&#211;N DE RICARDO MART&#205;N COMO PRESIDENTE DE LAS COOPERATIVAS AGRARIAS<\/font> <\/font>\n<\/p>\n<p align=\"center\"><font size=\"2\"><\/font>\n<\/p>\n<p align=\"center\"><font color=\"#0033ff\" size=\"2\">\u00abLos agricultores tenemos al enemigo en casa mientras Mart&#237;n <\/font>\n<\/p>\n<p align=\"center\"><font color=\"#0033ff\" size=\"2\">no deje sus cargos\u00bb, subraya la OPA<\/font><\/p>\n<p><\/b><font size=\"2\"> <\/font><\/p>\n<p align=\"justify\"><font size=\"2\"><\/font>\n<\/p>\n<p align=\"justify\"><font size=\"2\">La organizaci&#243;n agraria ASAJA de Castilla y Le&#243;n exige que el vallisoletano Ricardo Mart&#237;n dimita de su cargo de presidente tanto de la Confederaci&#243;n de Cooperativas Agrarias de Espa&#241;a como de la Uni&#243;n Regional de Cooperativas Agrarias de Castilla y Le&#243;n (Urcacyl). El motivo no es otro que su papel de activista en la desuni&#243;n de los agricultores y ganaderos al firmar acuerdos con el Gobierno que perjudican claramente los intereses de los productores, acuerdos en materias que son propias de la pol&#237;tica sindical que compete precisamente a las organizaciones agrarias y no a las cooperativas. <\/font>\n<\/p>\n<p align=\"justify\"><font size=\"2\"><\/font>\n<\/p>\n<p align=\"justify\"><font size=\"2\">Si a primeros de a&#241;o consigui&#243; abrir un enfrentamiento regional al pactar con el consejero la presencia de las cooperativas en los temas sindicales agrarios de Castilla y Le&#243;n &#8211;enfrentamiento que ha ido a m&#225;s&#8211;; ahora ha firmado con el Gobierno un acuerdo sobre el gas&#243;leo que deja en la cuneta a los socios cooperativistas bajo el argumento de que \u00abes bueno para las cooperativas como empresas\u00bb. Por otra parte, Ricardo Mart&#237;n defiende a ultranza la postura contraria a la de los agricultores y ganaderos respecto al tema del desacoplamiento de las ayudas de la PAC, cuesti&#243;n &#233;sta fundamental para el futuro del sector. <\/font>\n<\/p>\n<p align=\"justify\"><font size=\"2\"><\/font>\n<\/p>\n<p align=\"justify\"><font size=\"2\">ASAJA exige a Ricardo Mart&#237;n que deje sus responsabilidades en el mundo cooperativo, y apuesta por un sustituto que tenga claro cu&#225;l debe de ser el papel de las cooperativas y cu&#225;l el de las organizaciones profesionales agrarias. Cuando los socios de las cooperativas y de las organizaciones son los mismos, al producirse en la mayor&#237;a de los casos la doble militancia, las cooperativas no deben de asumir otro papel que no sea el de la comercializaci&#243;n y transformaci&#243;n de los productos, mientras que las organizaciones agrarias tienen la poco gratificante tarea de reivindicar y dar servicios. Estos cometidos siempre hab&#237;an estado relativamente claros hasta la presencia de Ricardo Mart&#237;n al frente de las cooperativas. <\/font>\n<\/p>\n<p align=\"justify\"><font size=\"2\"><\/font>\n<\/p>\n<p align=\"justify\"><font size=\"2\">La solicitud de dimisi&#243;n que hace ASAJA viene precedida de las ya efectuadas por la Federaci&#243;n de Cooperativas Andaluzas y por varios dirigentes de cooperativas de Castilla y Le&#243;n, que entienden que la presencia por m&#225;s tiempo de Ricardo Mart&#237;n al frente del sector s&#243;lo va a contribuir a debilitar la fuerza del mismo para afrontar las relaciones con la Junta, con el Ministerio de Agricultura y con la industria agroalimentaria. <\/font>\n<\/p>\n<p align=\"justify\"><font size=\"2\"><\/font>\n<\/p>\n<p align=\"justify\"><font size=\"2\">&#160; <\/font>\n<\/p>\n<p align=\"right\"><font size=\"2\">Le&#243;n a 22 de Noviembre de 2004<\/font><\/p>\n","protected":false},"excerpt":{"rendered":"<p>\u00abLos agricultores tenemos al enemigo en casa mientras Mart&#237;n <br \/>\nno deje sus cargos\u00bb, subraya la OPA<\/p>\n","protected":false},"author":3,"featured_media":8174,"comment_status":"open","ping_status":"open","sticky":false,"template":"","format":"standard","meta":{"footnotes":""},"categories":[4,9],"tags":[],"yoast_head":"<!-- This site is optimized with the Yoast SEO plugin v24.5 - https:\/\/yoast.com\/wordpress\/plugins\/seo\/ -->\n<title>ASAJA EXIGE LA DIMISI&#211;N DE RICARDO MART&#205;N COMO PRESIDENTE DE LAS COOPERATIVAS AGRARIAS - ASAJA Le\u00f3n<\/title>\n<meta name=\"description\" content=\"&quot;Los agricultores tenemos al enemigo en casa mientras Mart&#237;n no deje sus cargos&quot;, subraya la OPA\" \/>\n<meta name=\"robots\" content=\"index, follow, max-snippet:-1, max-image-preview:large, max-video-preview:-1\" \/>\n<link rel=\"canonical\" href=\"https:\/\/www.asajacyl.com\/leon\/asaja-leon-informa\/asaja-exige-la-dimisin-de-ricardo-martn-como-presidente-de-las-cooperativas-agrarias\" \/>\n<meta property=\"og:locale\" content=\"es_ES\" \/>\n<meta property=\"og:type\" content=\"article\" \/>\n<meta property=\"og:title\" content=\"ASAJA EXIGE LA DIMISI&#211;N DE RICARDO MART&#205;N COMO PRESIDENTE DE LAS COOPERATIVAS AGRARIAS - ASAJA Le\u00f3n\" \/>\n<meta property=\"og:description\" content=\"&quot;Los agricultores tenemos al enemigo en casa mientras Mart&#237;n no deje sus cargos&quot;, subraya la OPA\" \/>\n<meta property=\"og:url\" content=\"https:\/\/www.asajacyl.com\/leon\/asaja-leon-informa\/asaja-exige-la-dimisin-de-ricardo-martn-como-presidente-de-las-cooperativas-agrarias\" \/>\n<meta property=\"og:site_name\" content=\"ASAJA Le\u00f3n\" \/>\n<meta property=\"article:published_time\" content=\"2004-11-21T23:00:00+00:00\" \/>\n<meta property=\"og:image\" content=\"https:\/\/www.asajacyl.com\/leon\/wp-content\/uploads\/sites\/6\/2017\/11\/im_predefinida_1920x1080.jpg\" \/>\n\t<meta property=\"og:image:width\" content=\"1920\" \/>\n\t<meta property=\"og:image:height\" content=\"1080\" \/>\n\t<meta property=\"og:image:type\" content=\"image\/jpeg\" \/>\n<meta name=\"author\" content=\"Editor\" \/>\n<meta name=\"twitter:card\" content=\"summary_large_image\" \/>\n<meta name=\"twitter:label1\" content=\"Escrito por\" \/>\n\t<meta name=\"twitter:data1\" content=\"Editor\" \/>\n\t<meta name=\"twitter:label2\" content=\"Tiempo de lectura\" \/>\n\t<meta name=\"twitter:data2\" content=\"2 minutos\" \/>\n<script type=\"application\/ld+json\" class=\"yoast-schema-graph\">{\"@context\":\"https:\/\/schema.org\",\"@graph\":[{\"@type\":\"WebPage\",\"@id\":\"https:\/\/www.asajacyl.com\/leon\/asaja-leon-informa\/asaja-exige-la-dimisin-de-ricardo-martn-como-presidente-de-las-cooperativas-agrarias\",\"url\":\"https:\/\/www.asajacyl.com\/leon\/asaja-leon-informa\/asaja-exige-la-dimisin-de-ricardo-martn-como-presidente-de-las-cooperativas-agrarias\",\"name\":\"ASAJA EXIGE LA DIMISI&#211;N DE RICARDO MART&#205;N COMO PRESIDENTE DE LAS COOPERATIVAS AGRARIAS - ASAJA Le\u00f3n\",\"isPartOf\":{\"@id\":\"https:\/\/www.asajacyl.com\/leon\/#website\"},\"primaryImageOfPage\":{\"@id\":\"https:\/\/www.asajacyl.com\/leon\/asaja-leon-informa\/asaja-exige-la-dimisin-de-ricardo-martn-como-presidente-de-las-cooperativas-agrarias#primaryimage\"},\"image\":{\"@id\":\"https:\/\/www.asajacyl.com\/leon\/asaja-leon-informa\/asaja-exige-la-dimisin-de-ricardo-martn-como-presidente-de-las-cooperativas-agrarias#primaryimage\"},\"thumbnailUrl\":\"https:\/\/www.asajacyl.com\/leon\/wp-content\/uploads\/sites\/6\/2017\/11\/im_predefinida_1920x1080.jpg\",\"datePublished\":\"2004-11-21T23:00:00+00:00\",\"author\":{\"@id\":\"https:\/\/www.asajacyl.com\/leon\/#\/schema\/person\/7e884476cee132331142e8ac9689f20c\"},\"description\":\"\\\"Los agricultores tenemos al enemigo en casa mientras Mart&#237;n no deje sus cargos\\\", subraya la OPA\",\"breadcrumb\":{\"@id\":\"https:\/\/www.asajacyl.com\/leon\/asaja-leon-informa\/asaja-exige-la-dimisin-de-ricardo-martn-como-presidente-de-las-cooperativas-agrarias#breadcrumb\"},\"inLanguage\":\"es\",\"potentialAction\":[{\"@type\":\"ReadAction\",\"target\":[\"https:\/\/www.asajacyl.com\/leon\/asaja-leon-informa\/asaja-exige-la-dimisin-de-ricardo-martn-como-presidente-de-las-cooperativas-agrarias\"]}]},{\"@type\":\"ImageObject\",\"inLanguage\":\"es\",\"@id\":\"https:\/\/www.asajacyl.com\/leon\/asaja-leon-informa\/asaja-exige-la-dimisin-de-ricardo-martn-como-presidente-de-las-cooperativas-agrarias#primaryimage\",\"url\":\"https:\/\/www.asajacyl.com\/leon\/wp-content\/uploads\/sites\/6\/2017\/11\/im_predefinida_1920x1080.jpg\",\"contentUrl\":\"https:\/\/www.asajacyl.com\/leon\/wp-content\/uploads\/sites\/6\/2017\/11\/im_predefinida_1920x1080.jpg\",\"width\":1920,\"height\":1080,\"caption\":\"Logotipo ASAJA Le\u00f3n\"},{\"@type\":\"BreadcrumbList\",\"@id\":\"https:\/\/www.asajacyl.com\/leon\/asaja-leon-informa\/asaja-exige-la-dimisin-de-ricardo-martn-como-presidente-de-las-cooperativas-agrarias#breadcrumb\",\"itemListElement\":[{\"@type\":\"ListItem\",\"position\":1,\"name\":\"Portada\",\"item\":\"https:\/\/www.asajacyl.com\/leon\/\"},{\"@type\":\"ListItem\",\"position\":2,\"name\":\"ASAJA EXIGE LA DIMISI&#211;N DE RICARDO MART&#205;N COMO PRESIDENTE DE LAS COOPERATIVAS AGRARIAS\"}]},{\"@type\":\"WebSite\",\"@id\":\"https:\/\/www.asajacyl.com\/leon\/#website\",\"url\":\"https:\/\/www.asajacyl.com\/leon\/\",\"name\":\"ASAJA Le\u00f3n\",\"description\":\"Otro sitio m\u00e1s de Provincias ASAJA Castilla y Le\u00f3n\",\"potentialAction\":[{\"@type\":\"SearchAction\",\"target\":{\"@type\":\"EntryPoint\",\"urlTemplate\":\"https:\/\/www.asajacyl.com\/leon\/?s={search_term_string}\"},\"query-input\":{\"@type\":\"PropertyValueSpecification\",\"valueRequired\":true,\"valueName\":\"search_term_string\"}}],\"inLanguage\":\"es\"},{\"@type\":\"Person\",\"@id\":\"https:\/\/www.asajacyl.com\/leon\/#\/schema\/person\/7e884476cee132331142e8ac9689f20c\",\"name\":\"Editor\",\"image\":{\"@type\":\"ImageObject\",\"inLanguage\":\"es\",\"@id\":\"https:\/\/www.asajacyl.com\/leon\/#\/schema\/person\/image\/\",\"url\":\"https:\/\/secure.gravatar.com\/avatar\/a2ef43c165669686cfcfb0e1ffa59869?s=96&d=mm&r=g\",\"contentUrl\":\"https:\/\/secure.gravatar.com\/avatar\/a2ef43c165669686cfcfb0e1ffa59869?s=96&d=mm&r=g\",\"caption\":\"Editor\"},\"url\":\"https:\/\/www.asajacyl.com\/leon\/author\/oscargg\"}]}<\/script>\n<!-- \/ Yoast SEO plugin. -->","yoast_head_json":{"title":"ASAJA EXIGE LA DIMISI&#211;N DE RICARDO MART&#205;N COMO PRESIDENTE DE LAS COOPERATIVAS AGRARIAS - ASAJA Le\u00f3n","description":"\"Los agricultores tenemos al enemigo en casa mientras Mart&#237;n no deje sus cargos\", subraya la OPA","robots":{"index":"index","follow":"follow","max-snippet":"max-snippet:-1","max-image-preview":"max-image-preview:large","max-video-preview":"max-video-preview:-1"},"canonical":"https:\/\/www.asajacyl.com\/leon\/asaja-leon-informa\/asaja-exige-la-dimisin-de-ricardo-martn-como-presidente-de-las-cooperativas-agrarias","og_locale":"es_ES","og_type":"article","og_title":"ASAJA EXIGE LA DIMISI&#211;N DE RICARDO MART&#205;N COMO PRESIDENTE DE LAS COOPERATIVAS AGRARIAS - ASAJA Le\u00f3n","og_description":"\"Los agricultores tenemos al enemigo en casa mientras Mart&#237;n no deje sus cargos\", subraya la OPA","og_url":"https:\/\/www.asajacyl.com\/leon\/asaja-leon-informa\/asaja-exige-la-dimisin-de-ricardo-martn-como-presidente-de-las-cooperativas-agrarias","og_site_name":"ASAJA Le\u00f3n","article_published_time":"2004-11-21T23:00:00+00:00","og_image":[{"width":1920,"height":1080,"url":"https:\/\/www.asajacyl.com\/leon\/wp-content\/uploads\/sites\/6\/2017\/11\/im_predefinida_1920x1080.jpg","type":"image\/jpeg"}],"author":"Editor","twitter_card":"summary_large_image","twitter_misc":{"Escrito por":"Editor","Tiempo de lectura":"2 minutos"},"schema":{"@context":"https:\/\/schema.org","@graph":[{"@type":"WebPage","@id":"https:\/\/www.asajacyl.com\/leon\/asaja-leon-informa\/asaja-exige-la-dimisin-de-ricardo-martn-como-presidente-de-las-cooperativas-agrarias","url":"https:\/\/www.asajacyl.com\/leon\/asaja-leon-informa\/asaja-exige-la-dimisin-de-ricardo-martn-como-presidente-de-las-cooperativas-agrarias","name":"ASAJA EXIGE LA DIMISI&#211;N DE RICARDO MART&#205;N COMO PRESIDENTE DE LAS COOPERATIVAS AGRARIAS - ASAJA Le\u00f3n","isPartOf":{"@id":"https:\/\/www.asajacyl.com\/leon\/#website"},"primaryImageOfPage":{"@id":"https:\/\/www.asajacyl.com\/leon\/asaja-leon-informa\/asaja-exige-la-dimisin-de-ricardo-martn-como-presidente-de-las-cooperativas-agrarias#primaryimage"},"image":{"@id":"https:\/\/www.asajacyl.com\/leon\/asaja-leon-informa\/asaja-exige-la-dimisin-de-ricardo-martn-como-presidente-de-las-cooperativas-agrarias#primaryimage"},"thumbnailUrl":"https:\/\/www.asajacyl.com\/leon\/wp-content\/uploads\/sites\/6\/2017\/11\/im_predefinida_1920x1080.jpg","datePublished":"2004-11-21T23:00:00+00:00","author":{"@id":"https:\/\/www.asajacyl.com\/leon\/#\/schema\/person\/7e884476cee132331142e8ac9689f20c"},"description":"\"Los agricultores tenemos al enemigo en casa mientras Mart&#237;n no deje sus cargos\", subraya la OPA","breadcrumb":{"@id":"https:\/\/www.asajacyl.com\/leon\/asaja-leon-informa\/asaja-exige-la-dimisin-de-ricardo-martn-como-presidente-de-las-cooperativas-agrarias#breadcrumb"},"inLanguage":"es","potentialAction":[{"@type":"ReadAction","target":["https:\/\/www.asajacyl.com\/leon\/asaja-leon-informa\/asaja-exige-la-dimisin-de-ricardo-martn-como-presidente-de-las-cooperativas-agrarias"]}]},{"@type":"ImageObject","inLanguage":"es","@id":"https:\/\/www.asajacyl.com\/leon\/asaja-leon-informa\/asaja-exige-la-dimisin-de-ricardo-martn-como-presidente-de-las-cooperativas-agrarias#primaryimage","url":"https:\/\/www.asajacyl.com\/leon\/wp-content\/uploads\/sites\/6\/2017\/11\/im_predefinida_1920x1080.jpg","contentUrl":"https:\/\/www.asajacyl.com\/leon\/wp-content\/uploads\/sites\/6\/2017\/11\/im_predefinida_1920x1080.jpg","width":1920,"height":1080,"caption":"Logotipo ASAJA Le\u00f3n"},{"@type":"BreadcrumbList","@id":"https:\/\/www.asajacyl.com\/leon\/asaja-leon-informa\/asaja-exige-la-dimisin-de-ricardo-martn-como-presidente-de-las-cooperativas-agrarias#breadcrumb","itemListElement":[{"@type":"ListItem","position":1,"name":"Portada","item":"https:\/\/www.asajacyl.com\/leon\/"},{"@type":"ListItem","position":2,"name":"ASAJA EXIGE LA DIMISI&#211;N DE RICARDO MART&#205;N COMO PRESIDENTE DE LAS COOPERATIVAS AGRARIAS"}]},{"@type":"WebSite","@id":"https:\/\/www.asajacyl.com\/leon\/#website","url":"https:\/\/www.asajacyl.com\/leon\/","name":"ASAJA Le\u00f3n","description":"Otro sitio m\u00e1s de Provincias ASAJA Castilla y Le\u00f3n","potentialAction":[{"@type":"SearchAction","target":{"@type":"EntryPoint","urlTemplate":"https:\/\/www.asajacyl.com\/leon\/?s={search_term_string}"},"query-input":{"@type":"PropertyValueSpecification","valueRequired":true,"valueName":"search_term_string"}}],"inLanguage":"es"},{"@type":"Person","@id":"https:\/\/www.asajacyl.com\/leon\/#\/schema\/person\/7e884476cee132331142e8ac9689f20c","name":"Editor","image":{"@type":"ImageObject","inLanguage":"es","@id":"https:\/\/www.asajacyl.com\/leon\/#\/schema\/person\/image\/","url":"https:\/\/secure.gravatar.com\/avatar\/a2ef43c165669686cfcfb0e1ffa59869?s=96&d=mm&r=g","contentUrl":"https:\/\/secure.gravatar.com\/avatar\/a2ef43c165669686cfcfb0e1ffa59869?s=96&d=mm&r=g","caption":"Editor"},"url":"https:\/\/www.asajacyl.com\/leon\/author\/oscargg"}]}},"_links":{"self":[{"href":"https:\/\/www.asajacyl.com\/leon\/wp-json\/wp\/v2\/posts\/7967"}],"collection":[{"href":"https:\/\/www.asajacyl.com\/leon\/wp-json\/wp\/v2\/posts"}],"about":[{"href":"https:\/\/www.asajacyl.com\/leon\/wp-json\/wp\/v2\/types\/post"}],"author":[{"embeddable":true,"href":"https:\/\/www.asajacyl.com\/leon\/wp-json\/wp\/v2\/users\/3"}],"replies":[{"embeddable":true,"href":"https:\/\/www.asajacyl.com\/leon\/wp-json\/wp\/v2\/comments?post=7967"}],"version-history":[{"count":0,"href":"https:\/\/www.asajacyl.com\/leon\/wp-json\/wp\/v2\/posts\/7967\/revisions"}],"wp:featuredmedia":[{"embeddable":true,"href":"https:\/\/www.asajacyl.com\/leon\/wp-json\/wp\/v2\/media\/8174"}],"wp:attachment":[{"href":"https:\/\/www.asajacyl.com\/leon\/wp-json\/wp\/v2\/media?parent=7967"}],"wp:term":[{"taxonomy":"category","embeddable":true,"href":"https:\/\/www.asajacyl.com\/leon\/wp-json\/wp\/v2\/categories?post=7967"},{"taxonomy":"post_tag","embeddable":true,"href":"https:\/\/www.asajacyl.com\/leon\/wp-json\/wp\/v2\/tags?post=7967"}],"curies":[{"name":"wp","href":"https:\/\/api.w.org\/{rel}","templated":true}]}}