{"id":7977,"date":"2004-10-19T00:00:00","date_gmt":"2004-10-18T22:00:00","guid":{"rendered":"http:\/\/www.asajacyl.com\/leon\/sin-categoria\/asaja-rechaza-el-modelo-de-aplicacin-de-la-pac-que-propondr-el-ministerio-de-agricultura"},"modified":"2004-10-19T00:00:00","modified_gmt":"2004-10-18T22:00:00","slug":"asaja-rechaza-el-modelo-de-aplicacin-de-la-pac-que-propondr-el-ministerio-de-agricultura","status":"publish","type":"post","link":"https:\/\/www.asajacyl.com\/leon\/asaja-leon-informa\/asaja-rechaza-el-modelo-de-aplicacin-de-la-pac-que-propondr-el-ministerio-de-agricultura","title":{"rendered":"ASAJA RECHAZA EL MODELO DE APLICACI&#211;N DE LA PAC QUE PROPONDR&#193; EL MINISTERIO DE AGRICULTURA"},"content":{"rendered":"<h2>La propuesta de desacoplamiento parcial que se ha filtrado a la prensa es desconocida por el sector que , en ning&#250;n momento , ha sido consultado por el equipo de Espinosa<\/h2>\n<p align=\"center\"><font size=\"2\">&#160;&#160;<\/font><b><font size=\"2\"><font color=\"#0066ff\">La propuesta de desacoplamiento parcial que se ha filtrado a la prensa es desconocida por el sector que , en ning&#250;n momento , ha sido consultado por el equipo de Espinosa<\/font> <\/font><\/b>\n<\/p>\n<p align=\"center\"><font size=\"2\"><\/font><b><\/p>\n<p align=\"center\"><font size=\"2\"><font color=\"#009900\">ASAJA RECHAZA EL MODELO DE APLICACI&#211;N DE LA PAC QUE PROPONDR&#193; EL MINISTERIO DE AGRICULTURA<\/font> <\/font>\n<\/p>\n<p align=\"center\"><font size=\"2\"><\/font><i><\/p>\n<p align=\"center\"><font size=\"2\">El supuesto \u00abtalante\u00bb del actual Gobierno choca con la falta de di&#225;logo y comunicaci&#243;n que existe entre el MAPA y el sector agrario <\/font><\/p>\n<p><\/i>\n<\/p>\n<p align=\"justify\"><font size=\"2\"><\/font>\n<\/p>\n<p align=\"justify\"><font size=\"2\">&#160; <\/font>\n<\/p>\n<p align=\"justify\"><font size=\"2\">Madrid, 18 de octubre de 2004.- Seg&#250;n hemos conocido por el diario \u00abEl Pa&#237;s\u00bb, que cita como fuente al Secretario General de Agricultura, Fernando Moraleda, Espa&#241;a pondr&#225; en marcha la reforma de la PAC aplicando un sistema de desacoplamiento parcial en todos los sectores que la legislaci&#243;n comunitaria permite. Para ASAJA, &#233;sta decisi&#243;n ser&#237;a la peor de todas las posibles y confiamos en que pueda tratarse de una filtraci&#243;n intencionada para sondear al sector. En cualquier caso nos gustar&#237;a saber si &#233;sta postura es compartida por la ministra Elena Espinosa. <\/font>\n<\/p>\n<p align=\"justify\"><font size=\"2\"><\/font><\/p>\n<p><\/b>\n<\/p>\n<p align=\"justify\"><font size=\"2\">Seg&#250;n la informaci&#243;n publicada, la ayuda de cultivos herb&#225;ceos se desacoplar&#237;a en un 75 por ciento, excepto el trigo duro que ser&#237;a al 100 por cien, el ovino y caprino quedar&#237;a desacoplado en un 50 por ciento y se mantendr&#237;a acoplada el 100 por cien de la ayuda a la vaca nodriza y el 40 por ciento de la prima al sacrificio de los bovinos adultos. <\/font>\n<\/p>\n<p align=\"justify\"><font size=\"2\"><\/font>\n<\/p>\n<p align=\"justify\"><font size=\"2\">ASAJA viene solicitando desde hace m&#225;s de un a&#241;o que la aplicaci&#243;n de la PAC se realice a trav&#233;s de un desacoplamiento total en todos los sectores, igual que se ha hecho en la mayor parte de los pa&#237;ses de la UE, ya que entendemos que es precisamente el desacoplamiento la medida que fomenta la orientaci&#243;n de las producciones a los mercados. Una orientaci&#243;n que resulta imprescindible para adecuar la agricultura y ganader&#237;a a la nueva situaci&#243;n que se va a crear en los pr&#243;ximos a&#241;os, con aplicaci&#243;n plena de la reforma de la PAC y la globalizaci&#243;n de los mercados que promueven los acuerdos internacionales. <\/font>\n<\/p>\n<p align=\"justify\"><font size=\"2\"><\/font>\n<\/p>\n<p align=\"justify\"><font size=\"2\">Para ASAJA resulta inconcebible que decisiones de &#233;sta trascendencia se tomen sin tener en cuenta las opiniones de los afectados y con la m&#225;s absoluta opacidad por parte del ministerio de Agricultura, por lo que instamos a los m&#225;ximos responsables de MAPA a que convoquen, de urgencia, al sector y aclaren, definitivamente, los planes que tienen previsto llevar a cabo. <\/font>\n<\/p>\n<p align=\"justify\"><font size=\"2\"><\/font>\n<\/p>\n<p align=\"right\"><font size=\"2\">Le&#243;n a 18 de Octubre de 2004<\/font><\/p>\n","protected":false},"excerpt":{"rendered":"<p>La propuesta de desacoplamiento parcial que se ha filtrado a la prensa es desconocida por el sector que , en ning&#250;n momento , ha sido consultado por el equipo de Espinosa<\/p>\n","protected":false},"author":3,"featured_media":8174,"comment_status":"open","ping_status":"open","sticky":false,"template":"","format":"standard","meta":{"footnotes":""},"categories":[4,9],"tags":[],"yoast_head":"<!-- This site is optimized with the Yoast SEO plugin v24.5 - https:\/\/yoast.com\/wordpress\/plugins\/seo\/ -->\n<title>ASAJA RECHAZA EL MODELO DE APLICACI&#211;N DE LA PAC QUE PROPONDR&#193; EL MINISTERIO DE AGRICULTURA - ASAJA Le\u00f3n<\/title>\n<meta name=\"description\" content=\"La propuesta de desacoplamiento parcial que se ha filtrado a la prensa es desconocida por el sector que , en ning&#250;n momento , ha sido consultado por el equipo de Espinosa\" \/>\n<meta name=\"robots\" content=\"index, follow, max-snippet:-1, max-image-preview:large, max-video-preview:-1\" \/>\n<link rel=\"canonical\" href=\"https:\/\/www.asajacyl.com\/leon\/asaja-leon-informa\/asaja-rechaza-el-modelo-de-aplicacin-de-la-pac-que-propondr-el-ministerio-de-agricultura\" \/>\n<meta property=\"og:locale\" content=\"es_ES\" \/>\n<meta property=\"og:type\" content=\"article\" \/>\n<meta property=\"og:title\" content=\"ASAJA RECHAZA EL MODELO DE APLICACI&#211;N DE LA PAC QUE PROPONDR&#193; EL MINISTERIO DE AGRICULTURA - ASAJA Le\u00f3n\" \/>\n<meta property=\"og:description\" content=\"La propuesta de desacoplamiento parcial que se ha filtrado a la prensa es desconocida por el sector que , en ning&#250;n momento , ha sido consultado por el equipo de Espinosa\" \/>\n<meta property=\"og:url\" content=\"https:\/\/www.asajacyl.com\/leon\/asaja-leon-informa\/asaja-rechaza-el-modelo-de-aplicacin-de-la-pac-que-propondr-el-ministerio-de-agricultura\" \/>\n<meta property=\"og:site_name\" content=\"ASAJA Le\u00f3n\" \/>\n<meta property=\"article:published_time\" content=\"2004-10-18T22:00:00+00:00\" \/>\n<meta property=\"og:image\" content=\"https:\/\/www.asajacyl.com\/leon\/wp-content\/uploads\/sites\/6\/2017\/11\/im_predefinida_1920x1080.jpg\" \/>\n\t<meta property=\"og:image:width\" content=\"1920\" \/>\n\t<meta property=\"og:image:height\" content=\"1080\" \/>\n\t<meta property=\"og:image:type\" content=\"image\/jpeg\" \/>\n<meta name=\"author\" content=\"Editor\" \/>\n<meta name=\"twitter:card\" content=\"summary_large_image\" \/>\n<meta name=\"twitter:label1\" content=\"Escrito por\" \/>\n\t<meta name=\"twitter:data1\" content=\"Editor\" \/>\n\t<meta name=\"twitter:label2\" content=\"Tiempo de lectura\" \/>\n\t<meta name=\"twitter:data2\" content=\"2 minutos\" \/>\n<script type=\"application\/ld+json\" class=\"yoast-schema-graph\">{\"@context\":\"https:\/\/schema.org\",\"@graph\":[{\"@type\":\"WebPage\",\"@id\":\"https:\/\/www.asajacyl.com\/leon\/asaja-leon-informa\/asaja-rechaza-el-modelo-de-aplicacin-de-la-pac-que-propondr-el-ministerio-de-agricultura\",\"url\":\"https:\/\/www.asajacyl.com\/leon\/asaja-leon-informa\/asaja-rechaza-el-modelo-de-aplicacin-de-la-pac-que-propondr-el-ministerio-de-agricultura\",\"name\":\"ASAJA RECHAZA EL MODELO DE APLICACI&#211;N DE LA PAC QUE PROPONDR&#193; EL MINISTERIO DE AGRICULTURA - ASAJA Le\u00f3n\",\"isPartOf\":{\"@id\":\"https:\/\/www.asajacyl.com\/leon\/#website\"},\"primaryImageOfPage\":{\"@id\":\"https:\/\/www.asajacyl.com\/leon\/asaja-leon-informa\/asaja-rechaza-el-modelo-de-aplicacin-de-la-pac-que-propondr-el-ministerio-de-agricultura#primaryimage\"},\"image\":{\"@id\":\"https:\/\/www.asajacyl.com\/leon\/asaja-leon-informa\/asaja-rechaza-el-modelo-de-aplicacin-de-la-pac-que-propondr-el-ministerio-de-agricultura#primaryimage\"},\"thumbnailUrl\":\"https:\/\/www.asajacyl.com\/leon\/wp-content\/uploads\/sites\/6\/2017\/11\/im_predefinida_1920x1080.jpg\",\"datePublished\":\"2004-10-18T22:00:00+00:00\",\"author\":{\"@id\":\"https:\/\/www.asajacyl.com\/leon\/#\/schema\/person\/7e884476cee132331142e8ac9689f20c\"},\"description\":\"La propuesta de desacoplamiento parcial que se ha filtrado a la prensa es desconocida por el sector que , en ning&#250;n momento , ha sido consultado por el equipo de Espinosa\",\"breadcrumb\":{\"@id\":\"https:\/\/www.asajacyl.com\/leon\/asaja-leon-informa\/asaja-rechaza-el-modelo-de-aplicacin-de-la-pac-que-propondr-el-ministerio-de-agricultura#breadcrumb\"},\"inLanguage\":\"es\",\"potentialAction\":[{\"@type\":\"ReadAction\",\"target\":[\"https:\/\/www.asajacyl.com\/leon\/asaja-leon-informa\/asaja-rechaza-el-modelo-de-aplicacin-de-la-pac-que-propondr-el-ministerio-de-agricultura\"]}]},{\"@type\":\"ImageObject\",\"inLanguage\":\"es\",\"@id\":\"https:\/\/www.asajacyl.com\/leon\/asaja-leon-informa\/asaja-rechaza-el-modelo-de-aplicacin-de-la-pac-que-propondr-el-ministerio-de-agricultura#primaryimage\",\"url\":\"https:\/\/www.asajacyl.com\/leon\/wp-content\/uploads\/sites\/6\/2017\/11\/im_predefinida_1920x1080.jpg\",\"contentUrl\":\"https:\/\/www.asajacyl.com\/leon\/wp-content\/uploads\/sites\/6\/2017\/11\/im_predefinida_1920x1080.jpg\",\"width\":1920,\"height\":1080,\"caption\":\"Logotipo ASAJA Le\u00f3n\"},{\"@type\":\"BreadcrumbList\",\"@id\":\"https:\/\/www.asajacyl.com\/leon\/asaja-leon-informa\/asaja-rechaza-el-modelo-de-aplicacin-de-la-pac-que-propondr-el-ministerio-de-agricultura#breadcrumb\",\"itemListElement\":[{\"@type\":\"ListItem\",\"position\":1,\"name\":\"Portada\",\"item\":\"https:\/\/www.asajacyl.com\/leon\/\"},{\"@type\":\"ListItem\",\"position\":2,\"name\":\"ASAJA RECHAZA EL MODELO DE APLICACI&#211;N DE LA PAC QUE PROPONDR&#193; EL MINISTERIO DE AGRICULTURA\"}]},{\"@type\":\"WebSite\",\"@id\":\"https:\/\/www.asajacyl.com\/leon\/#website\",\"url\":\"https:\/\/www.asajacyl.com\/leon\/\",\"name\":\"ASAJA Le\u00f3n\",\"description\":\"Otro sitio m\u00e1s de Provincias ASAJA Castilla y Le\u00f3n\",\"potentialAction\":[{\"@type\":\"SearchAction\",\"target\":{\"@type\":\"EntryPoint\",\"urlTemplate\":\"https:\/\/www.asajacyl.com\/leon\/?s={search_term_string}\"},\"query-input\":{\"@type\":\"PropertyValueSpecification\",\"valueRequired\":true,\"valueName\":\"search_term_string\"}}],\"inLanguage\":\"es\"},{\"@type\":\"Person\",\"@id\":\"https:\/\/www.asajacyl.com\/leon\/#\/schema\/person\/7e884476cee132331142e8ac9689f20c\",\"name\":\"Editor\",\"image\":{\"@type\":\"ImageObject\",\"inLanguage\":\"es\",\"@id\":\"https:\/\/www.asajacyl.com\/leon\/#\/schema\/person\/image\/\",\"url\":\"https:\/\/secure.gravatar.com\/avatar\/a2ef43c165669686cfcfb0e1ffa59869?s=96&d=mm&r=g\",\"contentUrl\":\"https:\/\/secure.gravatar.com\/avatar\/a2ef43c165669686cfcfb0e1ffa59869?s=96&d=mm&r=g\",\"caption\":\"Editor\"},\"url\":\"https:\/\/www.asajacyl.com\/leon\/author\/oscargg\"}]}<\/script>\n<!-- \/ Yoast SEO plugin. -->","yoast_head_json":{"title":"ASAJA RECHAZA EL MODELO DE APLICACI&#211;N DE LA PAC QUE PROPONDR&#193; EL MINISTERIO DE AGRICULTURA - ASAJA Le\u00f3n","description":"La propuesta de desacoplamiento parcial que se ha filtrado a la prensa es desconocida por el sector que , en ning&#250;n momento , ha sido consultado por el equipo de Espinosa","robots":{"index":"index","follow":"follow","max-snippet":"max-snippet:-1","max-image-preview":"max-image-preview:large","max-video-preview":"max-video-preview:-1"},"canonical":"https:\/\/www.asajacyl.com\/leon\/asaja-leon-informa\/asaja-rechaza-el-modelo-de-aplicacin-de-la-pac-que-propondr-el-ministerio-de-agricultura","og_locale":"es_ES","og_type":"article","og_title":"ASAJA RECHAZA EL MODELO DE APLICACI&#211;N DE LA PAC QUE PROPONDR&#193; EL MINISTERIO DE AGRICULTURA - ASAJA Le\u00f3n","og_description":"La propuesta de desacoplamiento parcial que se ha filtrado a la prensa es desconocida por el sector que , en ning&#250;n momento , ha sido consultado por el equipo de Espinosa","og_url":"https:\/\/www.asajacyl.com\/leon\/asaja-leon-informa\/asaja-rechaza-el-modelo-de-aplicacin-de-la-pac-que-propondr-el-ministerio-de-agricultura","og_site_name":"ASAJA Le\u00f3n","article_published_time":"2004-10-18T22:00:00+00:00","og_image":[{"width":1920,"height":1080,"url":"https:\/\/www.asajacyl.com\/leon\/wp-content\/uploads\/sites\/6\/2017\/11\/im_predefinida_1920x1080.jpg","type":"image\/jpeg"}],"author":"Editor","twitter_card":"summary_large_image","twitter_misc":{"Escrito por":"Editor","Tiempo de lectura":"2 minutos"},"schema":{"@context":"https:\/\/schema.org","@graph":[{"@type":"WebPage","@id":"https:\/\/www.asajacyl.com\/leon\/asaja-leon-informa\/asaja-rechaza-el-modelo-de-aplicacin-de-la-pac-que-propondr-el-ministerio-de-agricultura","url":"https:\/\/www.asajacyl.com\/leon\/asaja-leon-informa\/asaja-rechaza-el-modelo-de-aplicacin-de-la-pac-que-propondr-el-ministerio-de-agricultura","name":"ASAJA RECHAZA EL MODELO DE APLICACI&#211;N DE LA PAC QUE PROPONDR&#193; EL MINISTERIO DE AGRICULTURA - ASAJA Le\u00f3n","isPartOf":{"@id":"https:\/\/www.asajacyl.com\/leon\/#website"},"primaryImageOfPage":{"@id":"https:\/\/www.asajacyl.com\/leon\/asaja-leon-informa\/asaja-rechaza-el-modelo-de-aplicacin-de-la-pac-que-propondr-el-ministerio-de-agricultura#primaryimage"},"image":{"@id":"https:\/\/www.asajacyl.com\/leon\/asaja-leon-informa\/asaja-rechaza-el-modelo-de-aplicacin-de-la-pac-que-propondr-el-ministerio-de-agricultura#primaryimage"},"thumbnailUrl":"https:\/\/www.asajacyl.com\/leon\/wp-content\/uploads\/sites\/6\/2017\/11\/im_predefinida_1920x1080.jpg","datePublished":"2004-10-18T22:00:00+00:00","author":{"@id":"https:\/\/www.asajacyl.com\/leon\/#\/schema\/person\/7e884476cee132331142e8ac9689f20c"},"description":"La propuesta de desacoplamiento parcial que se ha filtrado a la prensa es desconocida por el sector que , en ning&#250;n momento , ha sido consultado por el equipo de Espinosa","breadcrumb":{"@id":"https:\/\/www.asajacyl.com\/leon\/asaja-leon-informa\/asaja-rechaza-el-modelo-de-aplicacin-de-la-pac-que-propondr-el-ministerio-de-agricultura#breadcrumb"},"inLanguage":"es","potentialAction":[{"@type":"ReadAction","target":["https:\/\/www.asajacyl.com\/leon\/asaja-leon-informa\/asaja-rechaza-el-modelo-de-aplicacin-de-la-pac-que-propondr-el-ministerio-de-agricultura"]}]},{"@type":"ImageObject","inLanguage":"es","@id":"https:\/\/www.asajacyl.com\/leon\/asaja-leon-informa\/asaja-rechaza-el-modelo-de-aplicacin-de-la-pac-que-propondr-el-ministerio-de-agricultura#primaryimage","url":"https:\/\/www.asajacyl.com\/leon\/wp-content\/uploads\/sites\/6\/2017\/11\/im_predefinida_1920x1080.jpg","contentUrl":"https:\/\/www.asajacyl.com\/leon\/wp-content\/uploads\/sites\/6\/2017\/11\/im_predefinida_1920x1080.jpg","width":1920,"height":1080,"caption":"Logotipo ASAJA Le\u00f3n"},{"@type":"BreadcrumbList","@id":"https:\/\/www.asajacyl.com\/leon\/asaja-leon-informa\/asaja-rechaza-el-modelo-de-aplicacin-de-la-pac-que-propondr-el-ministerio-de-agricultura#breadcrumb","itemListElement":[{"@type":"ListItem","position":1,"name":"Portada","item":"https:\/\/www.asajacyl.com\/leon\/"},{"@type":"ListItem","position":2,"name":"ASAJA RECHAZA EL MODELO DE APLICACI&#211;N DE LA PAC QUE PROPONDR&#193; EL MINISTERIO DE AGRICULTURA"}]},{"@type":"WebSite","@id":"https:\/\/www.asajacyl.com\/leon\/#website","url":"https:\/\/www.asajacyl.com\/leon\/","name":"ASAJA Le\u00f3n","description":"Otro sitio m\u00e1s de Provincias ASAJA Castilla y Le\u00f3n","potentialAction":[{"@type":"SearchAction","target":{"@type":"EntryPoint","urlTemplate":"https:\/\/www.asajacyl.com\/leon\/?s={search_term_string}"},"query-input":{"@type":"PropertyValueSpecification","valueRequired":true,"valueName":"search_term_string"}}],"inLanguage":"es"},{"@type":"Person","@id":"https:\/\/www.asajacyl.com\/leon\/#\/schema\/person\/7e884476cee132331142e8ac9689f20c","name":"Editor","image":{"@type":"ImageObject","inLanguage":"es","@id":"https:\/\/www.asajacyl.com\/leon\/#\/schema\/person\/image\/","url":"https:\/\/secure.gravatar.com\/avatar\/a2ef43c165669686cfcfb0e1ffa59869?s=96&d=mm&r=g","contentUrl":"https:\/\/secure.gravatar.com\/avatar\/a2ef43c165669686cfcfb0e1ffa59869?s=96&d=mm&r=g","caption":"Editor"},"url":"https:\/\/www.asajacyl.com\/leon\/author\/oscargg"}]}},"_links":{"self":[{"href":"https:\/\/www.asajacyl.com\/leon\/wp-json\/wp\/v2\/posts\/7977"}],"collection":[{"href":"https:\/\/www.asajacyl.com\/leon\/wp-json\/wp\/v2\/posts"}],"about":[{"href":"https:\/\/www.asajacyl.com\/leon\/wp-json\/wp\/v2\/types\/post"}],"author":[{"embeddable":true,"href":"https:\/\/www.asajacyl.com\/leon\/wp-json\/wp\/v2\/users\/3"}],"replies":[{"embeddable":true,"href":"https:\/\/www.asajacyl.com\/leon\/wp-json\/wp\/v2\/comments?post=7977"}],"version-history":[{"count":0,"href":"https:\/\/www.asajacyl.com\/leon\/wp-json\/wp\/v2\/posts\/7977\/revisions"}],"wp:featuredmedia":[{"embeddable":true,"href":"https:\/\/www.asajacyl.com\/leon\/wp-json\/wp\/v2\/media\/8174"}],"wp:attachment":[{"href":"https:\/\/www.asajacyl.com\/leon\/wp-json\/wp\/v2\/media?parent=7977"}],"wp:term":[{"taxonomy":"category","embeddable":true,"href":"https:\/\/www.asajacyl.com\/leon\/wp-json\/wp\/v2\/categories?post=7977"},{"taxonomy":"post_tag","embeddable":true,"href":"https:\/\/www.asajacyl.com\/leon\/wp-json\/wp\/v2\/tags?post=7977"}],"curies":[{"name":"wp","href":"https:\/\/api.w.org\/{rel}","templated":true}]}}