{"id":8004,"date":"2004-07-15T00:00:00","date_gmt":"2004-07-14T22:00:00","guid":{"rendered":"http:\/\/www.asajacyl.com\/leon\/sin-categoria\/los-remolacheros-de-castilla-y-len-no-se-resignan-y-plantan-cara-a-fischler-en-bruselas"},"modified":"2004-07-15T00:00:00","modified_gmt":"2004-07-14T22:00:00","slug":"los-remolacheros-de-castilla-y-len-no-se-resignan-y-plantan-cara-a-fischler-en-bruselas","status":"publish","type":"post","link":"https:\/\/www.asajacyl.com\/leon\/asaja-leon-informa\/los-remolacheros-de-castilla-y-len-no-se-resignan-y-plantan-cara-a-fischler-en-bruselas","title":{"rendered":"LOS REMOLACHEROS DE CASTILLA Y LE&#211;N NO SE RESIGNAN Y PLANTAN CARA A FISCHLER EN BRUSELAS"},"content":{"rendered":"<h2>Coincidiendo con la reuni&#243;n que celebraba hoy el Colegio de Comisarios en la que se discut&#237;a el borrador de reforma del sector del az&#250;car, el sector remolachero-azucarero espa&#241;ol en bloque representado por ASAJA, Confederaci&#243;n Remolachera, COAG y UPA, ha recorrido las calles de la capital belga para mostrar su rechazo a la opci&#243;n de reforma manejada por la Comisi&#243;n y defender la continuidad de la regulaci&#243;n actual como &#250;nica garant&#237;a de futuro para el sector<\/h2>\n<p><b><\/p>\n<p align=\"center\"><font size=\"2\"><\/font>\n<\/p>\n<p align=\"center\"><font color=\"#009900\" size=\"2\">LOS REMOLACHEROS DE CASTILLA Y LE&#211;N NO SE RESIGNAN Y PLANTAN CARA A FISCHLER EN BRUSELAS<\/font><\/p>\n<p><\/b><font size=\"2\"> <\/font><\/p>\n<p align=\"justify\"><font size=\"2\"><\/font>\n<\/p>\n<p align=\"justify\"><font size=\"2\">Coincidiendo con la reuni&#243;n que celebraba hoy el Colegio de Comisarios en la que se discut&#237;a el borrador de reforma del sector del az&#250;car, el sector remolachero-azucarero espa&#241;ol en bloque representado por ASAJA, Confederaci&#243;n Remolachera, COAG y UPA, ha recorrido las calles de la capital belga para mostrar su rechazo a la opci&#243;n de reforma manejada por la Comisi&#243;n y defender la continuidad de la regulaci&#243;n actual como &#250;nica garant&#237;a de futuro para el sector. <\/font>\n<\/p>\n<p align=\"justify\"><font size=\"2\">Adem&#225;s del millar de remolacheros espa&#241;oles, se han sumado italianos, portugueses, irlandeses y finlandeses, y otros pa&#237;ses como Polonia no han podido asistir a pesar de estar de acuerdo con la manifestaci&#243;n. <\/font>\n<\/p>\n<p align=\"justify\"><img loading=\"lazy\" decoding=\"async\" style=\"MARGIN: 0px; WIDTH: 529px; HEIGHT: 397px\" height=\"476\" alt=\"\" hspace=\"0\" src=\"\/leon\/wp-content\/uploads\/sites\/6\/2017\/11\/Mremola.jpg\" width=\"637\" align=\"baseline\" border=\"0\"\/>\n<\/p>\n<p align=\"justify\"><font size=\"2\">La concentraci&#243;n de hoy fue una de las acciones acordadas por todo el sector productor espa&#241;ol el pasado 5 de julio, tras analizar en profundidad el borrador de reglamento que la Comisi&#243;n quiere oficializar en el Consejo de Ministros el pr&#243;ximo 19 de julio y que ser&#237;a devastador para los remolacheros y azucareros espa&#241;oles. La reforma prev&#233; una bajada de precios superior al 40 por ciento para la remolacha espa&#241;ola a cambio de una peque&#241;a compensaci&#243;n por la v&#237;a de la ayuda desacoplada, lo que har&#237;a inviable el cultivo en nuestro pa&#237;s, adem&#225;s de una reducci&#243;n de cuotas para lo que no se tiene en cuenta ni el consumo nacional ni las cuotas de exportaci&#243;n actuales sobre las que deber&#237;an aplicarse la reducci&#243;n prevista. <\/font>\n<\/p>\n<p align=\"justify\"><font size=\"2\"><\/font><b><u><\/p>\n<p align=\"justify\"><font size=\"2\">A la espera de la postura de Elena Espinosa<\/font><\/p>\n<p><\/u><\/b><\/p>\n<p><font size=\"2\"> <\/font><\/p>\n<p align=\"justify\"><font size=\"2\"><\/font>\n<\/p>\n<p align=\"justify\"><font size=\"2\">Despu&#233;s de la manifestaci&#243;n de hoy, ASAJA pone la vista en el Gobierno espa&#241;ol del que espera una postura inequ&#237;voca de oposici&#243;n rotunda a esta reforma, y una defensa eficaz de los intereses espa&#241;oles en el seno del Consejo de Ministros. De lo contrario, ASAJA y el resto de organizaciones del sector, dirigir&#225;n las medidas de presi&#243;n contra el Ministerio de Agricultura, y no dudar&#225;n en llevar a Madrid a los 15.000 remolacheros de Castilla y Le&#243;n. <\/font>\n<\/p>\n<p align=\"justify\"><font size=\"2\">El Gobierno Regional no puede permanecer impasible ante este ataque a la econom&#237;a agraria de Castilla y Le&#243;n, y ASAJA le exige la defensa firme de los intereses de los remolacheros, para evitar una situaci&#243;n de aut&#233;ntica cat&#225;strofe econ&#243;mica y social. El presidente Juan Vicente Herrera, debe de intentar cuanto antes contactos directos con miembros de la Comisi&#243;n y abrir otros frentes como el del Comit&#233; de las Regiones o el del Parlamento Europeo. <\/font>\n<\/p>\n<p align=\"justify\"><font size=\"2\"><\/font>\n<\/p>\n<p align=\"right\"><font size=\"2\">Le&#243;n a 14 de Julio de 2004<\/font><\/p>\n","protected":false},"excerpt":{"rendered":"<p>Coincidiendo con la reuni&#243;n que celebraba hoy el Colegio de Comisarios en la que se discut&#237;a el borrador de reforma del sector del az&#250;car, el sector remolachero-azucarero espa&#241;ol en bloque representado por ASAJA, Confederaci&#243;n Remolachera, COAG y UPA, ha recorrido las calles de la capital belga para mostrar su rechazo a la opci&#243;n de reforma manejada por la Comisi&#243;n y defender la continuidad de la regulaci&#243;n actual como &#250;nica garant&#237;a de futuro para el sector<\/p>\n","protected":false},"author":3,"featured_media":8005,"comment_status":"open","ping_status":"open","sticky":false,"template":"","format":"standard","meta":{"footnotes":""},"categories":[4,9],"tags":[],"yoast_head":"<!-- This site is optimized with the Yoast SEO plugin v24.5 - https:\/\/yoast.com\/wordpress\/plugins\/seo\/ -->\n<title>LOS REMOLACHEROS DE CASTILLA Y LE&#211;N NO SE RESIGNAN Y PLANTAN CARA A FISCHLER EN BRUSELAS - ASAJA Le\u00f3n<\/title>\n<meta name=\"description\" content=\"Coincidiendo con la reuni&#243;n que celebraba hoy el Colegio de Comisarios en la que se discut&#237;a el borrador de reforma del sector del az&#250;car, el sector remolachero-azucarero espa&#241;ol en bloque representado por ASAJA, Confederaci&#243;n Remolachera, COAG y UPA, ha recorrido las calles de la capital belga para mostrar su rechazo a la opci&#243;n de reforma manejada por la Comisi&#243;n y defender la continuidad de la regulaci&#243;n actual como &#250;nica garant&#237;a de futuro para el sector\" \/>\n<meta name=\"robots\" content=\"index, follow, max-snippet:-1, max-image-preview:large, max-video-preview:-1\" \/>\n<link rel=\"canonical\" href=\"https:\/\/www.asajacyl.com\/leon\/asaja-leon-informa\/los-remolacheros-de-castilla-y-len-no-se-resignan-y-plantan-cara-a-fischler-en-bruselas\" \/>\n<meta property=\"og:locale\" content=\"es_ES\" \/>\n<meta property=\"og:type\" content=\"article\" \/>\n<meta property=\"og:title\" content=\"LOS REMOLACHEROS DE CASTILLA Y LE&#211;N NO SE RESIGNAN Y PLANTAN CARA A FISCHLER EN BRUSELAS - ASAJA Le\u00f3n\" \/>\n<meta property=\"og:description\" content=\"Coincidiendo con la reuni&#243;n que celebraba hoy el Colegio de Comisarios en la que se discut&#237;a el borrador de reforma del sector del az&#250;car, el sector remolachero-azucarero espa&#241;ol en bloque representado por ASAJA, Confederaci&#243;n Remolachera, COAG y UPA, ha recorrido las calles de la capital belga para mostrar su rechazo a la opci&#243;n de reforma manejada por la Comisi&#243;n y defender la continuidad de la regulaci&#243;n actual como &#250;nica garant&#237;a de futuro para el sector\" \/>\n<meta property=\"og:url\" content=\"https:\/\/www.asajacyl.com\/leon\/asaja-leon-informa\/los-remolacheros-de-castilla-y-len-no-se-resignan-y-plantan-cara-a-fischler-en-bruselas\" \/>\n<meta property=\"og:site_name\" content=\"ASAJA Le\u00f3n\" \/>\n<meta property=\"article:published_time\" content=\"2004-07-14T22:00:00+00:00\" \/>\n<meta property=\"og:image\" content=\"https:\/\/www.asajacyl.com\/leon\/wp-content\/uploads\/sites\/6\/2017\/11\/Mremola.jpg\" \/>\n\t<meta property=\"og:image:width\" content=\"640\" \/>\n\t<meta property=\"og:image:height\" content=\"480\" \/>\n\t<meta property=\"og:image:type\" content=\"image\/jpeg\" \/>\n<meta name=\"author\" content=\"Editor\" \/>\n<meta name=\"twitter:card\" content=\"summary_large_image\" \/>\n<meta name=\"twitter:label1\" content=\"Escrito por\" \/>\n\t<meta name=\"twitter:data1\" content=\"Editor\" \/>\n\t<meta name=\"twitter:label2\" content=\"Tiempo de lectura\" \/>\n\t<meta name=\"twitter:data2\" content=\"3 minutos\" \/>\n<script type=\"application\/ld+json\" class=\"yoast-schema-graph\">{\"@context\":\"https:\/\/schema.org\",\"@graph\":[{\"@type\":\"WebPage\",\"@id\":\"https:\/\/www.asajacyl.com\/leon\/asaja-leon-informa\/los-remolacheros-de-castilla-y-len-no-se-resignan-y-plantan-cara-a-fischler-en-bruselas\",\"url\":\"https:\/\/www.asajacyl.com\/leon\/asaja-leon-informa\/los-remolacheros-de-castilla-y-len-no-se-resignan-y-plantan-cara-a-fischler-en-bruselas\",\"name\":\"LOS REMOLACHEROS DE CASTILLA Y LE&#211;N NO SE RESIGNAN Y PLANTAN CARA A FISCHLER EN BRUSELAS - ASAJA Le\u00f3n\",\"isPartOf\":{\"@id\":\"https:\/\/www.asajacyl.com\/leon\/#website\"},\"primaryImageOfPage\":{\"@id\":\"https:\/\/www.asajacyl.com\/leon\/asaja-leon-informa\/los-remolacheros-de-castilla-y-len-no-se-resignan-y-plantan-cara-a-fischler-en-bruselas#primaryimage\"},\"image\":{\"@id\":\"https:\/\/www.asajacyl.com\/leon\/asaja-leon-informa\/los-remolacheros-de-castilla-y-len-no-se-resignan-y-plantan-cara-a-fischler-en-bruselas#primaryimage\"},\"thumbnailUrl\":\"https:\/\/www.asajacyl.com\/leon\/wp-content\/uploads\/sites\/6\/2017\/11\/Mremola.jpg\",\"datePublished\":\"2004-07-14T22:00:00+00:00\",\"author\":{\"@id\":\"https:\/\/www.asajacyl.com\/leon\/#\/schema\/person\/7e884476cee132331142e8ac9689f20c\"},\"description\":\"Coincidiendo con la reuni&#243;n que celebraba hoy el Colegio de Comisarios en la que se discut&#237;a el borrador de reforma del sector del az&#250;car, el sector remolachero-azucarero espa&#241;ol en bloque representado por ASAJA, Confederaci&#243;n Remolachera, COAG y UPA, ha recorrido las calles de la capital belga para mostrar su rechazo a la opci&#243;n de reforma manejada por la Comisi&#243;n y defender la continuidad de la regulaci&#243;n actual como &#250;nica garant&#237;a de futuro para el sector\",\"breadcrumb\":{\"@id\":\"https:\/\/www.asajacyl.com\/leon\/asaja-leon-informa\/los-remolacheros-de-castilla-y-len-no-se-resignan-y-plantan-cara-a-fischler-en-bruselas#breadcrumb\"},\"inLanguage\":\"es\",\"potentialAction\":[{\"@type\":\"ReadAction\",\"target\":[\"https:\/\/www.asajacyl.com\/leon\/asaja-leon-informa\/los-remolacheros-de-castilla-y-len-no-se-resignan-y-plantan-cara-a-fischler-en-bruselas\"]}]},{\"@type\":\"ImageObject\",\"inLanguage\":\"es\",\"@id\":\"https:\/\/www.asajacyl.com\/leon\/asaja-leon-informa\/los-remolacheros-de-castilla-y-len-no-se-resignan-y-plantan-cara-a-fischler-en-bruselas#primaryimage\",\"url\":\"https:\/\/www.asajacyl.com\/leon\/wp-content\/uploads\/sites\/6\/2017\/11\/Mremola.jpg\",\"contentUrl\":\"https:\/\/www.asajacyl.com\/leon\/wp-content\/uploads\/sites\/6\/2017\/11\/Mremola.jpg\",\"width\":640,\"height\":480},{\"@type\":\"BreadcrumbList\",\"@id\":\"https:\/\/www.asajacyl.com\/leon\/asaja-leon-informa\/los-remolacheros-de-castilla-y-len-no-se-resignan-y-plantan-cara-a-fischler-en-bruselas#breadcrumb\",\"itemListElement\":[{\"@type\":\"ListItem\",\"position\":1,\"name\":\"Portada\",\"item\":\"https:\/\/www.asajacyl.com\/leon\/\"},{\"@type\":\"ListItem\",\"position\":2,\"name\":\"LOS REMOLACHEROS DE CASTILLA Y LE&#211;N NO SE RESIGNAN Y PLANTAN CARA A FISCHLER EN BRUSELAS\"}]},{\"@type\":\"WebSite\",\"@id\":\"https:\/\/www.asajacyl.com\/leon\/#website\",\"url\":\"https:\/\/www.asajacyl.com\/leon\/\",\"name\":\"ASAJA Le\u00f3n\",\"description\":\"Otro sitio m\u00e1s de Provincias ASAJA Castilla y Le\u00f3n\",\"potentialAction\":[{\"@type\":\"SearchAction\",\"target\":{\"@type\":\"EntryPoint\",\"urlTemplate\":\"https:\/\/www.asajacyl.com\/leon\/?s={search_term_string}\"},\"query-input\":{\"@type\":\"PropertyValueSpecification\",\"valueRequired\":true,\"valueName\":\"search_term_string\"}}],\"inLanguage\":\"es\"},{\"@type\":\"Person\",\"@id\":\"https:\/\/www.asajacyl.com\/leon\/#\/schema\/person\/7e884476cee132331142e8ac9689f20c\",\"name\":\"Editor\",\"image\":{\"@type\":\"ImageObject\",\"inLanguage\":\"es\",\"@id\":\"https:\/\/www.asajacyl.com\/leon\/#\/schema\/person\/image\/\",\"url\":\"https:\/\/secure.gravatar.com\/avatar\/a2ef43c165669686cfcfb0e1ffa59869?s=96&d=mm&r=g\",\"contentUrl\":\"https:\/\/secure.gravatar.com\/avatar\/a2ef43c165669686cfcfb0e1ffa59869?s=96&d=mm&r=g\",\"caption\":\"Editor\"},\"url\":\"https:\/\/www.asajacyl.com\/leon\/author\/oscargg\"}]}<\/script>\n<!-- \/ Yoast SEO plugin. -->","yoast_head_json":{"title":"LOS REMOLACHEROS DE CASTILLA Y LE&#211;N NO SE RESIGNAN Y PLANTAN CARA A FISCHLER EN BRUSELAS - ASAJA Le\u00f3n","description":"Coincidiendo con la reuni&#243;n que celebraba hoy el Colegio de Comisarios en la que se discut&#237;a el borrador de reforma del sector del az&#250;car, el sector remolachero-azucarero espa&#241;ol en bloque representado por ASAJA, Confederaci&#243;n Remolachera, COAG y UPA, ha recorrido las calles de la capital belga para mostrar su rechazo a la opci&#243;n de reforma manejada por la Comisi&#243;n y defender la continuidad de la regulaci&#243;n actual como &#250;nica garant&#237;a de futuro para el sector","robots":{"index":"index","follow":"follow","max-snippet":"max-snippet:-1","max-image-preview":"max-image-preview:large","max-video-preview":"max-video-preview:-1"},"canonical":"https:\/\/www.asajacyl.com\/leon\/asaja-leon-informa\/los-remolacheros-de-castilla-y-len-no-se-resignan-y-plantan-cara-a-fischler-en-bruselas","og_locale":"es_ES","og_type":"article","og_title":"LOS REMOLACHEROS DE CASTILLA Y LE&#211;N NO SE RESIGNAN Y PLANTAN CARA A FISCHLER EN BRUSELAS - ASAJA Le\u00f3n","og_description":"Coincidiendo con la reuni&#243;n que celebraba hoy el Colegio de Comisarios en la que se discut&#237;a el borrador de reforma del sector del az&#250;car, el sector remolachero-azucarero espa&#241;ol en bloque representado por ASAJA, Confederaci&#243;n Remolachera, COAG y UPA, ha recorrido las calles de la capital belga para mostrar su rechazo a la opci&#243;n de reforma manejada por la Comisi&#243;n y defender la continuidad de la regulaci&#243;n actual como &#250;nica garant&#237;a de futuro para el sector","og_url":"https:\/\/www.asajacyl.com\/leon\/asaja-leon-informa\/los-remolacheros-de-castilla-y-len-no-se-resignan-y-plantan-cara-a-fischler-en-bruselas","og_site_name":"ASAJA Le\u00f3n","article_published_time":"2004-07-14T22:00:00+00:00","og_image":[{"width":640,"height":480,"url":"https:\/\/www.asajacyl.com\/leon\/wp-content\/uploads\/sites\/6\/2017\/11\/Mremola.jpg","type":"image\/jpeg"}],"author":"Editor","twitter_card":"summary_large_image","twitter_misc":{"Escrito por":"Editor","Tiempo de lectura":"3 minutos"},"schema":{"@context":"https:\/\/schema.org","@graph":[{"@type":"WebPage","@id":"https:\/\/www.asajacyl.com\/leon\/asaja-leon-informa\/los-remolacheros-de-castilla-y-len-no-se-resignan-y-plantan-cara-a-fischler-en-bruselas","url":"https:\/\/www.asajacyl.com\/leon\/asaja-leon-informa\/los-remolacheros-de-castilla-y-len-no-se-resignan-y-plantan-cara-a-fischler-en-bruselas","name":"LOS REMOLACHEROS DE CASTILLA Y LE&#211;N NO SE RESIGNAN Y PLANTAN CARA A FISCHLER EN BRUSELAS - ASAJA Le\u00f3n","isPartOf":{"@id":"https:\/\/www.asajacyl.com\/leon\/#website"},"primaryImageOfPage":{"@id":"https:\/\/www.asajacyl.com\/leon\/asaja-leon-informa\/los-remolacheros-de-castilla-y-len-no-se-resignan-y-plantan-cara-a-fischler-en-bruselas#primaryimage"},"image":{"@id":"https:\/\/www.asajacyl.com\/leon\/asaja-leon-informa\/los-remolacheros-de-castilla-y-len-no-se-resignan-y-plantan-cara-a-fischler-en-bruselas#primaryimage"},"thumbnailUrl":"https:\/\/www.asajacyl.com\/leon\/wp-content\/uploads\/sites\/6\/2017\/11\/Mremola.jpg","datePublished":"2004-07-14T22:00:00+00:00","author":{"@id":"https:\/\/www.asajacyl.com\/leon\/#\/schema\/person\/7e884476cee132331142e8ac9689f20c"},"description":"Coincidiendo con la reuni&#243;n que celebraba hoy el Colegio de Comisarios en la que se discut&#237;a el borrador de reforma del sector del az&#250;car, el sector remolachero-azucarero espa&#241;ol en bloque representado por ASAJA, Confederaci&#243;n Remolachera, COAG y UPA, ha recorrido las calles de la capital belga para mostrar su rechazo a la opci&#243;n de reforma manejada por la Comisi&#243;n y defender la continuidad de la regulaci&#243;n actual como &#250;nica garant&#237;a de futuro para el sector","breadcrumb":{"@id":"https:\/\/www.asajacyl.com\/leon\/asaja-leon-informa\/los-remolacheros-de-castilla-y-len-no-se-resignan-y-plantan-cara-a-fischler-en-bruselas#breadcrumb"},"inLanguage":"es","potentialAction":[{"@type":"ReadAction","target":["https:\/\/www.asajacyl.com\/leon\/asaja-leon-informa\/los-remolacheros-de-castilla-y-len-no-se-resignan-y-plantan-cara-a-fischler-en-bruselas"]}]},{"@type":"ImageObject","inLanguage":"es","@id":"https:\/\/www.asajacyl.com\/leon\/asaja-leon-informa\/los-remolacheros-de-castilla-y-len-no-se-resignan-y-plantan-cara-a-fischler-en-bruselas#primaryimage","url":"https:\/\/www.asajacyl.com\/leon\/wp-content\/uploads\/sites\/6\/2017\/11\/Mremola.jpg","contentUrl":"https:\/\/www.asajacyl.com\/leon\/wp-content\/uploads\/sites\/6\/2017\/11\/Mremola.jpg","width":640,"height":480},{"@type":"BreadcrumbList","@id":"https:\/\/www.asajacyl.com\/leon\/asaja-leon-informa\/los-remolacheros-de-castilla-y-len-no-se-resignan-y-plantan-cara-a-fischler-en-bruselas#breadcrumb","itemListElement":[{"@type":"ListItem","position":1,"name":"Portada","item":"https:\/\/www.asajacyl.com\/leon\/"},{"@type":"ListItem","position":2,"name":"LOS REMOLACHEROS DE CASTILLA Y LE&#211;N NO SE RESIGNAN Y PLANTAN CARA A FISCHLER EN BRUSELAS"}]},{"@type":"WebSite","@id":"https:\/\/www.asajacyl.com\/leon\/#website","url":"https:\/\/www.asajacyl.com\/leon\/","name":"ASAJA Le\u00f3n","description":"Otro sitio m\u00e1s de Provincias ASAJA Castilla y Le\u00f3n","potentialAction":[{"@type":"SearchAction","target":{"@type":"EntryPoint","urlTemplate":"https:\/\/www.asajacyl.com\/leon\/?s={search_term_string}"},"query-input":{"@type":"PropertyValueSpecification","valueRequired":true,"valueName":"search_term_string"}}],"inLanguage":"es"},{"@type":"Person","@id":"https:\/\/www.asajacyl.com\/leon\/#\/schema\/person\/7e884476cee132331142e8ac9689f20c","name":"Editor","image":{"@type":"ImageObject","inLanguage":"es","@id":"https:\/\/www.asajacyl.com\/leon\/#\/schema\/person\/image\/","url":"https:\/\/secure.gravatar.com\/avatar\/a2ef43c165669686cfcfb0e1ffa59869?s=96&d=mm&r=g","contentUrl":"https:\/\/secure.gravatar.com\/avatar\/a2ef43c165669686cfcfb0e1ffa59869?s=96&d=mm&r=g","caption":"Editor"},"url":"https:\/\/www.asajacyl.com\/leon\/author\/oscargg"}]}},"_links":{"self":[{"href":"https:\/\/www.asajacyl.com\/leon\/wp-json\/wp\/v2\/posts\/8004"}],"collection":[{"href":"https:\/\/www.asajacyl.com\/leon\/wp-json\/wp\/v2\/posts"}],"about":[{"href":"https:\/\/www.asajacyl.com\/leon\/wp-json\/wp\/v2\/types\/post"}],"author":[{"embeddable":true,"href":"https:\/\/www.asajacyl.com\/leon\/wp-json\/wp\/v2\/users\/3"}],"replies":[{"embeddable":true,"href":"https:\/\/www.asajacyl.com\/leon\/wp-json\/wp\/v2\/comments?post=8004"}],"version-history":[{"count":0,"href":"https:\/\/www.asajacyl.com\/leon\/wp-json\/wp\/v2\/posts\/8004\/revisions"}],"wp:featuredmedia":[{"embeddable":true,"href":"https:\/\/www.asajacyl.com\/leon\/wp-json\/wp\/v2\/media\/8005"}],"wp:attachment":[{"href":"https:\/\/www.asajacyl.com\/leon\/wp-json\/wp\/v2\/media?parent=8004"}],"wp:term":[{"taxonomy":"category","embeddable":true,"href":"https:\/\/www.asajacyl.com\/leon\/wp-json\/wp\/v2\/categories?post=8004"},{"taxonomy":"post_tag","embeddable":true,"href":"https:\/\/www.asajacyl.com\/leon\/wp-json\/wp\/v2\/tags?post=8004"}],"curies":[{"name":"wp","href":"https:\/\/api.w.org\/{rel}","templated":true}]}}