{"id":8014,"date":"2004-06-04T00:00:00","date_gmt":"2004-06-03T22:00:00","guid":{"rendered":"http:\/\/www.asajacyl.com\/leon\/sin-categoria\/intervencin-en-las-cortes-de-castilla-y-leon-sobre-el-problema-de-la-despoblacion-en-el-medio-rural"},"modified":"2004-06-04T00:00:00","modified_gmt":"2004-06-03T22:00:00","slug":"intervencin-en-las-cortes-de-castilla-y-leon-sobre-el-problema-de-la-despoblacion-en-el-medio-rural","status":"publish","type":"post","link":"https:\/\/www.asajacyl.com\/leon\/asaja-leon-informa\/intervencin-en-las-cortes-de-castilla-y-leon-sobre-el-problema-de-la-despoblacion-en-el-medio-rural","title":{"rendered":"INTERVENCI&#211;N EN LAS CORTES DE CASTILLA Y LEON SOBRE EL PROBLEMA DE LA DESPOBLACION EN EL MEDIO RURAL"},"content":{"rendered":"<h2>Comisi&#243;n no Permanente sobre Evoluci&#243;n de la Poblaci&#243;n en Castilla y Le&#243;n &#8211;<\/h2>\n<p><b><font face=\"Arial\"><\/p>\n<p align=\"center\"><font color=\"#009933\" size=\"2\">INTERVENCI&#211;N EN LAS CORTES DE CASTILLA Y LEON SOBRE EL PROBLEMA DE LA DESPOBLACION EN EL MEDIO RURAL<\/font><\/p>\n<p><\/font><\/b><font size=\"2\"> <\/font><\/p>\n<p align=\"justify\"><font size=\"2\"><\/font>\n<\/p>\n<p align=\"center\"><font size=\"2\">&#8211; Comisi&#243;n no Permanente sobre Evoluci&#243;n de la Poblaci&#243;n en Castilla y Le&#243;n &#8211; <\/font>\n<\/p>\n<p align=\"center\"><font size=\"2\"><\/font>\n<\/p>\n<p align=\"center\"><font size=\"2\">&#160; <\/font>\n<\/p>\n<p align=\"right\"><font size=\"2\">Fuensalda&#241;a, 4 de junio de 2004 <\/font>\n<\/p>\n<p align=\"right\"><font size=\"2\">Jos&#233; Antonio Turrado Fdez. <\/font>\n<\/p>\n<p align=\"right\"><font size=\"2\">Secretario General ASAJA C y L. <\/font>\n<\/p>\n<p align=\"justify\"><font size=\"2\">Se&#241;or&#237;as, quiero en primer lugar felicitar a las Cortes por la iniciativa de estudiar los problemas de la poblaci&#243;n en Castilla y Le&#243;n, problemas que entiendo se centran en el medio rural y en menor medida en las ciudades. Agradezco a todos los procuradores que forman esta Comisi&#243;n que se hayan acordado de ASAJA para que aportemos nuestras propuestas, propuestas que por razones obvias se centran en el medio rural y en particular en su vinculaci&#243;n con los agricultores y ganaderos a los que representamos. <\/font>\n<\/p>\n<p align=\"justify\"><font size=\"2\"><\/font>\n<\/p>\n<p align=\"justify\"><font size=\"2\">La despoblaci&#243;n del medio rural es un problema tan evidente y acuciante que hoy todos estamos suficientemente sensibilizados, y esta Comisi&#243;n que se ha creado en las Cortes no tiene fundamentalmente, entiendo yo, la misi&#243;n de diagn&#243;stico, sino de aportar soluciones una vez o&#237;das y escuchas las diferentes fuerzas sociales, pol&#237;ticas y econ&#243;micas a las que aqu&#237; se nos ha citado. La organizaci&#243;n agraria ASAJA, a la que hoy aqu&#237; represento, no es ajena a un problema que afecta no al sector agrario, sino a los miles de agricultores y ganaderos de Castilla y Le&#243;n que conforman nuestra base social. <\/font>\n<\/p>\n<p align=\"justify\"><font size=\"2\"><\/font>\n<\/p>\n<p align=\"justify\"><font size=\"2\">La sangr&#237;a de poblaci&#243;n en el medio rural, quiz&#225;s iniciada en la d&#233;cada de los sesenta con el &#233;xodo a las ciudades en busca de un empleo y de un mejor nivel de vida, se ha ido acrecentando hasta nuestros d&#237;as al mismo ritmo que el campo ha ido perdiendo activos por la v&#237;a de jubilaciones que no se han compensado con la incorporaci&#243;n de j&#243;venes. Tampoco en estos a&#241;os se ha creado en el medio rural una alternativa seria de empleo a los sectores de la agricultura, la ganader&#237;a y la miner&#237;a en reconversi&#243;n, pues la industria sigue concentr&#225;ndose donde hay m&#225;s industria, y los servicios donde hay industria y poblaci&#243;n. Y a este problema de despoblaci&#243;n en el medio rural de Castilla y Le&#243;n, se suma la elevada edad de los que permanecen, en muchos pueblos mayoritariamente jubilados, y con un poder adquisitivo bajo, propio de quienes cobran las pensiones m&#225;s miserables del pa&#237;s como pensionistas que son la mayor&#237;a del R&#233;gimen Especial Agrario de la Seguridad Social. <\/font>\n<\/p>\n<p align=\"justify\"><font size=\"2\"><\/font>\n<\/p>\n<p align=\"justify\"><font size=\"2\">Queremos en primer lugar manifestar el deseo de que haya muchos j&#243;venes que se incorporen al campo, pero por otra parte no ser&#237;a justo animar a m&#225;s de los que puedan dignamente vivir de esta actividad, con una renta equiparable a la de otros sectores. Por eso, queremos una agricultura rentable que permita fijar poblaci&#243;n en el medio rural, y esa agricultura rentable requiere de una serie de factores. <\/font>\n<\/p>\n<p align=\"justify\"><font size=\"2\"><\/font>\n<\/p>\n<p align=\"justify\"><font size=\"2\">En primer lugar, una <b><u>correcta aplicaci&#243;n de la pol&#237;tica agr&#237;cola com&#250;n<\/u><\/b><\/font><\/p>\n<p><font size=\"2\"> (PAC), y ahora que toca este tema en el que el Estado espa&#241;ol tiene que tomar decisiones, no habr&#225; otra m&#225;s acertada que aquella que favorezca a la profesi&#243;n desde una &#243;ptica empresarial. Esc&#250;chese a los agricultores y no se legisle contra sus intereses. H&#225;gase una PAC que permita diversificar las producciones y orientar las explotaciones a lo que el mercado demanda. <\/font><\/p>\n<p align=\"justify\"><font size=\"2\"><\/font>\n<\/p>\n<p align=\"justify\"><font size=\"2\">La b&#250;squeda de <b><u>alternativas de cultivo<\/u><\/b><\/font><\/p>\n<p><font size=\"2\">, de productos que dejen un mayor valor a&#241;adido, ha de ser una constante de los poderes p&#250;blicos y del propio sector. En este punto apostamos claramente desde ASAJA por <b><u>una agricultura de regad&#237;o<\/u><\/b><\/font><font size=\"2\"> que fija poblaci&#243;n de forma demostrada, por lo que creemos imprescindible la pronta ejecuci&#243;n del Plan Hidrol&#243;gico Nacional y el Plan Nacional de Regad&#237;os en todos sus extremos. Y apostamos por <b><u>una pol&#237;tica ganadera no suficientemente desarrollada<\/u><\/b><\/font><font size=\"2\">, pol&#237;tica ganadera que adem&#225;s de por aspectos de rentabilidad est&#225; condicionada por normas medioambientales y de gesti&#243;n municipal que a veces son decisivas. Regularizar la situaci&#243;n de las granjas que est&#225;n en cascos urbanos, y facilitar las cosas al que empieza evit&#225;ndole tantas trabas burocr&#225;ticas, son pasos importantes. <\/font><\/p>\n<p align=\"justify\"><font size=\"2\"><\/font>\n<\/p>\n<p align=\"justify\"><font size=\"2\">Apostamos desde ASAJA por la <b><u>industrializaci&#243;n de nuestras comarcas<\/u><\/b><\/font><\/p>\n<p><font size=\"2\">, y qu&#233; mejor que empezar por la <b><u>industria agroalimentaria<\/u><\/b><\/font><font size=\"2\">. Esto permitir&#237;a absorber parte del excedente de mano de obra del campo, del propio titular de la explotaci&#243;n o del c&#243;nyuge, evitando as&#237; que quien ya no puede vivir de su explotaci&#243;n agropecuaria tenga que emigrar a la ciudad. Pedimos pues m&#225;s ayudas econ&#243;micas y otros incentivos para quienes inviertan y creen empleos en el medio rural. Tambi&#233;n se ha de ofrecer suelo barato en pol&#237;gonos industriales con buenos equipamientos en todas las cabeceras de comarca de la regi&#243;n. <\/font><\/p>\n<p align=\"justify\"><font size=\"2\"><\/font>\n<\/p>\n<p align=\"justify\"><font size=\"2\">El <b><u>medio ambiente y los recursos naturales<\/u><\/b><\/font><\/p>\n<p><font size=\"2\"> pueden ser un yacimiento de empleo, tanto su conservaci&#243;n como su puesta en valor en actividades de turismo o de recreo, sin olvidar la explotaci&#243;n econ&#243;mica de nuestros montes u otros recursos naturales, como por ejemplo actividades extractivas o energ&#233;ticas que ya hoy son en algunas comarcas casi las &#250;nicas opciones de empleo y riqueza. Nuestros montes y nuestros r&#237;os, adem&#225;s de conservarlos, debemos de emplearlos de forma racional para que generen recursos en nuestros pueblos. <\/font><\/p>\n<p align=\"justify\"><font size=\"2\"><\/font>\n<\/p>\n<p align=\"justify\"><font size=\"2\">Muchas explotaciones agr&#237;colas, y sobre todo ganaderas, necesitan de mano de obra asalariada, y la falta de &#233;sta aboca a veces al cierre. Facilitar la <b><u>contrataci&#243;n de mano de obra asalariada de otros pa&#237;ses<\/u><\/b><\/font><\/p>\n<p><font size=\"2\">, y dar facilidades para una vida digna a toda la familia inmigrante, es tambi&#233;n apostar por el desarrollo demogr&#225;fico de Castilla y Le&#243;n. <\/font><\/p>\n<p align=\"justify\"><font size=\"2\"><\/font>\n<\/p>\n<p align=\"justify\"><font size=\"2\">Las <b><u>pol&#237;ticas activas de empleo femenino<\/u><\/b><\/font><\/p>\n<p><font size=\"2\"> son fundamentales para el desarrollo demogr&#225;fico en el medio rural, pues la mujer necesita y desea trabajar, y si ese empleo no se encuentra en el campo y s&#237; en la ciudad, la decisi&#243;n l&#243;gica es que toda la unidad familiar viva en la ciudad independientemente de que el marido trabaje en el campo como agricultor o en otros oficios. Nuestros j&#243;venes no se quedar&#225;n en el medio rural si dicho medio es inh&#243;spito para la poblaci&#243;n femenina. <\/font><\/p>\n<p align=\"justify\"><font size=\"2\"><\/font>\n<\/p>\n<p align=\"justify\"><font size=\"2\">A&#250;n quedan <b><u>j&#243;venes dispuestos a incorporarse a la agricultura<\/u><\/b><\/font><\/p>\n<p><font size=\"2\"> y la ganader&#237;a. Hay que ser generosos a la hora de darles ayudas, al menos proporcionalmente tantas como se le dan a las grandes empresas, hay que facilitarles cupos o derechos de producci&#243;n, han de creer en sus proyectos las entidades financieras, se les ha de simplificar lo que se llama \u00abel papeleo\u00bb, y se les ha de procurar el acceso a tierra y explotaciones por la v&#237;a de las jubilaciones anticipadas agrarias. <\/font><\/p>\n<p align=\"justify\"><font size=\"2\"><\/font>\n<\/p>\n<p align=\"justify\"><font size=\"2\">Desde ASAJA vemos muchas veces con preocupaci&#243;n el uso que se da a los fondos p&#250;blicos y especialmente los procedentes de la Uni&#243;n Europea. Creemos que <b><u>no siempre las ayudas p&#250;blicas est&#225;n bien dirigidas<\/u><\/b><\/font><\/p>\n<p><font size=\"2\">, los programas no siempre son los adecuados y el gasto corriente en duplicar cometidos entre administraciones est&#225; a la orden del d&#237;a. Ejemplos tenemos en programas como los Leader y Proder, de los que por supuesto no cuestionamos su necesidad ni la labor que est&#225;n realizando, pero entendemos tambi&#233;n que su gesti&#243;n es mejorable. <\/font><\/p>\n<p align=\"justify\"><font size=\"2\"><\/font>\n<\/p>\n<p align=\"justify\"><font size=\"2\">Y al margen de la actividad econ&#243;mica, agropecuaria o no, que se desarrolle en el medio rural, se han de producir otra serie de circunstancias favorables para que se asiente la poblaci&#243;n en nuestros pueblos, pues de lo contrario se trabajar&#225; en el pueblo pero se dormir&#225; en la ciudad. Algunas de las medidas que desde ASAJA apuntamos son las siguientes: <\/font>\n<\/p>\n<p align=\"justify\"><font size=\"2\"><\/font><\/p>\n<ul><b><u><\/p>\n<p align=\"justify\"><font size=\"2\"><\/font><\/p>\n<li><font size=\"2\">Igualdad de oportunidades en la educaci&#243;n<\/font><\/li>\n<p><\/u><\/b><\/ul>\n<\/p>\n<p><font size=\"2\">. Centros de educaci&#243;n y formaci&#243;n en los pueblos, y cuando no sea posible en las comarcas, y ayudas mediante una pol&#237;tica de becas espec&#237;ficas para quienes tienen que desplazarse desde el pueblo a la ciudad a estudiar, tanto en ense&#241;anzas secundarias como universitarias. <\/font><\/p>\n<p><b><u><\/p>\n<p align=\"justify\"><font size=\"2\"><\/font><\/p>\n<li><font size=\"2\">Igualdad de oportunidades en la sanidad y servicios sociales<\/font><\/li>\n<p><\/u><\/b><\/p>\n<p><font size=\"2\">. Hay que potenciar los servicios locales y comarcales con una sanidad de calidad tanto en atenci&#243;n primaria como en especialidades, con la creaci&#243;n de hospitales comarcales y con la mejora de la red de emergencias sanitarias. <\/font><\/p>\n<p><b><u><\/p>\n<p align=\"justify\"><font size=\"2\"><\/font><\/p>\n<li><font size=\"2\">Mejorando las comunicaciones<\/font><\/li>\n<p><\/u><\/b><\/p>\n<p><font size=\"2\">. Unas modernas v&#237;as de comunicaci&#243;n no alejan a los vecinos de los pueblos hacia las ciudades, sino que les permiten vivir en el pueblo incluso trabajando en la ciudad. Al campo fue al &#250;ltimo lugar al que lleg&#243; la telefon&#237;a fija, al &#250;ltimo lugar al que llegaron los tel&#233;fonos m&#243;viles, al &#250;ltimo lugar al que lleg&#243; la se&#241;al de televisi&#243;n, y tambi&#233;n al &#250;ltimo lugar al que est&#225; llegando Internet. Sin unas buenas comunicaciones, no habr&#225; tampoco empresas que inviertan en el medio rural. Por otra parte, se ha de garantizar y mejorar el servicio p&#250;blico de transporte a todos los pueblos de la regi&#243;n. <\/font><\/p>\n<p><b><u><\/p>\n<p align=\"justify\"><font size=\"2\"><\/font><\/p>\n<li><font size=\"2\">Mejorando el equipamiento urbano<\/font><\/li>\n<p><\/u><\/b><\/p>\n<p><font size=\"2\">. &#201;sta es una tarea de los ayuntamientos y de otras administraciones. Varias l&#237;neas de ayuda para este cometido se le vetan a las entidades locales cuando los municipios no superan un m&#237;nimo de poblaci&#243;n, lleg&#225;ndose a crear un c&#237;rculo vicioso: si no hay servicios no hay poblaci&#243;n, y si no hay poblaci&#243;n no se prestan servicios. Los equipamientos en los pueblos son imprescindibles para garantizar calidad de vida, pero tambi&#233;n son imprescindibles para el desarrollo del turismo rural. <\/font><\/p>\n<ul><b><u><\/p>\n<p align=\"justify\"><font size=\"2\"><\/font><\/p>\n<li><font size=\"2\">Mejorando la seguridad ciudadana<\/font><\/li>\n<p><\/u><\/b><\/ul>\n<p><font size=\"2\">. De esto se habla y hablar&#225; m&#225;s en el futuro. Primero fueron las iglesias y el patrimonio en general, pero ahora los enemigos de lo ajeno asaltan impunemente las casas y propiedades en esos pueblos casi deshabitados, lo que ahuyenta posibles inversiones. Necesitamos m&#225;s vigilancia de los cuerpos y fuerzas de seguridad del Estado. <\/font><\/p>\n<ul><b><u><\/p>\n<p align=\"justify\"><font size=\"2\"><\/font><\/p>\n<li><font size=\"2\">El acceso a la vivienda<\/font><\/li>\n<p><\/u><\/b><\/ul>\n<p><font size=\"2\">. Es fundamental que existan ayudas p&#250;blicas y facilidades para quienes desean construir su primera o segunda vivienda en el medio rural. Las viviendas de protecci&#243;n oficial que promocionan los ayuntamientos han demostrado ser un elemento fundamental para fijar poblaci&#243;n joven en el medio rural. Muchas veces el simplemente hecho de ofrecer el suelo, en pueblos donde el suelo es lo que sobra, puede ser un elemento decisorio a la hora de comprar o construir la vivienda. Nos atrevemos a pedir una pol&#237;tica de ayudas y de incentivo fiscal para quienes se decidan por su segunda vivienda en el medio rural. <\/font><\/p>\n<p align=\"justify\"><font size=\"2\"><\/font>\n<\/p>\n<p align=\"justify\"><font size=\"2\">Y por &#250;ltimo, no pongamos m&#225;s dificultades a las gentes del campo, del medio rural, de las que ya tienen. La ley ha de ser igual para todos, pero quiz&#225;s la bandera del medio ambiente se est&#225; usando como pretexto para perseguir al que hace agricultura y ganader&#237;a, al que caza, al que pesca, al que desarrolla actividades tradicionales y al que tiene un peque&#241;o negocio en el pueblo. Demos facilidades y seamos generosos con el que trabaja, con el que invierte en el campo, y con el que tambi&#233;n disfruta, pero sobre todo sufre, de los inconvenientes de la vida en los pueblos todos los d&#237;as del a&#241;o. <\/font>\n<\/p>\n<p align=\"justify\"><font size=\"2\"><\/font>\n<\/p>\n<p align=\"justify\"><font size=\"2\">Tienen sus Se&#241;or&#237;as encomendada una dif&#237;cil tarea a la que nosotros quiz&#225;s no podamos contribuir tanto como ser&#237;a nuestro deseo. Trabajemos entre todos para poner freno a la preocupante despoblaci&#243;n del medio rural, luchemos a la vez para que el medio rural sea una alternativa a la vida en las ciudades y consigamos traer una nueva etapa de esplendor para nuestros pueblos como la que en su d&#237;a tuvieron. Piensen que aunque a&#250;n quedamos una generaci&#243;n de los que por encima de todo queremos a nuestro pueblo, aunque no sepamos a veces explicar el porqu&#233;; para invertir y vivir en el medio rural no basta con ser rom&#225;ntico, hay adem&#225;s que tener despejado el horizonte en cuestiones de empleo y bienestar. Hagamos de la agricultura y la ganader&#237;a una profesi&#243;n con futuro, creemos empleos alternativos en el medio rural, demos una salida laboral y profesional a las mujeres, llevemos a nuestros pueblos todos los servicios posibles de cuantos se disfrutan en las ciudades, y estaremos entonces en el buen camino para cumplir los cometidos de esta Comisi&#243;n: evitar el despoblamiento del medio rural. <\/font>\n<\/p>\n<p><font size=\"2\">Se&#241;or&#237;as, les deseamos a ustedes mucho &#233;xito, porque ser&#225; tambi&#233;n el nuestro. Muchas gracias. <\/font>\n<\/p>\n<p><font size=\"2\">&#160; <\/font>\n<\/p>\n<p><font size=\"2\">&#160;<\/font><\/p>\n","protected":false},"excerpt":{"rendered":"<p>Comisi&#243;n no Permanente sobre Evoluci&#243;n de la Poblaci&#243;n en Castilla y Le&#243;n &#8211;<\/p>\n","protected":false},"author":3,"featured_media":8174,"comment_status":"open","ping_status":"open","sticky":false,"template":"","format":"standard","meta":{"footnotes":""},"categories":[4,9],"tags":[],"yoast_head":"<!-- This site is optimized with the Yoast SEO plugin v24.5 - https:\/\/yoast.com\/wordpress\/plugins\/seo\/ -->\n<title>INTERVENCI&#211;N EN LAS CORTES DE CASTILLA Y LEON SOBRE EL PROBLEMA DE LA DESPOBLACION EN EL MEDIO RURAL - ASAJA Le\u00f3n<\/title>\n<meta name=\"description\" content=\"Comisi&#243;n no Permanente sobre Evoluci&#243;n de la Poblaci&#243;n en Castilla y Le&#243;n -\" \/>\n<meta name=\"robots\" content=\"index, follow, max-snippet:-1, max-image-preview:large, max-video-preview:-1\" \/>\n<link rel=\"canonical\" href=\"https:\/\/www.asajacyl.com\/leon\/asaja-leon-informa\/intervencin-en-las-cortes-de-castilla-y-leon-sobre-el-problema-de-la-despoblacion-en-el-medio-rural\" \/>\n<meta property=\"og:locale\" content=\"es_ES\" \/>\n<meta property=\"og:type\" content=\"article\" \/>\n<meta property=\"og:title\" content=\"INTERVENCI&#211;N EN LAS CORTES DE CASTILLA Y LEON SOBRE EL PROBLEMA DE LA DESPOBLACION EN EL MEDIO RURAL - ASAJA Le\u00f3n\" \/>\n<meta property=\"og:description\" content=\"Comisi&#243;n no Permanente sobre Evoluci&#243;n de la Poblaci&#243;n en Castilla y Le&#243;n -\" \/>\n<meta property=\"og:url\" content=\"https:\/\/www.asajacyl.com\/leon\/asaja-leon-informa\/intervencin-en-las-cortes-de-castilla-y-leon-sobre-el-problema-de-la-despoblacion-en-el-medio-rural\" \/>\n<meta property=\"og:site_name\" content=\"ASAJA Le\u00f3n\" \/>\n<meta property=\"article:published_time\" content=\"2004-06-03T22:00:00+00:00\" \/>\n<meta property=\"og:image\" content=\"https:\/\/www.asajacyl.com\/leon\/wp-content\/uploads\/sites\/6\/2017\/11\/im_predefinida_1920x1080.jpg\" \/>\n\t<meta property=\"og:image:width\" content=\"1920\" \/>\n\t<meta property=\"og:image:height\" content=\"1080\" \/>\n\t<meta property=\"og:image:type\" content=\"image\/jpeg\" \/>\n<meta name=\"author\" content=\"Editor\" \/>\n<meta name=\"twitter:card\" content=\"summary_large_image\" \/>\n<meta name=\"twitter:label1\" content=\"Escrito por\" \/>\n\t<meta name=\"twitter:data1\" content=\"Editor\" \/>\n\t<meta name=\"twitter:label2\" content=\"Tiempo de lectura\" \/>\n\t<meta name=\"twitter:data2\" content=\"11 minutos\" \/>\n<script type=\"application\/ld+json\" class=\"yoast-schema-graph\">{\"@context\":\"https:\/\/schema.org\",\"@graph\":[{\"@type\":\"WebPage\",\"@id\":\"https:\/\/www.asajacyl.com\/leon\/asaja-leon-informa\/intervencin-en-las-cortes-de-castilla-y-leon-sobre-el-problema-de-la-despoblacion-en-el-medio-rural\",\"url\":\"https:\/\/www.asajacyl.com\/leon\/asaja-leon-informa\/intervencin-en-las-cortes-de-castilla-y-leon-sobre-el-problema-de-la-despoblacion-en-el-medio-rural\",\"name\":\"INTERVENCI&#211;N EN LAS CORTES DE CASTILLA Y LEON SOBRE EL PROBLEMA DE LA DESPOBLACION EN EL MEDIO RURAL - ASAJA Le\u00f3n\",\"isPartOf\":{\"@id\":\"https:\/\/www.asajacyl.com\/leon\/#website\"},\"primaryImageOfPage\":{\"@id\":\"https:\/\/www.asajacyl.com\/leon\/asaja-leon-informa\/intervencin-en-las-cortes-de-castilla-y-leon-sobre-el-problema-de-la-despoblacion-en-el-medio-rural#primaryimage\"},\"image\":{\"@id\":\"https:\/\/www.asajacyl.com\/leon\/asaja-leon-informa\/intervencin-en-las-cortes-de-castilla-y-leon-sobre-el-problema-de-la-despoblacion-en-el-medio-rural#primaryimage\"},\"thumbnailUrl\":\"https:\/\/www.asajacyl.com\/leon\/wp-content\/uploads\/sites\/6\/2017\/11\/im_predefinida_1920x1080.jpg\",\"datePublished\":\"2004-06-03T22:00:00+00:00\",\"author\":{\"@id\":\"https:\/\/www.asajacyl.com\/leon\/#\/schema\/person\/7e884476cee132331142e8ac9689f20c\"},\"description\":\"Comisi&#243;n no Permanente sobre Evoluci&#243;n de la Poblaci&#243;n en Castilla y Le&#243;n -\",\"breadcrumb\":{\"@id\":\"https:\/\/www.asajacyl.com\/leon\/asaja-leon-informa\/intervencin-en-las-cortes-de-castilla-y-leon-sobre-el-problema-de-la-despoblacion-en-el-medio-rural#breadcrumb\"},\"inLanguage\":\"es\",\"potentialAction\":[{\"@type\":\"ReadAction\",\"target\":[\"https:\/\/www.asajacyl.com\/leon\/asaja-leon-informa\/intervencin-en-las-cortes-de-castilla-y-leon-sobre-el-problema-de-la-despoblacion-en-el-medio-rural\"]}]},{\"@type\":\"ImageObject\",\"inLanguage\":\"es\",\"@id\":\"https:\/\/www.asajacyl.com\/leon\/asaja-leon-informa\/intervencin-en-las-cortes-de-castilla-y-leon-sobre-el-problema-de-la-despoblacion-en-el-medio-rural#primaryimage\",\"url\":\"https:\/\/www.asajacyl.com\/leon\/wp-content\/uploads\/sites\/6\/2017\/11\/im_predefinida_1920x1080.jpg\",\"contentUrl\":\"https:\/\/www.asajacyl.com\/leon\/wp-content\/uploads\/sites\/6\/2017\/11\/im_predefinida_1920x1080.jpg\",\"width\":1920,\"height\":1080,\"caption\":\"Logotipo ASAJA Le\u00f3n\"},{\"@type\":\"BreadcrumbList\",\"@id\":\"https:\/\/www.asajacyl.com\/leon\/asaja-leon-informa\/intervencin-en-las-cortes-de-castilla-y-leon-sobre-el-problema-de-la-despoblacion-en-el-medio-rural#breadcrumb\",\"itemListElement\":[{\"@type\":\"ListItem\",\"position\":1,\"name\":\"Portada\",\"item\":\"https:\/\/www.asajacyl.com\/leon\/\"},{\"@type\":\"ListItem\",\"position\":2,\"name\":\"INTERVENCI&#211;N EN LAS CORTES DE CASTILLA Y LEON SOBRE EL PROBLEMA DE LA DESPOBLACION EN EL MEDIO RURAL\"}]},{\"@type\":\"WebSite\",\"@id\":\"https:\/\/www.asajacyl.com\/leon\/#website\",\"url\":\"https:\/\/www.asajacyl.com\/leon\/\",\"name\":\"ASAJA Le\u00f3n\",\"description\":\"Otro sitio m\u00e1s de Provincias ASAJA Castilla y Le\u00f3n\",\"potentialAction\":[{\"@type\":\"SearchAction\",\"target\":{\"@type\":\"EntryPoint\",\"urlTemplate\":\"https:\/\/www.asajacyl.com\/leon\/?s={search_term_string}\"},\"query-input\":{\"@type\":\"PropertyValueSpecification\",\"valueRequired\":true,\"valueName\":\"search_term_string\"}}],\"inLanguage\":\"es\"},{\"@type\":\"Person\",\"@id\":\"https:\/\/www.asajacyl.com\/leon\/#\/schema\/person\/7e884476cee132331142e8ac9689f20c\",\"name\":\"Editor\",\"image\":{\"@type\":\"ImageObject\",\"inLanguage\":\"es\",\"@id\":\"https:\/\/www.asajacyl.com\/leon\/#\/schema\/person\/image\/\",\"url\":\"https:\/\/secure.gravatar.com\/avatar\/a2ef43c165669686cfcfb0e1ffa59869?s=96&d=mm&r=g\",\"contentUrl\":\"https:\/\/secure.gravatar.com\/avatar\/a2ef43c165669686cfcfb0e1ffa59869?s=96&d=mm&r=g\",\"caption\":\"Editor\"},\"url\":\"https:\/\/www.asajacyl.com\/leon\/author\/oscargg\"}]}<\/script>\n<!-- \/ Yoast SEO plugin. -->","yoast_head_json":{"title":"INTERVENCI&#211;N EN LAS CORTES DE CASTILLA Y LEON SOBRE EL PROBLEMA DE LA DESPOBLACION EN EL MEDIO RURAL - ASAJA Le\u00f3n","description":"Comisi&#243;n no Permanente sobre Evoluci&#243;n de la Poblaci&#243;n en Castilla y Le&#243;n -","robots":{"index":"index","follow":"follow","max-snippet":"max-snippet:-1","max-image-preview":"max-image-preview:large","max-video-preview":"max-video-preview:-1"},"canonical":"https:\/\/www.asajacyl.com\/leon\/asaja-leon-informa\/intervencin-en-las-cortes-de-castilla-y-leon-sobre-el-problema-de-la-despoblacion-en-el-medio-rural","og_locale":"es_ES","og_type":"article","og_title":"INTERVENCI&#211;N EN LAS CORTES DE CASTILLA Y LEON SOBRE EL PROBLEMA DE LA DESPOBLACION EN EL MEDIO RURAL - ASAJA Le\u00f3n","og_description":"Comisi&#243;n no Permanente sobre Evoluci&#243;n de la Poblaci&#243;n en Castilla y Le&#243;n -","og_url":"https:\/\/www.asajacyl.com\/leon\/asaja-leon-informa\/intervencin-en-las-cortes-de-castilla-y-leon-sobre-el-problema-de-la-despoblacion-en-el-medio-rural","og_site_name":"ASAJA Le\u00f3n","article_published_time":"2004-06-03T22:00:00+00:00","og_image":[{"width":1920,"height":1080,"url":"https:\/\/www.asajacyl.com\/leon\/wp-content\/uploads\/sites\/6\/2017\/11\/im_predefinida_1920x1080.jpg","type":"image\/jpeg"}],"author":"Editor","twitter_card":"summary_large_image","twitter_misc":{"Escrito por":"Editor","Tiempo de lectura":"11 minutos"},"schema":{"@context":"https:\/\/schema.org","@graph":[{"@type":"WebPage","@id":"https:\/\/www.asajacyl.com\/leon\/asaja-leon-informa\/intervencin-en-las-cortes-de-castilla-y-leon-sobre-el-problema-de-la-despoblacion-en-el-medio-rural","url":"https:\/\/www.asajacyl.com\/leon\/asaja-leon-informa\/intervencin-en-las-cortes-de-castilla-y-leon-sobre-el-problema-de-la-despoblacion-en-el-medio-rural","name":"INTERVENCI&#211;N EN LAS CORTES DE CASTILLA Y LEON SOBRE EL PROBLEMA DE LA DESPOBLACION EN EL MEDIO RURAL - ASAJA Le\u00f3n","isPartOf":{"@id":"https:\/\/www.asajacyl.com\/leon\/#website"},"primaryImageOfPage":{"@id":"https:\/\/www.asajacyl.com\/leon\/asaja-leon-informa\/intervencin-en-las-cortes-de-castilla-y-leon-sobre-el-problema-de-la-despoblacion-en-el-medio-rural#primaryimage"},"image":{"@id":"https:\/\/www.asajacyl.com\/leon\/asaja-leon-informa\/intervencin-en-las-cortes-de-castilla-y-leon-sobre-el-problema-de-la-despoblacion-en-el-medio-rural#primaryimage"},"thumbnailUrl":"https:\/\/www.asajacyl.com\/leon\/wp-content\/uploads\/sites\/6\/2017\/11\/im_predefinida_1920x1080.jpg","datePublished":"2004-06-03T22:00:00+00:00","author":{"@id":"https:\/\/www.asajacyl.com\/leon\/#\/schema\/person\/7e884476cee132331142e8ac9689f20c"},"description":"Comisi&#243;n no Permanente sobre Evoluci&#243;n de la Poblaci&#243;n en Castilla y Le&#243;n -","breadcrumb":{"@id":"https:\/\/www.asajacyl.com\/leon\/asaja-leon-informa\/intervencin-en-las-cortes-de-castilla-y-leon-sobre-el-problema-de-la-despoblacion-en-el-medio-rural#breadcrumb"},"inLanguage":"es","potentialAction":[{"@type":"ReadAction","target":["https:\/\/www.asajacyl.com\/leon\/asaja-leon-informa\/intervencin-en-las-cortes-de-castilla-y-leon-sobre-el-problema-de-la-despoblacion-en-el-medio-rural"]}]},{"@type":"ImageObject","inLanguage":"es","@id":"https:\/\/www.asajacyl.com\/leon\/asaja-leon-informa\/intervencin-en-las-cortes-de-castilla-y-leon-sobre-el-problema-de-la-despoblacion-en-el-medio-rural#primaryimage","url":"https:\/\/www.asajacyl.com\/leon\/wp-content\/uploads\/sites\/6\/2017\/11\/im_predefinida_1920x1080.jpg","contentUrl":"https:\/\/www.asajacyl.com\/leon\/wp-content\/uploads\/sites\/6\/2017\/11\/im_predefinida_1920x1080.jpg","width":1920,"height":1080,"caption":"Logotipo ASAJA Le\u00f3n"},{"@type":"BreadcrumbList","@id":"https:\/\/www.asajacyl.com\/leon\/asaja-leon-informa\/intervencin-en-las-cortes-de-castilla-y-leon-sobre-el-problema-de-la-despoblacion-en-el-medio-rural#breadcrumb","itemListElement":[{"@type":"ListItem","position":1,"name":"Portada","item":"https:\/\/www.asajacyl.com\/leon\/"},{"@type":"ListItem","position":2,"name":"INTERVENCI&#211;N EN LAS CORTES DE CASTILLA Y LEON SOBRE EL PROBLEMA DE LA DESPOBLACION EN EL MEDIO RURAL"}]},{"@type":"WebSite","@id":"https:\/\/www.asajacyl.com\/leon\/#website","url":"https:\/\/www.asajacyl.com\/leon\/","name":"ASAJA Le\u00f3n","description":"Otro sitio m\u00e1s de Provincias ASAJA Castilla y Le\u00f3n","potentialAction":[{"@type":"SearchAction","target":{"@type":"EntryPoint","urlTemplate":"https:\/\/www.asajacyl.com\/leon\/?s={search_term_string}"},"query-input":{"@type":"PropertyValueSpecification","valueRequired":true,"valueName":"search_term_string"}}],"inLanguage":"es"},{"@type":"Person","@id":"https:\/\/www.asajacyl.com\/leon\/#\/schema\/person\/7e884476cee132331142e8ac9689f20c","name":"Editor","image":{"@type":"ImageObject","inLanguage":"es","@id":"https:\/\/www.asajacyl.com\/leon\/#\/schema\/person\/image\/","url":"https:\/\/secure.gravatar.com\/avatar\/a2ef43c165669686cfcfb0e1ffa59869?s=96&d=mm&r=g","contentUrl":"https:\/\/secure.gravatar.com\/avatar\/a2ef43c165669686cfcfb0e1ffa59869?s=96&d=mm&r=g","caption":"Editor"},"url":"https:\/\/www.asajacyl.com\/leon\/author\/oscargg"}]}},"_links":{"self":[{"href":"https:\/\/www.asajacyl.com\/leon\/wp-json\/wp\/v2\/posts\/8014"}],"collection":[{"href":"https:\/\/www.asajacyl.com\/leon\/wp-json\/wp\/v2\/posts"}],"about":[{"href":"https:\/\/www.asajacyl.com\/leon\/wp-json\/wp\/v2\/types\/post"}],"author":[{"embeddable":true,"href":"https:\/\/www.asajacyl.com\/leon\/wp-json\/wp\/v2\/users\/3"}],"replies":[{"embeddable":true,"href":"https:\/\/www.asajacyl.com\/leon\/wp-json\/wp\/v2\/comments?post=8014"}],"version-history":[{"count":0,"href":"https:\/\/www.asajacyl.com\/leon\/wp-json\/wp\/v2\/posts\/8014\/revisions"}],"wp:featuredmedia":[{"embeddable":true,"href":"https:\/\/www.asajacyl.com\/leon\/wp-json\/wp\/v2\/media\/8174"}],"wp:attachment":[{"href":"https:\/\/www.asajacyl.com\/leon\/wp-json\/wp\/v2\/media?parent=8014"}],"wp:term":[{"taxonomy":"category","embeddable":true,"href":"https:\/\/www.asajacyl.com\/leon\/wp-json\/wp\/v2\/categories?post=8014"},{"taxonomy":"post_tag","embeddable":true,"href":"https:\/\/www.asajacyl.com\/leon\/wp-json\/wp\/v2\/tags?post=8014"}],"curies":[{"name":"wp","href":"https:\/\/api.w.org\/{rel}","templated":true}]}}