{"id":8022,"date":"2004-05-04T00:00:00","date_gmt":"2004-05-03T22:00:00","guid":{"rendered":"http:\/\/www.asajacyl.com\/leon\/sin-categoria\/asaja-insta-a-la-junta-a-que-publique-de-inmediato-la-normativa-para-acceder-al-programa-agroambiental"},"modified":"2004-05-04T00:00:00","modified_gmt":"2004-05-03T22:00:00","slug":"asaja-insta-a-la-junta-a-que-publique-de-inmediato-la-normativa-para-acceder-al-programa-agroambiental","status":"publish","type":"post","link":"https:\/\/www.asajacyl.com\/leon\/asaja-leon-informa\/asaja-insta-a-la-junta-a-que-publique-de-inmediato-la-normativa-para-acceder-al-programa-agroambiental","title":{"rendered":"ASAJA INSTA A LA JUNTA A QUE PUBLIQUE DE INMEDIATO LA NORMATIVA PARA ACCEDER AL PROGRAMA AGROAMBIENTAL"},"content":{"rendered":"<h2>La OPA teme que la Administraci&#243;n pretenda que caiga en el olvido esta l&#237;nea,  con el objetivo de ahorrar presupuesto<\/h2>\n<p align=\"center\"><font size=\"2\"><\/font><b><\/p>\n<p align=\"center\"><font color=\"#009900\" size=\"2\">ASAJA INSTA A LA JUNTA A QUE PUBLIQUE DE INMEDIATO LA NORMATIVA PARA ACCEDER AL PROGRAMA AGROAMBIENTAL<\/font><\/p>\n<p><\/b><font size=\"2\"> <\/font>\n<\/p>\n<p align=\"center\"><font size=\"2\"><\/font>\n<\/p>\n<p align=\"center\"><font size=\"2\">La OPA teme que la Administraci&#243;n pretenda que caiga en el olvido esta l&#237;nea, <\/font>\n<\/p>\n<p align=\"center\"><font size=\"2\">con el objetivo de ahorrar presupuesto <\/font>\n<\/p>\n<p align=\"justify\"><font size=\"2\">&#160; <\/font>\n<\/p>\n<p align=\"justify\"><font size=\"2\">A estas alturas del a&#241;o ya deber&#237;a de haber publicado la Junta de Castilla y Le&#243;n la normativa que regula cada campa&#241;a la incorporaci&#243;n de los agricultores a los programas agroambientales, tales como los sistemas de extensificaci&#243;n para la protecci&#243;n de la flora y la fauna, girasol en secano, barbecho tradicional y agricultura ecol&#243;gica, programas creados para favorecer el desarrollo de una producci&#243;n agr&#237;cola compatible con la protecci&#243;n al medio ambiente. <\/font>\n<\/p>\n<p align=\"justify\"><font size=\"2\"><\/font>\n<\/p>\n<p align=\"justify\"><font size=\"2\">Sin embargo, ASAJA de Castilla y Le&#243;n se teme que la Direcci&#243;n General de Pol&#237;tica Agraria, el departamento competente, quiera pasar de puntillas sobre el tema. \u00abEludiendo convocar las l&#237;neas esta campa&#241;a, conseguir&#237;a ahorrar partidas &#8211;procedentes de la liberaci&#243;n de presupuesto al concluir otros contratos agroambientales, como los de la antigua l&#237;nea de estepas cerealistas&#8211; que sin duda ser&#237;an empleadas en \u00abparchear\u00bb otras l&#237;neas necesitadas de dotaci&#243;n\u00bb, recalca la organizaci&#243;n profesional agraria (OPA). <\/font>\n<\/p>\n<p align=\"justify\"><font size=\"2\"><\/font>\n<\/p>\n<p align=\"justify\"><font size=\"2\">ASAJA considera que el compromiso de la Administraci&#243;n regional con estos programas agroambientales es cada vez m&#225;s tibio. Ya en anteriores campa&#241;as, la OPA denunci&#243; los il&#243;gicos criterios seguidos para admitir unas solicitudes y rechazar otras (como la fecha de presentaci&#243;n o la edad), y esta campa&#241;a parece que se quiere llegar a&#250;n m&#225;s lejos, no permitiendo la incorporaci&#243;n a estas l&#237;neas. <\/font>\n<\/p>\n<p align=\"justify\"><font size=\"2\"><\/font>\n<\/p>\n<p align=\"justify\"><font size=\"2\">La organizaci&#243;n profesional agraria pide a la Consejer&#237;a de Agricultura y Ganader&#237;a que convoque con urgencia estas ayudas, dotadas con el presupuesto necesario, y que adem&#225;s haga un esfuerzo para conseguir que las solicitudes est&#233;n resueltas antes de las pr&#243;ximas siembras, en el mes de octubre. <\/font>\n<\/p>\n<p align=\"justify\"><font size=\"2\"><\/font>\n<\/p>\n<p align=\"justify\"><font size=\"2\">&#160; <\/font>\n<\/p>\n<p align=\"center\"><font size=\"2\">SOLICITUDES DE INCORPORACI&#211;N A LAS MEDIDAS AGROAMBIENTALES PARA LA CAMPA&#209;A AGR&#205;COLA 2003\/2004 <\/font><\/p>\n<table style=\"WIDTH: 211px; HEIGHT: 316px\" cellspacing=\"1\" cellpadding=\"4\" width=\"211\" border=\"1\">\n<tbody>\n<tr>\n<td valign=\"top\" width=\"16%\"><font size=\"1\">&#160;<\/font><\/td>\n<td valign=\"center\" width=\"18%\"><b><\/p>\n<p align=\"center\"><font size=\"1\">Sistemas de extensificaci&#243;n<\/font><\/p>\n<p><\/b><\/td>\n<\/tr>\n<\/tbody>\n<\/table>\n<td valign=\"center\" width=\"17%\"><b><\/p>\n<p align=\"center\"><font size=\"1\">Girasol agroambiental<\/font><\/p>\n<p><\/b><\/td>\n<td valign=\"center\" width=\"19%\"><b><\/p>\n<p align=\"center\"><font size=\"1\">Barbecho medioambiental<\/font><\/p>\n<p><\/b><\/td>\n<td valign=\"center\" width=\"16%\"><b><\/p>\n<p align=\"center\"><font size=\"1\">Agricultura ecol&#243;gica<\/font><\/p>\n<p><\/b><\/td>\n<td valign=\"center\" width=\"14%\"><b><\/p>\n<p align=\"center\"><font size=\"1\">Total<\/font><\/p>\n<p><\/b><\/td>\n<tr>\n<td valign=\"top\" width=\"16%\"><b><\/p>\n<p><font size=\"1\">&#193;vila<\/font><\/p>\n<p><\/b><\/td>\n<\/tr>\n<td valign=\"center\" width=\"18%\">\n<p align=\"center\"><font size=\"1\">38<\/font><\/p>\n<\/td>\n<td valign=\"center\" width=\"17%\">\n<p align=\"center\"><font size=\"1\">2<\/font><\/p>\n<\/td>\n<td valign=\"center\" width=\"19%\">\n<p align=\"center\"><font size=\"1\">2<\/font><\/p>\n<\/td>\n<td valign=\"center\" width=\"16%\"><font size=\"1\">&#160;<\/font><\/td>\n<td valign=\"center\" width=\"14%\">\n<p align=\"center\"><font size=\"1\">42<\/font><\/p>\n<\/td>\n<tr>\n<td valign=\"top\" width=\"16%\"><b><\/p>\n<p><font size=\"1\">Burgos<\/font><\/p>\n<p><\/b><\/td>\n<\/tr>\n<td valign=\"center\" width=\"18%\">\n<p align=\"center\"><font size=\"1\">820<\/font><\/p>\n<\/td>\n<td valign=\"center\" width=\"17%\">\n<p align=\"center\"><font size=\"1\">113<\/font><\/p>\n<\/td>\n<td valign=\"center\" width=\"19%\">\n<p align=\"center\"><font size=\"1\">51<\/font><\/p>\n<\/td>\n<td valign=\"center\" width=\"16%\">\n<p align=\"center\"><font size=\"1\">4<\/font><\/p>\n<\/td>\n<td valign=\"center\" width=\"14%\">\n<p align=\"center\"><font size=\"1\">988<\/font><\/p>\n<\/td>\n<tr>\n<td valign=\"top\" width=\"16%\"><b><\/p>\n<p><font size=\"1\">Le&#243;n<\/font><\/p>\n<p><\/b><\/td>\n<\/tr>\n<td valign=\"center\" width=\"18%\">\n<p align=\"center\"><font size=\"1\">203<\/font><\/p>\n<\/td>\n<td valign=\"center\" width=\"17%\">\n<p align=\"center\"><font size=\"1\">2<\/font><\/p>\n<\/td>\n<td valign=\"center\" width=\"19%\">\n<p align=\"center\"><font size=\"1\">71<\/font><\/p>\n<\/td>\n<td valign=\"center\" width=\"16%\"><font size=\"1\">&#160;<\/font><\/td>\n<td valign=\"center\" width=\"14%\">\n<p align=\"center\"><font size=\"1\">276<\/font><\/p>\n<\/td>\n<tr>\n<td valign=\"top\" width=\"16%\"><b><\/p>\n<p><font size=\"1\">Palencia<\/font><\/p>\n<p><\/b><\/td>\n<\/tr>\n<td valign=\"center\" width=\"18%\">\n<p align=\"center\"><font size=\"1\">427<\/font><\/p>\n<\/td>\n<td valign=\"center\" width=\"17%\">\n<p align=\"center\"><font size=\"1\">11<\/font><\/p>\n<\/td>\n<td valign=\"center\" width=\"19%\">\n<p align=\"center\"><font size=\"1\">6<\/font><\/p>\n<\/td>\n<td valign=\"center\" width=\"16%\"><font size=\"1\">&#160;<\/font><\/td>\n<td valign=\"center\" width=\"14%\">\n<p align=\"center\"><font size=\"1\">444<\/font><\/p>\n<\/td>\n<tr>\n<td valign=\"top\" width=\"16%\"><b><\/p>\n<p><font size=\"1\">Salamanca<\/font><\/p>\n<p><\/b><\/td>\n<\/tr>\n<td valign=\"center\" width=\"18%\">\n<p align=\"center\"><font size=\"1\">26<\/font><\/p>\n<\/td>\n<td valign=\"center\" width=\"17%\">\n<p align=\"center\"><font size=\"1\">1<\/font><\/p>\n<\/td>\n<td valign=\"center\" width=\"19%\">\n<p align=\"center\"><font size=\"1\">3<\/font><\/p>\n<\/td>\n<td valign=\"center\" width=\"16%\">\n<p align=\"center\"><font size=\"1\">3<\/font><\/p>\n<\/td>\n<td valign=\"center\" width=\"14%\">\n<p align=\"center\"><font size=\"1\">33<\/font><\/p>\n<\/td>\n<tr>\n<td valign=\"top\" width=\"16%\"><b><\/p>\n<p><font size=\"1\">Segovia<\/font><\/p>\n<p><\/b><\/td>\n<\/tr>\n<td valign=\"center\" width=\"18%\">\n<p align=\"center\"><font size=\"1\">129<\/font><\/p>\n<\/td>\n<td valign=\"center\" width=\"17%\">\n<p align=\"center\"><font size=\"1\">12<\/font><\/p>\n<\/td>\n<td valign=\"center\" width=\"19%\">\n<p align=\"center\"><font size=\"1\">59<\/font><\/p>\n<\/td>\n<td valign=\"center\" width=\"16%\">\n<p align=\"center\"><font size=\"1\">3<\/font><\/p>\n<\/td>\n<td valign=\"center\" width=\"14%\">\n<p align=\"center\"><font size=\"1\">203<\/font><\/p>\n<\/td>\n<tr>\n<td valign=\"top\" width=\"16%\"><b><\/p>\n<p><font size=\"1\">Soria<\/font><\/p>\n<p><\/b><\/td>\n<\/tr>\n<td valign=\"center\" width=\"18%\">\n<p align=\"center\"><font size=\"1\">429<\/font><\/p>\n<\/td>\n<td valign=\"center\" width=\"17%\">\n<p align=\"center\"><font size=\"1\">41<\/font><\/p>\n<\/td>\n<td valign=\"center\" width=\"19%\">\n<p align=\"center\"><font size=\"1\">65<\/font><\/p>\n<\/td>\n<td valign=\"center\" width=\"16%\">\n<p align=\"center\"><font size=\"1\">1<\/font><\/p>\n<\/td>\n<td valign=\"center\" width=\"14%\">\n<p align=\"center\"><font size=\"1\">536<\/font><\/p>\n<\/td>\n<tr>\n<td valign=\"top\" width=\"16%\"><b><\/p>\n<p><font size=\"1\">Valladolid<\/font><\/p>\n<p><\/b><\/td>\n<\/tr>\n<td valign=\"center\" width=\"18%\">\n<p align=\"center\"><font size=\"1\">294<\/font><\/p>\n<\/td>\n<td valign=\"center\" width=\"17%\">\n<p align=\"center\"><font size=\"1\">45<\/font><\/p>\n<\/td>\n<td valign=\"center\" width=\"19%\"><font size=\"1\">&#160;<\/font><\/td>\n<td valign=\"center\" width=\"16%\">\n<p align=\"center\"><font size=\"1\">4<\/font><\/p>\n<\/td>\n<td valign=\"center\" width=\"14%\">\n<p align=\"center\"><font size=\"1\">343<\/font><\/p>\n<\/td>\n<tr>\n<td valign=\"top\" width=\"16%\"><b><\/p>\n<p><font size=\"1\">Zamora<\/font><\/p>\n<p><\/b><\/td>\n<\/tr>\n<td valign=\"center\" width=\"18%\">\n<p align=\"center\"><font size=\"1\">366<\/font><\/p>\n<\/td>\n<td valign=\"center\" width=\"17%\">\n<p align=\"center\"><font size=\"1\">12<\/font><\/p>\n<\/td>\n<td valign=\"center\" width=\"19%\">\n<p align=\"center\"><font size=\"1\">79<\/font><\/p>\n<\/td>\n<td valign=\"center\" width=\"16%\">\n<p align=\"center\"><font size=\"1\">2<\/font><\/p>\n<\/td>\n<td valign=\"center\" width=\"14%\">\n<p align=\"center\"><font size=\"1\">459<\/font><\/p>\n<\/td>\n<tr>\n<td valign=\"top\" width=\"16%\"><b><\/p>\n<p><font size=\"1\">Total CyL<\/font><\/p>\n<p><\/b><\/td>\n<\/tr>\n<td valign=\"center\" width=\"18%\">\n<p align=\"center\"><font size=\"1\">2732<\/font><\/p>\n<\/td>\n<td valign=\"center\" width=\"17%\">\n<p align=\"center\"><font size=\"1\">239<\/font><\/p>\n<\/td>\n<td valign=\"center\" width=\"19%\">\n<p align=\"center\"><font size=\"1\">336<\/font><\/p>\n<\/td>\n<td valign=\"center\" width=\"16%\">\n<p align=\"center\"><font size=\"1\">17<\/font><\/p>\n<\/td>\n<td valign=\"center\" width=\"14%\">\n<p align=\"center\"><font size=\"1\">3324<\/font><\/p>\n<\/td>\n<p align=\"justify\"><font size=\"2\"><\/font>\n<\/p>\n<p align=\"justify\"><font size=\"2\">&#160; <\/font>\n<\/p>\n<p><font size=\"2\">&#160; <\/font>\n<\/p>\n<p align=\"right\"><font size=\"2\">Le&#243;n a 4 de Mayo de 2004<\/font><\/p>\n","protected":false},"excerpt":{"rendered":"<p>La OPA teme que la Administraci&#243;n pretenda que caiga en el olvido esta l&#237;nea,  con el objetivo de ahorrar presupuesto<\/p>\n","protected":false},"author":3,"featured_media":8174,"comment_status":"open","ping_status":"open","sticky":false,"template":"","format":"standard","meta":{"footnotes":""},"categories":[4,9],"tags":[],"yoast_head":"<!-- This site is optimized with the Yoast SEO plugin v24.5 - https:\/\/yoast.com\/wordpress\/plugins\/seo\/ -->\n<title>ASAJA INSTA A LA JUNTA A QUE PUBLIQUE DE INMEDIATO LA NORMATIVA PARA ACCEDER AL PROGRAMA AGROAMBIENTAL - ASAJA Le\u00f3n<\/title>\n<meta name=\"description\" content=\"La OPA teme que la Administraci&#243;n pretenda que caiga en el olvido esta l&#237;nea, con el objetivo de ahorrar presupuesto\" \/>\n<meta name=\"robots\" content=\"index, follow, max-snippet:-1, max-image-preview:large, max-video-preview:-1\" \/>\n<link rel=\"canonical\" href=\"https:\/\/www.asajacyl.com\/leon\/asaja-leon-informa\/asaja-insta-a-la-junta-a-que-publique-de-inmediato-la-normativa-para-acceder-al-programa-agroambiental\" \/>\n<meta property=\"og:locale\" content=\"es_ES\" \/>\n<meta property=\"og:type\" content=\"article\" \/>\n<meta property=\"og:title\" content=\"ASAJA INSTA A LA JUNTA A QUE PUBLIQUE DE INMEDIATO LA NORMATIVA PARA ACCEDER AL PROGRAMA AGROAMBIENTAL - ASAJA Le\u00f3n\" \/>\n<meta property=\"og:description\" content=\"La OPA teme que la Administraci&#243;n pretenda que caiga en el olvido esta l&#237;nea, con el objetivo de ahorrar presupuesto\" \/>\n<meta property=\"og:url\" content=\"https:\/\/www.asajacyl.com\/leon\/asaja-leon-informa\/asaja-insta-a-la-junta-a-que-publique-de-inmediato-la-normativa-para-acceder-al-programa-agroambiental\" \/>\n<meta property=\"og:site_name\" content=\"ASAJA Le\u00f3n\" \/>\n<meta property=\"article:published_time\" content=\"2004-05-03T22:00:00+00:00\" \/>\n<meta property=\"og:image\" content=\"https:\/\/www.asajacyl.com\/leon\/wp-content\/uploads\/sites\/6\/2017\/11\/im_predefinida_1920x1080.jpg\" \/>\n\t<meta property=\"og:image:width\" content=\"1920\" \/>\n\t<meta property=\"og:image:height\" content=\"1080\" \/>\n\t<meta property=\"og:image:type\" content=\"image\/jpeg\" \/>\n<meta name=\"author\" content=\"Editor\" \/>\n<meta name=\"twitter:card\" content=\"summary_large_image\" \/>\n<meta name=\"twitter:label1\" content=\"Escrito por\" \/>\n\t<meta name=\"twitter:data1\" content=\"Editor\" \/>\n\t<meta name=\"twitter:label2\" content=\"Tiempo de lectura\" \/>\n\t<meta name=\"twitter:data2\" content=\"2 minutos\" \/>\n<script type=\"application\/ld+json\" class=\"yoast-schema-graph\">{\"@context\":\"https:\/\/schema.org\",\"@graph\":[{\"@type\":\"WebPage\",\"@id\":\"https:\/\/www.asajacyl.com\/leon\/asaja-leon-informa\/asaja-insta-a-la-junta-a-que-publique-de-inmediato-la-normativa-para-acceder-al-programa-agroambiental\",\"url\":\"https:\/\/www.asajacyl.com\/leon\/asaja-leon-informa\/asaja-insta-a-la-junta-a-que-publique-de-inmediato-la-normativa-para-acceder-al-programa-agroambiental\",\"name\":\"ASAJA INSTA A LA JUNTA A QUE PUBLIQUE DE INMEDIATO LA NORMATIVA PARA ACCEDER AL PROGRAMA AGROAMBIENTAL - ASAJA Le\u00f3n\",\"isPartOf\":{\"@id\":\"https:\/\/www.asajacyl.com\/leon\/#website\"},\"primaryImageOfPage\":{\"@id\":\"https:\/\/www.asajacyl.com\/leon\/asaja-leon-informa\/asaja-insta-a-la-junta-a-que-publique-de-inmediato-la-normativa-para-acceder-al-programa-agroambiental#primaryimage\"},\"image\":{\"@id\":\"https:\/\/www.asajacyl.com\/leon\/asaja-leon-informa\/asaja-insta-a-la-junta-a-que-publique-de-inmediato-la-normativa-para-acceder-al-programa-agroambiental#primaryimage\"},\"thumbnailUrl\":\"https:\/\/www.asajacyl.com\/leon\/wp-content\/uploads\/sites\/6\/2017\/11\/im_predefinida_1920x1080.jpg\",\"datePublished\":\"2004-05-03T22:00:00+00:00\",\"author\":{\"@id\":\"https:\/\/www.asajacyl.com\/leon\/#\/schema\/person\/7e884476cee132331142e8ac9689f20c\"},\"description\":\"La OPA teme que la Administraci&#243;n pretenda que caiga en el olvido esta l&#237;nea, con el objetivo de ahorrar presupuesto\",\"breadcrumb\":{\"@id\":\"https:\/\/www.asajacyl.com\/leon\/asaja-leon-informa\/asaja-insta-a-la-junta-a-que-publique-de-inmediato-la-normativa-para-acceder-al-programa-agroambiental#breadcrumb\"},\"inLanguage\":\"es\",\"potentialAction\":[{\"@type\":\"ReadAction\",\"target\":[\"https:\/\/www.asajacyl.com\/leon\/asaja-leon-informa\/asaja-insta-a-la-junta-a-que-publique-de-inmediato-la-normativa-para-acceder-al-programa-agroambiental\"]}]},{\"@type\":\"ImageObject\",\"inLanguage\":\"es\",\"@id\":\"https:\/\/www.asajacyl.com\/leon\/asaja-leon-informa\/asaja-insta-a-la-junta-a-que-publique-de-inmediato-la-normativa-para-acceder-al-programa-agroambiental#primaryimage\",\"url\":\"https:\/\/www.asajacyl.com\/leon\/wp-content\/uploads\/sites\/6\/2017\/11\/im_predefinida_1920x1080.jpg\",\"contentUrl\":\"https:\/\/www.asajacyl.com\/leon\/wp-content\/uploads\/sites\/6\/2017\/11\/im_predefinida_1920x1080.jpg\",\"width\":1920,\"height\":1080,\"caption\":\"Logotipo ASAJA Le\u00f3n\"},{\"@type\":\"BreadcrumbList\",\"@id\":\"https:\/\/www.asajacyl.com\/leon\/asaja-leon-informa\/asaja-insta-a-la-junta-a-que-publique-de-inmediato-la-normativa-para-acceder-al-programa-agroambiental#breadcrumb\",\"itemListElement\":[{\"@type\":\"ListItem\",\"position\":1,\"name\":\"Portada\",\"item\":\"https:\/\/www.asajacyl.com\/leon\/\"},{\"@type\":\"ListItem\",\"position\":2,\"name\":\"ASAJA INSTA A LA JUNTA A QUE PUBLIQUE DE INMEDIATO LA NORMATIVA PARA ACCEDER AL PROGRAMA AGROAMBIENTAL\"}]},{\"@type\":\"WebSite\",\"@id\":\"https:\/\/www.asajacyl.com\/leon\/#website\",\"url\":\"https:\/\/www.asajacyl.com\/leon\/\",\"name\":\"ASAJA Le\u00f3n\",\"description\":\"Otro sitio m\u00e1s de Provincias ASAJA Castilla y Le\u00f3n\",\"potentialAction\":[{\"@type\":\"SearchAction\",\"target\":{\"@type\":\"EntryPoint\",\"urlTemplate\":\"https:\/\/www.asajacyl.com\/leon\/?s={search_term_string}\"},\"query-input\":{\"@type\":\"PropertyValueSpecification\",\"valueRequired\":true,\"valueName\":\"search_term_string\"}}],\"inLanguage\":\"es\"},{\"@type\":\"Person\",\"@id\":\"https:\/\/www.asajacyl.com\/leon\/#\/schema\/person\/7e884476cee132331142e8ac9689f20c\",\"name\":\"Editor\",\"image\":{\"@type\":\"ImageObject\",\"inLanguage\":\"es\",\"@id\":\"https:\/\/www.asajacyl.com\/leon\/#\/schema\/person\/image\/\",\"url\":\"https:\/\/secure.gravatar.com\/avatar\/a2ef43c165669686cfcfb0e1ffa59869?s=96&d=mm&r=g\",\"contentUrl\":\"https:\/\/secure.gravatar.com\/avatar\/a2ef43c165669686cfcfb0e1ffa59869?s=96&d=mm&r=g\",\"caption\":\"Editor\"},\"url\":\"https:\/\/www.asajacyl.com\/leon\/author\/oscargg\"}]}<\/script>\n<!-- \/ Yoast SEO plugin. -->","yoast_head_json":{"title":"ASAJA INSTA A LA JUNTA A QUE PUBLIQUE DE INMEDIATO LA NORMATIVA PARA ACCEDER AL PROGRAMA AGROAMBIENTAL - ASAJA Le\u00f3n","description":"La OPA teme que la Administraci&#243;n pretenda que caiga en el olvido esta l&#237;nea, con el objetivo de ahorrar presupuesto","robots":{"index":"index","follow":"follow","max-snippet":"max-snippet:-1","max-image-preview":"max-image-preview:large","max-video-preview":"max-video-preview:-1"},"canonical":"https:\/\/www.asajacyl.com\/leon\/asaja-leon-informa\/asaja-insta-a-la-junta-a-que-publique-de-inmediato-la-normativa-para-acceder-al-programa-agroambiental","og_locale":"es_ES","og_type":"article","og_title":"ASAJA INSTA A LA JUNTA A QUE PUBLIQUE DE INMEDIATO LA NORMATIVA PARA ACCEDER AL PROGRAMA AGROAMBIENTAL - ASAJA Le\u00f3n","og_description":"La OPA teme que la Administraci&#243;n pretenda que caiga en el olvido esta l&#237;nea, con el objetivo de ahorrar presupuesto","og_url":"https:\/\/www.asajacyl.com\/leon\/asaja-leon-informa\/asaja-insta-a-la-junta-a-que-publique-de-inmediato-la-normativa-para-acceder-al-programa-agroambiental","og_site_name":"ASAJA Le\u00f3n","article_published_time":"2004-05-03T22:00:00+00:00","og_image":[{"width":1920,"height":1080,"url":"https:\/\/www.asajacyl.com\/leon\/wp-content\/uploads\/sites\/6\/2017\/11\/im_predefinida_1920x1080.jpg","type":"image\/jpeg"}],"author":"Editor","twitter_card":"summary_large_image","twitter_misc":{"Escrito por":"Editor","Tiempo de lectura":"2 minutos"},"schema":{"@context":"https:\/\/schema.org","@graph":[{"@type":"WebPage","@id":"https:\/\/www.asajacyl.com\/leon\/asaja-leon-informa\/asaja-insta-a-la-junta-a-que-publique-de-inmediato-la-normativa-para-acceder-al-programa-agroambiental","url":"https:\/\/www.asajacyl.com\/leon\/asaja-leon-informa\/asaja-insta-a-la-junta-a-que-publique-de-inmediato-la-normativa-para-acceder-al-programa-agroambiental","name":"ASAJA INSTA A LA JUNTA A QUE PUBLIQUE DE INMEDIATO LA NORMATIVA PARA ACCEDER AL PROGRAMA AGROAMBIENTAL - ASAJA Le\u00f3n","isPartOf":{"@id":"https:\/\/www.asajacyl.com\/leon\/#website"},"primaryImageOfPage":{"@id":"https:\/\/www.asajacyl.com\/leon\/asaja-leon-informa\/asaja-insta-a-la-junta-a-que-publique-de-inmediato-la-normativa-para-acceder-al-programa-agroambiental#primaryimage"},"image":{"@id":"https:\/\/www.asajacyl.com\/leon\/asaja-leon-informa\/asaja-insta-a-la-junta-a-que-publique-de-inmediato-la-normativa-para-acceder-al-programa-agroambiental#primaryimage"},"thumbnailUrl":"https:\/\/www.asajacyl.com\/leon\/wp-content\/uploads\/sites\/6\/2017\/11\/im_predefinida_1920x1080.jpg","datePublished":"2004-05-03T22:00:00+00:00","author":{"@id":"https:\/\/www.asajacyl.com\/leon\/#\/schema\/person\/7e884476cee132331142e8ac9689f20c"},"description":"La OPA teme que la Administraci&#243;n pretenda que caiga en el olvido esta l&#237;nea, con el objetivo de ahorrar presupuesto","breadcrumb":{"@id":"https:\/\/www.asajacyl.com\/leon\/asaja-leon-informa\/asaja-insta-a-la-junta-a-que-publique-de-inmediato-la-normativa-para-acceder-al-programa-agroambiental#breadcrumb"},"inLanguage":"es","potentialAction":[{"@type":"ReadAction","target":["https:\/\/www.asajacyl.com\/leon\/asaja-leon-informa\/asaja-insta-a-la-junta-a-que-publique-de-inmediato-la-normativa-para-acceder-al-programa-agroambiental"]}]},{"@type":"ImageObject","inLanguage":"es","@id":"https:\/\/www.asajacyl.com\/leon\/asaja-leon-informa\/asaja-insta-a-la-junta-a-que-publique-de-inmediato-la-normativa-para-acceder-al-programa-agroambiental#primaryimage","url":"https:\/\/www.asajacyl.com\/leon\/wp-content\/uploads\/sites\/6\/2017\/11\/im_predefinida_1920x1080.jpg","contentUrl":"https:\/\/www.asajacyl.com\/leon\/wp-content\/uploads\/sites\/6\/2017\/11\/im_predefinida_1920x1080.jpg","width":1920,"height":1080,"caption":"Logotipo ASAJA Le\u00f3n"},{"@type":"BreadcrumbList","@id":"https:\/\/www.asajacyl.com\/leon\/asaja-leon-informa\/asaja-insta-a-la-junta-a-que-publique-de-inmediato-la-normativa-para-acceder-al-programa-agroambiental#breadcrumb","itemListElement":[{"@type":"ListItem","position":1,"name":"Portada","item":"https:\/\/www.asajacyl.com\/leon\/"},{"@type":"ListItem","position":2,"name":"ASAJA INSTA A LA JUNTA A QUE PUBLIQUE DE INMEDIATO LA NORMATIVA PARA ACCEDER AL PROGRAMA AGROAMBIENTAL"}]},{"@type":"WebSite","@id":"https:\/\/www.asajacyl.com\/leon\/#website","url":"https:\/\/www.asajacyl.com\/leon\/","name":"ASAJA Le\u00f3n","description":"Otro sitio m\u00e1s de Provincias ASAJA Castilla y Le\u00f3n","potentialAction":[{"@type":"SearchAction","target":{"@type":"EntryPoint","urlTemplate":"https:\/\/www.asajacyl.com\/leon\/?s={search_term_string}"},"query-input":{"@type":"PropertyValueSpecification","valueRequired":true,"valueName":"search_term_string"}}],"inLanguage":"es"},{"@type":"Person","@id":"https:\/\/www.asajacyl.com\/leon\/#\/schema\/person\/7e884476cee132331142e8ac9689f20c","name":"Editor","image":{"@type":"ImageObject","inLanguage":"es","@id":"https:\/\/www.asajacyl.com\/leon\/#\/schema\/person\/image\/","url":"https:\/\/secure.gravatar.com\/avatar\/a2ef43c165669686cfcfb0e1ffa59869?s=96&d=mm&r=g","contentUrl":"https:\/\/secure.gravatar.com\/avatar\/a2ef43c165669686cfcfb0e1ffa59869?s=96&d=mm&r=g","caption":"Editor"},"url":"https:\/\/www.asajacyl.com\/leon\/author\/oscargg"}]}},"_links":{"self":[{"href":"https:\/\/www.asajacyl.com\/leon\/wp-json\/wp\/v2\/posts\/8022"}],"collection":[{"href":"https:\/\/www.asajacyl.com\/leon\/wp-json\/wp\/v2\/posts"}],"about":[{"href":"https:\/\/www.asajacyl.com\/leon\/wp-json\/wp\/v2\/types\/post"}],"author":[{"embeddable":true,"href":"https:\/\/www.asajacyl.com\/leon\/wp-json\/wp\/v2\/users\/3"}],"replies":[{"embeddable":true,"href":"https:\/\/www.asajacyl.com\/leon\/wp-json\/wp\/v2\/comments?post=8022"}],"version-history":[{"count":0,"href":"https:\/\/www.asajacyl.com\/leon\/wp-json\/wp\/v2\/posts\/8022\/revisions"}],"wp:featuredmedia":[{"embeddable":true,"href":"https:\/\/www.asajacyl.com\/leon\/wp-json\/wp\/v2\/media\/8174"}],"wp:attachment":[{"href":"https:\/\/www.asajacyl.com\/leon\/wp-json\/wp\/v2\/media?parent=8022"}],"wp:term":[{"taxonomy":"category","embeddable":true,"href":"https:\/\/www.asajacyl.com\/leon\/wp-json\/wp\/v2\/categories?post=8022"},{"taxonomy":"post_tag","embeddable":true,"href":"https:\/\/www.asajacyl.com\/leon\/wp-json\/wp\/v2\/tags?post=8022"}],"curies":[{"name":"wp","href":"https:\/\/api.w.org\/{rel}","templated":true}]}}