{"id":8023,"date":"2004-04-30T00:00:00","date_gmt":"2004-04-29T22:00:00","guid":{"rendered":"http:\/\/www.asajacyl.com\/leon\/sin-categoria\/unos-quinientos-ganaderos-se-manifestaron-en-leon-contra-danone"},"modified":"2004-04-30T00:00:00","modified_gmt":"2004-04-29T22:00:00","slug":"unos-quinientos-ganaderos-se-manifestaron-en-leon-contra-danone","status":"publish","type":"post","link":"https:\/\/www.asajacyl.com\/leon\/asaja-leon-informa\/unos-quinientos-ganaderos-se-manifestaron-en-leon-contra-danone","title":{"rendered":"UNOS QUINIENTOS GANADEROS SE MANIFESTARON EN LEON CONTRA DANONE"},"content":{"rendered":"<h2>Convocados por las organizaciones agrarias ASAJA, Coag, Upa y las principales cooperativas de la provincia, medio millar de ganaderos de Le&#243;n se movilizaron hoy viernes para protestar por la bajada de los precios de la leche decidida de forma unilateral por la industria, y particularmente por la empresa Danone.<\/h2>\n<p><font face=\"Arial\"><\/p>\n<p align=\"justify\"><font size=\"2\"><\/font>\n<\/p>\n<p align=\"center\"><font color=\"#00cc00\"><b><font size=\"2\">UNOS QUINIENTOS GANADEROS SE MANIFESTARON EN LEON CONTRA DANONE<\/font><\/b><font size=\"2\"> <\/font><\/font>\n<\/p>\n<p align=\"justify\"><font size=\"2\"><\/font>\n<\/p>\n<p align=\"justify\"><font size=\"2\">Convocados por las organizaciones agrarias ASAJA, Coag, Upa y las principales cooperativas de la provincia, medio millar de ganaderos de Le&#243;n se movilizaron hoy viernes para protestar por la bajada de los precios de la leche decidida de forma unilateral por la industria, y particularmente por la empresa Danone. Los ganaderos, concentrados en el centro comercial Carrefur de la capital, centraron sus cr&#237;ticas en la empresa Danone, que con su pol&#237;tica comercial est&#225; arruinando al sector. Los convocantes pidieron el apoyo de las autoridades agrarias del ministerio de Agricultura y la Junta para regular un sector donde la industria y las grandes superficies imponen sus normas, quedando el ganadero absolutamente desamparado al ser el eslab&#243;n m&#225;s d&#233;bil de la cadena. Las organizaciones agrarias y cooperativas sostienen que la leche ha de ser un producto de calidad, y para ello se ha de garantizar el origen de la materia prima y pagar a los productores un precio digno. En la provincia de Le&#243;n la leche se pagaba de media a unos 33 c&#233;ntimos de euro hasta el mes de febrero. En las liquidaciones de marzo ya se redujo el precio en 1,5 c&#233;ntimos de euro, con la amenaza de bajar otro c&#233;ntimo y medio en las liquidaciones de abril, con lo que los precios caer&#237;an hasta los niveles ruinosos del pasado a&#241;o. <\/font>\n<\/p>\n<p align=\"justify\"><font size=\"2\"><\/font>\n<\/p>\n<p align=\"justify\"><font size=\"2\">En la provincia de Le&#243;n hay unas 2.200 explotaciones ganaderas que producen unos 260 millones de litros de leche al a&#241;o. El sector ha hecho en los &#250;ltimos a&#241;os un gran esfuerzo econ&#243;mico para modernizar las estructuras, lo que hoy se traduce en un elevado coste de amortizaci&#243;n. Por otra parte, desde el mes de septiembre se han encarecido los productos utilizados en la alimentaci&#243;n en m&#225;s del 50%, lo que ha contribuido tambi&#233;n a acrecentar la crisis actual. <\/font>\n<\/p>\n<p align=\"justify\"><font size=\"2\"><\/font>\n<\/p>\n<p align=\"right\"><font size=\"2\">Le&#243;n, 30 de abril de 2003.<\/font>\n<\/p>\n<p align=\"center\"><font size=\"2\">IM&#193;GENES<\/font>\n<\/p>\n<p align=\"center\"><img loading=\"lazy\" decoding=\"async\" style=\"MARGIN: 0px; WIDTH: 506px; HEIGHT: 391px\" height=\"1167\" alt=\"\" hspace=\"0\" src=\"\/leon\/wp-content\/uploads\/sites\/6\/2017\/11\/mani1.jpg\" width=\"1555\" align=\"baseline\" border=\"0\"\/><\/p>\n<p align=\"right\"><img loading=\"lazy\" decoding=\"async\" style=\"MARGIN: 0px; WIDTH: 520px; HEIGHT: 391px\" height=\"1167\" alt=\"\" hspace=\"0\" src=\"\/leon\/wp-content\/uploads\/sites\/6\/2017\/11\/mani2.jpg\" width=\"1555\" align=\"baseline\" border=\"0\"\/>\n<\/p>\n<p align=\"left\"><img loading=\"lazy\" decoding=\"async\" style=\"MARGIN: 0px; WIDTH: 537px; HEIGHT: 424px\" height=\"1167\" alt=\"\" hspace=\"0\" src=\"\/leon\/wp-content\/uploads\/sites\/6\/2017\/11\/mani3.jpg\" width=\"1553\" align=\"baseline\" border=\"0\"\/>\n<\/p>\n<p align=\"left\">&#160;\n<\/p>\n<p align=\"right\"><img loading=\"lazy\" decoding=\"async\" style=\"MARGIN: 0px; WIDTH: 544px; HEIGHT: 415px\" height=\"1217\" alt=\"\" hspace=\"0\" src=\"\/leon\/wp-content\/uploads\/sites\/6\/2017\/11\/mani4.jpg\" width=\"1621\" align=\"baseline\" border=\"0\"\/>\n<\/p>\n<p align=\"right\">&#160;\n<\/p>\n<p align=\"right\">\n<p><\/font>&#160;<\/p>\n","protected":false},"excerpt":{"rendered":"<p>Convocados por las organizaciones agrarias ASAJA, Coag, Upa y las principales cooperativas de la provincia, medio millar de ganaderos de Le&#243;n se movilizaron hoy viernes para protestar por la bajada de los precios de la leche decidida de forma unilateral por la industria, y particularmente por la empresa Danone.<\/p>\n","protected":false},"author":3,"featured_media":8024,"comment_status":"open","ping_status":"open","sticky":false,"template":"","format":"standard","meta":{"footnotes":""},"categories":[4,9],"tags":[],"yoast_head":"<!-- This site is optimized with the Yoast SEO plugin v24.5 - https:\/\/yoast.com\/wordpress\/plugins\/seo\/ -->\n<title>UNOS QUINIENTOS GANADEROS SE MANIFESTARON EN LEON CONTRA DANONE - ASAJA Le\u00f3n<\/title>\n<meta name=\"description\" content=\"Convocados por las organizaciones agrarias ASAJA, Coag, Upa y las principales cooperativas de la provincia, medio millar de ganaderos de Le&#243;n se movilizaron hoy viernes para protestar por la bajada de los precios de la leche decidida de forma unilateral por la industria, y particularmente por la empresa Danone.\" \/>\n<meta name=\"robots\" content=\"index, follow, max-snippet:-1, max-image-preview:large, max-video-preview:-1\" \/>\n<link rel=\"canonical\" href=\"https:\/\/www.asajacyl.com\/leon\/asaja-leon-informa\/unos-quinientos-ganaderos-se-manifestaron-en-leon-contra-danone\" \/>\n<meta property=\"og:locale\" content=\"es_ES\" \/>\n<meta property=\"og:type\" content=\"article\" \/>\n<meta property=\"og:title\" content=\"UNOS QUINIENTOS GANADEROS SE MANIFESTARON EN LEON CONTRA DANONE - ASAJA Le\u00f3n\" \/>\n<meta property=\"og:description\" content=\"Convocados por las organizaciones agrarias ASAJA, Coag, Upa y las principales cooperativas de la provincia, medio millar de ganaderos de Le&#243;n se movilizaron hoy viernes para protestar por la bajada de los precios de la leche decidida de forma unilateral por la industria, y particularmente por la empresa Danone.\" \/>\n<meta property=\"og:url\" content=\"https:\/\/www.asajacyl.com\/leon\/asaja-leon-informa\/unos-quinientos-ganaderos-se-manifestaron-en-leon-contra-danone\" \/>\n<meta property=\"og:site_name\" content=\"ASAJA Le\u00f3n\" \/>\n<meta property=\"article:published_time\" content=\"2004-04-29T22:00:00+00:00\" \/>\n<meta property=\"og:image\" content=\"https:\/\/www.asajacyl.com\/leon\/wp-content\/uploads\/sites\/6\/2017\/11\/mani1.jpg\" \/>\n\t<meta property=\"og:image:width\" content=\"1556\" \/>\n\t<meta property=\"og:image:height\" content=\"1167\" \/>\n\t<meta property=\"og:image:type\" content=\"image\/jpeg\" \/>\n<meta name=\"author\" content=\"Editor\" \/>\n<meta name=\"twitter:card\" content=\"summary_large_image\" \/>\n<meta name=\"twitter:label1\" content=\"Escrito por\" \/>\n\t<meta name=\"twitter:data1\" content=\"Editor\" \/>\n\t<meta name=\"twitter:label2\" content=\"Tiempo de lectura\" \/>\n\t<meta name=\"twitter:data2\" content=\"2 minutos\" \/>\n<script type=\"application\/ld+json\" class=\"yoast-schema-graph\">{\"@context\":\"https:\/\/schema.org\",\"@graph\":[{\"@type\":\"WebPage\",\"@id\":\"https:\/\/www.asajacyl.com\/leon\/asaja-leon-informa\/unos-quinientos-ganaderos-se-manifestaron-en-leon-contra-danone\",\"url\":\"https:\/\/www.asajacyl.com\/leon\/asaja-leon-informa\/unos-quinientos-ganaderos-se-manifestaron-en-leon-contra-danone\",\"name\":\"UNOS QUINIENTOS GANADEROS SE MANIFESTARON EN LEON CONTRA DANONE - ASAJA Le\u00f3n\",\"isPartOf\":{\"@id\":\"https:\/\/www.asajacyl.com\/leon\/#website\"},\"primaryImageOfPage\":{\"@id\":\"https:\/\/www.asajacyl.com\/leon\/asaja-leon-informa\/unos-quinientos-ganaderos-se-manifestaron-en-leon-contra-danone#primaryimage\"},\"image\":{\"@id\":\"https:\/\/www.asajacyl.com\/leon\/asaja-leon-informa\/unos-quinientos-ganaderos-se-manifestaron-en-leon-contra-danone#primaryimage\"},\"thumbnailUrl\":\"https:\/\/www.asajacyl.com\/leon\/wp-content\/uploads\/sites\/6\/2017\/11\/mani1.jpg\",\"datePublished\":\"2004-04-29T22:00:00+00:00\",\"author\":{\"@id\":\"https:\/\/www.asajacyl.com\/leon\/#\/schema\/person\/7e884476cee132331142e8ac9689f20c\"},\"description\":\"Convocados por las organizaciones agrarias ASAJA, Coag, Upa y las principales cooperativas de la provincia, medio millar de ganaderos de Le&#243;n se movilizaron hoy viernes para protestar por la bajada de los precios de la leche decidida de forma unilateral por la industria, y particularmente por la empresa Danone.\",\"breadcrumb\":{\"@id\":\"https:\/\/www.asajacyl.com\/leon\/asaja-leon-informa\/unos-quinientos-ganaderos-se-manifestaron-en-leon-contra-danone#breadcrumb\"},\"inLanguage\":\"es\",\"potentialAction\":[{\"@type\":\"ReadAction\",\"target\":[\"https:\/\/www.asajacyl.com\/leon\/asaja-leon-informa\/unos-quinientos-ganaderos-se-manifestaron-en-leon-contra-danone\"]}]},{\"@type\":\"ImageObject\",\"inLanguage\":\"es\",\"@id\":\"https:\/\/www.asajacyl.com\/leon\/asaja-leon-informa\/unos-quinientos-ganaderos-se-manifestaron-en-leon-contra-danone#primaryimage\",\"url\":\"https:\/\/www.asajacyl.com\/leon\/wp-content\/uploads\/sites\/6\/2017\/11\/mani1.jpg\",\"contentUrl\":\"https:\/\/www.asajacyl.com\/leon\/wp-content\/uploads\/sites\/6\/2017\/11\/mani1.jpg\",\"width\":1556,\"height\":1167},{\"@type\":\"BreadcrumbList\",\"@id\":\"https:\/\/www.asajacyl.com\/leon\/asaja-leon-informa\/unos-quinientos-ganaderos-se-manifestaron-en-leon-contra-danone#breadcrumb\",\"itemListElement\":[{\"@type\":\"ListItem\",\"position\":1,\"name\":\"Portada\",\"item\":\"https:\/\/www.asajacyl.com\/leon\/\"},{\"@type\":\"ListItem\",\"position\":2,\"name\":\"UNOS QUINIENTOS GANADEROS SE MANIFESTARON EN LEON CONTRA DANONE\"}]},{\"@type\":\"WebSite\",\"@id\":\"https:\/\/www.asajacyl.com\/leon\/#website\",\"url\":\"https:\/\/www.asajacyl.com\/leon\/\",\"name\":\"ASAJA Le\u00f3n\",\"description\":\"Otro sitio m\u00e1s de Provincias ASAJA Castilla y Le\u00f3n\",\"potentialAction\":[{\"@type\":\"SearchAction\",\"target\":{\"@type\":\"EntryPoint\",\"urlTemplate\":\"https:\/\/www.asajacyl.com\/leon\/?s={search_term_string}\"},\"query-input\":{\"@type\":\"PropertyValueSpecification\",\"valueRequired\":true,\"valueName\":\"search_term_string\"}}],\"inLanguage\":\"es\"},{\"@type\":\"Person\",\"@id\":\"https:\/\/www.asajacyl.com\/leon\/#\/schema\/person\/7e884476cee132331142e8ac9689f20c\",\"name\":\"Editor\",\"image\":{\"@type\":\"ImageObject\",\"inLanguage\":\"es\",\"@id\":\"https:\/\/www.asajacyl.com\/leon\/#\/schema\/person\/image\/\",\"url\":\"https:\/\/secure.gravatar.com\/avatar\/a2ef43c165669686cfcfb0e1ffa59869?s=96&d=mm&r=g\",\"contentUrl\":\"https:\/\/secure.gravatar.com\/avatar\/a2ef43c165669686cfcfb0e1ffa59869?s=96&d=mm&r=g\",\"caption\":\"Editor\"},\"url\":\"https:\/\/www.asajacyl.com\/leon\/author\/oscargg\"}]}<\/script>\n<!-- \/ Yoast SEO plugin. -->","yoast_head_json":{"title":"UNOS QUINIENTOS GANADEROS SE MANIFESTARON EN LEON CONTRA DANONE - ASAJA Le\u00f3n","description":"Convocados por las organizaciones agrarias ASAJA, Coag, Upa y las principales cooperativas de la provincia, medio millar de ganaderos de Le&#243;n se movilizaron hoy viernes para protestar por la bajada de los precios de la leche decidida de forma unilateral por la industria, y particularmente por la empresa Danone.","robots":{"index":"index","follow":"follow","max-snippet":"max-snippet:-1","max-image-preview":"max-image-preview:large","max-video-preview":"max-video-preview:-1"},"canonical":"https:\/\/www.asajacyl.com\/leon\/asaja-leon-informa\/unos-quinientos-ganaderos-se-manifestaron-en-leon-contra-danone","og_locale":"es_ES","og_type":"article","og_title":"UNOS QUINIENTOS GANADEROS SE MANIFESTARON EN LEON CONTRA DANONE - ASAJA Le\u00f3n","og_description":"Convocados por las organizaciones agrarias ASAJA, Coag, Upa y las principales cooperativas de la provincia, medio millar de ganaderos de Le&#243;n se movilizaron hoy viernes para protestar por la bajada de los precios de la leche decidida de forma unilateral por la industria, y particularmente por la empresa Danone.","og_url":"https:\/\/www.asajacyl.com\/leon\/asaja-leon-informa\/unos-quinientos-ganaderos-se-manifestaron-en-leon-contra-danone","og_site_name":"ASAJA Le\u00f3n","article_published_time":"2004-04-29T22:00:00+00:00","og_image":[{"width":1556,"height":1167,"url":"https:\/\/www.asajacyl.com\/leon\/wp-content\/uploads\/sites\/6\/2017\/11\/mani1.jpg","type":"image\/jpeg"}],"author":"Editor","twitter_card":"summary_large_image","twitter_misc":{"Escrito por":"Editor","Tiempo de lectura":"2 minutos"},"schema":{"@context":"https:\/\/schema.org","@graph":[{"@type":"WebPage","@id":"https:\/\/www.asajacyl.com\/leon\/asaja-leon-informa\/unos-quinientos-ganaderos-se-manifestaron-en-leon-contra-danone","url":"https:\/\/www.asajacyl.com\/leon\/asaja-leon-informa\/unos-quinientos-ganaderos-se-manifestaron-en-leon-contra-danone","name":"UNOS QUINIENTOS GANADEROS SE MANIFESTARON EN LEON CONTRA DANONE - ASAJA Le\u00f3n","isPartOf":{"@id":"https:\/\/www.asajacyl.com\/leon\/#website"},"primaryImageOfPage":{"@id":"https:\/\/www.asajacyl.com\/leon\/asaja-leon-informa\/unos-quinientos-ganaderos-se-manifestaron-en-leon-contra-danone#primaryimage"},"image":{"@id":"https:\/\/www.asajacyl.com\/leon\/asaja-leon-informa\/unos-quinientos-ganaderos-se-manifestaron-en-leon-contra-danone#primaryimage"},"thumbnailUrl":"https:\/\/www.asajacyl.com\/leon\/wp-content\/uploads\/sites\/6\/2017\/11\/mani1.jpg","datePublished":"2004-04-29T22:00:00+00:00","author":{"@id":"https:\/\/www.asajacyl.com\/leon\/#\/schema\/person\/7e884476cee132331142e8ac9689f20c"},"description":"Convocados por las organizaciones agrarias ASAJA, Coag, Upa y las principales cooperativas de la provincia, medio millar de ganaderos de Le&#243;n se movilizaron hoy viernes para protestar por la bajada de los precios de la leche decidida de forma unilateral por la industria, y particularmente por la empresa Danone.","breadcrumb":{"@id":"https:\/\/www.asajacyl.com\/leon\/asaja-leon-informa\/unos-quinientos-ganaderos-se-manifestaron-en-leon-contra-danone#breadcrumb"},"inLanguage":"es","potentialAction":[{"@type":"ReadAction","target":["https:\/\/www.asajacyl.com\/leon\/asaja-leon-informa\/unos-quinientos-ganaderos-se-manifestaron-en-leon-contra-danone"]}]},{"@type":"ImageObject","inLanguage":"es","@id":"https:\/\/www.asajacyl.com\/leon\/asaja-leon-informa\/unos-quinientos-ganaderos-se-manifestaron-en-leon-contra-danone#primaryimage","url":"https:\/\/www.asajacyl.com\/leon\/wp-content\/uploads\/sites\/6\/2017\/11\/mani1.jpg","contentUrl":"https:\/\/www.asajacyl.com\/leon\/wp-content\/uploads\/sites\/6\/2017\/11\/mani1.jpg","width":1556,"height":1167},{"@type":"BreadcrumbList","@id":"https:\/\/www.asajacyl.com\/leon\/asaja-leon-informa\/unos-quinientos-ganaderos-se-manifestaron-en-leon-contra-danone#breadcrumb","itemListElement":[{"@type":"ListItem","position":1,"name":"Portada","item":"https:\/\/www.asajacyl.com\/leon\/"},{"@type":"ListItem","position":2,"name":"UNOS QUINIENTOS GANADEROS SE MANIFESTARON EN LEON CONTRA DANONE"}]},{"@type":"WebSite","@id":"https:\/\/www.asajacyl.com\/leon\/#website","url":"https:\/\/www.asajacyl.com\/leon\/","name":"ASAJA Le\u00f3n","description":"Otro sitio m\u00e1s de Provincias ASAJA Castilla y Le\u00f3n","potentialAction":[{"@type":"SearchAction","target":{"@type":"EntryPoint","urlTemplate":"https:\/\/www.asajacyl.com\/leon\/?s={search_term_string}"},"query-input":{"@type":"PropertyValueSpecification","valueRequired":true,"valueName":"search_term_string"}}],"inLanguage":"es"},{"@type":"Person","@id":"https:\/\/www.asajacyl.com\/leon\/#\/schema\/person\/7e884476cee132331142e8ac9689f20c","name":"Editor","image":{"@type":"ImageObject","inLanguage":"es","@id":"https:\/\/www.asajacyl.com\/leon\/#\/schema\/person\/image\/","url":"https:\/\/secure.gravatar.com\/avatar\/a2ef43c165669686cfcfb0e1ffa59869?s=96&d=mm&r=g","contentUrl":"https:\/\/secure.gravatar.com\/avatar\/a2ef43c165669686cfcfb0e1ffa59869?s=96&d=mm&r=g","caption":"Editor"},"url":"https:\/\/www.asajacyl.com\/leon\/author\/oscargg"}]}},"_links":{"self":[{"href":"https:\/\/www.asajacyl.com\/leon\/wp-json\/wp\/v2\/posts\/8023"}],"collection":[{"href":"https:\/\/www.asajacyl.com\/leon\/wp-json\/wp\/v2\/posts"}],"about":[{"href":"https:\/\/www.asajacyl.com\/leon\/wp-json\/wp\/v2\/types\/post"}],"author":[{"embeddable":true,"href":"https:\/\/www.asajacyl.com\/leon\/wp-json\/wp\/v2\/users\/3"}],"replies":[{"embeddable":true,"href":"https:\/\/www.asajacyl.com\/leon\/wp-json\/wp\/v2\/comments?post=8023"}],"version-history":[{"count":0,"href":"https:\/\/www.asajacyl.com\/leon\/wp-json\/wp\/v2\/posts\/8023\/revisions"}],"wp:featuredmedia":[{"embeddable":true,"href":"https:\/\/www.asajacyl.com\/leon\/wp-json\/wp\/v2\/media\/8024"}],"wp:attachment":[{"href":"https:\/\/www.asajacyl.com\/leon\/wp-json\/wp\/v2\/media?parent=8023"}],"wp:term":[{"taxonomy":"category","embeddable":true,"href":"https:\/\/www.asajacyl.com\/leon\/wp-json\/wp\/v2\/categories?post=8023"},{"taxonomy":"post_tag","embeddable":true,"href":"https:\/\/www.asajacyl.com\/leon\/wp-json\/wp\/v2\/tags?post=8023"}],"curies":[{"name":"wp","href":"https:\/\/api.w.org\/{rel}","templated":true}]}}