{"id":8029,"date":"2004-04-22T00:00:00","date_gmt":"2004-04-21T22:00:00","guid":{"rendered":"http:\/\/www.asajacyl.com\/leon\/sin-categoria\/el-subdelegado-del-gobierno-en-zamora-abre-expediente-sancionador-al-secretario-general-de-asaja-de-castilla-y-leon"},"modified":"2004-04-22T00:00:00","modified_gmt":"2004-04-21T22:00:00","slug":"el-subdelegado-del-gobierno-en-zamora-abre-expediente-sancionador-al-secretario-general-de-asaja-de-castilla-y-leon","status":"publish","type":"post","link":"https:\/\/www.asajacyl.com\/leon\/asaja-leon-informa\/el-subdelegado-del-gobierno-en-zamora-abre-expediente-sancionador-al-secretario-general-de-asaja-de-castilla-y-leon","title":{"rendered":"EL SUBDELEGADO DEL GOBIERNO EN ZAMORA ABRE EXPEDIENTE SANCIONADOR AL SECRETARIO GENERAL DE ASAJA DE CASTILLA Y LEON."},"content":{"rendered":"<h2>El todav&#237;a Subdelegado del Gobierno en Zamora, Oscar Reguera, ha firmado con fecha de 13 de abril, un acuerdo de iniciaci&#243;n de expediente sancionador contra el secretario general de ASAJA de Castilla y Le&#243;n, Jos&#233; Antonio Turrado, que &#233;ste ha recibido el d&#237;a de ayer en su domicilio.<\/h2>\n<p align=\"right\"><font size=\"2\"><\/font><b><\/p>\n<p align=\"center\"><font color=\"#009900\" size=\"2\">EL SUBDELEGADO DEL GOBIERNO EN ZAMORA ABRE EXPEDIENTE SANCIONADOR AL SECRETARIO GENERAL DE ASAJA DE CASTILLA Y LEON<\/font><\/p>\n<p><\/b><font size=\"2\"><font color=\"#009900\">.<\/font> <\/font>\n<\/p>\n<p align=\"justify\"><font size=\"2\">El todav&#237;a Subdelegado del Gobierno en Zamora, Oscar Reguera, ha firmado con fecha de 13 de abril, un acuerdo de iniciaci&#243;n de expediente sancionador contra el secretario general de ASAJA de Castilla y Le&#243;n, Jos&#233; Antonio Turrado, que &#233;ste ha recibido el d&#237;a de ayer en su domicilio. El motivo es considerarlo responsable como promotor de \u00abcomunicados y consignas\u00bb en una concentraci&#243;n celebrada sin comunicarse a la Subdelegaci&#243;n del Gobierno el 29 de noviembre de 2003 en Matilla de Ard&#243;n, coincidiendo con la inauguraci&#243;n de la autov&#237;a Le&#243;n Benavente por el entonces ministro &#193;lvarez Cascos. <\/font>\n<\/p>\n<p align=\"justify\"><font size=\"2\"><\/font>\n<\/p>\n<p align=\"justify\"><font size=\"2\">Como se recordar&#225;, la concentraci&#243;n de agricultores fue promovida por la Comunidad de Regantes del P&#225;ramo Bajo y cont&#243; con el apoyo de ASAJA y de otras organizaciones agrarias. La concentraci&#243;n se celebr&#243; en el campo, ya que los agricultores no pudieron acceder a la autov&#237;a donde se desarrollaban los actos y, en la cual, no hubo incidente alguno. &#201;sta ten&#237;a como finalidad protestar por las elevadas tarifas de riego que se le pretende imponer a los regantes. <\/font>\n<\/p>\n<p align=\"justify\"><font size=\"2\">ASAJA entiende que el acuerdo firmado por Oscar Reguera cuando representaba al Gobierno en funciones , es el &#250;ltimo servicio que ha prestado este pol&#237;tico al Partido Popular , y que pone de manifiesto su escasa sensibilidad para con un sector, el agrario, al cual va a tener que servir ahora como funcionario p&#250;blico una vez le cesen en el cargo (es funcionario de la Consejer&#237;a de Agricultura y Ganader&#237;a). <\/font>\n<\/p>\n<p align=\"justify\"><font size=\"2\"><\/font>\n<\/p>\n<p align=\"justify\"><font size=\"2\">Para Jos&#233; Antonio Turrado, la actitud de Oscar Reguera, que recuerda los modos y maneras de los gobernadores franquistas, s&#243;lo merece el m&#225;s absoluto desprecio. Asimismo, solicitar&#225; al nuevo Delegado del Gobierno en Castilla y Le&#243;n que el expediente sea archivado de inmediato. <\/font>\n<\/p>\n<p align=\"justify\"><font size=\"2\"><\/font>\n<\/p>\n<p align=\"right\"><font size=\"2\">Le&#243;n a 22 de Abril de 2004<\/font><\/p>\n","protected":false},"excerpt":{"rendered":"<p>El todav&#237;a Subdelegado del Gobierno en Zamora, Oscar Reguera, ha firmado con fecha de 13 de abril, un acuerdo de iniciaci&#243;n de expediente sancionador contra el secretario general de ASAJA de Castilla y Le&#243;n, Jos&#233; Antonio Turrado, que &#233;ste ha recibido el d&#237;a de ayer en su domicilio.<\/p>\n","protected":false},"author":3,"featured_media":8174,"comment_status":"open","ping_status":"open","sticky":false,"template":"","format":"standard","meta":{"footnotes":""},"categories":[4,9],"tags":[],"yoast_head":"<!-- This site is optimized with the Yoast SEO plugin v24.5 - https:\/\/yoast.com\/wordpress\/plugins\/seo\/ -->\n<title>EL SUBDELEGADO DEL GOBIERNO EN ZAMORA ABRE EXPEDIENTE SANCIONADOR AL SECRETARIO GENERAL DE ASAJA DE CASTILLA Y LEON. - ASAJA Le\u00f3n<\/title>\n<meta name=\"description\" content=\"El todav&#237;a Subdelegado del Gobierno en Zamora, Oscar Reguera, ha firmado con fecha de 13 de abril, un acuerdo de iniciaci&#243;n de expediente sancionador contra el secretario general de ASAJA de Castilla y Le&#243;n, Jos&#233; Antonio Turrado, que &#233;ste ha recibido el d&#237;a de ayer en su domicilio.\" \/>\n<meta name=\"robots\" content=\"index, follow, max-snippet:-1, max-image-preview:large, max-video-preview:-1\" \/>\n<link rel=\"canonical\" href=\"https:\/\/www.asajacyl.com\/leon\/asaja-leon-informa\/el-subdelegado-del-gobierno-en-zamora-abre-expediente-sancionador-al-secretario-general-de-asaja-de-castilla-y-leon\" \/>\n<meta property=\"og:locale\" content=\"es_ES\" \/>\n<meta property=\"og:type\" content=\"article\" \/>\n<meta property=\"og:title\" content=\"EL SUBDELEGADO DEL GOBIERNO EN ZAMORA ABRE EXPEDIENTE SANCIONADOR AL SECRETARIO GENERAL DE ASAJA DE CASTILLA Y LEON. - ASAJA Le\u00f3n\" \/>\n<meta property=\"og:description\" content=\"El todav&#237;a Subdelegado del Gobierno en Zamora, Oscar Reguera, ha firmado con fecha de 13 de abril, un acuerdo de iniciaci&#243;n de expediente sancionador contra el secretario general de ASAJA de Castilla y Le&#243;n, Jos&#233; Antonio Turrado, que &#233;ste ha recibido el d&#237;a de ayer en su domicilio.\" \/>\n<meta property=\"og:url\" content=\"https:\/\/www.asajacyl.com\/leon\/asaja-leon-informa\/el-subdelegado-del-gobierno-en-zamora-abre-expediente-sancionador-al-secretario-general-de-asaja-de-castilla-y-leon\" \/>\n<meta property=\"og:site_name\" content=\"ASAJA Le\u00f3n\" \/>\n<meta property=\"article:published_time\" content=\"2004-04-21T22:00:00+00:00\" \/>\n<meta property=\"og:image\" content=\"https:\/\/www.asajacyl.com\/leon\/wp-content\/uploads\/sites\/6\/2017\/11\/im_predefinida_1920x1080.jpg\" \/>\n\t<meta property=\"og:image:width\" content=\"1920\" \/>\n\t<meta property=\"og:image:height\" content=\"1080\" \/>\n\t<meta property=\"og:image:type\" content=\"image\/jpeg\" \/>\n<meta name=\"author\" content=\"Editor\" \/>\n<meta name=\"twitter:card\" content=\"summary_large_image\" \/>\n<meta name=\"twitter:label1\" content=\"Escrito por\" \/>\n\t<meta name=\"twitter:data1\" content=\"Editor\" \/>\n\t<meta name=\"twitter:label2\" content=\"Tiempo de lectura\" \/>\n\t<meta name=\"twitter:data2\" content=\"2 minutos\" \/>\n<script type=\"application\/ld+json\" class=\"yoast-schema-graph\">{\"@context\":\"https:\/\/schema.org\",\"@graph\":[{\"@type\":\"WebPage\",\"@id\":\"https:\/\/www.asajacyl.com\/leon\/asaja-leon-informa\/el-subdelegado-del-gobierno-en-zamora-abre-expediente-sancionador-al-secretario-general-de-asaja-de-castilla-y-leon\",\"url\":\"https:\/\/www.asajacyl.com\/leon\/asaja-leon-informa\/el-subdelegado-del-gobierno-en-zamora-abre-expediente-sancionador-al-secretario-general-de-asaja-de-castilla-y-leon\",\"name\":\"EL SUBDELEGADO DEL GOBIERNO EN ZAMORA ABRE EXPEDIENTE SANCIONADOR AL SECRETARIO GENERAL DE ASAJA DE CASTILLA Y LEON. - ASAJA Le\u00f3n\",\"isPartOf\":{\"@id\":\"https:\/\/www.asajacyl.com\/leon\/#website\"},\"primaryImageOfPage\":{\"@id\":\"https:\/\/www.asajacyl.com\/leon\/asaja-leon-informa\/el-subdelegado-del-gobierno-en-zamora-abre-expediente-sancionador-al-secretario-general-de-asaja-de-castilla-y-leon#primaryimage\"},\"image\":{\"@id\":\"https:\/\/www.asajacyl.com\/leon\/asaja-leon-informa\/el-subdelegado-del-gobierno-en-zamora-abre-expediente-sancionador-al-secretario-general-de-asaja-de-castilla-y-leon#primaryimage\"},\"thumbnailUrl\":\"https:\/\/www.asajacyl.com\/leon\/wp-content\/uploads\/sites\/6\/2017\/11\/im_predefinida_1920x1080.jpg\",\"datePublished\":\"2004-04-21T22:00:00+00:00\",\"author\":{\"@id\":\"https:\/\/www.asajacyl.com\/leon\/#\/schema\/person\/7e884476cee132331142e8ac9689f20c\"},\"description\":\"El todav&#237;a Subdelegado del Gobierno en Zamora, Oscar Reguera, ha firmado con fecha de 13 de abril, un acuerdo de iniciaci&#243;n de expediente sancionador contra el secretario general de ASAJA de Castilla y Le&#243;n, Jos&#233; Antonio Turrado, que &#233;ste ha recibido el d&#237;a de ayer en su domicilio.\",\"breadcrumb\":{\"@id\":\"https:\/\/www.asajacyl.com\/leon\/asaja-leon-informa\/el-subdelegado-del-gobierno-en-zamora-abre-expediente-sancionador-al-secretario-general-de-asaja-de-castilla-y-leon#breadcrumb\"},\"inLanguage\":\"es\",\"potentialAction\":[{\"@type\":\"ReadAction\",\"target\":[\"https:\/\/www.asajacyl.com\/leon\/asaja-leon-informa\/el-subdelegado-del-gobierno-en-zamora-abre-expediente-sancionador-al-secretario-general-de-asaja-de-castilla-y-leon\"]}]},{\"@type\":\"ImageObject\",\"inLanguage\":\"es\",\"@id\":\"https:\/\/www.asajacyl.com\/leon\/asaja-leon-informa\/el-subdelegado-del-gobierno-en-zamora-abre-expediente-sancionador-al-secretario-general-de-asaja-de-castilla-y-leon#primaryimage\",\"url\":\"https:\/\/www.asajacyl.com\/leon\/wp-content\/uploads\/sites\/6\/2017\/11\/im_predefinida_1920x1080.jpg\",\"contentUrl\":\"https:\/\/www.asajacyl.com\/leon\/wp-content\/uploads\/sites\/6\/2017\/11\/im_predefinida_1920x1080.jpg\",\"width\":1920,\"height\":1080,\"caption\":\"Logotipo ASAJA Le\u00f3n\"},{\"@type\":\"BreadcrumbList\",\"@id\":\"https:\/\/www.asajacyl.com\/leon\/asaja-leon-informa\/el-subdelegado-del-gobierno-en-zamora-abre-expediente-sancionador-al-secretario-general-de-asaja-de-castilla-y-leon#breadcrumb\",\"itemListElement\":[{\"@type\":\"ListItem\",\"position\":1,\"name\":\"Portada\",\"item\":\"https:\/\/www.asajacyl.com\/leon\/\"},{\"@type\":\"ListItem\",\"position\":2,\"name\":\"EL SUBDELEGADO DEL GOBIERNO EN ZAMORA ABRE EXPEDIENTE SANCIONADOR AL SECRETARIO GENERAL DE ASAJA DE CASTILLA Y LEON.\"}]},{\"@type\":\"WebSite\",\"@id\":\"https:\/\/www.asajacyl.com\/leon\/#website\",\"url\":\"https:\/\/www.asajacyl.com\/leon\/\",\"name\":\"ASAJA Le\u00f3n\",\"description\":\"Otro sitio m\u00e1s de Provincias ASAJA Castilla y Le\u00f3n\",\"potentialAction\":[{\"@type\":\"SearchAction\",\"target\":{\"@type\":\"EntryPoint\",\"urlTemplate\":\"https:\/\/www.asajacyl.com\/leon\/?s={search_term_string}\"},\"query-input\":{\"@type\":\"PropertyValueSpecification\",\"valueRequired\":true,\"valueName\":\"search_term_string\"}}],\"inLanguage\":\"es\"},{\"@type\":\"Person\",\"@id\":\"https:\/\/www.asajacyl.com\/leon\/#\/schema\/person\/7e884476cee132331142e8ac9689f20c\",\"name\":\"Editor\",\"image\":{\"@type\":\"ImageObject\",\"inLanguage\":\"es\",\"@id\":\"https:\/\/www.asajacyl.com\/leon\/#\/schema\/person\/image\/\",\"url\":\"https:\/\/secure.gravatar.com\/avatar\/a2ef43c165669686cfcfb0e1ffa59869?s=96&d=mm&r=g\",\"contentUrl\":\"https:\/\/secure.gravatar.com\/avatar\/a2ef43c165669686cfcfb0e1ffa59869?s=96&d=mm&r=g\",\"caption\":\"Editor\"},\"url\":\"https:\/\/www.asajacyl.com\/leon\/author\/oscargg\"}]}<\/script>\n<!-- \/ Yoast SEO plugin. -->","yoast_head_json":{"title":"EL SUBDELEGADO DEL GOBIERNO EN ZAMORA ABRE EXPEDIENTE SANCIONADOR AL SECRETARIO GENERAL DE ASAJA DE CASTILLA Y LEON. - ASAJA Le\u00f3n","description":"El todav&#237;a Subdelegado del Gobierno en Zamora, Oscar Reguera, ha firmado con fecha de 13 de abril, un acuerdo de iniciaci&#243;n de expediente sancionador contra el secretario general de ASAJA de Castilla y Le&#243;n, Jos&#233; Antonio Turrado, que &#233;ste ha recibido el d&#237;a de ayer en su domicilio.","robots":{"index":"index","follow":"follow","max-snippet":"max-snippet:-1","max-image-preview":"max-image-preview:large","max-video-preview":"max-video-preview:-1"},"canonical":"https:\/\/www.asajacyl.com\/leon\/asaja-leon-informa\/el-subdelegado-del-gobierno-en-zamora-abre-expediente-sancionador-al-secretario-general-de-asaja-de-castilla-y-leon","og_locale":"es_ES","og_type":"article","og_title":"EL SUBDELEGADO DEL GOBIERNO EN ZAMORA ABRE EXPEDIENTE SANCIONADOR AL SECRETARIO GENERAL DE ASAJA DE CASTILLA Y LEON. - ASAJA Le\u00f3n","og_description":"El todav&#237;a Subdelegado del Gobierno en Zamora, Oscar Reguera, ha firmado con fecha de 13 de abril, un acuerdo de iniciaci&#243;n de expediente sancionador contra el secretario general de ASAJA de Castilla y Le&#243;n, Jos&#233; Antonio Turrado, que &#233;ste ha recibido el d&#237;a de ayer en su domicilio.","og_url":"https:\/\/www.asajacyl.com\/leon\/asaja-leon-informa\/el-subdelegado-del-gobierno-en-zamora-abre-expediente-sancionador-al-secretario-general-de-asaja-de-castilla-y-leon","og_site_name":"ASAJA Le\u00f3n","article_published_time":"2004-04-21T22:00:00+00:00","og_image":[{"width":1920,"height":1080,"url":"https:\/\/www.asajacyl.com\/leon\/wp-content\/uploads\/sites\/6\/2017\/11\/im_predefinida_1920x1080.jpg","type":"image\/jpeg"}],"author":"Editor","twitter_card":"summary_large_image","twitter_misc":{"Escrito por":"Editor","Tiempo de lectura":"2 minutos"},"schema":{"@context":"https:\/\/schema.org","@graph":[{"@type":"WebPage","@id":"https:\/\/www.asajacyl.com\/leon\/asaja-leon-informa\/el-subdelegado-del-gobierno-en-zamora-abre-expediente-sancionador-al-secretario-general-de-asaja-de-castilla-y-leon","url":"https:\/\/www.asajacyl.com\/leon\/asaja-leon-informa\/el-subdelegado-del-gobierno-en-zamora-abre-expediente-sancionador-al-secretario-general-de-asaja-de-castilla-y-leon","name":"EL SUBDELEGADO DEL GOBIERNO EN ZAMORA ABRE EXPEDIENTE SANCIONADOR AL SECRETARIO GENERAL DE ASAJA DE CASTILLA Y LEON. - ASAJA Le\u00f3n","isPartOf":{"@id":"https:\/\/www.asajacyl.com\/leon\/#website"},"primaryImageOfPage":{"@id":"https:\/\/www.asajacyl.com\/leon\/asaja-leon-informa\/el-subdelegado-del-gobierno-en-zamora-abre-expediente-sancionador-al-secretario-general-de-asaja-de-castilla-y-leon#primaryimage"},"image":{"@id":"https:\/\/www.asajacyl.com\/leon\/asaja-leon-informa\/el-subdelegado-del-gobierno-en-zamora-abre-expediente-sancionador-al-secretario-general-de-asaja-de-castilla-y-leon#primaryimage"},"thumbnailUrl":"https:\/\/www.asajacyl.com\/leon\/wp-content\/uploads\/sites\/6\/2017\/11\/im_predefinida_1920x1080.jpg","datePublished":"2004-04-21T22:00:00+00:00","author":{"@id":"https:\/\/www.asajacyl.com\/leon\/#\/schema\/person\/7e884476cee132331142e8ac9689f20c"},"description":"El todav&#237;a Subdelegado del Gobierno en Zamora, Oscar Reguera, ha firmado con fecha de 13 de abril, un acuerdo de iniciaci&#243;n de expediente sancionador contra el secretario general de ASAJA de Castilla y Le&#243;n, Jos&#233; Antonio Turrado, que &#233;ste ha recibido el d&#237;a de ayer en su domicilio.","breadcrumb":{"@id":"https:\/\/www.asajacyl.com\/leon\/asaja-leon-informa\/el-subdelegado-del-gobierno-en-zamora-abre-expediente-sancionador-al-secretario-general-de-asaja-de-castilla-y-leon#breadcrumb"},"inLanguage":"es","potentialAction":[{"@type":"ReadAction","target":["https:\/\/www.asajacyl.com\/leon\/asaja-leon-informa\/el-subdelegado-del-gobierno-en-zamora-abre-expediente-sancionador-al-secretario-general-de-asaja-de-castilla-y-leon"]}]},{"@type":"ImageObject","inLanguage":"es","@id":"https:\/\/www.asajacyl.com\/leon\/asaja-leon-informa\/el-subdelegado-del-gobierno-en-zamora-abre-expediente-sancionador-al-secretario-general-de-asaja-de-castilla-y-leon#primaryimage","url":"https:\/\/www.asajacyl.com\/leon\/wp-content\/uploads\/sites\/6\/2017\/11\/im_predefinida_1920x1080.jpg","contentUrl":"https:\/\/www.asajacyl.com\/leon\/wp-content\/uploads\/sites\/6\/2017\/11\/im_predefinida_1920x1080.jpg","width":1920,"height":1080,"caption":"Logotipo ASAJA Le\u00f3n"},{"@type":"BreadcrumbList","@id":"https:\/\/www.asajacyl.com\/leon\/asaja-leon-informa\/el-subdelegado-del-gobierno-en-zamora-abre-expediente-sancionador-al-secretario-general-de-asaja-de-castilla-y-leon#breadcrumb","itemListElement":[{"@type":"ListItem","position":1,"name":"Portada","item":"https:\/\/www.asajacyl.com\/leon\/"},{"@type":"ListItem","position":2,"name":"EL SUBDELEGADO DEL GOBIERNO EN ZAMORA ABRE EXPEDIENTE SANCIONADOR AL SECRETARIO GENERAL DE ASAJA DE CASTILLA Y LEON."}]},{"@type":"WebSite","@id":"https:\/\/www.asajacyl.com\/leon\/#website","url":"https:\/\/www.asajacyl.com\/leon\/","name":"ASAJA Le\u00f3n","description":"Otro sitio m\u00e1s de Provincias ASAJA Castilla y Le\u00f3n","potentialAction":[{"@type":"SearchAction","target":{"@type":"EntryPoint","urlTemplate":"https:\/\/www.asajacyl.com\/leon\/?s={search_term_string}"},"query-input":{"@type":"PropertyValueSpecification","valueRequired":true,"valueName":"search_term_string"}}],"inLanguage":"es"},{"@type":"Person","@id":"https:\/\/www.asajacyl.com\/leon\/#\/schema\/person\/7e884476cee132331142e8ac9689f20c","name":"Editor","image":{"@type":"ImageObject","inLanguage":"es","@id":"https:\/\/www.asajacyl.com\/leon\/#\/schema\/person\/image\/","url":"https:\/\/secure.gravatar.com\/avatar\/a2ef43c165669686cfcfb0e1ffa59869?s=96&d=mm&r=g","contentUrl":"https:\/\/secure.gravatar.com\/avatar\/a2ef43c165669686cfcfb0e1ffa59869?s=96&d=mm&r=g","caption":"Editor"},"url":"https:\/\/www.asajacyl.com\/leon\/author\/oscargg"}]}},"_links":{"self":[{"href":"https:\/\/www.asajacyl.com\/leon\/wp-json\/wp\/v2\/posts\/8029"}],"collection":[{"href":"https:\/\/www.asajacyl.com\/leon\/wp-json\/wp\/v2\/posts"}],"about":[{"href":"https:\/\/www.asajacyl.com\/leon\/wp-json\/wp\/v2\/types\/post"}],"author":[{"embeddable":true,"href":"https:\/\/www.asajacyl.com\/leon\/wp-json\/wp\/v2\/users\/3"}],"replies":[{"embeddable":true,"href":"https:\/\/www.asajacyl.com\/leon\/wp-json\/wp\/v2\/comments?post=8029"}],"version-history":[{"count":0,"href":"https:\/\/www.asajacyl.com\/leon\/wp-json\/wp\/v2\/posts\/8029\/revisions"}],"wp:featuredmedia":[{"embeddable":true,"href":"https:\/\/www.asajacyl.com\/leon\/wp-json\/wp\/v2\/media\/8174"}],"wp:attachment":[{"href":"https:\/\/www.asajacyl.com\/leon\/wp-json\/wp\/v2\/media?parent=8029"}],"wp:term":[{"taxonomy":"category","embeddable":true,"href":"https:\/\/www.asajacyl.com\/leon\/wp-json\/wp\/v2\/categories?post=8029"},{"taxonomy":"post_tag","embeddable":true,"href":"https:\/\/www.asajacyl.com\/leon\/wp-json\/wp\/v2\/tags?post=8029"}],"curies":[{"name":"wp","href":"https:\/\/api.w.org\/{rel}","templated":true}]}}