{"id":8031,"date":"2004-04-21T00:00:00","date_gmt":"2004-04-20T22:00:00","guid":{"rendered":"http:\/\/www.asajacyl.com\/leon\/sin-categoria\/las-prioridades-del-sector-agrario-no-coinciden-con-las-de-la-nueva-ministra"},"modified":"2004-04-21T00:00:00","modified_gmt":"2004-04-20T22:00:00","slug":"las-prioridades-del-sector-agrario-no-coinciden-con-las-de-la-nueva-ministra","status":"publish","type":"post","link":"https:\/\/www.asajacyl.com\/leon\/asaja-leon-informa\/las-prioridades-del-sector-agrario-no-coinciden-con-las-de-la-nueva-ministra","title":{"rendered":"LAS PRIORIDADES DEL SECTOR AGRARIO NO COINCIDEN CON LAS DE LA NUEVA MINISTRA"},"content":{"rendered":"<h2>Estupefacci&#243;n en el sector tras escuchar las primeras declaraciones de la nueva ministra de Agricultura, Pesca y Alimentaci&#243;n, Elena Espinosa, en las que marca las prioridades que marcar&#225;n el trabajo de su equipo.<\/h2>\n<p align=\"center\"><font color=\"#009900\" size=\"2\">&#160;&#160;<\/font><b><font size=\"2\"><font color=\"#009900\">LAS PRIORIDADES DEL SECTOR AGRARIO NO COINCIDEN CON LAS DE LA NUEVA MINISTRA<\/font> <\/font><\/p>\n<p align=\"center\"><font size=\"2\"><\/font>\n<\/p>\n<p align=\"center\"><font color=\"#0066ff\" size=\"2\">ASAJA considera \u00abtrasnochada y vac&#237;a de contenido\u00bb la idea de Elena Espinosa de poner en marcha un banco de tierra<\/font><\/p>\n<p><\/b><font size=\"2\"> <\/font>\n<\/p>\n<p align=\"justify\"><font size=\"2\">Estupefacci&#243;n en el sector tras escuchar las primeras declaraciones de la nueva ministra de Agricultura, Pesca y Alimentaci&#243;n, Elena Espinosa, en las que marca las prioridades que marcar&#225;n el trabajo de su equipo. Reforma de la Ley de Arrendamientos, Seguridad Social Agraria y el anuncio sorprendente de que su departamento pondr&#225; en marcha un \u00abbanco de tierra\u00bb son las pautas marcadas por Espinosa. <\/font>\n<\/p>\n<p align=\"justify\"><font size=\"2\"><\/font>\n<\/p>\n<p align=\"justify\"><font size=\"2\">Respecto al primero de los puntos, la reforma de la nueva Ley de Arrendamientos, nada que objetar por parte de ASAJA de Castilla y Le&#243;n, ya que es bien conocida su oposici&#243;n a una normativa que perjudica al agricultor profesional. Sin embargo, en cuanto a la Seguridad Social, la Organizaci&#243;n Profesional Agraria (OPA) considera que, tras los cambios efectuados el a&#241;o pasado, lo que urge es aprobar una nueva definici&#243;n del agricultor a efectos de la aplicaci&#243;n del r&#233;gimen. <\/font>\n<\/p>\n<p align=\"justify\"><font size=\"2\"><\/font>\n<\/p>\n<p align=\"justify\"><font size=\"2\">Pero la prioridad m&#225;s sorprendente es la intenci&#243;n de Espinosa de crear un banco de tierras, una idea calificada por ASAJA como \u00abtrasnochada, vac&#237;a de contenido y demag&#243;gica, que nos remonta a los tiempos de la Segunda Rep&#250;blica\u00bb. Seg&#250;n la OPA, esta propuesta va en contra de la l&#243;gica del trabajo agr&#237;cola, ya que es evidente que la tierra no es un bien que, como es el caso de los derechos de producci&#243;n, pueda \u00abdesplazarse\u00bb por el territorio, y un agricultor desarrolla su profesi&#243;n en un lugar determinado; adem&#225;s, tampoco se aclara c&#243;mo podr&#237;a adquirir el Estado esas tierras, \u00abpuesto expropiarlas, a lo Mendiz&#225;bal, ya no se lleva\u00bb, subraya. \u00abEsta peregrina propuesta no tiene ni pies ni cabeza y, sin embargo, puede calar, a fuerza de repetici&#243;n en la opini&#243;n p&#250;blica ajena a la agricultura y al medio rural, por lo que es obligaci&#243;n del sector desmontarla desde ya\u00bb, recalca ASAJA. <\/font>\n<\/p>\n<p align=\"justify\"><font size=\"2\"><\/font>\n<\/p>\n<p align=\"justify\"><font size=\"2\">Si de verdad la nueva ministra quiere favorecer el acceso de los j&#243;venes a la agricultura y la ganader&#237;a, no tiene m&#225;s que poner en pr&#225;ctica, pero con recursos y convicci&#243;n, lo ya conocido: dar ayudas a la inversi&#243;n, facilitar el acceso a las cuotas y derechos de producci&#243;n, e incentivar las jubilaciones anticipadas. <\/font>\n<\/p>\n<p align=\"justify\"><font size=\"2\"><\/font>\n<\/p>\n<p align=\"justify\"><font size=\"2\">Por &#250;ltimo, ASAJA de Castilla y Le&#243;n quiere sugerir al nuevo equipo ministerial que apunte en su agenda de prioridades las que realmente preocupan al sector. La primera el modo de aplicar la Reforma de la PAC, sobre el que Espinosa no ha dicho nada a&#250;n; la segunda, la ejecuci&#243;n del Plan Hidrol&#243;gico Nacional y el Plan Nacional de Regad&#237;os; la tercera, las inminentes reformas de Organizaciones Comunes de Mercado como la del az&#250;car, etc. <\/font><b><\/p>\n<p align=\"center\"><font size=\"2\"><\/font><\/p>\n<p><\/b>\n<\/p>\n<p align=\"right\"><font size=\"2\">Le&#243;n a 21 de Abril de 2004<\/font><\/p>\n","protected":false},"excerpt":{"rendered":"<p>Estupefacci&#243;n en el sector tras escuchar las primeras declaraciones de la nueva ministra de Agricultura, Pesca y Alimentaci&#243;n, Elena Espinosa, en las que marca las prioridades que marcar&#225;n el trabajo de su equipo.<\/p>\n","protected":false},"author":3,"featured_media":8174,"comment_status":"open","ping_status":"open","sticky":false,"template":"","format":"standard","meta":{"footnotes":""},"categories":[4,9],"tags":[],"yoast_head":"<!-- This site is optimized with the Yoast SEO plugin v24.5 - https:\/\/yoast.com\/wordpress\/plugins\/seo\/ -->\n<title>LAS PRIORIDADES DEL SECTOR AGRARIO NO COINCIDEN CON LAS DE LA NUEVA MINISTRA - ASAJA Le\u00f3n<\/title>\n<meta name=\"description\" content=\"Estupefacci&#243;n en el sector tras escuchar las primeras declaraciones de la nueva ministra de Agricultura, Pesca y Alimentaci&#243;n, Elena Espinosa, en las que marca las prioridades que marcar&#225;n el trabajo de su equipo.\" \/>\n<meta name=\"robots\" content=\"index, follow, max-snippet:-1, max-image-preview:large, max-video-preview:-1\" \/>\n<link rel=\"canonical\" href=\"https:\/\/www.asajacyl.com\/leon\/asaja-leon-informa\/las-prioridades-del-sector-agrario-no-coinciden-con-las-de-la-nueva-ministra\" \/>\n<meta property=\"og:locale\" content=\"es_ES\" \/>\n<meta property=\"og:type\" content=\"article\" \/>\n<meta property=\"og:title\" content=\"LAS PRIORIDADES DEL SECTOR AGRARIO NO COINCIDEN CON LAS DE LA NUEVA MINISTRA - ASAJA Le\u00f3n\" \/>\n<meta property=\"og:description\" content=\"Estupefacci&#243;n en el sector tras escuchar las primeras declaraciones de la nueva ministra de Agricultura, Pesca y Alimentaci&#243;n, Elena Espinosa, en las que marca las prioridades que marcar&#225;n el trabajo de su equipo.\" \/>\n<meta property=\"og:url\" content=\"https:\/\/www.asajacyl.com\/leon\/asaja-leon-informa\/las-prioridades-del-sector-agrario-no-coinciden-con-las-de-la-nueva-ministra\" \/>\n<meta property=\"og:site_name\" content=\"ASAJA Le\u00f3n\" \/>\n<meta property=\"article:published_time\" content=\"2004-04-20T22:00:00+00:00\" \/>\n<meta property=\"og:image\" content=\"https:\/\/www.asajacyl.com\/leon\/wp-content\/uploads\/sites\/6\/2017\/11\/im_predefinida_1920x1080.jpg\" \/>\n\t<meta property=\"og:image:width\" content=\"1920\" \/>\n\t<meta property=\"og:image:height\" content=\"1080\" \/>\n\t<meta property=\"og:image:type\" content=\"image\/jpeg\" \/>\n<meta name=\"author\" content=\"Editor\" \/>\n<meta name=\"twitter:card\" content=\"summary_large_image\" \/>\n<meta name=\"twitter:label1\" content=\"Escrito por\" \/>\n\t<meta name=\"twitter:data1\" content=\"Editor\" \/>\n\t<meta name=\"twitter:label2\" content=\"Tiempo de lectura\" \/>\n\t<meta name=\"twitter:data2\" content=\"3 minutos\" \/>\n<script type=\"application\/ld+json\" class=\"yoast-schema-graph\">{\"@context\":\"https:\/\/schema.org\",\"@graph\":[{\"@type\":\"WebPage\",\"@id\":\"https:\/\/www.asajacyl.com\/leon\/asaja-leon-informa\/las-prioridades-del-sector-agrario-no-coinciden-con-las-de-la-nueva-ministra\",\"url\":\"https:\/\/www.asajacyl.com\/leon\/asaja-leon-informa\/las-prioridades-del-sector-agrario-no-coinciden-con-las-de-la-nueva-ministra\",\"name\":\"LAS PRIORIDADES DEL SECTOR AGRARIO NO COINCIDEN CON LAS DE LA NUEVA MINISTRA - ASAJA Le\u00f3n\",\"isPartOf\":{\"@id\":\"https:\/\/www.asajacyl.com\/leon\/#website\"},\"primaryImageOfPage\":{\"@id\":\"https:\/\/www.asajacyl.com\/leon\/asaja-leon-informa\/las-prioridades-del-sector-agrario-no-coinciden-con-las-de-la-nueva-ministra#primaryimage\"},\"image\":{\"@id\":\"https:\/\/www.asajacyl.com\/leon\/asaja-leon-informa\/las-prioridades-del-sector-agrario-no-coinciden-con-las-de-la-nueva-ministra#primaryimage\"},\"thumbnailUrl\":\"https:\/\/www.asajacyl.com\/leon\/wp-content\/uploads\/sites\/6\/2017\/11\/im_predefinida_1920x1080.jpg\",\"datePublished\":\"2004-04-20T22:00:00+00:00\",\"author\":{\"@id\":\"https:\/\/www.asajacyl.com\/leon\/#\/schema\/person\/7e884476cee132331142e8ac9689f20c\"},\"description\":\"Estupefacci&#243;n en el sector tras escuchar las primeras declaraciones de la nueva ministra de Agricultura, Pesca y Alimentaci&#243;n, Elena Espinosa, en las que marca las prioridades que marcar&#225;n el trabajo de su equipo.\",\"breadcrumb\":{\"@id\":\"https:\/\/www.asajacyl.com\/leon\/asaja-leon-informa\/las-prioridades-del-sector-agrario-no-coinciden-con-las-de-la-nueva-ministra#breadcrumb\"},\"inLanguage\":\"es\",\"potentialAction\":[{\"@type\":\"ReadAction\",\"target\":[\"https:\/\/www.asajacyl.com\/leon\/asaja-leon-informa\/las-prioridades-del-sector-agrario-no-coinciden-con-las-de-la-nueva-ministra\"]}]},{\"@type\":\"ImageObject\",\"inLanguage\":\"es\",\"@id\":\"https:\/\/www.asajacyl.com\/leon\/asaja-leon-informa\/las-prioridades-del-sector-agrario-no-coinciden-con-las-de-la-nueva-ministra#primaryimage\",\"url\":\"https:\/\/www.asajacyl.com\/leon\/wp-content\/uploads\/sites\/6\/2017\/11\/im_predefinida_1920x1080.jpg\",\"contentUrl\":\"https:\/\/www.asajacyl.com\/leon\/wp-content\/uploads\/sites\/6\/2017\/11\/im_predefinida_1920x1080.jpg\",\"width\":1920,\"height\":1080,\"caption\":\"Logotipo ASAJA Le\u00f3n\"},{\"@type\":\"BreadcrumbList\",\"@id\":\"https:\/\/www.asajacyl.com\/leon\/asaja-leon-informa\/las-prioridades-del-sector-agrario-no-coinciden-con-las-de-la-nueva-ministra#breadcrumb\",\"itemListElement\":[{\"@type\":\"ListItem\",\"position\":1,\"name\":\"Portada\",\"item\":\"https:\/\/www.asajacyl.com\/leon\/\"},{\"@type\":\"ListItem\",\"position\":2,\"name\":\"LAS PRIORIDADES DEL SECTOR AGRARIO NO COINCIDEN CON LAS DE LA NUEVA MINISTRA\"}]},{\"@type\":\"WebSite\",\"@id\":\"https:\/\/www.asajacyl.com\/leon\/#website\",\"url\":\"https:\/\/www.asajacyl.com\/leon\/\",\"name\":\"ASAJA Le\u00f3n\",\"description\":\"Otro sitio m\u00e1s de Provincias ASAJA Castilla y Le\u00f3n\",\"potentialAction\":[{\"@type\":\"SearchAction\",\"target\":{\"@type\":\"EntryPoint\",\"urlTemplate\":\"https:\/\/www.asajacyl.com\/leon\/?s={search_term_string}\"},\"query-input\":{\"@type\":\"PropertyValueSpecification\",\"valueRequired\":true,\"valueName\":\"search_term_string\"}}],\"inLanguage\":\"es\"},{\"@type\":\"Person\",\"@id\":\"https:\/\/www.asajacyl.com\/leon\/#\/schema\/person\/7e884476cee132331142e8ac9689f20c\",\"name\":\"Editor\",\"image\":{\"@type\":\"ImageObject\",\"inLanguage\":\"es\",\"@id\":\"https:\/\/www.asajacyl.com\/leon\/#\/schema\/person\/image\/\",\"url\":\"https:\/\/secure.gravatar.com\/avatar\/a2ef43c165669686cfcfb0e1ffa59869?s=96&d=mm&r=g\",\"contentUrl\":\"https:\/\/secure.gravatar.com\/avatar\/a2ef43c165669686cfcfb0e1ffa59869?s=96&d=mm&r=g\",\"caption\":\"Editor\"},\"url\":\"https:\/\/www.asajacyl.com\/leon\/author\/oscargg\"}]}<\/script>\n<!-- \/ Yoast SEO plugin. -->","yoast_head_json":{"title":"LAS PRIORIDADES DEL SECTOR AGRARIO NO COINCIDEN CON LAS DE LA NUEVA MINISTRA - ASAJA Le\u00f3n","description":"Estupefacci&#243;n en el sector tras escuchar las primeras declaraciones de la nueva ministra de Agricultura, Pesca y Alimentaci&#243;n, Elena Espinosa, en las que marca las prioridades que marcar&#225;n el trabajo de su equipo.","robots":{"index":"index","follow":"follow","max-snippet":"max-snippet:-1","max-image-preview":"max-image-preview:large","max-video-preview":"max-video-preview:-1"},"canonical":"https:\/\/www.asajacyl.com\/leon\/asaja-leon-informa\/las-prioridades-del-sector-agrario-no-coinciden-con-las-de-la-nueva-ministra","og_locale":"es_ES","og_type":"article","og_title":"LAS PRIORIDADES DEL SECTOR AGRARIO NO COINCIDEN CON LAS DE LA NUEVA MINISTRA - ASAJA Le\u00f3n","og_description":"Estupefacci&#243;n en el sector tras escuchar las primeras declaraciones de la nueva ministra de Agricultura, Pesca y Alimentaci&#243;n, Elena Espinosa, en las que marca las prioridades que marcar&#225;n el trabajo de su equipo.","og_url":"https:\/\/www.asajacyl.com\/leon\/asaja-leon-informa\/las-prioridades-del-sector-agrario-no-coinciden-con-las-de-la-nueva-ministra","og_site_name":"ASAJA Le\u00f3n","article_published_time":"2004-04-20T22:00:00+00:00","og_image":[{"width":1920,"height":1080,"url":"https:\/\/www.asajacyl.com\/leon\/wp-content\/uploads\/sites\/6\/2017\/11\/im_predefinida_1920x1080.jpg","type":"image\/jpeg"}],"author":"Editor","twitter_card":"summary_large_image","twitter_misc":{"Escrito por":"Editor","Tiempo de lectura":"3 minutos"},"schema":{"@context":"https:\/\/schema.org","@graph":[{"@type":"WebPage","@id":"https:\/\/www.asajacyl.com\/leon\/asaja-leon-informa\/las-prioridades-del-sector-agrario-no-coinciden-con-las-de-la-nueva-ministra","url":"https:\/\/www.asajacyl.com\/leon\/asaja-leon-informa\/las-prioridades-del-sector-agrario-no-coinciden-con-las-de-la-nueva-ministra","name":"LAS PRIORIDADES DEL SECTOR AGRARIO NO COINCIDEN CON LAS DE LA NUEVA MINISTRA - ASAJA Le\u00f3n","isPartOf":{"@id":"https:\/\/www.asajacyl.com\/leon\/#website"},"primaryImageOfPage":{"@id":"https:\/\/www.asajacyl.com\/leon\/asaja-leon-informa\/las-prioridades-del-sector-agrario-no-coinciden-con-las-de-la-nueva-ministra#primaryimage"},"image":{"@id":"https:\/\/www.asajacyl.com\/leon\/asaja-leon-informa\/las-prioridades-del-sector-agrario-no-coinciden-con-las-de-la-nueva-ministra#primaryimage"},"thumbnailUrl":"https:\/\/www.asajacyl.com\/leon\/wp-content\/uploads\/sites\/6\/2017\/11\/im_predefinida_1920x1080.jpg","datePublished":"2004-04-20T22:00:00+00:00","author":{"@id":"https:\/\/www.asajacyl.com\/leon\/#\/schema\/person\/7e884476cee132331142e8ac9689f20c"},"description":"Estupefacci&#243;n en el sector tras escuchar las primeras declaraciones de la nueva ministra de Agricultura, Pesca y Alimentaci&#243;n, Elena Espinosa, en las que marca las prioridades que marcar&#225;n el trabajo de su equipo.","breadcrumb":{"@id":"https:\/\/www.asajacyl.com\/leon\/asaja-leon-informa\/las-prioridades-del-sector-agrario-no-coinciden-con-las-de-la-nueva-ministra#breadcrumb"},"inLanguage":"es","potentialAction":[{"@type":"ReadAction","target":["https:\/\/www.asajacyl.com\/leon\/asaja-leon-informa\/las-prioridades-del-sector-agrario-no-coinciden-con-las-de-la-nueva-ministra"]}]},{"@type":"ImageObject","inLanguage":"es","@id":"https:\/\/www.asajacyl.com\/leon\/asaja-leon-informa\/las-prioridades-del-sector-agrario-no-coinciden-con-las-de-la-nueva-ministra#primaryimage","url":"https:\/\/www.asajacyl.com\/leon\/wp-content\/uploads\/sites\/6\/2017\/11\/im_predefinida_1920x1080.jpg","contentUrl":"https:\/\/www.asajacyl.com\/leon\/wp-content\/uploads\/sites\/6\/2017\/11\/im_predefinida_1920x1080.jpg","width":1920,"height":1080,"caption":"Logotipo ASAJA Le\u00f3n"},{"@type":"BreadcrumbList","@id":"https:\/\/www.asajacyl.com\/leon\/asaja-leon-informa\/las-prioridades-del-sector-agrario-no-coinciden-con-las-de-la-nueva-ministra#breadcrumb","itemListElement":[{"@type":"ListItem","position":1,"name":"Portada","item":"https:\/\/www.asajacyl.com\/leon\/"},{"@type":"ListItem","position":2,"name":"LAS PRIORIDADES DEL SECTOR AGRARIO NO COINCIDEN CON LAS DE LA NUEVA MINISTRA"}]},{"@type":"WebSite","@id":"https:\/\/www.asajacyl.com\/leon\/#website","url":"https:\/\/www.asajacyl.com\/leon\/","name":"ASAJA Le\u00f3n","description":"Otro sitio m\u00e1s de Provincias ASAJA Castilla y Le\u00f3n","potentialAction":[{"@type":"SearchAction","target":{"@type":"EntryPoint","urlTemplate":"https:\/\/www.asajacyl.com\/leon\/?s={search_term_string}"},"query-input":{"@type":"PropertyValueSpecification","valueRequired":true,"valueName":"search_term_string"}}],"inLanguage":"es"},{"@type":"Person","@id":"https:\/\/www.asajacyl.com\/leon\/#\/schema\/person\/7e884476cee132331142e8ac9689f20c","name":"Editor","image":{"@type":"ImageObject","inLanguage":"es","@id":"https:\/\/www.asajacyl.com\/leon\/#\/schema\/person\/image\/","url":"https:\/\/secure.gravatar.com\/avatar\/a2ef43c165669686cfcfb0e1ffa59869?s=96&d=mm&r=g","contentUrl":"https:\/\/secure.gravatar.com\/avatar\/a2ef43c165669686cfcfb0e1ffa59869?s=96&d=mm&r=g","caption":"Editor"},"url":"https:\/\/www.asajacyl.com\/leon\/author\/oscargg"}]}},"_links":{"self":[{"href":"https:\/\/www.asajacyl.com\/leon\/wp-json\/wp\/v2\/posts\/8031"}],"collection":[{"href":"https:\/\/www.asajacyl.com\/leon\/wp-json\/wp\/v2\/posts"}],"about":[{"href":"https:\/\/www.asajacyl.com\/leon\/wp-json\/wp\/v2\/types\/post"}],"author":[{"embeddable":true,"href":"https:\/\/www.asajacyl.com\/leon\/wp-json\/wp\/v2\/users\/3"}],"replies":[{"embeddable":true,"href":"https:\/\/www.asajacyl.com\/leon\/wp-json\/wp\/v2\/comments?post=8031"}],"version-history":[{"count":0,"href":"https:\/\/www.asajacyl.com\/leon\/wp-json\/wp\/v2\/posts\/8031\/revisions"}],"wp:featuredmedia":[{"embeddable":true,"href":"https:\/\/www.asajacyl.com\/leon\/wp-json\/wp\/v2\/media\/8174"}],"wp:attachment":[{"href":"https:\/\/www.asajacyl.com\/leon\/wp-json\/wp\/v2\/media?parent=8031"}],"wp:term":[{"taxonomy":"category","embeddable":true,"href":"https:\/\/www.asajacyl.com\/leon\/wp-json\/wp\/v2\/categories?post=8031"},{"taxonomy":"post_tag","embeddable":true,"href":"https:\/\/www.asajacyl.com\/leon\/wp-json\/wp\/v2\/tags?post=8031"}],"curies":[{"name":"wp","href":"https:\/\/api.w.org\/{rel}","templated":true}]}}