{"id":8033,"date":"2004-04-15T00:00:00","date_gmt":"2004-04-14T22:00:00","guid":{"rendered":"http:\/\/www.asajacyl.com\/leon\/sin-categoria\/asaja-confa-en-que-el-compromiso-de-zapatero-con-la-espaa-rural-no-sea-slo-retrico"},"modified":"2004-04-15T00:00:00","modified_gmt":"2004-04-14T22:00:00","slug":"asaja-confa-en-que-el-compromiso-de-zapatero-con-la-espaa-rural-no-sea-slo-retrico","status":"publish","type":"post","link":"https:\/\/www.asajacyl.com\/leon\/asaja-leon-informa\/asaja-confa-en-que-el-compromiso-de-zapatero-con-la-espaa-rural-no-sea-slo-retrico","title":{"rendered":"ASAJA CONF&#205;A EN QUE EL COMPROMISO DE ZAPATERO CON LA ESPA&#209;A RURAL NO SEA S&#211;LO RET&#211;RICO"},"content":{"rendered":"<h2>Como de costumbre, en el discurso de investidura el candidato a la Presidencia pasa de puntillas por el sector agroganadero<\/h2>\n<p align=\"center\"><font color=\"#009900\" size=\"2\">&#160;&#160;<\/font><b><font size=\"2\"><font color=\"#009900\">ASAJA CONF&#205;A EN QUE EL COMPROMISO DE ZAPATERO CON LA ESPA&#209;A RURAL NO SEA S&#211;LO RET&#211;RICO<\/font> <\/font><\/p>\n<p align=\"center\"><font size=\"2\"><\/font>\n<\/p>\n<p align=\"center\"><font color=\"#0066cc\" size=\"2\">Como de costumbre, en el discurso de investidura el candidato a la Presidencia pasa de puntillas por el sector agroganadero<\/font><\/p>\n<p><\/b><font size=\"2\"> <\/font>\n<\/p>\n<p align=\"justify\"><font size=\"2\">M&#237;nimas referencias al medio rural y casi inexistentes en el caso de la agricultura y la ganader&#237;a en el reci&#233;n pronunciado discurso de investidura del candidato a la Presidencia del Gobierno, Jos&#233; Luis Rodr&#237;guez Zapatero, \u00abalgo por otro lado poco sorprendente, ya que tampoco ha sido el campo un tema estrella para los anteriores presidentes de Espa&#241;a\u00bb. <\/font>\n<\/p>\n<p align=\"justify\"><font size=\"2\"><\/font>\n<\/p>\n<p align=\"justify\"><font size=\"2\">Sin embargo, s&#237; que quiere subrayar ASAJA de Castilla y Le&#243;n el hecho de que el candidato socialista haya afirmado que contrae un compromiso con la Espa&#241;a rural para garantizar su supervivencia. M&#225;s all&#225; de la ret&#243;rica, este compromiso tiene que concretarse en pol&#237;ticas concretas, bien dotadas y ejecutadas que remonten la tendencia negativa de la que el sector no ha podido escapar en los &#250;ltimos a&#241;os, algo que vigilar&#225; ASAJA. Igualmente, habr&#225; que analizar qu&#233; hay detr&#225;s de otras ideas lanzadas por Rodr&#237;guez Zapatero, como el apoyo al desarrollo rural, la viabilidad de la agricultura familiar y la competitividad de la industria agroalimentaria. ASAJA entiende que tiene que haber una apuesta decidida a favor del futuro de la agricultura y la ganader&#237;a ya que, en buena medida, son los profesionales del campo los que tienen que asumir el protagonismo y la iniciativa de ese \u00abdesarrollo rural\u00bb al que gustan referirse los pol&#237;ticos de forma difusa y carente de compromiso. <\/font>\n<\/p>\n<p align=\"justify\"><font size=\"2\"><\/font>\n<\/p>\n<p align=\"justify\"><font size=\"2\">Tambi&#233;n preocupa a nuestra organizaci&#243;n la nueva orientaci&#243;n que se quiere dar a un asunto tan politizado como el Plan Hidrol&#243;gico Nacional, y que en ning&#250;n caso debe suponer la paralizaci&#243;n de importantes proyectos de mejora e innovaci&#243;n en materia de regad&#237;os. <\/font>\n<\/p>\n<p align=\"justify\"><font size=\"2\"><\/font>\n<\/p>\n<p align=\"justify\"><font size=\"2\">Por &#250;ltimo, ASAJA pide al nuevo Gobierno que de verdad cumpla con las premisas establecidas hoy por el inminente presidente, que atienda tanto a los problemas generales como a los cotidianos de los ciudadanos. Y tambi&#233;n son ciudadanos los que no residen en las ciudades, necesitados m&#225;s a&#250;n de ese desarrollo econ&#243;mico sustentado en la educaci&#243;n, de empleo estable y de pol&#237;ticas sociales que tengan en cuenta a las personas y las familias. <\/font>\n<\/p>\n<p align=\"justify\"><font size=\"2\"><\/font>\n<\/p>\n<p align=\"right\"><font size=\"2\">Le&#243;n a 15 de Abril de 2004<\/font><\/p>\n","protected":false},"excerpt":{"rendered":"<p>Como de costumbre, en el discurso de investidura el candidato a la Presidencia pasa de puntillas por el sector agroganadero<\/p>\n","protected":false},"author":3,"featured_media":8174,"comment_status":"open","ping_status":"open","sticky":false,"template":"","format":"standard","meta":{"footnotes":""},"categories":[4,9],"tags":[],"yoast_head":"<!-- This site is optimized with the Yoast SEO plugin v24.5 - https:\/\/yoast.com\/wordpress\/plugins\/seo\/ -->\n<title>ASAJA CONF&#205;A EN QUE EL COMPROMISO DE ZAPATERO CON LA ESPA&#209;A RURAL NO SEA S&#211;LO RET&#211;RICO - ASAJA Le\u00f3n<\/title>\n<meta name=\"description\" content=\"Como de costumbre, en el discurso de investidura el candidato a la Presidencia pasa de puntillas por el sector agroganadero\" \/>\n<meta name=\"robots\" content=\"index, follow, max-snippet:-1, max-image-preview:large, max-video-preview:-1\" \/>\n<link rel=\"canonical\" href=\"https:\/\/www.asajacyl.com\/leon\/asaja-leon-informa\/asaja-confa-en-que-el-compromiso-de-zapatero-con-la-espaa-rural-no-sea-slo-retrico\" \/>\n<meta property=\"og:locale\" content=\"es_ES\" \/>\n<meta property=\"og:type\" content=\"article\" \/>\n<meta property=\"og:title\" content=\"ASAJA CONF&#205;A EN QUE EL COMPROMISO DE ZAPATERO CON LA ESPA&#209;A RURAL NO SEA S&#211;LO RET&#211;RICO - ASAJA Le\u00f3n\" \/>\n<meta property=\"og:description\" content=\"Como de costumbre, en el discurso de investidura el candidato a la Presidencia pasa de puntillas por el sector agroganadero\" \/>\n<meta property=\"og:url\" content=\"https:\/\/www.asajacyl.com\/leon\/asaja-leon-informa\/asaja-confa-en-que-el-compromiso-de-zapatero-con-la-espaa-rural-no-sea-slo-retrico\" \/>\n<meta property=\"og:site_name\" content=\"ASAJA Le\u00f3n\" \/>\n<meta property=\"article:published_time\" content=\"2004-04-14T22:00:00+00:00\" \/>\n<meta property=\"og:image\" content=\"https:\/\/www.asajacyl.com\/leon\/wp-content\/uploads\/sites\/6\/2017\/11\/im_predefinida_1920x1080.jpg\" \/>\n\t<meta property=\"og:image:width\" content=\"1920\" \/>\n\t<meta property=\"og:image:height\" content=\"1080\" \/>\n\t<meta property=\"og:image:type\" content=\"image\/jpeg\" \/>\n<meta name=\"author\" content=\"Editor\" \/>\n<meta name=\"twitter:card\" content=\"summary_large_image\" \/>\n<meta name=\"twitter:label1\" content=\"Escrito por\" \/>\n\t<meta name=\"twitter:data1\" content=\"Editor\" \/>\n\t<meta name=\"twitter:label2\" content=\"Tiempo de lectura\" \/>\n\t<meta name=\"twitter:data2\" content=\"2 minutos\" \/>\n<script type=\"application\/ld+json\" class=\"yoast-schema-graph\">{\"@context\":\"https:\/\/schema.org\",\"@graph\":[{\"@type\":\"WebPage\",\"@id\":\"https:\/\/www.asajacyl.com\/leon\/asaja-leon-informa\/asaja-confa-en-que-el-compromiso-de-zapatero-con-la-espaa-rural-no-sea-slo-retrico\",\"url\":\"https:\/\/www.asajacyl.com\/leon\/asaja-leon-informa\/asaja-confa-en-que-el-compromiso-de-zapatero-con-la-espaa-rural-no-sea-slo-retrico\",\"name\":\"ASAJA CONF&#205;A EN QUE EL COMPROMISO DE ZAPATERO CON LA ESPA&#209;A RURAL NO SEA S&#211;LO RET&#211;RICO - ASAJA Le\u00f3n\",\"isPartOf\":{\"@id\":\"https:\/\/www.asajacyl.com\/leon\/#website\"},\"primaryImageOfPage\":{\"@id\":\"https:\/\/www.asajacyl.com\/leon\/asaja-leon-informa\/asaja-confa-en-que-el-compromiso-de-zapatero-con-la-espaa-rural-no-sea-slo-retrico#primaryimage\"},\"image\":{\"@id\":\"https:\/\/www.asajacyl.com\/leon\/asaja-leon-informa\/asaja-confa-en-que-el-compromiso-de-zapatero-con-la-espaa-rural-no-sea-slo-retrico#primaryimage\"},\"thumbnailUrl\":\"https:\/\/www.asajacyl.com\/leon\/wp-content\/uploads\/sites\/6\/2017\/11\/im_predefinida_1920x1080.jpg\",\"datePublished\":\"2004-04-14T22:00:00+00:00\",\"author\":{\"@id\":\"https:\/\/www.asajacyl.com\/leon\/#\/schema\/person\/7e884476cee132331142e8ac9689f20c\"},\"description\":\"Como de costumbre, en el discurso de investidura el candidato a la Presidencia pasa de puntillas por el sector agroganadero\",\"breadcrumb\":{\"@id\":\"https:\/\/www.asajacyl.com\/leon\/asaja-leon-informa\/asaja-confa-en-que-el-compromiso-de-zapatero-con-la-espaa-rural-no-sea-slo-retrico#breadcrumb\"},\"inLanguage\":\"es\",\"potentialAction\":[{\"@type\":\"ReadAction\",\"target\":[\"https:\/\/www.asajacyl.com\/leon\/asaja-leon-informa\/asaja-confa-en-que-el-compromiso-de-zapatero-con-la-espaa-rural-no-sea-slo-retrico\"]}]},{\"@type\":\"ImageObject\",\"inLanguage\":\"es\",\"@id\":\"https:\/\/www.asajacyl.com\/leon\/asaja-leon-informa\/asaja-confa-en-que-el-compromiso-de-zapatero-con-la-espaa-rural-no-sea-slo-retrico#primaryimage\",\"url\":\"https:\/\/www.asajacyl.com\/leon\/wp-content\/uploads\/sites\/6\/2017\/11\/im_predefinida_1920x1080.jpg\",\"contentUrl\":\"https:\/\/www.asajacyl.com\/leon\/wp-content\/uploads\/sites\/6\/2017\/11\/im_predefinida_1920x1080.jpg\",\"width\":1920,\"height\":1080,\"caption\":\"Logotipo ASAJA Le\u00f3n\"},{\"@type\":\"BreadcrumbList\",\"@id\":\"https:\/\/www.asajacyl.com\/leon\/asaja-leon-informa\/asaja-confa-en-que-el-compromiso-de-zapatero-con-la-espaa-rural-no-sea-slo-retrico#breadcrumb\",\"itemListElement\":[{\"@type\":\"ListItem\",\"position\":1,\"name\":\"Portada\",\"item\":\"https:\/\/www.asajacyl.com\/leon\/\"},{\"@type\":\"ListItem\",\"position\":2,\"name\":\"ASAJA CONF&#205;A EN QUE EL COMPROMISO DE ZAPATERO CON LA ESPA&#209;A RURAL NO SEA S&#211;LO RET&#211;RICO\"}]},{\"@type\":\"WebSite\",\"@id\":\"https:\/\/www.asajacyl.com\/leon\/#website\",\"url\":\"https:\/\/www.asajacyl.com\/leon\/\",\"name\":\"ASAJA Le\u00f3n\",\"description\":\"Otro sitio m\u00e1s de Provincias ASAJA Castilla y Le\u00f3n\",\"potentialAction\":[{\"@type\":\"SearchAction\",\"target\":{\"@type\":\"EntryPoint\",\"urlTemplate\":\"https:\/\/www.asajacyl.com\/leon\/?s={search_term_string}\"},\"query-input\":{\"@type\":\"PropertyValueSpecification\",\"valueRequired\":true,\"valueName\":\"search_term_string\"}}],\"inLanguage\":\"es\"},{\"@type\":\"Person\",\"@id\":\"https:\/\/www.asajacyl.com\/leon\/#\/schema\/person\/7e884476cee132331142e8ac9689f20c\",\"name\":\"Editor\",\"image\":{\"@type\":\"ImageObject\",\"inLanguage\":\"es\",\"@id\":\"https:\/\/www.asajacyl.com\/leon\/#\/schema\/person\/image\/\",\"url\":\"https:\/\/secure.gravatar.com\/avatar\/a2ef43c165669686cfcfb0e1ffa59869?s=96&d=mm&r=g\",\"contentUrl\":\"https:\/\/secure.gravatar.com\/avatar\/a2ef43c165669686cfcfb0e1ffa59869?s=96&d=mm&r=g\",\"caption\":\"Editor\"},\"url\":\"https:\/\/www.asajacyl.com\/leon\/author\/oscargg\"}]}<\/script>\n<!-- \/ Yoast SEO plugin. -->","yoast_head_json":{"title":"ASAJA CONF&#205;A EN QUE EL COMPROMISO DE ZAPATERO CON LA ESPA&#209;A RURAL NO SEA S&#211;LO RET&#211;RICO - ASAJA Le\u00f3n","description":"Como de costumbre, en el discurso de investidura el candidato a la Presidencia pasa de puntillas por el sector agroganadero","robots":{"index":"index","follow":"follow","max-snippet":"max-snippet:-1","max-image-preview":"max-image-preview:large","max-video-preview":"max-video-preview:-1"},"canonical":"https:\/\/www.asajacyl.com\/leon\/asaja-leon-informa\/asaja-confa-en-que-el-compromiso-de-zapatero-con-la-espaa-rural-no-sea-slo-retrico","og_locale":"es_ES","og_type":"article","og_title":"ASAJA CONF&#205;A EN QUE EL COMPROMISO DE ZAPATERO CON LA ESPA&#209;A RURAL NO SEA S&#211;LO RET&#211;RICO - ASAJA Le\u00f3n","og_description":"Como de costumbre, en el discurso de investidura el candidato a la Presidencia pasa de puntillas por el sector agroganadero","og_url":"https:\/\/www.asajacyl.com\/leon\/asaja-leon-informa\/asaja-confa-en-que-el-compromiso-de-zapatero-con-la-espaa-rural-no-sea-slo-retrico","og_site_name":"ASAJA Le\u00f3n","article_published_time":"2004-04-14T22:00:00+00:00","og_image":[{"width":1920,"height":1080,"url":"https:\/\/www.asajacyl.com\/leon\/wp-content\/uploads\/sites\/6\/2017\/11\/im_predefinida_1920x1080.jpg","type":"image\/jpeg"}],"author":"Editor","twitter_card":"summary_large_image","twitter_misc":{"Escrito por":"Editor","Tiempo de lectura":"2 minutos"},"schema":{"@context":"https:\/\/schema.org","@graph":[{"@type":"WebPage","@id":"https:\/\/www.asajacyl.com\/leon\/asaja-leon-informa\/asaja-confa-en-que-el-compromiso-de-zapatero-con-la-espaa-rural-no-sea-slo-retrico","url":"https:\/\/www.asajacyl.com\/leon\/asaja-leon-informa\/asaja-confa-en-que-el-compromiso-de-zapatero-con-la-espaa-rural-no-sea-slo-retrico","name":"ASAJA CONF&#205;A EN QUE EL COMPROMISO DE ZAPATERO CON LA ESPA&#209;A RURAL NO SEA S&#211;LO RET&#211;RICO - ASAJA Le\u00f3n","isPartOf":{"@id":"https:\/\/www.asajacyl.com\/leon\/#website"},"primaryImageOfPage":{"@id":"https:\/\/www.asajacyl.com\/leon\/asaja-leon-informa\/asaja-confa-en-que-el-compromiso-de-zapatero-con-la-espaa-rural-no-sea-slo-retrico#primaryimage"},"image":{"@id":"https:\/\/www.asajacyl.com\/leon\/asaja-leon-informa\/asaja-confa-en-que-el-compromiso-de-zapatero-con-la-espaa-rural-no-sea-slo-retrico#primaryimage"},"thumbnailUrl":"https:\/\/www.asajacyl.com\/leon\/wp-content\/uploads\/sites\/6\/2017\/11\/im_predefinida_1920x1080.jpg","datePublished":"2004-04-14T22:00:00+00:00","author":{"@id":"https:\/\/www.asajacyl.com\/leon\/#\/schema\/person\/7e884476cee132331142e8ac9689f20c"},"description":"Como de costumbre, en el discurso de investidura el candidato a la Presidencia pasa de puntillas por el sector agroganadero","breadcrumb":{"@id":"https:\/\/www.asajacyl.com\/leon\/asaja-leon-informa\/asaja-confa-en-que-el-compromiso-de-zapatero-con-la-espaa-rural-no-sea-slo-retrico#breadcrumb"},"inLanguage":"es","potentialAction":[{"@type":"ReadAction","target":["https:\/\/www.asajacyl.com\/leon\/asaja-leon-informa\/asaja-confa-en-que-el-compromiso-de-zapatero-con-la-espaa-rural-no-sea-slo-retrico"]}]},{"@type":"ImageObject","inLanguage":"es","@id":"https:\/\/www.asajacyl.com\/leon\/asaja-leon-informa\/asaja-confa-en-que-el-compromiso-de-zapatero-con-la-espaa-rural-no-sea-slo-retrico#primaryimage","url":"https:\/\/www.asajacyl.com\/leon\/wp-content\/uploads\/sites\/6\/2017\/11\/im_predefinida_1920x1080.jpg","contentUrl":"https:\/\/www.asajacyl.com\/leon\/wp-content\/uploads\/sites\/6\/2017\/11\/im_predefinida_1920x1080.jpg","width":1920,"height":1080,"caption":"Logotipo ASAJA Le\u00f3n"},{"@type":"BreadcrumbList","@id":"https:\/\/www.asajacyl.com\/leon\/asaja-leon-informa\/asaja-confa-en-que-el-compromiso-de-zapatero-con-la-espaa-rural-no-sea-slo-retrico#breadcrumb","itemListElement":[{"@type":"ListItem","position":1,"name":"Portada","item":"https:\/\/www.asajacyl.com\/leon\/"},{"@type":"ListItem","position":2,"name":"ASAJA CONF&#205;A EN QUE EL COMPROMISO DE ZAPATERO CON LA ESPA&#209;A RURAL NO SEA S&#211;LO RET&#211;RICO"}]},{"@type":"WebSite","@id":"https:\/\/www.asajacyl.com\/leon\/#website","url":"https:\/\/www.asajacyl.com\/leon\/","name":"ASAJA Le\u00f3n","description":"Otro sitio m\u00e1s de Provincias ASAJA Castilla y Le\u00f3n","potentialAction":[{"@type":"SearchAction","target":{"@type":"EntryPoint","urlTemplate":"https:\/\/www.asajacyl.com\/leon\/?s={search_term_string}"},"query-input":{"@type":"PropertyValueSpecification","valueRequired":true,"valueName":"search_term_string"}}],"inLanguage":"es"},{"@type":"Person","@id":"https:\/\/www.asajacyl.com\/leon\/#\/schema\/person\/7e884476cee132331142e8ac9689f20c","name":"Editor","image":{"@type":"ImageObject","inLanguage":"es","@id":"https:\/\/www.asajacyl.com\/leon\/#\/schema\/person\/image\/","url":"https:\/\/secure.gravatar.com\/avatar\/a2ef43c165669686cfcfb0e1ffa59869?s=96&d=mm&r=g","contentUrl":"https:\/\/secure.gravatar.com\/avatar\/a2ef43c165669686cfcfb0e1ffa59869?s=96&d=mm&r=g","caption":"Editor"},"url":"https:\/\/www.asajacyl.com\/leon\/author\/oscargg"}]}},"_links":{"self":[{"href":"https:\/\/www.asajacyl.com\/leon\/wp-json\/wp\/v2\/posts\/8033"}],"collection":[{"href":"https:\/\/www.asajacyl.com\/leon\/wp-json\/wp\/v2\/posts"}],"about":[{"href":"https:\/\/www.asajacyl.com\/leon\/wp-json\/wp\/v2\/types\/post"}],"author":[{"embeddable":true,"href":"https:\/\/www.asajacyl.com\/leon\/wp-json\/wp\/v2\/users\/3"}],"replies":[{"embeddable":true,"href":"https:\/\/www.asajacyl.com\/leon\/wp-json\/wp\/v2\/comments?post=8033"}],"version-history":[{"count":0,"href":"https:\/\/www.asajacyl.com\/leon\/wp-json\/wp\/v2\/posts\/8033\/revisions"}],"wp:featuredmedia":[{"embeddable":true,"href":"https:\/\/www.asajacyl.com\/leon\/wp-json\/wp\/v2\/media\/8174"}],"wp:attachment":[{"href":"https:\/\/www.asajacyl.com\/leon\/wp-json\/wp\/v2\/media?parent=8033"}],"wp:term":[{"taxonomy":"category","embeddable":true,"href":"https:\/\/www.asajacyl.com\/leon\/wp-json\/wp\/v2\/categories?post=8033"},{"taxonomy":"post_tag","embeddable":true,"href":"https:\/\/www.asajacyl.com\/leon\/wp-json\/wp\/v2\/tags?post=8033"}],"curies":[{"name":"wp","href":"https:\/\/api.w.org\/{rel}","templated":true}]}}