{"id":8034,"date":"2004-04-12T00:00:00","date_gmt":"2004-04-11T22:00:00","guid":{"rendered":"http:\/\/www.asajacyl.com\/leon\/sin-categoria\/asaja-pide-a-urcacyl-que-lidere-la-respuesta-de-los-ganaderos-a-la-bajada-del-precio-de-la-leche"},"modified":"2004-04-12T00:00:00","modified_gmt":"2004-04-11T22:00:00","slug":"asaja-pide-a-urcacyl-que-lidere-la-respuesta-de-los-ganaderos-a-la-bajada-del-precio-de-la-leche","status":"publish","type":"post","link":"https:\/\/www.asajacyl.com\/leon\/asaja-leon-informa\/asaja-pide-a-urcacyl-que-lidere-la-respuesta-de-los-ganaderos-a-la-bajada-del-precio-de-la-leche","title":{"rendered":"ASAJA PIDE A URCACYL QUE LIDERE LA RESPUESTA DE LOS GANADEROS A LA BAJADA DEL PRECIO DE LA LECHE"},"content":{"rendered":"<h2>Con esta situaci&#243;n, injustificada en un momento en el que no existen excedentes, las empresas quieren incrementar sus m&#225;rgenes comerciales.<\/h2>\n<p align=\"center\"><font size=\"2\">&#160;<font color=\"#009900\">&#160;<\/font><\/font><b><font color=\"#009900\" size=\"2\">ASAJA PIDE A URCACYL QUE LIDERE LA RESPUESTA DE <\/font><\/p>\n<p align=\"center\"><font color=\"#009900\" size=\"2\">LOS GANADEROS A LA BAJADA DEL PRECIO DE LA LECHE<\/font><\/p>\n<p><\/b><font size=\"2\"> <\/font>\n<\/p>\n<p align=\"justify\"><font size=\"2\"><\/font><b><\/p>\n<p align=\"center\"><font size=\"2\">Con esta situaci&#243;n, injustificada en un momento en el que no existen excedentes, las empresas quieren incrementar sus m&#225;rgenes comerciales<\/font><\/p>\n<p><\/b><font size=\"2\"> <\/font>\n<\/p>\n<p align=\"justify\"><font size=\"2\"><\/font>\n<\/p>\n<p align=\"justify\"><font size=\"2\">La organizaci&#243;n agraria ASAJA ve con preocupaci&#243;n el futuro del vacuno de leche en la regi&#243;n, amenazado por una nueva bajada de precios que ya han anunciado de forma unilateral las principales industrias del pa&#237;s. Tras una ligera recuperaci&#243;n de los precios iniciada en los &#250;ltimos meses del a&#241;o pasado, de nuevo se anuncian descensos, a pesar de que en estos momentos no hay excedentes de leche en el mercado por el mayor control de las cuotas. \u00abEsto quiere decir &#8211;apunta la OPA&#8211; que el &#250;nico objetivo de la bajada de precios es aumentar los m&#225;rgenes comerciales de las empresas, repercutiendo en el sector primario los efectos negativos derivados de las situaci&#243;n de dominio de las grandes superficies\u00bb. <\/font>\n<\/p>\n<p align=\"justify\"><font size=\"2\">De nuevo los ganaderos de Castilla y Le&#243;n, que han hecho enormes inversiones tanto en instalaciones y ganado como en la compra de derechos de producci&#243;n, ven caer sus rentas por una bajada de precios decidida de forma unilateral por la industria, en un momento en el que adem&#225;s se est&#225;n pagando los piensos y forrajes a los precios m&#225;s altos de la historia. <\/font>\n<\/p>\n<p align=\"justify\"><font size=\"2\">La organizaci&#243;n agraria ASAJA exige a Urcacyl, como representante de las cooperativas que comercializan la mayor&#237;a de la leche de vaca de Castilla y Le&#243;n, que lidere un movimiento de protesta en el que todas las organizaciones agrarias, entre ellas ASAJA, apoyen a las cooperativas de comercializaci&#243;n en sus leg&#237;timas reivindicaciones. ASAJA entiende que tienen que ser las cooperativas de comercializaci&#243;n las que abanderen un movimiento de protesta contra las industrias y la gran distribuci&#243;n, al tratarse de un problema de precios, y por tanto de su competencia. Hay que recordar que en los m&#225;s de media docena de actos reivindicativos importantes del sector l&#225;cteo llevados a cabo el pasado a&#241;o, las cooperativas fueron las protagonistas, y contaron con el apoyo de las tres organizaciones agrarias, actos que parad&#243;jicamente no apoy&#243; Urcacyl, salvo a &#250;ltima hora y de forma t&#237;mida. <\/font>\n<\/p>\n<p align=\"justify\"><font size=\"2\">En Castilla y Le&#243;n se producen unos 850 millones de litros de leche al a&#241;o, en unas 4.400 explotaciones. El sector se ha profesionalizado mucho en los &#250;ltimos a&#241;os, por lo que, hoy por hoy, la nuestra es una de las regiones espa&#241;olas m&#225;s eficientes en la producci&#243;n l&#225;ctea. <\/font>\n<\/p>\n<p align=\"justify\"><font size=\"2\"><\/font>\n<\/p>\n<p align=\"right\"><font size=\"2\">&#160;&#160; Le&#243;n a 12 de Abril de 2004<\/font><\/p>\n","protected":false},"excerpt":{"rendered":"<p>Con esta situaci&#243;n, injustificada en un momento en el que no existen excedentes, las empresas quieren incrementar sus m&#225;rgenes comerciales.<\/p>\n","protected":false},"author":3,"featured_media":8174,"comment_status":"open","ping_status":"open","sticky":false,"template":"","format":"standard","meta":{"footnotes":""},"categories":[4,9],"tags":[],"yoast_head":"<!-- This site is optimized with the Yoast SEO plugin v24.5 - https:\/\/yoast.com\/wordpress\/plugins\/seo\/ -->\n<title>ASAJA PIDE A URCACYL QUE LIDERE LA RESPUESTA DE LOS GANADEROS A LA BAJADA DEL PRECIO DE LA LECHE - ASAJA Le\u00f3n<\/title>\n<meta name=\"description\" content=\"Con esta situaci&#243;n, injustificada en un momento en el que no existen excedentes, las empresas quieren incrementar sus m&#225;rgenes comerciales.\" \/>\n<meta name=\"robots\" content=\"index, follow, max-snippet:-1, max-image-preview:large, max-video-preview:-1\" \/>\n<link rel=\"canonical\" href=\"https:\/\/www.asajacyl.com\/leon\/asaja-leon-informa\/asaja-pide-a-urcacyl-que-lidere-la-respuesta-de-los-ganaderos-a-la-bajada-del-precio-de-la-leche\" \/>\n<meta property=\"og:locale\" content=\"es_ES\" \/>\n<meta property=\"og:type\" content=\"article\" \/>\n<meta property=\"og:title\" content=\"ASAJA PIDE A URCACYL QUE LIDERE LA RESPUESTA DE LOS GANADEROS A LA BAJADA DEL PRECIO DE LA LECHE - ASAJA Le\u00f3n\" \/>\n<meta property=\"og:description\" content=\"Con esta situaci&#243;n, injustificada en un momento en el que no existen excedentes, las empresas quieren incrementar sus m&#225;rgenes comerciales.\" \/>\n<meta property=\"og:url\" content=\"https:\/\/www.asajacyl.com\/leon\/asaja-leon-informa\/asaja-pide-a-urcacyl-que-lidere-la-respuesta-de-los-ganaderos-a-la-bajada-del-precio-de-la-leche\" \/>\n<meta property=\"og:site_name\" content=\"ASAJA Le\u00f3n\" \/>\n<meta property=\"article:published_time\" content=\"2004-04-11T22:00:00+00:00\" \/>\n<meta property=\"og:image\" content=\"https:\/\/www.asajacyl.com\/leon\/wp-content\/uploads\/sites\/6\/2017\/11\/im_predefinida_1920x1080.jpg\" \/>\n\t<meta property=\"og:image:width\" content=\"1920\" \/>\n\t<meta property=\"og:image:height\" content=\"1080\" \/>\n\t<meta property=\"og:image:type\" content=\"image\/jpeg\" \/>\n<meta name=\"author\" content=\"Editor\" \/>\n<meta name=\"twitter:card\" content=\"summary_large_image\" \/>\n<meta name=\"twitter:label1\" content=\"Escrito por\" \/>\n\t<meta name=\"twitter:data1\" content=\"Editor\" \/>\n\t<meta name=\"twitter:label2\" content=\"Tiempo de lectura\" \/>\n\t<meta name=\"twitter:data2\" content=\"2 minutos\" \/>\n<script type=\"application\/ld+json\" class=\"yoast-schema-graph\">{\"@context\":\"https:\/\/schema.org\",\"@graph\":[{\"@type\":\"WebPage\",\"@id\":\"https:\/\/www.asajacyl.com\/leon\/asaja-leon-informa\/asaja-pide-a-urcacyl-que-lidere-la-respuesta-de-los-ganaderos-a-la-bajada-del-precio-de-la-leche\",\"url\":\"https:\/\/www.asajacyl.com\/leon\/asaja-leon-informa\/asaja-pide-a-urcacyl-que-lidere-la-respuesta-de-los-ganaderos-a-la-bajada-del-precio-de-la-leche\",\"name\":\"ASAJA PIDE A URCACYL QUE LIDERE LA RESPUESTA DE LOS GANADEROS A LA BAJADA DEL PRECIO DE LA LECHE - ASAJA Le\u00f3n\",\"isPartOf\":{\"@id\":\"https:\/\/www.asajacyl.com\/leon\/#website\"},\"primaryImageOfPage\":{\"@id\":\"https:\/\/www.asajacyl.com\/leon\/asaja-leon-informa\/asaja-pide-a-urcacyl-que-lidere-la-respuesta-de-los-ganaderos-a-la-bajada-del-precio-de-la-leche#primaryimage\"},\"image\":{\"@id\":\"https:\/\/www.asajacyl.com\/leon\/asaja-leon-informa\/asaja-pide-a-urcacyl-que-lidere-la-respuesta-de-los-ganaderos-a-la-bajada-del-precio-de-la-leche#primaryimage\"},\"thumbnailUrl\":\"https:\/\/www.asajacyl.com\/leon\/wp-content\/uploads\/sites\/6\/2017\/11\/im_predefinida_1920x1080.jpg\",\"datePublished\":\"2004-04-11T22:00:00+00:00\",\"author\":{\"@id\":\"https:\/\/www.asajacyl.com\/leon\/#\/schema\/person\/7e884476cee132331142e8ac9689f20c\"},\"description\":\"Con esta situaci&#243;n, injustificada en un momento en el que no existen excedentes, las empresas quieren incrementar sus m&#225;rgenes comerciales.\",\"breadcrumb\":{\"@id\":\"https:\/\/www.asajacyl.com\/leon\/asaja-leon-informa\/asaja-pide-a-urcacyl-que-lidere-la-respuesta-de-los-ganaderos-a-la-bajada-del-precio-de-la-leche#breadcrumb\"},\"inLanguage\":\"es\",\"potentialAction\":[{\"@type\":\"ReadAction\",\"target\":[\"https:\/\/www.asajacyl.com\/leon\/asaja-leon-informa\/asaja-pide-a-urcacyl-que-lidere-la-respuesta-de-los-ganaderos-a-la-bajada-del-precio-de-la-leche\"]}]},{\"@type\":\"ImageObject\",\"inLanguage\":\"es\",\"@id\":\"https:\/\/www.asajacyl.com\/leon\/asaja-leon-informa\/asaja-pide-a-urcacyl-que-lidere-la-respuesta-de-los-ganaderos-a-la-bajada-del-precio-de-la-leche#primaryimage\",\"url\":\"https:\/\/www.asajacyl.com\/leon\/wp-content\/uploads\/sites\/6\/2017\/11\/im_predefinida_1920x1080.jpg\",\"contentUrl\":\"https:\/\/www.asajacyl.com\/leon\/wp-content\/uploads\/sites\/6\/2017\/11\/im_predefinida_1920x1080.jpg\",\"width\":1920,\"height\":1080,\"caption\":\"Logotipo ASAJA Le\u00f3n\"},{\"@type\":\"BreadcrumbList\",\"@id\":\"https:\/\/www.asajacyl.com\/leon\/asaja-leon-informa\/asaja-pide-a-urcacyl-que-lidere-la-respuesta-de-los-ganaderos-a-la-bajada-del-precio-de-la-leche#breadcrumb\",\"itemListElement\":[{\"@type\":\"ListItem\",\"position\":1,\"name\":\"Portada\",\"item\":\"https:\/\/www.asajacyl.com\/leon\/\"},{\"@type\":\"ListItem\",\"position\":2,\"name\":\"ASAJA PIDE A URCACYL QUE LIDERE LA RESPUESTA DE LOS GANADEROS A LA BAJADA DEL PRECIO DE LA LECHE\"}]},{\"@type\":\"WebSite\",\"@id\":\"https:\/\/www.asajacyl.com\/leon\/#website\",\"url\":\"https:\/\/www.asajacyl.com\/leon\/\",\"name\":\"ASAJA Le\u00f3n\",\"description\":\"Otro sitio m\u00e1s de Provincias ASAJA Castilla y Le\u00f3n\",\"potentialAction\":[{\"@type\":\"SearchAction\",\"target\":{\"@type\":\"EntryPoint\",\"urlTemplate\":\"https:\/\/www.asajacyl.com\/leon\/?s={search_term_string}\"},\"query-input\":{\"@type\":\"PropertyValueSpecification\",\"valueRequired\":true,\"valueName\":\"search_term_string\"}}],\"inLanguage\":\"es\"},{\"@type\":\"Person\",\"@id\":\"https:\/\/www.asajacyl.com\/leon\/#\/schema\/person\/7e884476cee132331142e8ac9689f20c\",\"name\":\"Editor\",\"image\":{\"@type\":\"ImageObject\",\"inLanguage\":\"es\",\"@id\":\"https:\/\/www.asajacyl.com\/leon\/#\/schema\/person\/image\/\",\"url\":\"https:\/\/secure.gravatar.com\/avatar\/a2ef43c165669686cfcfb0e1ffa59869?s=96&d=mm&r=g\",\"contentUrl\":\"https:\/\/secure.gravatar.com\/avatar\/a2ef43c165669686cfcfb0e1ffa59869?s=96&d=mm&r=g\",\"caption\":\"Editor\"},\"url\":\"https:\/\/www.asajacyl.com\/leon\/author\/oscargg\"}]}<\/script>\n<!-- \/ Yoast SEO plugin. -->","yoast_head_json":{"title":"ASAJA PIDE A URCACYL QUE LIDERE LA RESPUESTA DE LOS GANADEROS A LA BAJADA DEL PRECIO DE LA LECHE - ASAJA Le\u00f3n","description":"Con esta situaci&#243;n, injustificada en un momento en el que no existen excedentes, las empresas quieren incrementar sus m&#225;rgenes comerciales.","robots":{"index":"index","follow":"follow","max-snippet":"max-snippet:-1","max-image-preview":"max-image-preview:large","max-video-preview":"max-video-preview:-1"},"canonical":"https:\/\/www.asajacyl.com\/leon\/asaja-leon-informa\/asaja-pide-a-urcacyl-que-lidere-la-respuesta-de-los-ganaderos-a-la-bajada-del-precio-de-la-leche","og_locale":"es_ES","og_type":"article","og_title":"ASAJA PIDE A URCACYL QUE LIDERE LA RESPUESTA DE LOS GANADEROS A LA BAJADA DEL PRECIO DE LA LECHE - ASAJA Le\u00f3n","og_description":"Con esta situaci&#243;n, injustificada en un momento en el que no existen excedentes, las empresas quieren incrementar sus m&#225;rgenes comerciales.","og_url":"https:\/\/www.asajacyl.com\/leon\/asaja-leon-informa\/asaja-pide-a-urcacyl-que-lidere-la-respuesta-de-los-ganaderos-a-la-bajada-del-precio-de-la-leche","og_site_name":"ASAJA Le\u00f3n","article_published_time":"2004-04-11T22:00:00+00:00","og_image":[{"width":1920,"height":1080,"url":"https:\/\/www.asajacyl.com\/leon\/wp-content\/uploads\/sites\/6\/2017\/11\/im_predefinida_1920x1080.jpg","type":"image\/jpeg"}],"author":"Editor","twitter_card":"summary_large_image","twitter_misc":{"Escrito por":"Editor","Tiempo de lectura":"2 minutos"},"schema":{"@context":"https:\/\/schema.org","@graph":[{"@type":"WebPage","@id":"https:\/\/www.asajacyl.com\/leon\/asaja-leon-informa\/asaja-pide-a-urcacyl-que-lidere-la-respuesta-de-los-ganaderos-a-la-bajada-del-precio-de-la-leche","url":"https:\/\/www.asajacyl.com\/leon\/asaja-leon-informa\/asaja-pide-a-urcacyl-que-lidere-la-respuesta-de-los-ganaderos-a-la-bajada-del-precio-de-la-leche","name":"ASAJA PIDE A URCACYL QUE LIDERE LA RESPUESTA DE LOS GANADEROS A LA BAJADA DEL PRECIO DE LA LECHE - ASAJA Le\u00f3n","isPartOf":{"@id":"https:\/\/www.asajacyl.com\/leon\/#website"},"primaryImageOfPage":{"@id":"https:\/\/www.asajacyl.com\/leon\/asaja-leon-informa\/asaja-pide-a-urcacyl-que-lidere-la-respuesta-de-los-ganaderos-a-la-bajada-del-precio-de-la-leche#primaryimage"},"image":{"@id":"https:\/\/www.asajacyl.com\/leon\/asaja-leon-informa\/asaja-pide-a-urcacyl-que-lidere-la-respuesta-de-los-ganaderos-a-la-bajada-del-precio-de-la-leche#primaryimage"},"thumbnailUrl":"https:\/\/www.asajacyl.com\/leon\/wp-content\/uploads\/sites\/6\/2017\/11\/im_predefinida_1920x1080.jpg","datePublished":"2004-04-11T22:00:00+00:00","author":{"@id":"https:\/\/www.asajacyl.com\/leon\/#\/schema\/person\/7e884476cee132331142e8ac9689f20c"},"description":"Con esta situaci&#243;n, injustificada en un momento en el que no existen excedentes, las empresas quieren incrementar sus m&#225;rgenes comerciales.","breadcrumb":{"@id":"https:\/\/www.asajacyl.com\/leon\/asaja-leon-informa\/asaja-pide-a-urcacyl-que-lidere-la-respuesta-de-los-ganaderos-a-la-bajada-del-precio-de-la-leche#breadcrumb"},"inLanguage":"es","potentialAction":[{"@type":"ReadAction","target":["https:\/\/www.asajacyl.com\/leon\/asaja-leon-informa\/asaja-pide-a-urcacyl-que-lidere-la-respuesta-de-los-ganaderos-a-la-bajada-del-precio-de-la-leche"]}]},{"@type":"ImageObject","inLanguage":"es","@id":"https:\/\/www.asajacyl.com\/leon\/asaja-leon-informa\/asaja-pide-a-urcacyl-que-lidere-la-respuesta-de-los-ganaderos-a-la-bajada-del-precio-de-la-leche#primaryimage","url":"https:\/\/www.asajacyl.com\/leon\/wp-content\/uploads\/sites\/6\/2017\/11\/im_predefinida_1920x1080.jpg","contentUrl":"https:\/\/www.asajacyl.com\/leon\/wp-content\/uploads\/sites\/6\/2017\/11\/im_predefinida_1920x1080.jpg","width":1920,"height":1080,"caption":"Logotipo ASAJA Le\u00f3n"},{"@type":"BreadcrumbList","@id":"https:\/\/www.asajacyl.com\/leon\/asaja-leon-informa\/asaja-pide-a-urcacyl-que-lidere-la-respuesta-de-los-ganaderos-a-la-bajada-del-precio-de-la-leche#breadcrumb","itemListElement":[{"@type":"ListItem","position":1,"name":"Portada","item":"https:\/\/www.asajacyl.com\/leon\/"},{"@type":"ListItem","position":2,"name":"ASAJA PIDE A URCACYL QUE LIDERE LA RESPUESTA DE LOS GANADEROS A LA BAJADA DEL PRECIO DE LA LECHE"}]},{"@type":"WebSite","@id":"https:\/\/www.asajacyl.com\/leon\/#website","url":"https:\/\/www.asajacyl.com\/leon\/","name":"ASAJA Le\u00f3n","description":"Otro sitio m\u00e1s de Provincias ASAJA Castilla y Le\u00f3n","potentialAction":[{"@type":"SearchAction","target":{"@type":"EntryPoint","urlTemplate":"https:\/\/www.asajacyl.com\/leon\/?s={search_term_string}"},"query-input":{"@type":"PropertyValueSpecification","valueRequired":true,"valueName":"search_term_string"}}],"inLanguage":"es"},{"@type":"Person","@id":"https:\/\/www.asajacyl.com\/leon\/#\/schema\/person\/7e884476cee132331142e8ac9689f20c","name":"Editor","image":{"@type":"ImageObject","inLanguage":"es","@id":"https:\/\/www.asajacyl.com\/leon\/#\/schema\/person\/image\/","url":"https:\/\/secure.gravatar.com\/avatar\/a2ef43c165669686cfcfb0e1ffa59869?s=96&d=mm&r=g","contentUrl":"https:\/\/secure.gravatar.com\/avatar\/a2ef43c165669686cfcfb0e1ffa59869?s=96&d=mm&r=g","caption":"Editor"},"url":"https:\/\/www.asajacyl.com\/leon\/author\/oscargg"}]}},"_links":{"self":[{"href":"https:\/\/www.asajacyl.com\/leon\/wp-json\/wp\/v2\/posts\/8034"}],"collection":[{"href":"https:\/\/www.asajacyl.com\/leon\/wp-json\/wp\/v2\/posts"}],"about":[{"href":"https:\/\/www.asajacyl.com\/leon\/wp-json\/wp\/v2\/types\/post"}],"author":[{"embeddable":true,"href":"https:\/\/www.asajacyl.com\/leon\/wp-json\/wp\/v2\/users\/3"}],"replies":[{"embeddable":true,"href":"https:\/\/www.asajacyl.com\/leon\/wp-json\/wp\/v2\/comments?post=8034"}],"version-history":[{"count":0,"href":"https:\/\/www.asajacyl.com\/leon\/wp-json\/wp\/v2\/posts\/8034\/revisions"}],"wp:featuredmedia":[{"embeddable":true,"href":"https:\/\/www.asajacyl.com\/leon\/wp-json\/wp\/v2\/media\/8174"}],"wp:attachment":[{"href":"https:\/\/www.asajacyl.com\/leon\/wp-json\/wp\/v2\/media?parent=8034"}],"wp:term":[{"taxonomy":"category","embeddable":true,"href":"https:\/\/www.asajacyl.com\/leon\/wp-json\/wp\/v2\/categories?post=8034"},{"taxonomy":"post_tag","embeddable":true,"href":"https:\/\/www.asajacyl.com\/leon\/wp-json\/wp\/v2\/tags?post=8034"}],"curies":[{"name":"wp","href":"https:\/\/api.w.org\/{rel}","templated":true}]}}