{"id":8039,"date":"2004-03-26T00:00:00","date_gmt":"2004-03-25T23:00:00","guid":{"rendered":"http:\/\/www.asajacyl.com\/leon\/sin-categoria\/asaja-no-acepta-los-argumentos-de-la-industria-para-bajar-el-precio-de-la-leche"},"modified":"2004-03-26T00:00:00","modified_gmt":"2004-03-25T23:00:00","slug":"asaja-no-acepta-los-argumentos-de-la-industria-para-bajar-el-precio-de-la-leche","status":"publish","type":"post","link":"https:\/\/www.asajacyl.com\/leon\/asaja-leon-informa\/asaja-no-acepta-los-argumentos-de-la-industria-para-bajar-el-precio-de-la-leche","title":{"rendered":"ASAJA NO ACEPTA LOS ARGUMENTOS DE LA INDUSTRIA PARA BAJAR EL PRECIO DE LA LECHE"},"content":{"rendered":"<h2>Las protestas de esta semana ante PULEVA en C&#225;diz y DANONE en Navarra pueden continuar y generalizarse en los pr&#243;ximos d&#237;as si las industrias no reconsideran sus pol&#237;ticas de precios a la baja<\/h2>\n<p align=\"center\"><font size=\"2\"><strong>Las protestas de esta semana ante PULEVA en C&#225;diz y DANONE en Navarra pueden continuar y generalizarse en los pr&#243;ximos d&#237;as si las industrias no reconsideran sus pol&#237;ticas de precios a la baja<\/strong> <\/font>\n<\/p>\n<p align=\"center\"><font size=\"2\"><\/font>\n<\/p>\n<p align=\"center\"><font size=\"2\"><strong><font color=\"#009900\">ASAJA NO ACEPTA LOS ARGUMENTOS DE LA INDUSTRIA PARA BAJAR EL PRECIO DE LA LECHE<\/font><\/strong> <\/font>\n<\/p>\n<p align=\"justify\"><font size=\"2\"><\/font>\n<\/p>\n<p align=\"justify\"><font size=\"2\">Madrid, 26 de marzo de 2004.- Algunas industrias l&#225;cteas como Puleva y Danone ya han anunciado bajadas de precios de 0,012 euros\/kg para las compras de leche que realicen a los ganaderos en el mes de abril. Estas bajadas de precios, que no tendr&#237;an porqu&#233; ser generalizadas en todas las industrias ni tampoco uniformes en las distintas zonas productoras, son en cualquier caso muy preocupantes y complican a&#250;n mas la delicada situaci&#243;n que viven los ganaderos de leche. <\/font>\n<\/p>\n<p align=\"justify\"><font size=\"2\"><\/font>\n<\/p>\n<p align=\"justify\"><font size=\"2\">Ante el anuncio por parte de algunas industrias l&#225;cteas de una bajada del precio de la leche a los ganaderos a partir del pr&#243;ximo mes de abril, ASAJA considera que si bien es normal, hasta cierto punto, que haya una mayor oferta de leche en primavera, acompa&#241;ada de unos precios mas bajos, debido a la estacionalidad de la producci&#243;n l&#225;ctea, en esta campa&#241;a se dan una serie de circunstancias que hacen que no este justificado dicho anuncio. <\/font>\n<\/p>\n<p align=\"justify\"><font size=\"2\"><\/font>\n<\/p>\n<p align=\"justify\"><font size=\"2\">El pr&#243;ximo d&#237;a 1 de abril, fecha en que da comienzo la nueva campa&#241;a de leche, entrar&#225; en vigor un amplio paquete normativo que incluye las medidas destinadas al control de la tasa l&#225;ctea, el nuevo r&#233;gimen de sanciones y el programa de trazabilidad de la leche. La aplicaci&#243;n de todas &#233;stas medidas tendr&#225; como consecuencia fundamental la desaparici&#243;n de la leche no declarada y esto repercutir&#225; en una menor cantidad de leche que ofertar a la industria, factor esencial para que haya una mayor estabilidad en los precios de la leche. <\/font>\n<\/p>\n<p align=\"justify\"><font size=\"2\"><\/font>\n<\/p>\n<p align=\"justify\"><font size=\"2\">Estas circunstancias, unidas a la dif&#237;cil situaci&#243;n por la que atraviesan los productores, que han visto incrementados notablemente los costes de producci&#243;n como consecuencia del encarecimiento de la alimentaci&#243;n animal, hacen que las bajadas de precios anunciadas resulten injustificadas, adem&#225;s de claramente irresponsables, ya que colocan a muchos productores en una situaci&#243;n cr&#237;tica, al borde de la desaparici&#243;n. <\/font>\n<\/p>\n<p align=\"justify\"><font size=\"2\"><\/font>\n<\/p>\n<p align=\"justify\"><font size=\"2\">En este sentido, hay que recordar que desde el comienzo del a&#241;o 2003 han desaparecido en Espa&#241;a 3.000 explotaciones de ganado de leche, de 41.000 ganaderos hemos pasado a tener 37.000, y las perspectivas para el futuro no mejoraran con pol&#237;ticas de precios como las que practican algunas de nuestras industrias l&#225;cteas. <\/font>\n<\/p>\n<p align=\"justify\"><font size=\"2\"><\/font>\n<\/p>\n<p align=\"justify\"><font size=\"2\">ASAJA quiere hacer un llamamiento a todas las industrias l&#225;cteas para que sopesen muy bien sus decisiones antes de aplicar eventuales bajadas de precios que si bien contribuir&#237;an a mejorar sus cuentas de resultados tambi&#233;n podr&#237;an resultar letales para muchos de sus proveedores de leche. <\/font><\/p>\n","protected":false},"excerpt":{"rendered":"<p>Las protestas de esta semana ante PULEVA en C&#225;diz y DANONE en Navarra pueden continuar y generalizarse en los pr&#243;ximos d&#237;as si las industrias no reconsideran sus pol&#237;ticas de precios a la baja<\/p>\n","protected":false},"author":3,"featured_media":8174,"comment_status":"open","ping_status":"open","sticky":false,"template":"","format":"standard","meta":{"footnotes":""},"categories":[4,9],"tags":[],"yoast_head":"<!-- This site is optimized with the Yoast SEO plugin v24.5 - https:\/\/yoast.com\/wordpress\/plugins\/seo\/ -->\n<title>ASAJA NO ACEPTA LOS ARGUMENTOS DE LA INDUSTRIA PARA BAJAR EL PRECIO DE LA LECHE - ASAJA Le\u00f3n<\/title>\n<meta name=\"description\" content=\"Las protestas de esta semana ante PULEVA en C&#225;diz y DANONE en Navarra pueden continuar y generalizarse en los pr&#243;ximos d&#237;as si las industrias no reconsideran sus pol&#237;ticas de precios a la baja\" \/>\n<meta name=\"robots\" content=\"index, follow, max-snippet:-1, max-image-preview:large, max-video-preview:-1\" \/>\n<link rel=\"canonical\" href=\"https:\/\/www.asajacyl.com\/leon\/asaja-leon-informa\/asaja-no-acepta-los-argumentos-de-la-industria-para-bajar-el-precio-de-la-leche\" \/>\n<meta property=\"og:locale\" content=\"es_ES\" \/>\n<meta property=\"og:type\" content=\"article\" \/>\n<meta property=\"og:title\" content=\"ASAJA NO ACEPTA LOS ARGUMENTOS DE LA INDUSTRIA PARA BAJAR EL PRECIO DE LA LECHE - ASAJA Le\u00f3n\" \/>\n<meta property=\"og:description\" content=\"Las protestas de esta semana ante PULEVA en C&#225;diz y DANONE en Navarra pueden continuar y generalizarse en los pr&#243;ximos d&#237;as si las industrias no reconsideran sus pol&#237;ticas de precios a la baja\" \/>\n<meta property=\"og:url\" content=\"https:\/\/www.asajacyl.com\/leon\/asaja-leon-informa\/asaja-no-acepta-los-argumentos-de-la-industria-para-bajar-el-precio-de-la-leche\" \/>\n<meta property=\"og:site_name\" content=\"ASAJA Le\u00f3n\" \/>\n<meta property=\"article:published_time\" content=\"2004-03-25T23:00:00+00:00\" \/>\n<meta property=\"og:image\" content=\"https:\/\/www.asajacyl.com\/leon\/wp-content\/uploads\/sites\/6\/2017\/11\/im_predefinida_1920x1080.jpg\" \/>\n\t<meta property=\"og:image:width\" content=\"1920\" \/>\n\t<meta property=\"og:image:height\" content=\"1080\" \/>\n\t<meta property=\"og:image:type\" content=\"image\/jpeg\" \/>\n<meta name=\"author\" content=\"Editor\" \/>\n<meta name=\"twitter:card\" content=\"summary_large_image\" \/>\n<meta name=\"twitter:label1\" content=\"Escrito por\" \/>\n\t<meta name=\"twitter:data1\" content=\"Editor\" \/>\n\t<meta name=\"twitter:label2\" content=\"Tiempo de lectura\" \/>\n\t<meta name=\"twitter:data2\" content=\"3 minutos\" \/>\n<script type=\"application\/ld+json\" class=\"yoast-schema-graph\">{\"@context\":\"https:\/\/schema.org\",\"@graph\":[{\"@type\":\"WebPage\",\"@id\":\"https:\/\/www.asajacyl.com\/leon\/asaja-leon-informa\/asaja-no-acepta-los-argumentos-de-la-industria-para-bajar-el-precio-de-la-leche\",\"url\":\"https:\/\/www.asajacyl.com\/leon\/asaja-leon-informa\/asaja-no-acepta-los-argumentos-de-la-industria-para-bajar-el-precio-de-la-leche\",\"name\":\"ASAJA NO ACEPTA LOS ARGUMENTOS DE LA INDUSTRIA PARA BAJAR EL PRECIO DE LA LECHE - ASAJA Le\u00f3n\",\"isPartOf\":{\"@id\":\"https:\/\/www.asajacyl.com\/leon\/#website\"},\"primaryImageOfPage\":{\"@id\":\"https:\/\/www.asajacyl.com\/leon\/asaja-leon-informa\/asaja-no-acepta-los-argumentos-de-la-industria-para-bajar-el-precio-de-la-leche#primaryimage\"},\"image\":{\"@id\":\"https:\/\/www.asajacyl.com\/leon\/asaja-leon-informa\/asaja-no-acepta-los-argumentos-de-la-industria-para-bajar-el-precio-de-la-leche#primaryimage\"},\"thumbnailUrl\":\"https:\/\/www.asajacyl.com\/leon\/wp-content\/uploads\/sites\/6\/2017\/11\/im_predefinida_1920x1080.jpg\",\"datePublished\":\"2004-03-25T23:00:00+00:00\",\"author\":{\"@id\":\"https:\/\/www.asajacyl.com\/leon\/#\/schema\/person\/7e884476cee132331142e8ac9689f20c\"},\"description\":\"Las protestas de esta semana ante PULEVA en C&#225;diz y DANONE en Navarra pueden continuar y generalizarse en los pr&#243;ximos d&#237;as si las industrias no reconsideran sus pol&#237;ticas de precios a la baja\",\"breadcrumb\":{\"@id\":\"https:\/\/www.asajacyl.com\/leon\/asaja-leon-informa\/asaja-no-acepta-los-argumentos-de-la-industria-para-bajar-el-precio-de-la-leche#breadcrumb\"},\"inLanguage\":\"es\",\"potentialAction\":[{\"@type\":\"ReadAction\",\"target\":[\"https:\/\/www.asajacyl.com\/leon\/asaja-leon-informa\/asaja-no-acepta-los-argumentos-de-la-industria-para-bajar-el-precio-de-la-leche\"]}]},{\"@type\":\"ImageObject\",\"inLanguage\":\"es\",\"@id\":\"https:\/\/www.asajacyl.com\/leon\/asaja-leon-informa\/asaja-no-acepta-los-argumentos-de-la-industria-para-bajar-el-precio-de-la-leche#primaryimage\",\"url\":\"https:\/\/www.asajacyl.com\/leon\/wp-content\/uploads\/sites\/6\/2017\/11\/im_predefinida_1920x1080.jpg\",\"contentUrl\":\"https:\/\/www.asajacyl.com\/leon\/wp-content\/uploads\/sites\/6\/2017\/11\/im_predefinida_1920x1080.jpg\",\"width\":1920,\"height\":1080,\"caption\":\"Logotipo ASAJA Le\u00f3n\"},{\"@type\":\"BreadcrumbList\",\"@id\":\"https:\/\/www.asajacyl.com\/leon\/asaja-leon-informa\/asaja-no-acepta-los-argumentos-de-la-industria-para-bajar-el-precio-de-la-leche#breadcrumb\",\"itemListElement\":[{\"@type\":\"ListItem\",\"position\":1,\"name\":\"Portada\",\"item\":\"https:\/\/www.asajacyl.com\/leon\/\"},{\"@type\":\"ListItem\",\"position\":2,\"name\":\"ASAJA NO ACEPTA LOS ARGUMENTOS DE LA INDUSTRIA PARA BAJAR EL PRECIO DE LA LECHE\"}]},{\"@type\":\"WebSite\",\"@id\":\"https:\/\/www.asajacyl.com\/leon\/#website\",\"url\":\"https:\/\/www.asajacyl.com\/leon\/\",\"name\":\"ASAJA Le\u00f3n\",\"description\":\"Otro sitio m\u00e1s de Provincias ASAJA Castilla y Le\u00f3n\",\"potentialAction\":[{\"@type\":\"SearchAction\",\"target\":{\"@type\":\"EntryPoint\",\"urlTemplate\":\"https:\/\/www.asajacyl.com\/leon\/?s={search_term_string}\"},\"query-input\":{\"@type\":\"PropertyValueSpecification\",\"valueRequired\":true,\"valueName\":\"search_term_string\"}}],\"inLanguage\":\"es\"},{\"@type\":\"Person\",\"@id\":\"https:\/\/www.asajacyl.com\/leon\/#\/schema\/person\/7e884476cee132331142e8ac9689f20c\",\"name\":\"Editor\",\"image\":{\"@type\":\"ImageObject\",\"inLanguage\":\"es\",\"@id\":\"https:\/\/www.asajacyl.com\/leon\/#\/schema\/person\/image\/\",\"url\":\"https:\/\/secure.gravatar.com\/avatar\/a2ef43c165669686cfcfb0e1ffa59869?s=96&d=mm&r=g\",\"contentUrl\":\"https:\/\/secure.gravatar.com\/avatar\/a2ef43c165669686cfcfb0e1ffa59869?s=96&d=mm&r=g\",\"caption\":\"Editor\"},\"url\":\"https:\/\/www.asajacyl.com\/leon\/author\/oscargg\"}]}<\/script>\n<!-- \/ Yoast SEO plugin. -->","yoast_head_json":{"title":"ASAJA NO ACEPTA LOS ARGUMENTOS DE LA INDUSTRIA PARA BAJAR EL PRECIO DE LA LECHE - ASAJA Le\u00f3n","description":"Las protestas de esta semana ante PULEVA en C&#225;diz y DANONE en Navarra pueden continuar y generalizarse en los pr&#243;ximos d&#237;as si las industrias no reconsideran sus pol&#237;ticas de precios a la baja","robots":{"index":"index","follow":"follow","max-snippet":"max-snippet:-1","max-image-preview":"max-image-preview:large","max-video-preview":"max-video-preview:-1"},"canonical":"https:\/\/www.asajacyl.com\/leon\/asaja-leon-informa\/asaja-no-acepta-los-argumentos-de-la-industria-para-bajar-el-precio-de-la-leche","og_locale":"es_ES","og_type":"article","og_title":"ASAJA NO ACEPTA LOS ARGUMENTOS DE LA INDUSTRIA PARA BAJAR EL PRECIO DE LA LECHE - ASAJA Le\u00f3n","og_description":"Las protestas de esta semana ante PULEVA en C&#225;diz y DANONE en Navarra pueden continuar y generalizarse en los pr&#243;ximos d&#237;as si las industrias no reconsideran sus pol&#237;ticas de precios a la baja","og_url":"https:\/\/www.asajacyl.com\/leon\/asaja-leon-informa\/asaja-no-acepta-los-argumentos-de-la-industria-para-bajar-el-precio-de-la-leche","og_site_name":"ASAJA Le\u00f3n","article_published_time":"2004-03-25T23:00:00+00:00","og_image":[{"width":1920,"height":1080,"url":"https:\/\/www.asajacyl.com\/leon\/wp-content\/uploads\/sites\/6\/2017\/11\/im_predefinida_1920x1080.jpg","type":"image\/jpeg"}],"author":"Editor","twitter_card":"summary_large_image","twitter_misc":{"Escrito por":"Editor","Tiempo de lectura":"3 minutos"},"schema":{"@context":"https:\/\/schema.org","@graph":[{"@type":"WebPage","@id":"https:\/\/www.asajacyl.com\/leon\/asaja-leon-informa\/asaja-no-acepta-los-argumentos-de-la-industria-para-bajar-el-precio-de-la-leche","url":"https:\/\/www.asajacyl.com\/leon\/asaja-leon-informa\/asaja-no-acepta-los-argumentos-de-la-industria-para-bajar-el-precio-de-la-leche","name":"ASAJA NO ACEPTA LOS ARGUMENTOS DE LA INDUSTRIA PARA BAJAR EL PRECIO DE LA LECHE - ASAJA Le\u00f3n","isPartOf":{"@id":"https:\/\/www.asajacyl.com\/leon\/#website"},"primaryImageOfPage":{"@id":"https:\/\/www.asajacyl.com\/leon\/asaja-leon-informa\/asaja-no-acepta-los-argumentos-de-la-industria-para-bajar-el-precio-de-la-leche#primaryimage"},"image":{"@id":"https:\/\/www.asajacyl.com\/leon\/asaja-leon-informa\/asaja-no-acepta-los-argumentos-de-la-industria-para-bajar-el-precio-de-la-leche#primaryimage"},"thumbnailUrl":"https:\/\/www.asajacyl.com\/leon\/wp-content\/uploads\/sites\/6\/2017\/11\/im_predefinida_1920x1080.jpg","datePublished":"2004-03-25T23:00:00+00:00","author":{"@id":"https:\/\/www.asajacyl.com\/leon\/#\/schema\/person\/7e884476cee132331142e8ac9689f20c"},"description":"Las protestas de esta semana ante PULEVA en C&#225;diz y DANONE en Navarra pueden continuar y generalizarse en los pr&#243;ximos d&#237;as si las industrias no reconsideran sus pol&#237;ticas de precios a la baja","breadcrumb":{"@id":"https:\/\/www.asajacyl.com\/leon\/asaja-leon-informa\/asaja-no-acepta-los-argumentos-de-la-industria-para-bajar-el-precio-de-la-leche#breadcrumb"},"inLanguage":"es","potentialAction":[{"@type":"ReadAction","target":["https:\/\/www.asajacyl.com\/leon\/asaja-leon-informa\/asaja-no-acepta-los-argumentos-de-la-industria-para-bajar-el-precio-de-la-leche"]}]},{"@type":"ImageObject","inLanguage":"es","@id":"https:\/\/www.asajacyl.com\/leon\/asaja-leon-informa\/asaja-no-acepta-los-argumentos-de-la-industria-para-bajar-el-precio-de-la-leche#primaryimage","url":"https:\/\/www.asajacyl.com\/leon\/wp-content\/uploads\/sites\/6\/2017\/11\/im_predefinida_1920x1080.jpg","contentUrl":"https:\/\/www.asajacyl.com\/leon\/wp-content\/uploads\/sites\/6\/2017\/11\/im_predefinida_1920x1080.jpg","width":1920,"height":1080,"caption":"Logotipo ASAJA Le\u00f3n"},{"@type":"BreadcrumbList","@id":"https:\/\/www.asajacyl.com\/leon\/asaja-leon-informa\/asaja-no-acepta-los-argumentos-de-la-industria-para-bajar-el-precio-de-la-leche#breadcrumb","itemListElement":[{"@type":"ListItem","position":1,"name":"Portada","item":"https:\/\/www.asajacyl.com\/leon\/"},{"@type":"ListItem","position":2,"name":"ASAJA NO ACEPTA LOS ARGUMENTOS DE LA INDUSTRIA PARA BAJAR EL PRECIO DE LA LECHE"}]},{"@type":"WebSite","@id":"https:\/\/www.asajacyl.com\/leon\/#website","url":"https:\/\/www.asajacyl.com\/leon\/","name":"ASAJA Le\u00f3n","description":"Otro sitio m\u00e1s de Provincias ASAJA Castilla y Le\u00f3n","potentialAction":[{"@type":"SearchAction","target":{"@type":"EntryPoint","urlTemplate":"https:\/\/www.asajacyl.com\/leon\/?s={search_term_string}"},"query-input":{"@type":"PropertyValueSpecification","valueRequired":true,"valueName":"search_term_string"}}],"inLanguage":"es"},{"@type":"Person","@id":"https:\/\/www.asajacyl.com\/leon\/#\/schema\/person\/7e884476cee132331142e8ac9689f20c","name":"Editor","image":{"@type":"ImageObject","inLanguage":"es","@id":"https:\/\/www.asajacyl.com\/leon\/#\/schema\/person\/image\/","url":"https:\/\/secure.gravatar.com\/avatar\/a2ef43c165669686cfcfb0e1ffa59869?s=96&d=mm&r=g","contentUrl":"https:\/\/secure.gravatar.com\/avatar\/a2ef43c165669686cfcfb0e1ffa59869?s=96&d=mm&r=g","caption":"Editor"},"url":"https:\/\/www.asajacyl.com\/leon\/author\/oscargg"}]}},"_links":{"self":[{"href":"https:\/\/www.asajacyl.com\/leon\/wp-json\/wp\/v2\/posts\/8039"}],"collection":[{"href":"https:\/\/www.asajacyl.com\/leon\/wp-json\/wp\/v2\/posts"}],"about":[{"href":"https:\/\/www.asajacyl.com\/leon\/wp-json\/wp\/v2\/types\/post"}],"author":[{"embeddable":true,"href":"https:\/\/www.asajacyl.com\/leon\/wp-json\/wp\/v2\/users\/3"}],"replies":[{"embeddable":true,"href":"https:\/\/www.asajacyl.com\/leon\/wp-json\/wp\/v2\/comments?post=8039"}],"version-history":[{"count":0,"href":"https:\/\/www.asajacyl.com\/leon\/wp-json\/wp\/v2\/posts\/8039\/revisions"}],"wp:featuredmedia":[{"embeddable":true,"href":"https:\/\/www.asajacyl.com\/leon\/wp-json\/wp\/v2\/media\/8174"}],"wp:attachment":[{"href":"https:\/\/www.asajacyl.com\/leon\/wp-json\/wp\/v2\/media?parent=8039"}],"wp:term":[{"taxonomy":"category","embeddable":true,"href":"https:\/\/www.asajacyl.com\/leon\/wp-json\/wp\/v2\/categories?post=8039"},{"taxonomy":"post_tag","embeddable":true,"href":"https:\/\/www.asajacyl.com\/leon\/wp-json\/wp\/v2\/tags?post=8039"}],"curies":[{"name":"wp","href":"https:\/\/api.w.org\/{rel}","templated":true}]}}