{"id":8045,"date":"2004-03-02T00:00:00","date_gmt":"2004-03-01T23:00:00","guid":{"rendered":"http:\/\/www.asajacyl.com\/leon\/sin-categoria\/contrato-de-cultivos-energticos"},"modified":"2004-03-02T00:00:00","modified_gmt":"2004-03-01T23:00:00","slug":"contrato-de-cultivos-energticos","status":"publish","type":"post","link":"https:\/\/www.asajacyl.com\/leon\/asaja-leon-informa\/contrato-de-cultivos-energticos","title":{"rendered":"CONTRATO DE CULTIVOS ENERG&#201;TICOS"},"content":{"rendered":"<h2>Subvenci&#243;n, precios y plazos para la contrataci&#243;n de \u00abcultivos energ&#233;ticos\u00bb y \u00abcereal para biocarburantes en fincas de retirada\u00bb<\/h2>\n<p align=\"justify\"><font size=\"2\"><\/font>\n<\/p>\n<p align=\"center\"><font size=\"2\">&#160;<font color=\"#009900\">&#160;<\/font><\/font><b><font color=\"#009900\" size=\"2\">CONTRATO DE CULTIVOS ENERG&#201;TICOS<\/font><\/b><font size=\"2\"> <\/font>\n<\/p>\n<p align=\"justify\"><font size=\"2\"><\/font>\n<\/p>\n<p align=\"justify\"><font size=\"2\">&#160;&#160;<\/font><\/p>\n<ul><font face=\"Arial\"><\/p>\n<p align=\"justify\"><font size=\"2\"><\/font><\/p>\n<li>\n<div align=\"justify\"><font size=\"2\">Subvenci&#243;n: <\/font><b><font size=\"2\">45 euros por hect&#225;rea. <\/font><\/b><\/div>\n<p align=\"justify\">\n<\/li>\n<p><\/font><\/ul>\n<\/p>\n<p align=\"justify\"><font size=\"2\"><\/font><\/p>\n<ul>\n<p align=\"justify\"><font size=\"2\"><\/font><\/p>\n<li>\n<div align=\"justify\"><font size=\"2\">Precios del contrato: <\/font><\/div>\n<p align=\"justify\">\n<\/li>\n<\/ul>\n<p align=\"justify\"><font size=\"2\"><\/font><\/p>\n<ul>\n<\/ul>\n<ul>\n<p align=\"justify\"><font size=\"2\"><\/font><\/p>\n<li>\n<div align=\"justify\"><font size=\"2\">Cebada: 17 pesetas kilo m&#225;s el IVA. <\/font><\/div>\n<p align=\"justify\">\n<p align=\"justify\"><font size=\"2\"><\/font><\/p>\n<\/li>\n<li>\n<div align=\"justify\"><font size=\"2\">Trigo: 18,43 pesetas kilo m&#225;s el IVA. <\/font><\/div>\n<p align=\"justify\">\n<\/li>\n<\/ul>\n<p align=\"justify\"><font size=\"2\"><\/font><\/p>\n<ul>\n<p align=\"justify\"><font size=\"2\"><\/font><\/p>\n<li>\n<div align=\"justify\"><font size=\"2\">Contrata, factura y paga: Ecoagr&#237;cola, S.A. (Grupo Abengoa), siendo ASAJA agente para Le&#243;n. <\/font><\/div>\n<p align=\"justify\">\n<\/li>\n<\/ul>\n<p align=\"justify\"><font size=\"2\"><\/font><\/p>\n<ul>\n<p align=\"justify\"><font size=\"2\"><\/font><\/p>\n<li>\n<div align=\"justify\"><font size=\"2\">Fecha de pago: a los 180 d&#237;as de la entrega. <b><u>ASAJA adelanta el importe en el momento de la cosecha<\/u><\/b><\/font><font size=\"2\">, sin cobrar inter&#233;s alguno. <\/font><\/div>\n<p align=\"justify\">\n<\/li>\n<\/ul>\n<p align=\"justify\"><font size=\"2\"><\/font><\/p>\n<ul>\n<p align=\"justify\"><font size=\"2\"><\/font><\/p>\n<li>\n<div align=\"justify\"><font size=\"2\">Otras condiciones: entrega en almac&#233;n por cuenta del agricultor. <b><u>ASAJA asume el coste del transporte al almac&#233;n de destino<\/u><\/b><\/font><font size=\"2\">. <\/font><\/div>\n<p align=\"justify\">\n<\/li>\n<\/ul>\n<p align=\"justify\"><font size=\"2\"><\/font><\/p>\n<ul>\n<p align=\"justify\"><font size=\"2\"><\/font><\/p>\n<li>\n<div align=\"justify\"><font size=\"2\">Plazos: los contratos se hacen en ASAJA a la hora de tramitar el expediente de la PAC <\/font><\/div>\n<p align=\"justify\">\n<\/li>\n<\/ul>\n<p align=\"justify\"><font size=\"2\"><\/font>\n<\/p>\n<p align=\"justify\"><font size=\"2\">&#160;<\/font><b><font face=\"Arial\"><font size=\"2\"> <\/font><\/p>\n<p align=\"justify\"><font size=\"2\">CEREAL PARA BIOCARBURANTES EN FINCAS DE RETIRADA LIBRE O VOLUNTARIA:<\/font><\/p>\n<p><\/font><\/b><\/p>\n<p><font face=\"Arial\"><font size=\"2\"> <\/font><\/p>\n<p align=\"justify\"><font size=\"2\"><\/font><\/p>\n<ul>\n<p align=\"justify\"><font size=\"2\"><\/font><\/p>\n<li>\n<div align=\"justify\"><font size=\"2\">Contratos cebada: 17 pesetas kilo m&#225;s IVA. <\/font><\/div>\n<p align=\"justify\">\n<p align=\"justify\"><font size=\"2\"><\/font><\/p>\n<\/li>\n<li>\n<div align=\"justify\"><font size=\"2\">Contratos trigo: 17,50 pesetas kilo m&#225;s IVA. <\/font><\/div>\n<p align=\"justify\">\n<\/li>\n<\/ul>\n<p><\/font><font face=\"Arial\"><\/p>\n<p align=\"justify\"><font size=\"2\">( no se cobra la subvenci&#243;n de los 45 euros, y s&#237; la correspondiente a la retirada libre o voluntaria)<\/font><\/p>\n<p><\/font><\/p>\n","protected":false},"excerpt":{"rendered":"<p>Subvenci&#243;n, precios y plazos para la contrataci&#243;n de \u00abcultivos energ&#233;ticos\u00bb y \u00abcereal para biocarburantes en fincas de retirada\u00bb<\/p>\n","protected":false},"author":3,"featured_media":8174,"comment_status":"open","ping_status":"open","sticky":false,"template":"","format":"standard","meta":{"footnotes":""},"categories":[4,9],"tags":[],"yoast_head":"<!-- This site is optimized with the Yoast SEO plugin v24.5 - https:\/\/yoast.com\/wordpress\/plugins\/seo\/ -->\n<title>CONTRATO DE CULTIVOS ENERG&#201;TICOS - ASAJA Le\u00f3n<\/title>\n<meta name=\"description\" content=\"Subvenci&#243;n, precios y plazos para la contrataci&#243;n de &quot;cultivos energ&#233;ticos&quot; y &quot;cereal para biocarburantes en fincas de retirada&quot;\" \/>\n<meta name=\"robots\" content=\"index, follow, max-snippet:-1, max-image-preview:large, max-video-preview:-1\" \/>\n<link rel=\"canonical\" href=\"https:\/\/www.asajacyl.com\/leon\/asaja-leon-informa\/contrato-de-cultivos-energticos\" \/>\n<meta property=\"og:locale\" content=\"es_ES\" \/>\n<meta property=\"og:type\" content=\"article\" \/>\n<meta property=\"og:title\" content=\"CONTRATO DE CULTIVOS ENERG&#201;TICOS - ASAJA Le\u00f3n\" \/>\n<meta property=\"og:description\" content=\"Subvenci&#243;n, precios y plazos para la contrataci&#243;n de &quot;cultivos energ&#233;ticos&quot; y &quot;cereal para biocarburantes en fincas de retirada&quot;\" \/>\n<meta property=\"og:url\" content=\"https:\/\/www.asajacyl.com\/leon\/asaja-leon-informa\/contrato-de-cultivos-energticos\" \/>\n<meta property=\"og:site_name\" content=\"ASAJA Le\u00f3n\" \/>\n<meta property=\"article:published_time\" content=\"2004-03-01T23:00:00+00:00\" \/>\n<meta property=\"og:image\" content=\"https:\/\/www.asajacyl.com\/leon\/wp-content\/uploads\/sites\/6\/2017\/11\/im_predefinida_1920x1080.jpg\" \/>\n\t<meta property=\"og:image:width\" content=\"1920\" \/>\n\t<meta property=\"og:image:height\" content=\"1080\" \/>\n\t<meta property=\"og:image:type\" content=\"image\/jpeg\" \/>\n<meta name=\"author\" content=\"Editor\" \/>\n<meta name=\"twitter:card\" content=\"summary_large_image\" \/>\n<meta name=\"twitter:label1\" content=\"Escrito por\" \/>\n\t<meta name=\"twitter:data1\" content=\"Editor\" \/>\n\t<meta name=\"twitter:label2\" content=\"Tiempo de lectura\" \/>\n\t<meta name=\"twitter:data2\" content=\"1 minuto\" \/>\n<script type=\"application\/ld+json\" class=\"yoast-schema-graph\">{\"@context\":\"https:\/\/schema.org\",\"@graph\":[{\"@type\":\"WebPage\",\"@id\":\"https:\/\/www.asajacyl.com\/leon\/asaja-leon-informa\/contrato-de-cultivos-energticos\",\"url\":\"https:\/\/www.asajacyl.com\/leon\/asaja-leon-informa\/contrato-de-cultivos-energticos\",\"name\":\"CONTRATO DE CULTIVOS ENERG&#201;TICOS - ASAJA Le\u00f3n\",\"isPartOf\":{\"@id\":\"https:\/\/www.asajacyl.com\/leon\/#website\"},\"primaryImageOfPage\":{\"@id\":\"https:\/\/www.asajacyl.com\/leon\/asaja-leon-informa\/contrato-de-cultivos-energticos#primaryimage\"},\"image\":{\"@id\":\"https:\/\/www.asajacyl.com\/leon\/asaja-leon-informa\/contrato-de-cultivos-energticos#primaryimage\"},\"thumbnailUrl\":\"https:\/\/www.asajacyl.com\/leon\/wp-content\/uploads\/sites\/6\/2017\/11\/im_predefinida_1920x1080.jpg\",\"datePublished\":\"2004-03-01T23:00:00+00:00\",\"author\":{\"@id\":\"https:\/\/www.asajacyl.com\/leon\/#\/schema\/person\/7e884476cee132331142e8ac9689f20c\"},\"description\":\"Subvenci&#243;n, precios y plazos para la contrataci&#243;n de \\\"cultivos energ&#233;ticos\\\" y \\\"cereal para biocarburantes en fincas de retirada\\\"\",\"breadcrumb\":{\"@id\":\"https:\/\/www.asajacyl.com\/leon\/asaja-leon-informa\/contrato-de-cultivos-energticos#breadcrumb\"},\"inLanguage\":\"es\",\"potentialAction\":[{\"@type\":\"ReadAction\",\"target\":[\"https:\/\/www.asajacyl.com\/leon\/asaja-leon-informa\/contrato-de-cultivos-energticos\"]}]},{\"@type\":\"ImageObject\",\"inLanguage\":\"es\",\"@id\":\"https:\/\/www.asajacyl.com\/leon\/asaja-leon-informa\/contrato-de-cultivos-energticos#primaryimage\",\"url\":\"https:\/\/www.asajacyl.com\/leon\/wp-content\/uploads\/sites\/6\/2017\/11\/im_predefinida_1920x1080.jpg\",\"contentUrl\":\"https:\/\/www.asajacyl.com\/leon\/wp-content\/uploads\/sites\/6\/2017\/11\/im_predefinida_1920x1080.jpg\",\"width\":1920,\"height\":1080,\"caption\":\"Logotipo ASAJA Le\u00f3n\"},{\"@type\":\"BreadcrumbList\",\"@id\":\"https:\/\/www.asajacyl.com\/leon\/asaja-leon-informa\/contrato-de-cultivos-energticos#breadcrumb\",\"itemListElement\":[{\"@type\":\"ListItem\",\"position\":1,\"name\":\"Portada\",\"item\":\"https:\/\/www.asajacyl.com\/leon\/\"},{\"@type\":\"ListItem\",\"position\":2,\"name\":\"CONTRATO DE CULTIVOS ENERG&#201;TICOS\"}]},{\"@type\":\"WebSite\",\"@id\":\"https:\/\/www.asajacyl.com\/leon\/#website\",\"url\":\"https:\/\/www.asajacyl.com\/leon\/\",\"name\":\"ASAJA Le\u00f3n\",\"description\":\"Otro sitio m\u00e1s de Provincias ASAJA Castilla y Le\u00f3n\",\"potentialAction\":[{\"@type\":\"SearchAction\",\"target\":{\"@type\":\"EntryPoint\",\"urlTemplate\":\"https:\/\/www.asajacyl.com\/leon\/?s={search_term_string}\"},\"query-input\":{\"@type\":\"PropertyValueSpecification\",\"valueRequired\":true,\"valueName\":\"search_term_string\"}}],\"inLanguage\":\"es\"},{\"@type\":\"Person\",\"@id\":\"https:\/\/www.asajacyl.com\/leon\/#\/schema\/person\/7e884476cee132331142e8ac9689f20c\",\"name\":\"Editor\",\"image\":{\"@type\":\"ImageObject\",\"inLanguage\":\"es\",\"@id\":\"https:\/\/www.asajacyl.com\/leon\/#\/schema\/person\/image\/\",\"url\":\"https:\/\/secure.gravatar.com\/avatar\/a2ef43c165669686cfcfb0e1ffa59869?s=96&d=mm&r=g\",\"contentUrl\":\"https:\/\/secure.gravatar.com\/avatar\/a2ef43c165669686cfcfb0e1ffa59869?s=96&d=mm&r=g\",\"caption\":\"Editor\"},\"url\":\"https:\/\/www.asajacyl.com\/leon\/author\/oscargg\"}]}<\/script>\n<!-- \/ Yoast SEO plugin. -->","yoast_head_json":{"title":"CONTRATO DE CULTIVOS ENERG&#201;TICOS - ASAJA Le\u00f3n","description":"Subvenci&#243;n, precios y plazos para la contrataci&#243;n de \"cultivos energ&#233;ticos\" y \"cereal para biocarburantes en fincas de retirada\"","robots":{"index":"index","follow":"follow","max-snippet":"max-snippet:-1","max-image-preview":"max-image-preview:large","max-video-preview":"max-video-preview:-1"},"canonical":"https:\/\/www.asajacyl.com\/leon\/asaja-leon-informa\/contrato-de-cultivos-energticos","og_locale":"es_ES","og_type":"article","og_title":"CONTRATO DE CULTIVOS ENERG&#201;TICOS - ASAJA Le\u00f3n","og_description":"Subvenci&#243;n, precios y plazos para la contrataci&#243;n de \"cultivos energ&#233;ticos\" y \"cereal para biocarburantes en fincas de retirada\"","og_url":"https:\/\/www.asajacyl.com\/leon\/asaja-leon-informa\/contrato-de-cultivos-energticos","og_site_name":"ASAJA Le\u00f3n","article_published_time":"2004-03-01T23:00:00+00:00","og_image":[{"width":1920,"height":1080,"url":"https:\/\/www.asajacyl.com\/leon\/wp-content\/uploads\/sites\/6\/2017\/11\/im_predefinida_1920x1080.jpg","type":"image\/jpeg"}],"author":"Editor","twitter_card":"summary_large_image","twitter_misc":{"Escrito por":"Editor","Tiempo de lectura":"1 minuto"},"schema":{"@context":"https:\/\/schema.org","@graph":[{"@type":"WebPage","@id":"https:\/\/www.asajacyl.com\/leon\/asaja-leon-informa\/contrato-de-cultivos-energticos","url":"https:\/\/www.asajacyl.com\/leon\/asaja-leon-informa\/contrato-de-cultivos-energticos","name":"CONTRATO DE CULTIVOS ENERG&#201;TICOS - ASAJA Le\u00f3n","isPartOf":{"@id":"https:\/\/www.asajacyl.com\/leon\/#website"},"primaryImageOfPage":{"@id":"https:\/\/www.asajacyl.com\/leon\/asaja-leon-informa\/contrato-de-cultivos-energticos#primaryimage"},"image":{"@id":"https:\/\/www.asajacyl.com\/leon\/asaja-leon-informa\/contrato-de-cultivos-energticos#primaryimage"},"thumbnailUrl":"https:\/\/www.asajacyl.com\/leon\/wp-content\/uploads\/sites\/6\/2017\/11\/im_predefinida_1920x1080.jpg","datePublished":"2004-03-01T23:00:00+00:00","author":{"@id":"https:\/\/www.asajacyl.com\/leon\/#\/schema\/person\/7e884476cee132331142e8ac9689f20c"},"description":"Subvenci&#243;n, precios y plazos para la contrataci&#243;n de \"cultivos energ&#233;ticos\" y \"cereal para biocarburantes en fincas de retirada\"","breadcrumb":{"@id":"https:\/\/www.asajacyl.com\/leon\/asaja-leon-informa\/contrato-de-cultivos-energticos#breadcrumb"},"inLanguage":"es","potentialAction":[{"@type":"ReadAction","target":["https:\/\/www.asajacyl.com\/leon\/asaja-leon-informa\/contrato-de-cultivos-energticos"]}]},{"@type":"ImageObject","inLanguage":"es","@id":"https:\/\/www.asajacyl.com\/leon\/asaja-leon-informa\/contrato-de-cultivos-energticos#primaryimage","url":"https:\/\/www.asajacyl.com\/leon\/wp-content\/uploads\/sites\/6\/2017\/11\/im_predefinida_1920x1080.jpg","contentUrl":"https:\/\/www.asajacyl.com\/leon\/wp-content\/uploads\/sites\/6\/2017\/11\/im_predefinida_1920x1080.jpg","width":1920,"height":1080,"caption":"Logotipo ASAJA Le\u00f3n"},{"@type":"BreadcrumbList","@id":"https:\/\/www.asajacyl.com\/leon\/asaja-leon-informa\/contrato-de-cultivos-energticos#breadcrumb","itemListElement":[{"@type":"ListItem","position":1,"name":"Portada","item":"https:\/\/www.asajacyl.com\/leon\/"},{"@type":"ListItem","position":2,"name":"CONTRATO DE CULTIVOS ENERG&#201;TICOS"}]},{"@type":"WebSite","@id":"https:\/\/www.asajacyl.com\/leon\/#website","url":"https:\/\/www.asajacyl.com\/leon\/","name":"ASAJA Le\u00f3n","description":"Otro sitio m\u00e1s de Provincias ASAJA Castilla y Le\u00f3n","potentialAction":[{"@type":"SearchAction","target":{"@type":"EntryPoint","urlTemplate":"https:\/\/www.asajacyl.com\/leon\/?s={search_term_string}"},"query-input":{"@type":"PropertyValueSpecification","valueRequired":true,"valueName":"search_term_string"}}],"inLanguage":"es"},{"@type":"Person","@id":"https:\/\/www.asajacyl.com\/leon\/#\/schema\/person\/7e884476cee132331142e8ac9689f20c","name":"Editor","image":{"@type":"ImageObject","inLanguage":"es","@id":"https:\/\/www.asajacyl.com\/leon\/#\/schema\/person\/image\/","url":"https:\/\/secure.gravatar.com\/avatar\/a2ef43c165669686cfcfb0e1ffa59869?s=96&d=mm&r=g","contentUrl":"https:\/\/secure.gravatar.com\/avatar\/a2ef43c165669686cfcfb0e1ffa59869?s=96&d=mm&r=g","caption":"Editor"},"url":"https:\/\/www.asajacyl.com\/leon\/author\/oscargg"}]}},"_links":{"self":[{"href":"https:\/\/www.asajacyl.com\/leon\/wp-json\/wp\/v2\/posts\/8045"}],"collection":[{"href":"https:\/\/www.asajacyl.com\/leon\/wp-json\/wp\/v2\/posts"}],"about":[{"href":"https:\/\/www.asajacyl.com\/leon\/wp-json\/wp\/v2\/types\/post"}],"author":[{"embeddable":true,"href":"https:\/\/www.asajacyl.com\/leon\/wp-json\/wp\/v2\/users\/3"}],"replies":[{"embeddable":true,"href":"https:\/\/www.asajacyl.com\/leon\/wp-json\/wp\/v2\/comments?post=8045"}],"version-history":[{"count":0,"href":"https:\/\/www.asajacyl.com\/leon\/wp-json\/wp\/v2\/posts\/8045\/revisions"}],"wp:featuredmedia":[{"embeddable":true,"href":"https:\/\/www.asajacyl.com\/leon\/wp-json\/wp\/v2\/media\/8174"}],"wp:attachment":[{"href":"https:\/\/www.asajacyl.com\/leon\/wp-json\/wp\/v2\/media?parent=8045"}],"wp:term":[{"taxonomy":"category","embeddable":true,"href":"https:\/\/www.asajacyl.com\/leon\/wp-json\/wp\/v2\/categories?post=8045"},{"taxonomy":"post_tag","embeddable":true,"href":"https:\/\/www.asajacyl.com\/leon\/wp-json\/wp\/v2\/tags?post=8045"}],"curies":[{"name":"wp","href":"https:\/\/api.w.org\/{rel}","templated":true}]}}