{"id":8047,"date":"2004-02-26T00:00:00","date_gmt":"2004-02-25T23:00:00","guid":{"rendered":"http:\/\/www.asajacyl.com\/leon\/sin-categoria\/apoyo-de-las-opas-a-una-iniciativa-del-p-s-o-e"},"modified":"2004-02-26T00:00:00","modified_gmt":"2004-02-25T23:00:00","slug":"apoyo-de-las-opas-a-una-iniciativa-del-p-s-o-e","status":"publish","type":"post","link":"https:\/\/www.asajacyl.com\/leon\/asaja-leon-informa\/apoyo-de-las-opas-a-una-iniciativa-del-p-s-o-e","title":{"rendered":"APOYO DE LAS OPAS A UNA INICIATIVA DEL P.S.O.E."},"content":{"rendered":"<h2>Reunidos en Valladolid el dia 26 de febrero de 2004 las Organizaciones Profesionales Agrarias: COAG, ASAJA y UPA con representantes del Grupo Parlamentario Socialista de las Cortes de Castilla y Le&#243;n para analizar la problem&#225;tica de los regad&#237;os<\/h2>\n<p align=\"center\"><font color=\"#009900\" size=\"2\"><b>APOYO DE LAS OPAS A UNA INICIATIVA DEL P.S.O.E.<\/b><\/font>\n<\/p>\n<p align=\"center\">\n<p align=\"justify\"><font size=\"2\">Reunidos en Valladolid el dia 26 de febrero de 2004 las Organizaciones Profesionales Agrarias: COAG, ASAJA y UPA con representantes del Grupo Parlamentario Socialista de las Cortes de Castilla y Le&#243;n para analizar la problem&#225;tica de los regad&#237;os en esta Comunidad Aut&#243;noma se ha<b><\/b>tomado , entre otros, el siguiente acuerdo:<\/font>\n<\/p>\n<p align=\"justify\">\n<p align=\"justify\"><font size=\"2\">&#160;<\/font><dir><dir><\/p>\n<p align=\"justify\"><font size=\"2\">1 . Las organizaciones agrarias citadas apoyan incondicionalmente la Proposici&#243;n de Ley de Modificaci&#243;n de la Ley de Concentraci&#243;n Parcelarla de la Comunidad de Castilla y Le&#243;n, presentada por el Grupo Parlamentario Socialista el 2 de febrero de 2004, y que b&#225;sicamente consiste en que las obras complementarias de las zonas de concentraci&#243;n parcelarla sean subvencionadas al 50% de su coste , reintegr&#225;ndose el importe restante en el plazo m&#225;ximo de 40 a&#241;os y con un inter&#233;s m&#225;ximo anual de&#161; 2% y en pagos anuales de id&#233;ntica cuant&#237;a.<\/font>\n<\/p>\n<p align=\"justify\">\n<p align=\"justify\"><font size=\"2\">&#160;<\/font>\n<\/p>\n<p align=\"justify\"><font size=\"2\">2. Las OPAs instan al Grupo Parlamentario Popular de las Cortes de Castilla y Le&#243;n a que apruebe la citada Proposici&#243;n de Ley que ser&#225; debatida en el pr&#243;ximo Pleno ordinario a celebrar durante el mes de marzo<\/font>\n<\/p>\n<p align=\"justify\">\n<p align=\"justify\"><font size=\"2\">&#160;<\/p>\n<p align=\"center\"><img loading=\"lazy\" decoding=\"async\" style=\"WIDTH: 459px; HEIGHT: 346px\" height=\"1498\" alt=\"\" hspace=\"0\" src=\"\/leon\/wp-content\/uploads\/sites\/6\/2017\/11\/foto2.jpg\" width=\"1289\" align=\"baseline\" border=\"0\"\/><\/p>\n<p><\/font><\/p>\n<p><\/dir><\/dir>\n<\/p>\n<p align=\"justify\"><font size=\"2\">Valladolid, a 26 de febrero de 2004<\/font>\n<\/p>\n<p align=\"justify\">\n<p align=\"justify\"><font size=\"2\">&#160;<\/font><\/p>\n","protected":false},"excerpt":{"rendered":"<p>Reunidos en Valladolid el dia 26 de febrero de 2004 las Organizaciones Profesionales Agrarias: COAG, ASAJA y UPA con representantes del Grupo Parlamentario Socialista de las Cortes de Castilla y Le&#243;n para analizar la problem&#225;tica de los regad&#237;os<\/p>\n","protected":false},"author":3,"featured_media":8048,"comment_status":"open","ping_status":"open","sticky":false,"template":"","format":"standard","meta":{"footnotes":""},"categories":[4,9],"tags":[],"yoast_head":"<!-- This site is optimized with the Yoast SEO plugin v24.5 - https:\/\/yoast.com\/wordpress\/plugins\/seo\/ -->\n<title>APOYO DE LAS OPAS A UNA INICIATIVA DEL P.S.O.E. - ASAJA Le\u00f3n<\/title>\n<meta name=\"description\" content=\"Reunidos en Valladolid el dia 26 de febrero de 2004 las Organizaciones Profesionales Agrarias: COAG, ASAJA y UPA con representantes del Grupo Parlamentario Socialista de las Cortes de Castilla y Le&#243;n para analizar la problem&#225;tica de los regad&#237;os\" \/>\n<meta name=\"robots\" content=\"index, follow, max-snippet:-1, max-image-preview:large, max-video-preview:-1\" \/>\n<link rel=\"canonical\" href=\"https:\/\/www.asajacyl.com\/leon\/asaja-leon-informa\/apoyo-de-las-opas-a-una-iniciativa-del-p-s-o-e\" \/>\n<meta property=\"og:locale\" content=\"es_ES\" \/>\n<meta property=\"og:type\" content=\"article\" \/>\n<meta property=\"og:title\" content=\"APOYO DE LAS OPAS A UNA INICIATIVA DEL P.S.O.E. - ASAJA Le\u00f3n\" \/>\n<meta property=\"og:description\" content=\"Reunidos en Valladolid el dia 26 de febrero de 2004 las Organizaciones Profesionales Agrarias: COAG, ASAJA y UPA con representantes del Grupo Parlamentario Socialista de las Cortes de Castilla y Le&#243;n para analizar la problem&#225;tica de los regad&#237;os\" \/>\n<meta property=\"og:url\" content=\"https:\/\/www.asajacyl.com\/leon\/asaja-leon-informa\/apoyo-de-las-opas-a-una-iniciativa-del-p-s-o-e\" \/>\n<meta property=\"og:site_name\" content=\"ASAJA Le\u00f3n\" \/>\n<meta property=\"article:published_time\" content=\"2004-02-25T23:00:00+00:00\" \/>\n<meta property=\"og:image\" content=\"https:\/\/www.asajacyl.com\/leon\/wp-content\/uploads\/sites\/6\/2017\/11\/foto2.jpg\" \/>\n\t<meta property=\"og:image:width\" content=\"2048\" \/>\n\t<meta property=\"og:image:height\" content=\"1536\" \/>\n\t<meta property=\"og:image:type\" content=\"image\/jpeg\" \/>\n<meta name=\"author\" content=\"Editor\" \/>\n<meta name=\"twitter:card\" content=\"summary_large_image\" \/>\n<meta name=\"twitter:label1\" content=\"Escrito por\" \/>\n\t<meta name=\"twitter:data1\" content=\"Editor\" \/>\n\t<meta name=\"twitter:label2\" content=\"Tiempo de lectura\" \/>\n\t<meta name=\"twitter:data2\" content=\"1 minuto\" \/>\n<script type=\"application\/ld+json\" class=\"yoast-schema-graph\">{\"@context\":\"https:\/\/schema.org\",\"@graph\":[{\"@type\":\"WebPage\",\"@id\":\"https:\/\/www.asajacyl.com\/leon\/asaja-leon-informa\/apoyo-de-las-opas-a-una-iniciativa-del-p-s-o-e\",\"url\":\"https:\/\/www.asajacyl.com\/leon\/asaja-leon-informa\/apoyo-de-las-opas-a-una-iniciativa-del-p-s-o-e\",\"name\":\"APOYO DE LAS OPAS A UNA INICIATIVA DEL P.S.O.E. - ASAJA Le\u00f3n\",\"isPartOf\":{\"@id\":\"https:\/\/www.asajacyl.com\/leon\/#website\"},\"primaryImageOfPage\":{\"@id\":\"https:\/\/www.asajacyl.com\/leon\/asaja-leon-informa\/apoyo-de-las-opas-a-una-iniciativa-del-p-s-o-e#primaryimage\"},\"image\":{\"@id\":\"https:\/\/www.asajacyl.com\/leon\/asaja-leon-informa\/apoyo-de-las-opas-a-una-iniciativa-del-p-s-o-e#primaryimage\"},\"thumbnailUrl\":\"https:\/\/www.asajacyl.com\/leon\/wp-content\/uploads\/sites\/6\/2017\/11\/foto2.jpg\",\"datePublished\":\"2004-02-25T23:00:00+00:00\",\"author\":{\"@id\":\"https:\/\/www.asajacyl.com\/leon\/#\/schema\/person\/7e884476cee132331142e8ac9689f20c\"},\"description\":\"Reunidos en Valladolid el dia 26 de febrero de 2004 las Organizaciones Profesionales Agrarias: COAG, ASAJA y UPA con representantes del Grupo Parlamentario Socialista de las Cortes de Castilla y Le&#243;n para analizar la problem&#225;tica de los regad&#237;os\",\"breadcrumb\":{\"@id\":\"https:\/\/www.asajacyl.com\/leon\/asaja-leon-informa\/apoyo-de-las-opas-a-una-iniciativa-del-p-s-o-e#breadcrumb\"},\"inLanguage\":\"es\",\"potentialAction\":[{\"@type\":\"ReadAction\",\"target\":[\"https:\/\/www.asajacyl.com\/leon\/asaja-leon-informa\/apoyo-de-las-opas-a-una-iniciativa-del-p-s-o-e\"]}]},{\"@type\":\"ImageObject\",\"inLanguage\":\"es\",\"@id\":\"https:\/\/www.asajacyl.com\/leon\/asaja-leon-informa\/apoyo-de-las-opas-a-una-iniciativa-del-p-s-o-e#primaryimage\",\"url\":\"https:\/\/www.asajacyl.com\/leon\/wp-content\/uploads\/sites\/6\/2017\/11\/foto2.jpg\",\"contentUrl\":\"https:\/\/www.asajacyl.com\/leon\/wp-content\/uploads\/sites\/6\/2017\/11\/foto2.jpg\",\"width\":2048,\"height\":1536},{\"@type\":\"BreadcrumbList\",\"@id\":\"https:\/\/www.asajacyl.com\/leon\/asaja-leon-informa\/apoyo-de-las-opas-a-una-iniciativa-del-p-s-o-e#breadcrumb\",\"itemListElement\":[{\"@type\":\"ListItem\",\"position\":1,\"name\":\"Portada\",\"item\":\"https:\/\/www.asajacyl.com\/leon\/\"},{\"@type\":\"ListItem\",\"position\":2,\"name\":\"APOYO DE LAS OPAS A UNA INICIATIVA DEL P.S.O.E.\"}]},{\"@type\":\"WebSite\",\"@id\":\"https:\/\/www.asajacyl.com\/leon\/#website\",\"url\":\"https:\/\/www.asajacyl.com\/leon\/\",\"name\":\"ASAJA Le\u00f3n\",\"description\":\"Otro sitio m\u00e1s de Provincias ASAJA Castilla y Le\u00f3n\",\"potentialAction\":[{\"@type\":\"SearchAction\",\"target\":{\"@type\":\"EntryPoint\",\"urlTemplate\":\"https:\/\/www.asajacyl.com\/leon\/?s={search_term_string}\"},\"query-input\":{\"@type\":\"PropertyValueSpecification\",\"valueRequired\":true,\"valueName\":\"search_term_string\"}}],\"inLanguage\":\"es\"},{\"@type\":\"Person\",\"@id\":\"https:\/\/www.asajacyl.com\/leon\/#\/schema\/person\/7e884476cee132331142e8ac9689f20c\",\"name\":\"Editor\",\"image\":{\"@type\":\"ImageObject\",\"inLanguage\":\"es\",\"@id\":\"https:\/\/www.asajacyl.com\/leon\/#\/schema\/person\/image\/\",\"url\":\"https:\/\/secure.gravatar.com\/avatar\/a2ef43c165669686cfcfb0e1ffa59869?s=96&d=mm&r=g\",\"contentUrl\":\"https:\/\/secure.gravatar.com\/avatar\/a2ef43c165669686cfcfb0e1ffa59869?s=96&d=mm&r=g\",\"caption\":\"Editor\"},\"url\":\"https:\/\/www.asajacyl.com\/leon\/author\/oscargg\"}]}<\/script>\n<!-- \/ Yoast SEO plugin. -->","yoast_head_json":{"title":"APOYO DE LAS OPAS A UNA INICIATIVA DEL P.S.O.E. - ASAJA Le\u00f3n","description":"Reunidos en Valladolid el dia 26 de febrero de 2004 las Organizaciones Profesionales Agrarias: COAG, ASAJA y UPA con representantes del Grupo Parlamentario Socialista de las Cortes de Castilla y Le&#243;n para analizar la problem&#225;tica de los regad&#237;os","robots":{"index":"index","follow":"follow","max-snippet":"max-snippet:-1","max-image-preview":"max-image-preview:large","max-video-preview":"max-video-preview:-1"},"canonical":"https:\/\/www.asajacyl.com\/leon\/asaja-leon-informa\/apoyo-de-las-opas-a-una-iniciativa-del-p-s-o-e","og_locale":"es_ES","og_type":"article","og_title":"APOYO DE LAS OPAS A UNA INICIATIVA DEL P.S.O.E. - ASAJA Le\u00f3n","og_description":"Reunidos en Valladolid el dia 26 de febrero de 2004 las Organizaciones Profesionales Agrarias: COAG, ASAJA y UPA con representantes del Grupo Parlamentario Socialista de las Cortes de Castilla y Le&#243;n para analizar la problem&#225;tica de los regad&#237;os","og_url":"https:\/\/www.asajacyl.com\/leon\/asaja-leon-informa\/apoyo-de-las-opas-a-una-iniciativa-del-p-s-o-e","og_site_name":"ASAJA Le\u00f3n","article_published_time":"2004-02-25T23:00:00+00:00","og_image":[{"width":2048,"height":1536,"url":"https:\/\/www.asajacyl.com\/leon\/wp-content\/uploads\/sites\/6\/2017\/11\/foto2.jpg","type":"image\/jpeg"}],"author":"Editor","twitter_card":"summary_large_image","twitter_misc":{"Escrito por":"Editor","Tiempo de lectura":"1 minuto"},"schema":{"@context":"https:\/\/schema.org","@graph":[{"@type":"WebPage","@id":"https:\/\/www.asajacyl.com\/leon\/asaja-leon-informa\/apoyo-de-las-opas-a-una-iniciativa-del-p-s-o-e","url":"https:\/\/www.asajacyl.com\/leon\/asaja-leon-informa\/apoyo-de-las-opas-a-una-iniciativa-del-p-s-o-e","name":"APOYO DE LAS OPAS A UNA INICIATIVA DEL P.S.O.E. - ASAJA Le\u00f3n","isPartOf":{"@id":"https:\/\/www.asajacyl.com\/leon\/#website"},"primaryImageOfPage":{"@id":"https:\/\/www.asajacyl.com\/leon\/asaja-leon-informa\/apoyo-de-las-opas-a-una-iniciativa-del-p-s-o-e#primaryimage"},"image":{"@id":"https:\/\/www.asajacyl.com\/leon\/asaja-leon-informa\/apoyo-de-las-opas-a-una-iniciativa-del-p-s-o-e#primaryimage"},"thumbnailUrl":"https:\/\/www.asajacyl.com\/leon\/wp-content\/uploads\/sites\/6\/2017\/11\/foto2.jpg","datePublished":"2004-02-25T23:00:00+00:00","author":{"@id":"https:\/\/www.asajacyl.com\/leon\/#\/schema\/person\/7e884476cee132331142e8ac9689f20c"},"description":"Reunidos en Valladolid el dia 26 de febrero de 2004 las Organizaciones Profesionales Agrarias: COAG, ASAJA y UPA con representantes del Grupo Parlamentario Socialista de las Cortes de Castilla y Le&#243;n para analizar la problem&#225;tica de los regad&#237;os","breadcrumb":{"@id":"https:\/\/www.asajacyl.com\/leon\/asaja-leon-informa\/apoyo-de-las-opas-a-una-iniciativa-del-p-s-o-e#breadcrumb"},"inLanguage":"es","potentialAction":[{"@type":"ReadAction","target":["https:\/\/www.asajacyl.com\/leon\/asaja-leon-informa\/apoyo-de-las-opas-a-una-iniciativa-del-p-s-o-e"]}]},{"@type":"ImageObject","inLanguage":"es","@id":"https:\/\/www.asajacyl.com\/leon\/asaja-leon-informa\/apoyo-de-las-opas-a-una-iniciativa-del-p-s-o-e#primaryimage","url":"https:\/\/www.asajacyl.com\/leon\/wp-content\/uploads\/sites\/6\/2017\/11\/foto2.jpg","contentUrl":"https:\/\/www.asajacyl.com\/leon\/wp-content\/uploads\/sites\/6\/2017\/11\/foto2.jpg","width":2048,"height":1536},{"@type":"BreadcrumbList","@id":"https:\/\/www.asajacyl.com\/leon\/asaja-leon-informa\/apoyo-de-las-opas-a-una-iniciativa-del-p-s-o-e#breadcrumb","itemListElement":[{"@type":"ListItem","position":1,"name":"Portada","item":"https:\/\/www.asajacyl.com\/leon\/"},{"@type":"ListItem","position":2,"name":"APOYO DE LAS OPAS A UNA INICIATIVA DEL P.S.O.E."}]},{"@type":"WebSite","@id":"https:\/\/www.asajacyl.com\/leon\/#website","url":"https:\/\/www.asajacyl.com\/leon\/","name":"ASAJA Le\u00f3n","description":"Otro sitio m\u00e1s de Provincias ASAJA Castilla y Le\u00f3n","potentialAction":[{"@type":"SearchAction","target":{"@type":"EntryPoint","urlTemplate":"https:\/\/www.asajacyl.com\/leon\/?s={search_term_string}"},"query-input":{"@type":"PropertyValueSpecification","valueRequired":true,"valueName":"search_term_string"}}],"inLanguage":"es"},{"@type":"Person","@id":"https:\/\/www.asajacyl.com\/leon\/#\/schema\/person\/7e884476cee132331142e8ac9689f20c","name":"Editor","image":{"@type":"ImageObject","inLanguage":"es","@id":"https:\/\/www.asajacyl.com\/leon\/#\/schema\/person\/image\/","url":"https:\/\/secure.gravatar.com\/avatar\/a2ef43c165669686cfcfb0e1ffa59869?s=96&d=mm&r=g","contentUrl":"https:\/\/secure.gravatar.com\/avatar\/a2ef43c165669686cfcfb0e1ffa59869?s=96&d=mm&r=g","caption":"Editor"},"url":"https:\/\/www.asajacyl.com\/leon\/author\/oscargg"}]}},"_links":{"self":[{"href":"https:\/\/www.asajacyl.com\/leon\/wp-json\/wp\/v2\/posts\/8047"}],"collection":[{"href":"https:\/\/www.asajacyl.com\/leon\/wp-json\/wp\/v2\/posts"}],"about":[{"href":"https:\/\/www.asajacyl.com\/leon\/wp-json\/wp\/v2\/types\/post"}],"author":[{"embeddable":true,"href":"https:\/\/www.asajacyl.com\/leon\/wp-json\/wp\/v2\/users\/3"}],"replies":[{"embeddable":true,"href":"https:\/\/www.asajacyl.com\/leon\/wp-json\/wp\/v2\/comments?post=8047"}],"version-history":[{"count":0,"href":"https:\/\/www.asajacyl.com\/leon\/wp-json\/wp\/v2\/posts\/8047\/revisions"}],"wp:featuredmedia":[{"embeddable":true,"href":"https:\/\/www.asajacyl.com\/leon\/wp-json\/wp\/v2\/media\/8048"}],"wp:attachment":[{"href":"https:\/\/www.asajacyl.com\/leon\/wp-json\/wp\/v2\/media?parent=8047"}],"wp:term":[{"taxonomy":"category","embeddable":true,"href":"https:\/\/www.asajacyl.com\/leon\/wp-json\/wp\/v2\/categories?post=8047"},{"taxonomy":"post_tag","embeddable":true,"href":"https:\/\/www.asajacyl.com\/leon\/wp-json\/wp\/v2\/tags?post=8047"}],"curies":[{"name":"wp","href":"https:\/\/api.w.org\/{rel}","templated":true}]}}