{"id":8049,"date":"2004-02-09T00:00:00","date_gmt":"2004-02-08T23:00:00","guid":{"rendered":"http:\/\/www.asajacyl.com\/leon\/sin-categoria\/asaja-celebro-una-concurrida-y-reivindicativa-asamblea-general"},"modified":"2004-02-09T00:00:00","modified_gmt":"2004-02-08T23:00:00","slug":"asaja-celebro-una-concurrida-y-reivindicativa-asamblea-general","status":"publish","type":"post","link":"https:\/\/www.asajacyl.com\/leon\/asaja-leon-informa\/asaja-celebro-una-concurrida-y-reivindicativa-asamblea-general","title":{"rendered":"ASAJA CELEBRO UNA CONCURRIDA Y REIVINDICATIVA ASAMBLEA GENERAL"},"content":{"rendered":"<h2>M&#225;s de medio millar de agricultores y ganaderos de ASAJA de Le&#243;n participaron el domingo 8 de febrero en la Asamblea General Ordinaria de la organizaci&#243;n.<\/h2>\n<p align=\"justify\"><b><\/p>\n<p align=\"center\"><font color=\"#009900\" size=\"2\">ASAJA CELEBRO UNA CONCURRIDA Y REIVINDICATIVA ASAMBLEA GENERAL<\/font><\/p>\n<p><\/b>\n<\/p>\n<p align=\"justify\">\n<p align=\"justify\"><font size=\"2\">M&#225;s de medio millar de agricultores y ganaderos de ASAJA de Le&#243;n participaron el domingo 8 de febrero en la Asamblea General Ordinaria de la organizaci&#243;n. En dicha asamblea se hizo una exposici&#243;n de la actividad de la organizaci&#243;n a lo largo de 2003, tanto en los aspectos reivindicativos como de los servicios que se prestaron a los socios. Se destacaron las movilizaciones en defensa de los precios de la leche y las patatas, las movilizaciones exigiendo el desarrollo del plan de regad&#237;os, la reforma de la PAC, el relevo generacional en el campo, las mejoras en la Seguridad Social, o las cr&#237;ticas a la Ley de Arrendamientos R&#250;sticos entre otras cuestiones. Se critic&#243; la postura de la Consejer&#237;a de Agricultura de debilitar el papel y la labor de las organizaciones agrarias al modificar la configuraci&#243;n del Consejero Regional Agrario para dar cabida a la Uni&#243;n Regional de Cooperativas a la hora de abordar las reivindicaciones del sector, una postura la del consejero que ha roto el di&#225;logo con las organizaciones cuando m&#225;s se necesita un acuerdo para sacar adelante al campo.<\/font>\n<\/p>\n<p align=\"justify\">\n<p align=\"center\"><font size=\"2\"><img loading=\"lazy\" decoding=\"async\" style=\"WIDTH: 516px; HEIGHT: 402px\" height=\"707\" alt=\"\" hspace=\"0\" src=\"\/leon\/wp-content\/uploads\/sites\/6\/2017\/11\/asamblea.jpg\" width=\"519\" align=\"baseline\" border=\"0\"\/><\/font>\n<\/p>\n<p align=\"justify\"><font size=\"2\">La asamblea de ASAJA aprob&#243; el balance econ&#243;mico de la organizaci&#243;n en 2003, y se destac&#243; la escasa dependencia de las ayudas p&#250;blicas ya que la mayor&#237;a del presupuesto de ASAJA proviene de los servicios que se prestan a los socios, lo que imprime a la organizaci&#243;n una absoluta independencia respecto al poder pol&#237;tico y a la industria agroalimentaria.<\/font>\n<\/p>\n<p align=\"justify\">\n<p align=\"justify\"><font size=\"2\">Como siempre, la asamblea tuvo un gran car&#225;cter informativo sobre las ayudas al sector para el a&#241;o 2004, especialmente las conocidas como ayudas PAC y primas ganaderas, as&#237; como las ayudas que por vez primera se otorgan al sector l&#225;cteo. Unas ayudas que ya se est&#225;n tramitando en la organizaci&#243;n disponiendo para ello de los medios materiales y humanos necesarios para prestar el mejor servicio al sector.<\/font>\n<\/p>\n<p align=\"justify\">\n<p align=\"justify\"><font size=\"2\">El presidente regional, Donaciano Dujo, en una brillante intervenci&#243;n recogi&#243; algunas de las principales preocupaciones de ASAJA en estos momentos, y que son pues prioridad en la l&#237;nea reivindicativa. Exigi&#243; un inmediato pronunciamiento de todo los partidos pol&#237;ticos sobre c&#243;mo quieren que se aplique en Espa&#241;a la reforma de la PAC, dejando claro que la postura de ASAJA y de todos los agricultores y ganaderos es que se haga bajo la f&#243;rmula de desacoplamiento total y para todos los sectores, y pidi&#243; el voto en blanco en las elecciones generales de marzo si los pol&#237;ticos ignoran esto en su programa agrario. En boca del presidente regional, ASAJA seguir&#225; muy pendiente de los problemas de los j&#243;venes agricultores, y critic&#243; el incumplimiento de la promesa del Partido Popular de incorporar mil j&#243;venes al a&#241;o al campo, algo que es imposible si no se dotan las ayudas de m&#225;s presupuesto y si no se atienden las peticiones de jubilaciones anticipadas agrarias. Pidi&#243; Donaciano Dujo un esfuerzo a las cooperativas para que defiendan los precios de nuestros productos, que es su real cometido, y que los agricultores puedan obtener un valor a&#241;adido en la comercializaci&#243;n y la transformaci&#243;n que en caso contrario se lo quedar&#225;n los intermediarios. El presidente regional critic&#243; que el gobierno de Castilla y Le&#243;n haya tardado dos a&#241;os en darse cuenta que el Plan Nacional de Regad&#237;os necesitaba una financiaci&#243;n distinta en esta regi&#243;n, algo en lo que llevaba tiempo insistiendo ASAJA, y pidi&#243; que se negociase con las organizaciones cuanto antes todo lo relacionado con dicha materia para tratar de recuperar los m&#225;s de dos a&#241;os que ya se llevan perdidos en el desarrollo de las infraestructuras de riego. Donaciano Dujo anim&#243; a los agricultores y ganaderos leoneses a seguir unidos y apoyar a ASAJA, la &#250;nica organizaci&#243;n que de forma independiente y profesional est&#225; en estos momentos denunciando los problemas de la agricultura y aportando propuestas de soluciones.<\/font>\n<\/p>\n<p><font size=\"2\">&#160;<\/font>\n<\/p>\n<p><font size=\"2\">&#160;<\/font><\/p>\n","protected":false},"excerpt":{"rendered":"<p>M&#225;s de medio millar de agricultores y ganaderos de ASAJA de Le&#243;n participaron el domingo 8 de febrero en la Asamblea General Ordinaria de la organizaci&#243;n.<\/p>\n","protected":false},"author":3,"featured_media":8050,"comment_status":"open","ping_status":"open","sticky":false,"template":"","format":"standard","meta":{"footnotes":""},"categories":[4,9],"tags":[],"yoast_head":"<!-- This site is optimized with the Yoast SEO plugin v24.5 - https:\/\/yoast.com\/wordpress\/plugins\/seo\/ -->\n<title>ASAJA CELEBRO UNA CONCURRIDA Y REIVINDICATIVA ASAMBLEA GENERAL - ASAJA Le\u00f3n<\/title>\n<meta name=\"description\" content=\"M&#225;s de medio millar de agricultores y ganaderos de ASAJA de Le&#243;n participaron el domingo 8 de febrero en la Asamblea General Ordinaria de la organizaci&#243;n.\" \/>\n<meta name=\"robots\" content=\"index, follow, max-snippet:-1, max-image-preview:large, max-video-preview:-1\" \/>\n<link rel=\"canonical\" href=\"https:\/\/www.asajacyl.com\/leon\/asaja-leon-informa\/asaja-celebro-una-concurrida-y-reivindicativa-asamblea-general\" \/>\n<meta property=\"og:locale\" content=\"es_ES\" \/>\n<meta property=\"og:type\" content=\"article\" \/>\n<meta property=\"og:title\" content=\"ASAJA CELEBRO UNA CONCURRIDA Y REIVINDICATIVA ASAMBLEA GENERAL - ASAJA Le\u00f3n\" \/>\n<meta property=\"og:description\" content=\"M&#225;s de medio millar de agricultores y ganaderos de ASAJA de Le&#243;n participaron el domingo 8 de febrero en la Asamblea General Ordinaria de la organizaci&#243;n.\" \/>\n<meta property=\"og:url\" content=\"https:\/\/www.asajacyl.com\/leon\/asaja-leon-informa\/asaja-celebro-una-concurrida-y-reivindicativa-asamblea-general\" \/>\n<meta property=\"og:site_name\" content=\"ASAJA Le\u00f3n\" \/>\n<meta property=\"article:published_time\" content=\"2004-02-08T23:00:00+00:00\" \/>\n<meta property=\"og:image\" content=\"https:\/\/www.asajacyl.com\/leon\/wp-content\/uploads\/sites\/6\/2017\/11\/asamblea.jpg\" \/>\n\t<meta property=\"og:image:width\" content=\"983\" \/>\n\t<meta property=\"og:image:height\" content=\"737\" \/>\n\t<meta property=\"og:image:type\" content=\"image\/jpeg\" \/>\n<meta name=\"author\" content=\"Editor\" \/>\n<meta name=\"twitter:card\" content=\"summary_large_image\" \/>\n<meta name=\"twitter:label1\" content=\"Escrito por\" \/>\n\t<meta name=\"twitter:data1\" content=\"Editor\" \/>\n\t<meta name=\"twitter:label2\" content=\"Tiempo de lectura\" \/>\n\t<meta name=\"twitter:data2\" content=\"4 minutos\" \/>\n<script type=\"application\/ld+json\" class=\"yoast-schema-graph\">{\"@context\":\"https:\/\/schema.org\",\"@graph\":[{\"@type\":\"WebPage\",\"@id\":\"https:\/\/www.asajacyl.com\/leon\/asaja-leon-informa\/asaja-celebro-una-concurrida-y-reivindicativa-asamblea-general\",\"url\":\"https:\/\/www.asajacyl.com\/leon\/asaja-leon-informa\/asaja-celebro-una-concurrida-y-reivindicativa-asamblea-general\",\"name\":\"ASAJA CELEBRO UNA CONCURRIDA Y REIVINDICATIVA ASAMBLEA GENERAL - ASAJA Le\u00f3n\",\"isPartOf\":{\"@id\":\"https:\/\/www.asajacyl.com\/leon\/#website\"},\"primaryImageOfPage\":{\"@id\":\"https:\/\/www.asajacyl.com\/leon\/asaja-leon-informa\/asaja-celebro-una-concurrida-y-reivindicativa-asamblea-general#primaryimage\"},\"image\":{\"@id\":\"https:\/\/www.asajacyl.com\/leon\/asaja-leon-informa\/asaja-celebro-una-concurrida-y-reivindicativa-asamblea-general#primaryimage\"},\"thumbnailUrl\":\"https:\/\/www.asajacyl.com\/leon\/wp-content\/uploads\/sites\/6\/2017\/11\/asamblea.jpg\",\"datePublished\":\"2004-02-08T23:00:00+00:00\",\"author\":{\"@id\":\"https:\/\/www.asajacyl.com\/leon\/#\/schema\/person\/7e884476cee132331142e8ac9689f20c\"},\"description\":\"M&#225;s de medio millar de agricultores y ganaderos de ASAJA de Le&#243;n participaron el domingo 8 de febrero en la Asamblea General Ordinaria de la organizaci&#243;n.\",\"breadcrumb\":{\"@id\":\"https:\/\/www.asajacyl.com\/leon\/asaja-leon-informa\/asaja-celebro-una-concurrida-y-reivindicativa-asamblea-general#breadcrumb\"},\"inLanguage\":\"es\",\"potentialAction\":[{\"@type\":\"ReadAction\",\"target\":[\"https:\/\/www.asajacyl.com\/leon\/asaja-leon-informa\/asaja-celebro-una-concurrida-y-reivindicativa-asamblea-general\"]}]},{\"@type\":\"ImageObject\",\"inLanguage\":\"es\",\"@id\":\"https:\/\/www.asajacyl.com\/leon\/asaja-leon-informa\/asaja-celebro-una-concurrida-y-reivindicativa-asamblea-general#primaryimage\",\"url\":\"https:\/\/www.asajacyl.com\/leon\/wp-content\/uploads\/sites\/6\/2017\/11\/asamblea.jpg\",\"contentUrl\":\"https:\/\/www.asajacyl.com\/leon\/wp-content\/uploads\/sites\/6\/2017\/11\/asamblea.jpg\",\"width\":983,\"height\":737},{\"@type\":\"BreadcrumbList\",\"@id\":\"https:\/\/www.asajacyl.com\/leon\/asaja-leon-informa\/asaja-celebro-una-concurrida-y-reivindicativa-asamblea-general#breadcrumb\",\"itemListElement\":[{\"@type\":\"ListItem\",\"position\":1,\"name\":\"Portada\",\"item\":\"https:\/\/www.asajacyl.com\/leon\/\"},{\"@type\":\"ListItem\",\"position\":2,\"name\":\"ASAJA CELEBRO UNA CONCURRIDA Y REIVINDICATIVA ASAMBLEA GENERAL\"}]},{\"@type\":\"WebSite\",\"@id\":\"https:\/\/www.asajacyl.com\/leon\/#website\",\"url\":\"https:\/\/www.asajacyl.com\/leon\/\",\"name\":\"ASAJA Le\u00f3n\",\"description\":\"Otro sitio m\u00e1s de Provincias ASAJA Castilla y Le\u00f3n\",\"potentialAction\":[{\"@type\":\"SearchAction\",\"target\":{\"@type\":\"EntryPoint\",\"urlTemplate\":\"https:\/\/www.asajacyl.com\/leon\/?s={search_term_string}\"},\"query-input\":{\"@type\":\"PropertyValueSpecification\",\"valueRequired\":true,\"valueName\":\"search_term_string\"}}],\"inLanguage\":\"es\"},{\"@type\":\"Person\",\"@id\":\"https:\/\/www.asajacyl.com\/leon\/#\/schema\/person\/7e884476cee132331142e8ac9689f20c\",\"name\":\"Editor\",\"image\":{\"@type\":\"ImageObject\",\"inLanguage\":\"es\",\"@id\":\"https:\/\/www.asajacyl.com\/leon\/#\/schema\/person\/image\/\",\"url\":\"https:\/\/secure.gravatar.com\/avatar\/a2ef43c165669686cfcfb0e1ffa59869?s=96&d=mm&r=g\",\"contentUrl\":\"https:\/\/secure.gravatar.com\/avatar\/a2ef43c165669686cfcfb0e1ffa59869?s=96&d=mm&r=g\",\"caption\":\"Editor\"},\"url\":\"https:\/\/www.asajacyl.com\/leon\/author\/oscargg\"}]}<\/script>\n<!-- \/ Yoast SEO plugin. -->","yoast_head_json":{"title":"ASAJA CELEBRO UNA CONCURRIDA Y REIVINDICATIVA ASAMBLEA GENERAL - ASAJA Le\u00f3n","description":"M&#225;s de medio millar de agricultores y ganaderos de ASAJA de Le&#243;n participaron el domingo 8 de febrero en la Asamblea General Ordinaria de la organizaci&#243;n.","robots":{"index":"index","follow":"follow","max-snippet":"max-snippet:-1","max-image-preview":"max-image-preview:large","max-video-preview":"max-video-preview:-1"},"canonical":"https:\/\/www.asajacyl.com\/leon\/asaja-leon-informa\/asaja-celebro-una-concurrida-y-reivindicativa-asamblea-general","og_locale":"es_ES","og_type":"article","og_title":"ASAJA CELEBRO UNA CONCURRIDA Y REIVINDICATIVA ASAMBLEA GENERAL - ASAJA Le\u00f3n","og_description":"M&#225;s de medio millar de agricultores y ganaderos de ASAJA de Le&#243;n participaron el domingo 8 de febrero en la Asamblea General Ordinaria de la organizaci&#243;n.","og_url":"https:\/\/www.asajacyl.com\/leon\/asaja-leon-informa\/asaja-celebro-una-concurrida-y-reivindicativa-asamblea-general","og_site_name":"ASAJA Le\u00f3n","article_published_time":"2004-02-08T23:00:00+00:00","og_image":[{"width":983,"height":737,"url":"https:\/\/www.asajacyl.com\/leon\/wp-content\/uploads\/sites\/6\/2017\/11\/asamblea.jpg","type":"image\/jpeg"}],"author":"Editor","twitter_card":"summary_large_image","twitter_misc":{"Escrito por":"Editor","Tiempo de lectura":"4 minutos"},"schema":{"@context":"https:\/\/schema.org","@graph":[{"@type":"WebPage","@id":"https:\/\/www.asajacyl.com\/leon\/asaja-leon-informa\/asaja-celebro-una-concurrida-y-reivindicativa-asamblea-general","url":"https:\/\/www.asajacyl.com\/leon\/asaja-leon-informa\/asaja-celebro-una-concurrida-y-reivindicativa-asamblea-general","name":"ASAJA CELEBRO UNA CONCURRIDA Y REIVINDICATIVA ASAMBLEA GENERAL - ASAJA Le\u00f3n","isPartOf":{"@id":"https:\/\/www.asajacyl.com\/leon\/#website"},"primaryImageOfPage":{"@id":"https:\/\/www.asajacyl.com\/leon\/asaja-leon-informa\/asaja-celebro-una-concurrida-y-reivindicativa-asamblea-general#primaryimage"},"image":{"@id":"https:\/\/www.asajacyl.com\/leon\/asaja-leon-informa\/asaja-celebro-una-concurrida-y-reivindicativa-asamblea-general#primaryimage"},"thumbnailUrl":"https:\/\/www.asajacyl.com\/leon\/wp-content\/uploads\/sites\/6\/2017\/11\/asamblea.jpg","datePublished":"2004-02-08T23:00:00+00:00","author":{"@id":"https:\/\/www.asajacyl.com\/leon\/#\/schema\/person\/7e884476cee132331142e8ac9689f20c"},"description":"M&#225;s de medio millar de agricultores y ganaderos de ASAJA de Le&#243;n participaron el domingo 8 de febrero en la Asamblea General Ordinaria de la organizaci&#243;n.","breadcrumb":{"@id":"https:\/\/www.asajacyl.com\/leon\/asaja-leon-informa\/asaja-celebro-una-concurrida-y-reivindicativa-asamblea-general#breadcrumb"},"inLanguage":"es","potentialAction":[{"@type":"ReadAction","target":["https:\/\/www.asajacyl.com\/leon\/asaja-leon-informa\/asaja-celebro-una-concurrida-y-reivindicativa-asamblea-general"]}]},{"@type":"ImageObject","inLanguage":"es","@id":"https:\/\/www.asajacyl.com\/leon\/asaja-leon-informa\/asaja-celebro-una-concurrida-y-reivindicativa-asamblea-general#primaryimage","url":"https:\/\/www.asajacyl.com\/leon\/wp-content\/uploads\/sites\/6\/2017\/11\/asamblea.jpg","contentUrl":"https:\/\/www.asajacyl.com\/leon\/wp-content\/uploads\/sites\/6\/2017\/11\/asamblea.jpg","width":983,"height":737},{"@type":"BreadcrumbList","@id":"https:\/\/www.asajacyl.com\/leon\/asaja-leon-informa\/asaja-celebro-una-concurrida-y-reivindicativa-asamblea-general#breadcrumb","itemListElement":[{"@type":"ListItem","position":1,"name":"Portada","item":"https:\/\/www.asajacyl.com\/leon\/"},{"@type":"ListItem","position":2,"name":"ASAJA CELEBRO UNA CONCURRIDA Y REIVINDICATIVA ASAMBLEA GENERAL"}]},{"@type":"WebSite","@id":"https:\/\/www.asajacyl.com\/leon\/#website","url":"https:\/\/www.asajacyl.com\/leon\/","name":"ASAJA Le\u00f3n","description":"Otro sitio m\u00e1s de Provincias ASAJA Castilla y Le\u00f3n","potentialAction":[{"@type":"SearchAction","target":{"@type":"EntryPoint","urlTemplate":"https:\/\/www.asajacyl.com\/leon\/?s={search_term_string}"},"query-input":{"@type":"PropertyValueSpecification","valueRequired":true,"valueName":"search_term_string"}}],"inLanguage":"es"},{"@type":"Person","@id":"https:\/\/www.asajacyl.com\/leon\/#\/schema\/person\/7e884476cee132331142e8ac9689f20c","name":"Editor","image":{"@type":"ImageObject","inLanguage":"es","@id":"https:\/\/www.asajacyl.com\/leon\/#\/schema\/person\/image\/","url":"https:\/\/secure.gravatar.com\/avatar\/a2ef43c165669686cfcfb0e1ffa59869?s=96&d=mm&r=g","contentUrl":"https:\/\/secure.gravatar.com\/avatar\/a2ef43c165669686cfcfb0e1ffa59869?s=96&d=mm&r=g","caption":"Editor"},"url":"https:\/\/www.asajacyl.com\/leon\/author\/oscargg"}]}},"_links":{"self":[{"href":"https:\/\/www.asajacyl.com\/leon\/wp-json\/wp\/v2\/posts\/8049"}],"collection":[{"href":"https:\/\/www.asajacyl.com\/leon\/wp-json\/wp\/v2\/posts"}],"about":[{"href":"https:\/\/www.asajacyl.com\/leon\/wp-json\/wp\/v2\/types\/post"}],"author":[{"embeddable":true,"href":"https:\/\/www.asajacyl.com\/leon\/wp-json\/wp\/v2\/users\/3"}],"replies":[{"embeddable":true,"href":"https:\/\/www.asajacyl.com\/leon\/wp-json\/wp\/v2\/comments?post=8049"}],"version-history":[{"count":0,"href":"https:\/\/www.asajacyl.com\/leon\/wp-json\/wp\/v2\/posts\/8049\/revisions"}],"wp:featuredmedia":[{"embeddable":true,"href":"https:\/\/www.asajacyl.com\/leon\/wp-json\/wp\/v2\/media\/8050"}],"wp:attachment":[{"href":"https:\/\/www.asajacyl.com\/leon\/wp-json\/wp\/v2\/media?parent=8049"}],"wp:term":[{"taxonomy":"category","embeddable":true,"href":"https:\/\/www.asajacyl.com\/leon\/wp-json\/wp\/v2\/categories?post=8049"},{"taxonomy":"post_tag","embeddable":true,"href":"https:\/\/www.asajacyl.com\/leon\/wp-json\/wp\/v2\/tags?post=8049"}],"curies":[{"name":"wp","href":"https:\/\/api.w.org\/{rel}","templated":true}]}}