{"id":8056,"date":"2004-02-03T00:00:00","date_gmt":"2004-02-02T23:00:00","guid":{"rendered":"http:\/\/www.asajacyl.com\/leon\/sin-categoria\/los-pagos-adicionales-al-sector-lacteo-deberan-priorizarse-en-las-zonas-de-montaa-apunta-asaja"},"modified":"2004-02-03T00:00:00","modified_gmt":"2004-02-02T23:00:00","slug":"los-pagos-adicionales-al-sector-lacteo-deberan-priorizarse-en-las-zonas-de-montaa-apunta-asaja","status":"publish","type":"post","link":"https:\/\/www.asajacyl.com\/leon\/asaja-leon-informa\/los-pagos-adicionales-al-sector-lacteo-deberan-priorizarse-en-las-zonas-de-montaa-apunta-asaja","title":{"rendered":"LOS PAGOS ADICIONALES AL SECTOR LACTEO DEBER&#205;AN PRIORIZARSE EN LAS ZONAS DE MONTA&#209;A, APUNTA ASAJA"},"content":{"rendered":"<h2>La Junta de Castilla y Le&#243;n  tiene ahora una buena ocasi&#243;n para apoyar a los pocos ganaderos productores de leche que todav&#237;a quedan en las zonas de monta&#241;a de la provincia de Le&#243;n.<\/h2>\n<p><font face=\"Arial\"><\/p>\n<p align=\"center\"><b><font color=\"#009900\" size=\"2\">LOS PAGOS ADICIONALES AL SECTOR LACTEO DEBER&#205;AN PRIORIZARSE EN LAS ZONAS DE MONTA&#209;A, APUNTA ASAJA<\/font><\/b>\n<\/p>\n<p align=\"justify\">\n<p align=\"justify\"><font size=\"2\">La Junta de Castilla y Le&#243;n tiene ahora una buena ocasi&#243;n para apoyar a los pocos ganaderos productores de leche que todav&#237;a quedan en las zonas de monta&#241;a de la provincia de Le&#243;n. Los pagos adicionales al sector l&#225;cteo, que forman parte de las ayudas directas comunitarias aprobadas con la reforma de la PAC, y que entran en vigor ya esta campa&#241;a 2004 y se prolongan hasta la 2006, permiten orientarlas de forma especial a determinado tipo de explotaciones. Por esta raz&#243;n, ASAJA considera que se ha de priorizar en aquellas explotaciones que por su ubicaci&#243;n geogr&#225;fica tienen m&#225;s dificultades para competir en el mercado.<\/font>\n<\/p>\n<p align=\"justify\">\n<p align=\"justify\"><font size=\"2\">Para estos pagos adicionales al sector l&#225;cteo, la Junta de Castilla y Le&#243;n tiene asignados 2,4 millones de euros para el 2004, para el 2005 dispone de 5,6 y de 8,4 para el 2006.<\/font>\n<\/p>\n<p align=\"justify\">\n<p align=\"justify\"><font size=\"2\">El Decreto que prepara el Ministerio de Agricultura contempla hasta 14 criterios de prioridad para asignar estos pagos a los ganaderos, entre los cuales est&#225; el que demanda ASAJA: las zonas desfavorecidas de monta&#241;a en las que es prioritario fijar poblaci&#243;n.<\/font>\n<\/p>\n<p align=\"justify\">\n<p align=\"justify\"><font size=\"2\">En la provincia de Le&#243;n la ganader&#237;a de leche se ha ido desplazando desde los pueblos de monta&#241;a a las vegas y las zonas de nuevos regad&#237;os. Ello se ha debido al despoblamiento del medio rural en las zonas m&#225;s desfavorecidas, los mayores costes en la alimentaci&#243;n de vacuno de leche que sin duda se soportan en las zonas de monta&#241;a, los mayores costes de recogida de leche, y en definitiva la falta de bienes y servicios en las zonas perif&#233;ricas que afectan tanto a este subsector como a otros.<\/font>\n<\/p>\n<p align=\"justify\">\n<p align=\"justify\"><font size=\"2\">Adem&#225;s de estos pagos adicionales, los productores de leche recibir&#225;n una ayuda directa con en fin de compensar la ca&#237;da de los precios de mercado, ayuda que ser&#225; proporcional a la cuota que cada cual tenga asignada. Dicha ayuda ser&#225; de 8,15 euros por tonelada de cuota para la campa&#241;a 2004\/05, de 16,31 para la 2005\/06 y de 24,49 para la 2006\/07.<\/font>\n<\/p>\n<p align=\"justify\">\n<p align=\"right\"><font size=\"2\">Le&#243;n, 3 de febrero de 2003.<\/font><\/p>\n<p><\/font><\/p>\n","protected":false},"excerpt":{"rendered":"<p>La Junta de Castilla y Le&#243;n  tiene ahora una buena ocasi&#243;n para apoyar a los pocos ganaderos productores de leche que todav&#237;a quedan en las zonas de monta&#241;a de la provincia de Le&#243;n.<\/p>\n","protected":false},"author":3,"featured_media":8174,"comment_status":"open","ping_status":"open","sticky":false,"template":"","format":"standard","meta":{"footnotes":""},"categories":[4,9],"tags":[],"yoast_head":"<!-- This site is optimized with the Yoast SEO plugin v24.5 - https:\/\/yoast.com\/wordpress\/plugins\/seo\/ -->\n<title>LOS PAGOS ADICIONALES AL SECTOR LACTEO DEBER&#205;AN PRIORIZARSE EN LAS ZONAS DE MONTA&#209;A, APUNTA ASAJA - ASAJA Le\u00f3n<\/title>\n<meta name=\"description\" content=\"La Junta de Castilla y Le&#243;n tiene ahora una buena ocasi&#243;n para apoyar a los pocos ganaderos productores de leche que todav&#237;a quedan en las zonas de monta&#241;a de la provincia de Le&#243;n.\" \/>\n<meta name=\"robots\" content=\"index, follow, max-snippet:-1, max-image-preview:large, max-video-preview:-1\" \/>\n<link rel=\"canonical\" href=\"https:\/\/www.asajacyl.com\/leon\/asaja-leon-informa\/los-pagos-adicionales-al-sector-lacteo-deberan-priorizarse-en-las-zonas-de-montaa-apunta-asaja\" \/>\n<meta property=\"og:locale\" content=\"es_ES\" \/>\n<meta property=\"og:type\" content=\"article\" \/>\n<meta property=\"og:title\" content=\"LOS PAGOS ADICIONALES AL SECTOR LACTEO DEBER&#205;AN PRIORIZARSE EN LAS ZONAS DE MONTA&#209;A, APUNTA ASAJA - ASAJA Le\u00f3n\" \/>\n<meta property=\"og:description\" content=\"La Junta de Castilla y Le&#243;n tiene ahora una buena ocasi&#243;n para apoyar a los pocos ganaderos productores de leche que todav&#237;a quedan en las zonas de monta&#241;a de la provincia de Le&#243;n.\" \/>\n<meta property=\"og:url\" content=\"https:\/\/www.asajacyl.com\/leon\/asaja-leon-informa\/los-pagos-adicionales-al-sector-lacteo-deberan-priorizarse-en-las-zonas-de-montaa-apunta-asaja\" \/>\n<meta property=\"og:site_name\" content=\"ASAJA Le\u00f3n\" \/>\n<meta property=\"article:published_time\" content=\"2004-02-02T23:00:00+00:00\" \/>\n<meta property=\"og:image\" content=\"https:\/\/www.asajacyl.com\/leon\/wp-content\/uploads\/sites\/6\/2017\/11\/im_predefinida_1920x1080.jpg\" \/>\n\t<meta property=\"og:image:width\" content=\"1920\" \/>\n\t<meta property=\"og:image:height\" content=\"1080\" \/>\n\t<meta property=\"og:image:type\" content=\"image\/jpeg\" \/>\n<meta name=\"author\" content=\"Editor\" \/>\n<meta name=\"twitter:card\" content=\"summary_large_image\" \/>\n<meta name=\"twitter:label1\" content=\"Escrito por\" \/>\n\t<meta name=\"twitter:data1\" content=\"Editor\" \/>\n\t<meta name=\"twitter:label2\" content=\"Tiempo de lectura\" \/>\n\t<meta name=\"twitter:data2\" content=\"2 minutos\" \/>\n<script type=\"application\/ld+json\" class=\"yoast-schema-graph\">{\"@context\":\"https:\/\/schema.org\",\"@graph\":[{\"@type\":\"WebPage\",\"@id\":\"https:\/\/www.asajacyl.com\/leon\/asaja-leon-informa\/los-pagos-adicionales-al-sector-lacteo-deberan-priorizarse-en-las-zonas-de-montaa-apunta-asaja\",\"url\":\"https:\/\/www.asajacyl.com\/leon\/asaja-leon-informa\/los-pagos-adicionales-al-sector-lacteo-deberan-priorizarse-en-las-zonas-de-montaa-apunta-asaja\",\"name\":\"LOS PAGOS ADICIONALES AL SECTOR LACTEO DEBER&#205;AN PRIORIZARSE EN LAS ZONAS DE MONTA&#209;A, APUNTA ASAJA - ASAJA Le\u00f3n\",\"isPartOf\":{\"@id\":\"https:\/\/www.asajacyl.com\/leon\/#website\"},\"primaryImageOfPage\":{\"@id\":\"https:\/\/www.asajacyl.com\/leon\/asaja-leon-informa\/los-pagos-adicionales-al-sector-lacteo-deberan-priorizarse-en-las-zonas-de-montaa-apunta-asaja#primaryimage\"},\"image\":{\"@id\":\"https:\/\/www.asajacyl.com\/leon\/asaja-leon-informa\/los-pagos-adicionales-al-sector-lacteo-deberan-priorizarse-en-las-zonas-de-montaa-apunta-asaja#primaryimage\"},\"thumbnailUrl\":\"https:\/\/www.asajacyl.com\/leon\/wp-content\/uploads\/sites\/6\/2017\/11\/im_predefinida_1920x1080.jpg\",\"datePublished\":\"2004-02-02T23:00:00+00:00\",\"author\":{\"@id\":\"https:\/\/www.asajacyl.com\/leon\/#\/schema\/person\/7e884476cee132331142e8ac9689f20c\"},\"description\":\"La Junta de Castilla y Le&#243;n tiene ahora una buena ocasi&#243;n para apoyar a los pocos ganaderos productores de leche que todav&#237;a quedan en las zonas de monta&#241;a de la provincia de Le&#243;n.\",\"breadcrumb\":{\"@id\":\"https:\/\/www.asajacyl.com\/leon\/asaja-leon-informa\/los-pagos-adicionales-al-sector-lacteo-deberan-priorizarse-en-las-zonas-de-montaa-apunta-asaja#breadcrumb\"},\"inLanguage\":\"es\",\"potentialAction\":[{\"@type\":\"ReadAction\",\"target\":[\"https:\/\/www.asajacyl.com\/leon\/asaja-leon-informa\/los-pagos-adicionales-al-sector-lacteo-deberan-priorizarse-en-las-zonas-de-montaa-apunta-asaja\"]}]},{\"@type\":\"ImageObject\",\"inLanguage\":\"es\",\"@id\":\"https:\/\/www.asajacyl.com\/leon\/asaja-leon-informa\/los-pagos-adicionales-al-sector-lacteo-deberan-priorizarse-en-las-zonas-de-montaa-apunta-asaja#primaryimage\",\"url\":\"https:\/\/www.asajacyl.com\/leon\/wp-content\/uploads\/sites\/6\/2017\/11\/im_predefinida_1920x1080.jpg\",\"contentUrl\":\"https:\/\/www.asajacyl.com\/leon\/wp-content\/uploads\/sites\/6\/2017\/11\/im_predefinida_1920x1080.jpg\",\"width\":1920,\"height\":1080,\"caption\":\"Logotipo ASAJA Le\u00f3n\"},{\"@type\":\"BreadcrumbList\",\"@id\":\"https:\/\/www.asajacyl.com\/leon\/asaja-leon-informa\/los-pagos-adicionales-al-sector-lacteo-deberan-priorizarse-en-las-zonas-de-montaa-apunta-asaja#breadcrumb\",\"itemListElement\":[{\"@type\":\"ListItem\",\"position\":1,\"name\":\"Portada\",\"item\":\"https:\/\/www.asajacyl.com\/leon\/\"},{\"@type\":\"ListItem\",\"position\":2,\"name\":\"LOS PAGOS ADICIONALES AL SECTOR LACTEO DEBER&#205;AN PRIORIZARSE EN LAS ZONAS DE MONTA&#209;A, APUNTA ASAJA\"}]},{\"@type\":\"WebSite\",\"@id\":\"https:\/\/www.asajacyl.com\/leon\/#website\",\"url\":\"https:\/\/www.asajacyl.com\/leon\/\",\"name\":\"ASAJA Le\u00f3n\",\"description\":\"Otro sitio m\u00e1s de Provincias ASAJA Castilla y Le\u00f3n\",\"potentialAction\":[{\"@type\":\"SearchAction\",\"target\":{\"@type\":\"EntryPoint\",\"urlTemplate\":\"https:\/\/www.asajacyl.com\/leon\/?s={search_term_string}\"},\"query-input\":{\"@type\":\"PropertyValueSpecification\",\"valueRequired\":true,\"valueName\":\"search_term_string\"}}],\"inLanguage\":\"es\"},{\"@type\":\"Person\",\"@id\":\"https:\/\/www.asajacyl.com\/leon\/#\/schema\/person\/7e884476cee132331142e8ac9689f20c\",\"name\":\"Editor\",\"image\":{\"@type\":\"ImageObject\",\"inLanguage\":\"es\",\"@id\":\"https:\/\/www.asajacyl.com\/leon\/#\/schema\/person\/image\/\",\"url\":\"https:\/\/secure.gravatar.com\/avatar\/a2ef43c165669686cfcfb0e1ffa59869?s=96&d=mm&r=g\",\"contentUrl\":\"https:\/\/secure.gravatar.com\/avatar\/a2ef43c165669686cfcfb0e1ffa59869?s=96&d=mm&r=g\",\"caption\":\"Editor\"},\"url\":\"https:\/\/www.asajacyl.com\/leon\/author\/oscargg\"}]}<\/script>\n<!-- \/ Yoast SEO plugin. -->","yoast_head_json":{"title":"LOS PAGOS ADICIONALES AL SECTOR LACTEO DEBER&#205;AN PRIORIZARSE EN LAS ZONAS DE MONTA&#209;A, APUNTA ASAJA - ASAJA Le\u00f3n","description":"La Junta de Castilla y Le&#243;n tiene ahora una buena ocasi&#243;n para apoyar a los pocos ganaderos productores de leche que todav&#237;a quedan en las zonas de monta&#241;a de la provincia de Le&#243;n.","robots":{"index":"index","follow":"follow","max-snippet":"max-snippet:-1","max-image-preview":"max-image-preview:large","max-video-preview":"max-video-preview:-1"},"canonical":"https:\/\/www.asajacyl.com\/leon\/asaja-leon-informa\/los-pagos-adicionales-al-sector-lacteo-deberan-priorizarse-en-las-zonas-de-montaa-apunta-asaja","og_locale":"es_ES","og_type":"article","og_title":"LOS PAGOS ADICIONALES AL SECTOR LACTEO DEBER&#205;AN PRIORIZARSE EN LAS ZONAS DE MONTA&#209;A, APUNTA ASAJA - ASAJA Le\u00f3n","og_description":"La Junta de Castilla y Le&#243;n tiene ahora una buena ocasi&#243;n para apoyar a los pocos ganaderos productores de leche que todav&#237;a quedan en las zonas de monta&#241;a de la provincia de Le&#243;n.","og_url":"https:\/\/www.asajacyl.com\/leon\/asaja-leon-informa\/los-pagos-adicionales-al-sector-lacteo-deberan-priorizarse-en-las-zonas-de-montaa-apunta-asaja","og_site_name":"ASAJA Le\u00f3n","article_published_time":"2004-02-02T23:00:00+00:00","og_image":[{"width":1920,"height":1080,"url":"https:\/\/www.asajacyl.com\/leon\/wp-content\/uploads\/sites\/6\/2017\/11\/im_predefinida_1920x1080.jpg","type":"image\/jpeg"}],"author":"Editor","twitter_card":"summary_large_image","twitter_misc":{"Escrito por":"Editor","Tiempo de lectura":"2 minutos"},"schema":{"@context":"https:\/\/schema.org","@graph":[{"@type":"WebPage","@id":"https:\/\/www.asajacyl.com\/leon\/asaja-leon-informa\/los-pagos-adicionales-al-sector-lacteo-deberan-priorizarse-en-las-zonas-de-montaa-apunta-asaja","url":"https:\/\/www.asajacyl.com\/leon\/asaja-leon-informa\/los-pagos-adicionales-al-sector-lacteo-deberan-priorizarse-en-las-zonas-de-montaa-apunta-asaja","name":"LOS PAGOS ADICIONALES AL SECTOR LACTEO DEBER&#205;AN PRIORIZARSE EN LAS ZONAS DE MONTA&#209;A, APUNTA ASAJA - ASAJA Le\u00f3n","isPartOf":{"@id":"https:\/\/www.asajacyl.com\/leon\/#website"},"primaryImageOfPage":{"@id":"https:\/\/www.asajacyl.com\/leon\/asaja-leon-informa\/los-pagos-adicionales-al-sector-lacteo-deberan-priorizarse-en-las-zonas-de-montaa-apunta-asaja#primaryimage"},"image":{"@id":"https:\/\/www.asajacyl.com\/leon\/asaja-leon-informa\/los-pagos-adicionales-al-sector-lacteo-deberan-priorizarse-en-las-zonas-de-montaa-apunta-asaja#primaryimage"},"thumbnailUrl":"https:\/\/www.asajacyl.com\/leon\/wp-content\/uploads\/sites\/6\/2017\/11\/im_predefinida_1920x1080.jpg","datePublished":"2004-02-02T23:00:00+00:00","author":{"@id":"https:\/\/www.asajacyl.com\/leon\/#\/schema\/person\/7e884476cee132331142e8ac9689f20c"},"description":"La Junta de Castilla y Le&#243;n tiene ahora una buena ocasi&#243;n para apoyar a los pocos ganaderos productores de leche que todav&#237;a quedan en las zonas de monta&#241;a de la provincia de Le&#243;n.","breadcrumb":{"@id":"https:\/\/www.asajacyl.com\/leon\/asaja-leon-informa\/los-pagos-adicionales-al-sector-lacteo-deberan-priorizarse-en-las-zonas-de-montaa-apunta-asaja#breadcrumb"},"inLanguage":"es","potentialAction":[{"@type":"ReadAction","target":["https:\/\/www.asajacyl.com\/leon\/asaja-leon-informa\/los-pagos-adicionales-al-sector-lacteo-deberan-priorizarse-en-las-zonas-de-montaa-apunta-asaja"]}]},{"@type":"ImageObject","inLanguage":"es","@id":"https:\/\/www.asajacyl.com\/leon\/asaja-leon-informa\/los-pagos-adicionales-al-sector-lacteo-deberan-priorizarse-en-las-zonas-de-montaa-apunta-asaja#primaryimage","url":"https:\/\/www.asajacyl.com\/leon\/wp-content\/uploads\/sites\/6\/2017\/11\/im_predefinida_1920x1080.jpg","contentUrl":"https:\/\/www.asajacyl.com\/leon\/wp-content\/uploads\/sites\/6\/2017\/11\/im_predefinida_1920x1080.jpg","width":1920,"height":1080,"caption":"Logotipo ASAJA Le\u00f3n"},{"@type":"BreadcrumbList","@id":"https:\/\/www.asajacyl.com\/leon\/asaja-leon-informa\/los-pagos-adicionales-al-sector-lacteo-deberan-priorizarse-en-las-zonas-de-montaa-apunta-asaja#breadcrumb","itemListElement":[{"@type":"ListItem","position":1,"name":"Portada","item":"https:\/\/www.asajacyl.com\/leon\/"},{"@type":"ListItem","position":2,"name":"LOS PAGOS ADICIONALES AL SECTOR LACTEO DEBER&#205;AN PRIORIZARSE EN LAS ZONAS DE MONTA&#209;A, APUNTA ASAJA"}]},{"@type":"WebSite","@id":"https:\/\/www.asajacyl.com\/leon\/#website","url":"https:\/\/www.asajacyl.com\/leon\/","name":"ASAJA Le\u00f3n","description":"Otro sitio m\u00e1s de Provincias ASAJA Castilla y Le\u00f3n","potentialAction":[{"@type":"SearchAction","target":{"@type":"EntryPoint","urlTemplate":"https:\/\/www.asajacyl.com\/leon\/?s={search_term_string}"},"query-input":{"@type":"PropertyValueSpecification","valueRequired":true,"valueName":"search_term_string"}}],"inLanguage":"es"},{"@type":"Person","@id":"https:\/\/www.asajacyl.com\/leon\/#\/schema\/person\/7e884476cee132331142e8ac9689f20c","name":"Editor","image":{"@type":"ImageObject","inLanguage":"es","@id":"https:\/\/www.asajacyl.com\/leon\/#\/schema\/person\/image\/","url":"https:\/\/secure.gravatar.com\/avatar\/a2ef43c165669686cfcfb0e1ffa59869?s=96&d=mm&r=g","contentUrl":"https:\/\/secure.gravatar.com\/avatar\/a2ef43c165669686cfcfb0e1ffa59869?s=96&d=mm&r=g","caption":"Editor"},"url":"https:\/\/www.asajacyl.com\/leon\/author\/oscargg"}]}},"_links":{"self":[{"href":"https:\/\/www.asajacyl.com\/leon\/wp-json\/wp\/v2\/posts\/8056"}],"collection":[{"href":"https:\/\/www.asajacyl.com\/leon\/wp-json\/wp\/v2\/posts"}],"about":[{"href":"https:\/\/www.asajacyl.com\/leon\/wp-json\/wp\/v2\/types\/post"}],"author":[{"embeddable":true,"href":"https:\/\/www.asajacyl.com\/leon\/wp-json\/wp\/v2\/users\/3"}],"replies":[{"embeddable":true,"href":"https:\/\/www.asajacyl.com\/leon\/wp-json\/wp\/v2\/comments?post=8056"}],"version-history":[{"count":0,"href":"https:\/\/www.asajacyl.com\/leon\/wp-json\/wp\/v2\/posts\/8056\/revisions"}],"wp:featuredmedia":[{"embeddable":true,"href":"https:\/\/www.asajacyl.com\/leon\/wp-json\/wp\/v2\/media\/8174"}],"wp:attachment":[{"href":"https:\/\/www.asajacyl.com\/leon\/wp-json\/wp\/v2\/media?parent=8056"}],"wp:term":[{"taxonomy":"category","embeddable":true,"href":"https:\/\/www.asajacyl.com\/leon\/wp-json\/wp\/v2\/categories?post=8056"},{"taxonomy":"post_tag","embeddable":true,"href":"https:\/\/www.asajacyl.com\/leon\/wp-json\/wp\/v2\/tags?post=8056"}],"curies":[{"name":"wp","href":"https:\/\/api.w.org\/{rel}","templated":true}]}}