{"id":8057,"date":"2004-01-26T00:00:00","date_gmt":"2004-01-25T23:00:00","guid":{"rendered":"http:\/\/www.asajacyl.com\/leon\/sin-categoria\/asaja-movilizar-a-la-comarca-de-sahagun-si-no-avanzan-las-concentraciones-parcelarias"},"modified":"2004-01-26T00:00:00","modified_gmt":"2004-01-25T23:00:00","slug":"asaja-movilizar-a-la-comarca-de-sahagun-si-no-avanzan-las-concentraciones-parcelarias","status":"publish","type":"post","link":"https:\/\/www.asajacyl.com\/leon\/asaja-leon-informa\/asaja-movilizar-a-la-comarca-de-sahagun-si-no-avanzan-las-concentraciones-parcelarias","title":{"rendered":"ASAJA MOVILIZAR&#193; A LA COMARCA DE SAHAGUN SI NO AVANZAN LAS CONCENTRACIONES PARCELARIAS"},"content":{"rendered":"<h2>La organizaci&#243;n agraria ASAJA movilizar&#225; a los agricultores de la comarca de Sahag&#250;n si en las pr&#243;ximas semanas no se entrega el proyecto modificado de la concentraci&#243;n parcelaria en las diez demarcaciones.<\/h2>\n<p><font face=\"Arial\"><\/p>\n<p align=\"center\"><b><font color=\"#009900\" size=\"2\">ASAJA MOVILIZAR&#193; A LA COMARCA DE SAHAGUN SI NO AVANZAN LAS CONCENTRACIONES PARCELARIAS<\/font><\/b>\n<\/p>\n<p align=\"justify\">\n<p align=\"justify\"><font size=\"2\">La organizaci&#243;n agraria ASAJA movilizar&#225; a los agricultores de la comarca de Sahag&#250;n si en las pr&#243;ximas semanas no se entrega el proyecto modificado de la concentraci&#243;n parcelaria en las diez demarcaciones.<\/font>\n<\/p>\n<p align=\"justify\">\n<p align=\"justify\"><font size=\"2\">El proyecto de concentraci&#243;n se hizo p&#250;blico en las diferentes demarcaciones en la primavera del pasado a&#241;o. Ante dicho proyecto, marcado por las prisas y las chapuzas de las empresas adjudicatarias del mismo, los propietarios de las fincas presentaron las correspondientes alegaciones ante los &#243;rganos de la administraci&#243;n regional, alegaciones que tendr&#237;an que estar ya resueltas. La pretensi&#243;n del Gobierno regional es publicar ahora un \u00abproyecto modificado\u00bb contra el que cabe hacer nuevas alegaciones, como paso previo a lo que ser&#237;a el \u00abacuerdo de concentraci&#243;n\u00bb.<\/font>\n<\/p>\n<p align=\"justify\">\n<p align=\"justify\"><font size=\"2\">De nuevo el Gobierno regional incumple todos los plazos, y castiga a los agricultores a seguir trabajando en una propiedad atomizada y dispersa en innumerables parcelas, a la vez que se frena todo desarrollo al no efectuarse mejoras ni existir la posibilidad de implantar cultivos permanentes por la provisionalidad de la actual propiedad. Las concentraciones parcelarias son un paso previo al proyecto de transformaci&#243;n en regad&#237;o de esta zona declarada de inter&#233;s general de la naci&#243;n, y cuyas obras que a&#250;n no han comenzado est&#225;n recogidas tanto en el Plan Nacional de Regad&#237;o como en el Plan Hidrol&#243;gico Nacional.<\/font>\n<\/p>\n<p align=\"justify\">\n<p align=\"justify\"><font size=\"2\">ASAJA da un &#250;ltimo plazo de un mes para que se publique el acuerdo modificado de concentraci&#243;n parcelaria en las once demarcaciones, y no dudar&#225; en convocar movilizaciones, incluso en campa&#241;a electoral, si el Gobierno regional se sigue olvidando de la castigada comarca de Sahag&#250;n.<\/font>\n<\/p>\n<p align=\"justify\">\n<p align=\"justify\"><font size=\"2\">El proyecto de concentraci&#243;n abarca 37 municipios, 5 de ellos de Valladolid, con 11.530 titulares de fincas r&#250;sticas, propietarios de 67.800 hect&#225;reas repartidas en 73.000 parcelas. Este elevado n&#250;mero de parcelas se quedar&#225; reducido a unas 18.000 una vez finalizado todo el proceso.<\/font>\n<\/p>\n<p align=\"justify\">\n<p align=\"right\"><font size=\"2\">Le&#243;n, 26 de enero de 2004.<\/font>\n<\/p>\n<p align=\"right\">\n<p align=\"center\">\n<p><\/font><a href=\"http:\/\/www.asajaleon.com\/\"><\/a>&#160;<\/p>\n","protected":false},"excerpt":{"rendered":"<p>La organizaci&#243;n agraria ASAJA movilizar&#225; a los agricultores de la comarca de Sahag&#250;n si en las pr&#243;ximas semanas no se entrega el proyecto modificado de la concentraci&#243;n parcelaria en las diez demarcaciones.<\/p>\n","protected":false},"author":3,"featured_media":8174,"comment_status":"open","ping_status":"open","sticky":false,"template":"","format":"standard","meta":{"footnotes":""},"categories":[4,9],"tags":[],"yoast_head":"<!-- This site is optimized with the Yoast SEO plugin v24.5 - https:\/\/yoast.com\/wordpress\/plugins\/seo\/ -->\n<title>ASAJA MOVILIZAR&#193; A LA COMARCA DE SAHAGUN SI NO AVANZAN LAS CONCENTRACIONES PARCELARIAS - ASAJA Le\u00f3n<\/title>\n<meta name=\"description\" content=\"La organizaci&#243;n agraria ASAJA movilizar&#225; a los agricultores de la comarca de Sahag&#250;n si en las pr&#243;ximas semanas no se entrega el proyecto modificado de la concentraci&#243;n parcelaria en las diez demarcaciones.\" \/>\n<meta name=\"robots\" content=\"index, follow, max-snippet:-1, max-image-preview:large, max-video-preview:-1\" \/>\n<link rel=\"canonical\" href=\"https:\/\/www.asajacyl.com\/leon\/asaja-leon-informa\/asaja-movilizar-a-la-comarca-de-sahagun-si-no-avanzan-las-concentraciones-parcelarias\" \/>\n<meta property=\"og:locale\" content=\"es_ES\" \/>\n<meta property=\"og:type\" content=\"article\" \/>\n<meta property=\"og:title\" content=\"ASAJA MOVILIZAR&#193; A LA COMARCA DE SAHAGUN SI NO AVANZAN LAS CONCENTRACIONES PARCELARIAS - ASAJA Le\u00f3n\" \/>\n<meta property=\"og:description\" content=\"La organizaci&#243;n agraria ASAJA movilizar&#225; a los agricultores de la comarca de Sahag&#250;n si en las pr&#243;ximas semanas no se entrega el proyecto modificado de la concentraci&#243;n parcelaria en las diez demarcaciones.\" \/>\n<meta property=\"og:url\" content=\"https:\/\/www.asajacyl.com\/leon\/asaja-leon-informa\/asaja-movilizar-a-la-comarca-de-sahagun-si-no-avanzan-las-concentraciones-parcelarias\" \/>\n<meta property=\"og:site_name\" content=\"ASAJA Le\u00f3n\" \/>\n<meta property=\"article:published_time\" content=\"2004-01-25T23:00:00+00:00\" \/>\n<meta property=\"og:image\" content=\"https:\/\/www.asajacyl.com\/leon\/wp-content\/uploads\/sites\/6\/2017\/11\/im_predefinida_1920x1080.jpg\" \/>\n\t<meta property=\"og:image:width\" content=\"1920\" \/>\n\t<meta property=\"og:image:height\" content=\"1080\" \/>\n\t<meta property=\"og:image:type\" content=\"image\/jpeg\" \/>\n<meta name=\"author\" content=\"Editor\" \/>\n<meta name=\"twitter:card\" content=\"summary_large_image\" \/>\n<meta name=\"twitter:label1\" content=\"Escrito por\" \/>\n\t<meta name=\"twitter:data1\" content=\"Editor\" \/>\n\t<meta name=\"twitter:label2\" content=\"Tiempo de lectura\" \/>\n\t<meta name=\"twitter:data2\" content=\"2 minutos\" \/>\n<script type=\"application\/ld+json\" class=\"yoast-schema-graph\">{\"@context\":\"https:\/\/schema.org\",\"@graph\":[{\"@type\":\"WebPage\",\"@id\":\"https:\/\/www.asajacyl.com\/leon\/asaja-leon-informa\/asaja-movilizar-a-la-comarca-de-sahagun-si-no-avanzan-las-concentraciones-parcelarias\",\"url\":\"https:\/\/www.asajacyl.com\/leon\/asaja-leon-informa\/asaja-movilizar-a-la-comarca-de-sahagun-si-no-avanzan-las-concentraciones-parcelarias\",\"name\":\"ASAJA MOVILIZAR&#193; A LA COMARCA DE SAHAGUN SI NO AVANZAN LAS CONCENTRACIONES PARCELARIAS - ASAJA Le\u00f3n\",\"isPartOf\":{\"@id\":\"https:\/\/www.asajacyl.com\/leon\/#website\"},\"primaryImageOfPage\":{\"@id\":\"https:\/\/www.asajacyl.com\/leon\/asaja-leon-informa\/asaja-movilizar-a-la-comarca-de-sahagun-si-no-avanzan-las-concentraciones-parcelarias#primaryimage\"},\"image\":{\"@id\":\"https:\/\/www.asajacyl.com\/leon\/asaja-leon-informa\/asaja-movilizar-a-la-comarca-de-sahagun-si-no-avanzan-las-concentraciones-parcelarias#primaryimage\"},\"thumbnailUrl\":\"https:\/\/www.asajacyl.com\/leon\/wp-content\/uploads\/sites\/6\/2017\/11\/im_predefinida_1920x1080.jpg\",\"datePublished\":\"2004-01-25T23:00:00+00:00\",\"author\":{\"@id\":\"https:\/\/www.asajacyl.com\/leon\/#\/schema\/person\/7e884476cee132331142e8ac9689f20c\"},\"description\":\"La organizaci&#243;n agraria ASAJA movilizar&#225; a los agricultores de la comarca de Sahag&#250;n si en las pr&#243;ximas semanas no se entrega el proyecto modificado de la concentraci&#243;n parcelaria en las diez demarcaciones.\",\"breadcrumb\":{\"@id\":\"https:\/\/www.asajacyl.com\/leon\/asaja-leon-informa\/asaja-movilizar-a-la-comarca-de-sahagun-si-no-avanzan-las-concentraciones-parcelarias#breadcrumb\"},\"inLanguage\":\"es\",\"potentialAction\":[{\"@type\":\"ReadAction\",\"target\":[\"https:\/\/www.asajacyl.com\/leon\/asaja-leon-informa\/asaja-movilizar-a-la-comarca-de-sahagun-si-no-avanzan-las-concentraciones-parcelarias\"]}]},{\"@type\":\"ImageObject\",\"inLanguage\":\"es\",\"@id\":\"https:\/\/www.asajacyl.com\/leon\/asaja-leon-informa\/asaja-movilizar-a-la-comarca-de-sahagun-si-no-avanzan-las-concentraciones-parcelarias#primaryimage\",\"url\":\"https:\/\/www.asajacyl.com\/leon\/wp-content\/uploads\/sites\/6\/2017\/11\/im_predefinida_1920x1080.jpg\",\"contentUrl\":\"https:\/\/www.asajacyl.com\/leon\/wp-content\/uploads\/sites\/6\/2017\/11\/im_predefinida_1920x1080.jpg\",\"width\":1920,\"height\":1080,\"caption\":\"Logotipo ASAJA Le\u00f3n\"},{\"@type\":\"BreadcrumbList\",\"@id\":\"https:\/\/www.asajacyl.com\/leon\/asaja-leon-informa\/asaja-movilizar-a-la-comarca-de-sahagun-si-no-avanzan-las-concentraciones-parcelarias#breadcrumb\",\"itemListElement\":[{\"@type\":\"ListItem\",\"position\":1,\"name\":\"Portada\",\"item\":\"https:\/\/www.asajacyl.com\/leon\/\"},{\"@type\":\"ListItem\",\"position\":2,\"name\":\"ASAJA MOVILIZAR&#193; A LA COMARCA DE SAHAGUN SI NO AVANZAN LAS CONCENTRACIONES PARCELARIAS\"}]},{\"@type\":\"WebSite\",\"@id\":\"https:\/\/www.asajacyl.com\/leon\/#website\",\"url\":\"https:\/\/www.asajacyl.com\/leon\/\",\"name\":\"ASAJA Le\u00f3n\",\"description\":\"Otro sitio m\u00e1s de Provincias ASAJA Castilla y Le\u00f3n\",\"potentialAction\":[{\"@type\":\"SearchAction\",\"target\":{\"@type\":\"EntryPoint\",\"urlTemplate\":\"https:\/\/www.asajacyl.com\/leon\/?s={search_term_string}\"},\"query-input\":{\"@type\":\"PropertyValueSpecification\",\"valueRequired\":true,\"valueName\":\"search_term_string\"}}],\"inLanguage\":\"es\"},{\"@type\":\"Person\",\"@id\":\"https:\/\/www.asajacyl.com\/leon\/#\/schema\/person\/7e884476cee132331142e8ac9689f20c\",\"name\":\"Editor\",\"image\":{\"@type\":\"ImageObject\",\"inLanguage\":\"es\",\"@id\":\"https:\/\/www.asajacyl.com\/leon\/#\/schema\/person\/image\/\",\"url\":\"https:\/\/secure.gravatar.com\/avatar\/a2ef43c165669686cfcfb0e1ffa59869?s=96&d=mm&r=g\",\"contentUrl\":\"https:\/\/secure.gravatar.com\/avatar\/a2ef43c165669686cfcfb0e1ffa59869?s=96&d=mm&r=g\",\"caption\":\"Editor\"},\"url\":\"https:\/\/www.asajacyl.com\/leon\/author\/oscargg\"}]}<\/script>\n<!-- \/ Yoast SEO plugin. -->","yoast_head_json":{"title":"ASAJA MOVILIZAR&#193; A LA COMARCA DE SAHAGUN SI NO AVANZAN LAS CONCENTRACIONES PARCELARIAS - ASAJA Le\u00f3n","description":"La organizaci&#243;n agraria ASAJA movilizar&#225; a los agricultores de la comarca de Sahag&#250;n si en las pr&#243;ximas semanas no se entrega el proyecto modificado de la concentraci&#243;n parcelaria en las diez demarcaciones.","robots":{"index":"index","follow":"follow","max-snippet":"max-snippet:-1","max-image-preview":"max-image-preview:large","max-video-preview":"max-video-preview:-1"},"canonical":"https:\/\/www.asajacyl.com\/leon\/asaja-leon-informa\/asaja-movilizar-a-la-comarca-de-sahagun-si-no-avanzan-las-concentraciones-parcelarias","og_locale":"es_ES","og_type":"article","og_title":"ASAJA MOVILIZAR&#193; A LA COMARCA DE SAHAGUN SI NO AVANZAN LAS CONCENTRACIONES PARCELARIAS - ASAJA Le\u00f3n","og_description":"La organizaci&#243;n agraria ASAJA movilizar&#225; a los agricultores de la comarca de Sahag&#250;n si en las pr&#243;ximas semanas no se entrega el proyecto modificado de la concentraci&#243;n parcelaria en las diez demarcaciones.","og_url":"https:\/\/www.asajacyl.com\/leon\/asaja-leon-informa\/asaja-movilizar-a-la-comarca-de-sahagun-si-no-avanzan-las-concentraciones-parcelarias","og_site_name":"ASAJA Le\u00f3n","article_published_time":"2004-01-25T23:00:00+00:00","og_image":[{"width":1920,"height":1080,"url":"https:\/\/www.asajacyl.com\/leon\/wp-content\/uploads\/sites\/6\/2017\/11\/im_predefinida_1920x1080.jpg","type":"image\/jpeg"}],"author":"Editor","twitter_card":"summary_large_image","twitter_misc":{"Escrito por":"Editor","Tiempo de lectura":"2 minutos"},"schema":{"@context":"https:\/\/schema.org","@graph":[{"@type":"WebPage","@id":"https:\/\/www.asajacyl.com\/leon\/asaja-leon-informa\/asaja-movilizar-a-la-comarca-de-sahagun-si-no-avanzan-las-concentraciones-parcelarias","url":"https:\/\/www.asajacyl.com\/leon\/asaja-leon-informa\/asaja-movilizar-a-la-comarca-de-sahagun-si-no-avanzan-las-concentraciones-parcelarias","name":"ASAJA MOVILIZAR&#193; A LA COMARCA DE SAHAGUN SI NO AVANZAN LAS CONCENTRACIONES PARCELARIAS - ASAJA Le\u00f3n","isPartOf":{"@id":"https:\/\/www.asajacyl.com\/leon\/#website"},"primaryImageOfPage":{"@id":"https:\/\/www.asajacyl.com\/leon\/asaja-leon-informa\/asaja-movilizar-a-la-comarca-de-sahagun-si-no-avanzan-las-concentraciones-parcelarias#primaryimage"},"image":{"@id":"https:\/\/www.asajacyl.com\/leon\/asaja-leon-informa\/asaja-movilizar-a-la-comarca-de-sahagun-si-no-avanzan-las-concentraciones-parcelarias#primaryimage"},"thumbnailUrl":"https:\/\/www.asajacyl.com\/leon\/wp-content\/uploads\/sites\/6\/2017\/11\/im_predefinida_1920x1080.jpg","datePublished":"2004-01-25T23:00:00+00:00","author":{"@id":"https:\/\/www.asajacyl.com\/leon\/#\/schema\/person\/7e884476cee132331142e8ac9689f20c"},"description":"La organizaci&#243;n agraria ASAJA movilizar&#225; a los agricultores de la comarca de Sahag&#250;n si en las pr&#243;ximas semanas no se entrega el proyecto modificado de la concentraci&#243;n parcelaria en las diez demarcaciones.","breadcrumb":{"@id":"https:\/\/www.asajacyl.com\/leon\/asaja-leon-informa\/asaja-movilizar-a-la-comarca-de-sahagun-si-no-avanzan-las-concentraciones-parcelarias#breadcrumb"},"inLanguage":"es","potentialAction":[{"@type":"ReadAction","target":["https:\/\/www.asajacyl.com\/leon\/asaja-leon-informa\/asaja-movilizar-a-la-comarca-de-sahagun-si-no-avanzan-las-concentraciones-parcelarias"]}]},{"@type":"ImageObject","inLanguage":"es","@id":"https:\/\/www.asajacyl.com\/leon\/asaja-leon-informa\/asaja-movilizar-a-la-comarca-de-sahagun-si-no-avanzan-las-concentraciones-parcelarias#primaryimage","url":"https:\/\/www.asajacyl.com\/leon\/wp-content\/uploads\/sites\/6\/2017\/11\/im_predefinida_1920x1080.jpg","contentUrl":"https:\/\/www.asajacyl.com\/leon\/wp-content\/uploads\/sites\/6\/2017\/11\/im_predefinida_1920x1080.jpg","width":1920,"height":1080,"caption":"Logotipo ASAJA Le\u00f3n"},{"@type":"BreadcrumbList","@id":"https:\/\/www.asajacyl.com\/leon\/asaja-leon-informa\/asaja-movilizar-a-la-comarca-de-sahagun-si-no-avanzan-las-concentraciones-parcelarias#breadcrumb","itemListElement":[{"@type":"ListItem","position":1,"name":"Portada","item":"https:\/\/www.asajacyl.com\/leon\/"},{"@type":"ListItem","position":2,"name":"ASAJA MOVILIZAR&#193; A LA COMARCA DE SAHAGUN SI NO AVANZAN LAS CONCENTRACIONES PARCELARIAS"}]},{"@type":"WebSite","@id":"https:\/\/www.asajacyl.com\/leon\/#website","url":"https:\/\/www.asajacyl.com\/leon\/","name":"ASAJA Le\u00f3n","description":"Otro sitio m\u00e1s de Provincias ASAJA Castilla y Le\u00f3n","potentialAction":[{"@type":"SearchAction","target":{"@type":"EntryPoint","urlTemplate":"https:\/\/www.asajacyl.com\/leon\/?s={search_term_string}"},"query-input":{"@type":"PropertyValueSpecification","valueRequired":true,"valueName":"search_term_string"}}],"inLanguage":"es"},{"@type":"Person","@id":"https:\/\/www.asajacyl.com\/leon\/#\/schema\/person\/7e884476cee132331142e8ac9689f20c","name":"Editor","image":{"@type":"ImageObject","inLanguage":"es","@id":"https:\/\/www.asajacyl.com\/leon\/#\/schema\/person\/image\/","url":"https:\/\/secure.gravatar.com\/avatar\/a2ef43c165669686cfcfb0e1ffa59869?s=96&d=mm&r=g","contentUrl":"https:\/\/secure.gravatar.com\/avatar\/a2ef43c165669686cfcfb0e1ffa59869?s=96&d=mm&r=g","caption":"Editor"},"url":"https:\/\/www.asajacyl.com\/leon\/author\/oscargg"}]}},"_links":{"self":[{"href":"https:\/\/www.asajacyl.com\/leon\/wp-json\/wp\/v2\/posts\/8057"}],"collection":[{"href":"https:\/\/www.asajacyl.com\/leon\/wp-json\/wp\/v2\/posts"}],"about":[{"href":"https:\/\/www.asajacyl.com\/leon\/wp-json\/wp\/v2\/types\/post"}],"author":[{"embeddable":true,"href":"https:\/\/www.asajacyl.com\/leon\/wp-json\/wp\/v2\/users\/3"}],"replies":[{"embeddable":true,"href":"https:\/\/www.asajacyl.com\/leon\/wp-json\/wp\/v2\/comments?post=8057"}],"version-history":[{"count":0,"href":"https:\/\/www.asajacyl.com\/leon\/wp-json\/wp\/v2\/posts\/8057\/revisions"}],"wp:featuredmedia":[{"embeddable":true,"href":"https:\/\/www.asajacyl.com\/leon\/wp-json\/wp\/v2\/media\/8174"}],"wp:attachment":[{"href":"https:\/\/www.asajacyl.com\/leon\/wp-json\/wp\/v2\/media?parent=8057"}],"wp:term":[{"taxonomy":"category","embeddable":true,"href":"https:\/\/www.asajacyl.com\/leon\/wp-json\/wp\/v2\/categories?post=8057"},{"taxonomy":"post_tag","embeddable":true,"href":"https:\/\/www.asajacyl.com\/leon\/wp-json\/wp\/v2\/tags?post=8057"}],"curies":[{"name":"wp","href":"https:\/\/api.w.org\/{rel}","templated":true}]}}