{"id":8058,"date":"2004-01-20T00:00:00","date_gmt":"2004-01-19T23:00:00","guid":{"rendered":"http:\/\/www.asajacyl.com\/leon\/sin-categoria\/el-mapa-bautiza-a-la-vaca-parda-alpina-como-parda-de-montaa"},"modified":"2004-01-20T00:00:00","modified_gmt":"2004-01-19T23:00:00","slug":"el-mapa-bautiza-a-la-vaca-parda-alpina-como-parda-de-montaa","status":"publish","type":"post","link":"https:\/\/www.asajacyl.com\/leon\/asaja-leon-informa\/el-mapa-bautiza-a-la-vaca-parda-alpina-como-parda-de-montaa","title":{"rendered":"EL MAPA \u00abBAUTIZA\u00bb A LA VACA PARDA ALPINA COMO PARDA DE MONTA&#209;A"},"content":{"rendered":"<h2>El Ministerio de Agricultura ha publicado una Orden en el BOE del 16 de enero por la cual se aprueba la Reglamentaci&#243;n Espec&#237;fica del Libro Geneal&#243;gico de la raza bovina Parda de Monta&#241;a, a la vez que se determina su prototipo racial, es decir, las caracter&#237;sticas morfol&#243;gicas que han de reunir los animales pertenecientes a la misma.<\/h2>\n<p align=\"center\"><b><font color=\"#009900\" size=\"2\">EL MAPA \u00abBAUTIZA\u00bb A LA VACA PARDA ALPINA COMO <\/font><\/p>\n<p align=\"center\"><font color=\"#009900\" size=\"2\">PARDA DE MONTA&#209;A<\/font><\/p>\n<p><\/b>\n<\/p>\n<p align=\"justify\">\n<p align=\"justify\"><font size=\"2\">El Ministerio de Agricultura ha publicado una Orden en el BOE del 16 de enero por la cual se aprueba la Reglamentaci&#243;n Espec&#237;fica del Libro Geneal&#243;gico de la raza bovina Parda de Monta&#241;a, a la vez que se determina su prototipo racial, es decir, las caracter&#237;sticas morfol&#243;gicas que han de reunir los animales pertenecientes a la misma. Esta nueva raza de ganado bovino de aptitud c&#225;rnica, que tiene ya la consideraci&#243;n de raza aut&#243;ctona espa&#241;ola, es la heredera de la raza Parda Alpina que se introdujo en nuestro pa&#237;s, y especialmente en la provincia de Le&#243;n, en la d&#233;cada de los 60. Hoy el censo mayor se encuentra en el norte de Castilla y Le&#243;n, Cantabria y el Pirineo aragon&#233;s.<\/font>\n<\/p>\n<p align=\"justify\">\n<p align=\"justify\"><font size=\"2\">Nuestra provincia, y especialmente las comarcas de monta&#241;a de Ria&#241;o a Laciana, fue la que acogi&#243; con m&#225;s &#233;xito esta raza de ganado vacuno proveniente de los Alpes suizos, y que pronto por absorci&#243;n se convirti&#243; en la raza hegem&#243;nica por excelencia seguida a gran distancia por la raza frisona, esta &#250;ltima m&#225;s lechera y orientada a zonas del sur de la provincia. La Parda Alpina, entonces de aptitud mixta como productora de carne y leche, fue tambi&#233;n animal de trabajo al que despu&#233;s sustituyeron los tractores. Muchos de nuestros ganaderos la denominaban m&#225;s vulgarmente como \u00abratina\u00bb.<\/font>\n<\/p>\n<p align=\"justify\">\n<p align=\"justify\"><font size=\"2\">Cuatro d&#233;cadas m&#225;s tarde de aquella acertada pol&#237;tica ganadera impulsada por la Jefatura de Ganader&#237;a y la Junta Provincial de Fomento Pecuario, la raza Parda Alpina ha dejado de ser una raza productora de leche y ha competido con dificultad con otras razas productoras de carne (Asturiana, Limusina,&#8230;..), pero una buena selecci&#243;n puede hacer que se recupere como una opci&#243;n interesante en nuestra provincia para aprovechar los pastos de monta&#241;a en r&#233;gimen de explotaci&#243;n extensiva. El estar declarada oficialmente como raza propia de nuestro pa&#237;s independiente del tronco original de Parda Alpina, es un paso necesario para su desarrollo futuro que ASAJA recibe de con agrado.<\/font>\n<\/p>\n<p align=\"justify\">\n<p align=\"justify\"><font size=\"2\">No existe un censo oficial fiable de los ejemplares que hay en la provincia de Le&#243;n, pero es sin duda la segunda raza en importancia despu&#233;s de la frisona, aunque los cruzamientos o la selecci&#243;n hacia la producci&#243;n de leche hace que no sean muchos los animales en estado puro que hoy re&#250;nan el est&#225;ndar racial de la \u00abParda de Monta&#241;a\u00bb.<\/font>\n<\/p>\n<p align=\"center\"><img loading=\"lazy\" decoding=\"async\" style=\"WIDTH: 482px; HEIGHT: 373px\" height=\"631\" alt=\"\" hspace=\"0\" src=\"\/leon\/wp-content\/uploads\/sites\/6\/2017\/11\/parda.jpg\" width=\"628\" align=\"baseline\" border=\"0\"\/>\n<\/p>\n<p align=\"right\"><font size=\"2\">Le&#243;n, 20 de enero de 2004.<\/font>\n<\/p>\n<p align=\"justify\">\n<p align=\"justify\">&#160;<\/p>\n","protected":false},"excerpt":{"rendered":"<p>El Ministerio de Agricultura ha publicado una Orden en el BOE del 16 de enero por la cual se aprueba la Reglamentaci&#243;n Espec&#237;fica del Libro Geneal&#243;gico de la raza bovina Parda de Monta&#241;a, a la vez que se determina su prototipo racial, es decir, las caracter&#237;sticas morfol&#243;gicas que han de reunir los animales pertenecientes a la misma.<\/p>\n","protected":false},"author":3,"featured_media":8059,"comment_status":"open","ping_status":"open","sticky":false,"template":"","format":"standard","meta":{"footnotes":""},"categories":[4,9],"tags":[],"yoast_head":"<!-- This site is optimized with the Yoast SEO plugin v24.5 - https:\/\/yoast.com\/wordpress\/plugins\/seo\/ -->\n<title>EL MAPA &quot;BAUTIZA&quot; A LA VACA PARDA ALPINA COMO PARDA DE MONTA&#209;A - ASAJA Le\u00f3n<\/title>\n<meta name=\"description\" content=\"El Ministerio de Agricultura ha publicado una Orden en el BOE del 16 de enero por la cual se aprueba la Reglamentaci&#243;n Espec&#237;fica del Libro Geneal&#243;gico de la raza bovina Parda de Monta&#241;a, a la vez que se determina su prototipo racial, es decir, las caracter&#237;sticas morfol&#243;gicas que han de reunir los animales pertenecientes a la misma.\" \/>\n<meta name=\"robots\" content=\"index, follow, max-snippet:-1, max-image-preview:large, max-video-preview:-1\" \/>\n<link rel=\"canonical\" href=\"https:\/\/www.asajacyl.com\/leon\/asaja-leon-informa\/el-mapa-bautiza-a-la-vaca-parda-alpina-como-parda-de-montaa\" \/>\n<meta property=\"og:locale\" content=\"es_ES\" \/>\n<meta property=\"og:type\" content=\"article\" \/>\n<meta property=\"og:title\" content=\"EL MAPA &quot;BAUTIZA&quot; A LA VACA PARDA ALPINA COMO PARDA DE MONTA&#209;A - ASAJA Le\u00f3n\" \/>\n<meta property=\"og:description\" content=\"El Ministerio de Agricultura ha publicado una Orden en el BOE del 16 de enero por la cual se aprueba la Reglamentaci&#243;n Espec&#237;fica del Libro Geneal&#243;gico de la raza bovina Parda de Monta&#241;a, a la vez que se determina su prototipo racial, es decir, las caracter&#237;sticas morfol&#243;gicas que han de reunir los animales pertenecientes a la misma.\" \/>\n<meta property=\"og:url\" content=\"https:\/\/www.asajacyl.com\/leon\/asaja-leon-informa\/el-mapa-bautiza-a-la-vaca-parda-alpina-como-parda-de-montaa\" \/>\n<meta property=\"og:site_name\" content=\"ASAJA Le\u00f3n\" \/>\n<meta property=\"article:published_time\" content=\"2004-01-19T23:00:00+00:00\" \/>\n<meta property=\"og:image\" content=\"https:\/\/www.asajacyl.com\/leon\/wp-content\/uploads\/sites\/6\/2017\/11\/parda.jpg\" \/>\n\t<meta property=\"og:image:width\" content=\"1085\" \/>\n\t<meta property=\"og:image:height\" content=\"814\" \/>\n\t<meta property=\"og:image:type\" content=\"image\/jpeg\" \/>\n<meta name=\"author\" content=\"Editor\" \/>\n<meta name=\"twitter:card\" content=\"summary_large_image\" \/>\n<meta name=\"twitter:label1\" content=\"Escrito por\" \/>\n\t<meta name=\"twitter:data1\" content=\"Editor\" \/>\n\t<meta name=\"twitter:label2\" content=\"Tiempo de lectura\" \/>\n\t<meta name=\"twitter:data2\" content=\"3 minutos\" \/>\n<script type=\"application\/ld+json\" class=\"yoast-schema-graph\">{\"@context\":\"https:\/\/schema.org\",\"@graph\":[{\"@type\":\"WebPage\",\"@id\":\"https:\/\/www.asajacyl.com\/leon\/asaja-leon-informa\/el-mapa-bautiza-a-la-vaca-parda-alpina-como-parda-de-montaa\",\"url\":\"https:\/\/www.asajacyl.com\/leon\/asaja-leon-informa\/el-mapa-bautiza-a-la-vaca-parda-alpina-como-parda-de-montaa\",\"name\":\"EL MAPA \\\"BAUTIZA\\\" A LA VACA PARDA ALPINA COMO PARDA DE MONTA&#209;A - ASAJA Le\u00f3n\",\"isPartOf\":{\"@id\":\"https:\/\/www.asajacyl.com\/leon\/#website\"},\"primaryImageOfPage\":{\"@id\":\"https:\/\/www.asajacyl.com\/leon\/asaja-leon-informa\/el-mapa-bautiza-a-la-vaca-parda-alpina-como-parda-de-montaa#primaryimage\"},\"image\":{\"@id\":\"https:\/\/www.asajacyl.com\/leon\/asaja-leon-informa\/el-mapa-bautiza-a-la-vaca-parda-alpina-como-parda-de-montaa#primaryimage\"},\"thumbnailUrl\":\"https:\/\/www.asajacyl.com\/leon\/wp-content\/uploads\/sites\/6\/2017\/11\/parda.jpg\",\"datePublished\":\"2004-01-19T23:00:00+00:00\",\"author\":{\"@id\":\"https:\/\/www.asajacyl.com\/leon\/#\/schema\/person\/7e884476cee132331142e8ac9689f20c\"},\"description\":\"El Ministerio de Agricultura ha publicado una Orden en el BOE del 16 de enero por la cual se aprueba la Reglamentaci&#243;n Espec&#237;fica del Libro Geneal&#243;gico de la raza bovina Parda de Monta&#241;a, a la vez que se determina su prototipo racial, es decir, las caracter&#237;sticas morfol&#243;gicas que han de reunir los animales pertenecientes a la misma.\",\"breadcrumb\":{\"@id\":\"https:\/\/www.asajacyl.com\/leon\/asaja-leon-informa\/el-mapa-bautiza-a-la-vaca-parda-alpina-como-parda-de-montaa#breadcrumb\"},\"inLanguage\":\"es\",\"potentialAction\":[{\"@type\":\"ReadAction\",\"target\":[\"https:\/\/www.asajacyl.com\/leon\/asaja-leon-informa\/el-mapa-bautiza-a-la-vaca-parda-alpina-como-parda-de-montaa\"]}]},{\"@type\":\"ImageObject\",\"inLanguage\":\"es\",\"@id\":\"https:\/\/www.asajacyl.com\/leon\/asaja-leon-informa\/el-mapa-bautiza-a-la-vaca-parda-alpina-como-parda-de-montaa#primaryimage\",\"url\":\"https:\/\/www.asajacyl.com\/leon\/wp-content\/uploads\/sites\/6\/2017\/11\/parda.jpg\",\"contentUrl\":\"https:\/\/www.asajacyl.com\/leon\/wp-content\/uploads\/sites\/6\/2017\/11\/parda.jpg\",\"width\":1085,\"height\":814},{\"@type\":\"BreadcrumbList\",\"@id\":\"https:\/\/www.asajacyl.com\/leon\/asaja-leon-informa\/el-mapa-bautiza-a-la-vaca-parda-alpina-como-parda-de-montaa#breadcrumb\",\"itemListElement\":[{\"@type\":\"ListItem\",\"position\":1,\"name\":\"Portada\",\"item\":\"https:\/\/www.asajacyl.com\/leon\/\"},{\"@type\":\"ListItem\",\"position\":2,\"name\":\"EL MAPA \u00abBAUTIZA\u00bb A LA VACA PARDA ALPINA COMO PARDA DE MONTA&#209;A\"}]},{\"@type\":\"WebSite\",\"@id\":\"https:\/\/www.asajacyl.com\/leon\/#website\",\"url\":\"https:\/\/www.asajacyl.com\/leon\/\",\"name\":\"ASAJA Le\u00f3n\",\"description\":\"Otro sitio m\u00e1s de Provincias ASAJA Castilla y Le\u00f3n\",\"potentialAction\":[{\"@type\":\"SearchAction\",\"target\":{\"@type\":\"EntryPoint\",\"urlTemplate\":\"https:\/\/www.asajacyl.com\/leon\/?s={search_term_string}\"},\"query-input\":{\"@type\":\"PropertyValueSpecification\",\"valueRequired\":true,\"valueName\":\"search_term_string\"}}],\"inLanguage\":\"es\"},{\"@type\":\"Person\",\"@id\":\"https:\/\/www.asajacyl.com\/leon\/#\/schema\/person\/7e884476cee132331142e8ac9689f20c\",\"name\":\"Editor\",\"image\":{\"@type\":\"ImageObject\",\"inLanguage\":\"es\",\"@id\":\"https:\/\/www.asajacyl.com\/leon\/#\/schema\/person\/image\/\",\"url\":\"https:\/\/secure.gravatar.com\/avatar\/a2ef43c165669686cfcfb0e1ffa59869?s=96&d=mm&r=g\",\"contentUrl\":\"https:\/\/secure.gravatar.com\/avatar\/a2ef43c165669686cfcfb0e1ffa59869?s=96&d=mm&r=g\",\"caption\":\"Editor\"},\"url\":\"https:\/\/www.asajacyl.com\/leon\/author\/oscargg\"}]}<\/script>\n<!-- \/ Yoast SEO plugin. -->","yoast_head_json":{"title":"EL MAPA \"BAUTIZA\" A LA VACA PARDA ALPINA COMO PARDA DE MONTA&#209;A - ASAJA Le\u00f3n","description":"El Ministerio de Agricultura ha publicado una Orden en el BOE del 16 de enero por la cual se aprueba la Reglamentaci&#243;n Espec&#237;fica del Libro Geneal&#243;gico de la raza bovina Parda de Monta&#241;a, a la vez que se determina su prototipo racial, es decir, las caracter&#237;sticas morfol&#243;gicas que han de reunir los animales pertenecientes a la misma.","robots":{"index":"index","follow":"follow","max-snippet":"max-snippet:-1","max-image-preview":"max-image-preview:large","max-video-preview":"max-video-preview:-1"},"canonical":"https:\/\/www.asajacyl.com\/leon\/asaja-leon-informa\/el-mapa-bautiza-a-la-vaca-parda-alpina-como-parda-de-montaa","og_locale":"es_ES","og_type":"article","og_title":"EL MAPA \"BAUTIZA\" A LA VACA PARDA ALPINA COMO PARDA DE MONTA&#209;A - ASAJA Le\u00f3n","og_description":"El Ministerio de Agricultura ha publicado una Orden en el BOE del 16 de enero por la cual se aprueba la Reglamentaci&#243;n Espec&#237;fica del Libro Geneal&#243;gico de la raza bovina Parda de Monta&#241;a, a la vez que se determina su prototipo racial, es decir, las caracter&#237;sticas morfol&#243;gicas que han de reunir los animales pertenecientes a la misma.","og_url":"https:\/\/www.asajacyl.com\/leon\/asaja-leon-informa\/el-mapa-bautiza-a-la-vaca-parda-alpina-como-parda-de-montaa","og_site_name":"ASAJA Le\u00f3n","article_published_time":"2004-01-19T23:00:00+00:00","og_image":[{"width":1085,"height":814,"url":"https:\/\/www.asajacyl.com\/leon\/wp-content\/uploads\/sites\/6\/2017\/11\/parda.jpg","type":"image\/jpeg"}],"author":"Editor","twitter_card":"summary_large_image","twitter_misc":{"Escrito por":"Editor","Tiempo de lectura":"3 minutos"},"schema":{"@context":"https:\/\/schema.org","@graph":[{"@type":"WebPage","@id":"https:\/\/www.asajacyl.com\/leon\/asaja-leon-informa\/el-mapa-bautiza-a-la-vaca-parda-alpina-como-parda-de-montaa","url":"https:\/\/www.asajacyl.com\/leon\/asaja-leon-informa\/el-mapa-bautiza-a-la-vaca-parda-alpina-como-parda-de-montaa","name":"EL MAPA \"BAUTIZA\" A LA VACA PARDA ALPINA COMO PARDA DE MONTA&#209;A - ASAJA Le\u00f3n","isPartOf":{"@id":"https:\/\/www.asajacyl.com\/leon\/#website"},"primaryImageOfPage":{"@id":"https:\/\/www.asajacyl.com\/leon\/asaja-leon-informa\/el-mapa-bautiza-a-la-vaca-parda-alpina-como-parda-de-montaa#primaryimage"},"image":{"@id":"https:\/\/www.asajacyl.com\/leon\/asaja-leon-informa\/el-mapa-bautiza-a-la-vaca-parda-alpina-como-parda-de-montaa#primaryimage"},"thumbnailUrl":"https:\/\/www.asajacyl.com\/leon\/wp-content\/uploads\/sites\/6\/2017\/11\/parda.jpg","datePublished":"2004-01-19T23:00:00+00:00","author":{"@id":"https:\/\/www.asajacyl.com\/leon\/#\/schema\/person\/7e884476cee132331142e8ac9689f20c"},"description":"El Ministerio de Agricultura ha publicado una Orden en el BOE del 16 de enero por la cual se aprueba la Reglamentaci&#243;n Espec&#237;fica del Libro Geneal&#243;gico de la raza bovina Parda de Monta&#241;a, a la vez que se determina su prototipo racial, es decir, las caracter&#237;sticas morfol&#243;gicas que han de reunir los animales pertenecientes a la misma.","breadcrumb":{"@id":"https:\/\/www.asajacyl.com\/leon\/asaja-leon-informa\/el-mapa-bautiza-a-la-vaca-parda-alpina-como-parda-de-montaa#breadcrumb"},"inLanguage":"es","potentialAction":[{"@type":"ReadAction","target":["https:\/\/www.asajacyl.com\/leon\/asaja-leon-informa\/el-mapa-bautiza-a-la-vaca-parda-alpina-como-parda-de-montaa"]}]},{"@type":"ImageObject","inLanguage":"es","@id":"https:\/\/www.asajacyl.com\/leon\/asaja-leon-informa\/el-mapa-bautiza-a-la-vaca-parda-alpina-como-parda-de-montaa#primaryimage","url":"https:\/\/www.asajacyl.com\/leon\/wp-content\/uploads\/sites\/6\/2017\/11\/parda.jpg","contentUrl":"https:\/\/www.asajacyl.com\/leon\/wp-content\/uploads\/sites\/6\/2017\/11\/parda.jpg","width":1085,"height":814},{"@type":"BreadcrumbList","@id":"https:\/\/www.asajacyl.com\/leon\/asaja-leon-informa\/el-mapa-bautiza-a-la-vaca-parda-alpina-como-parda-de-montaa#breadcrumb","itemListElement":[{"@type":"ListItem","position":1,"name":"Portada","item":"https:\/\/www.asajacyl.com\/leon\/"},{"@type":"ListItem","position":2,"name":"EL MAPA \u00abBAUTIZA\u00bb A LA VACA PARDA ALPINA COMO PARDA DE MONTA&#209;A"}]},{"@type":"WebSite","@id":"https:\/\/www.asajacyl.com\/leon\/#website","url":"https:\/\/www.asajacyl.com\/leon\/","name":"ASAJA Le\u00f3n","description":"Otro sitio m\u00e1s de Provincias ASAJA Castilla y Le\u00f3n","potentialAction":[{"@type":"SearchAction","target":{"@type":"EntryPoint","urlTemplate":"https:\/\/www.asajacyl.com\/leon\/?s={search_term_string}"},"query-input":{"@type":"PropertyValueSpecification","valueRequired":true,"valueName":"search_term_string"}}],"inLanguage":"es"},{"@type":"Person","@id":"https:\/\/www.asajacyl.com\/leon\/#\/schema\/person\/7e884476cee132331142e8ac9689f20c","name":"Editor","image":{"@type":"ImageObject","inLanguage":"es","@id":"https:\/\/www.asajacyl.com\/leon\/#\/schema\/person\/image\/","url":"https:\/\/secure.gravatar.com\/avatar\/a2ef43c165669686cfcfb0e1ffa59869?s=96&d=mm&r=g","contentUrl":"https:\/\/secure.gravatar.com\/avatar\/a2ef43c165669686cfcfb0e1ffa59869?s=96&d=mm&r=g","caption":"Editor"},"url":"https:\/\/www.asajacyl.com\/leon\/author\/oscargg"}]}},"_links":{"self":[{"href":"https:\/\/www.asajacyl.com\/leon\/wp-json\/wp\/v2\/posts\/8058"}],"collection":[{"href":"https:\/\/www.asajacyl.com\/leon\/wp-json\/wp\/v2\/posts"}],"about":[{"href":"https:\/\/www.asajacyl.com\/leon\/wp-json\/wp\/v2\/types\/post"}],"author":[{"embeddable":true,"href":"https:\/\/www.asajacyl.com\/leon\/wp-json\/wp\/v2\/users\/3"}],"replies":[{"embeddable":true,"href":"https:\/\/www.asajacyl.com\/leon\/wp-json\/wp\/v2\/comments?post=8058"}],"version-history":[{"count":0,"href":"https:\/\/www.asajacyl.com\/leon\/wp-json\/wp\/v2\/posts\/8058\/revisions"}],"wp:featuredmedia":[{"embeddable":true,"href":"https:\/\/www.asajacyl.com\/leon\/wp-json\/wp\/v2\/media\/8059"}],"wp:attachment":[{"href":"https:\/\/www.asajacyl.com\/leon\/wp-json\/wp\/v2\/media?parent=8058"}],"wp:term":[{"taxonomy":"category","embeddable":true,"href":"https:\/\/www.asajacyl.com\/leon\/wp-json\/wp\/v2\/categories?post=8058"},{"taxonomy":"post_tag","embeddable":true,"href":"https:\/\/www.asajacyl.com\/leon\/wp-json\/wp\/v2\/tags?post=8058"}],"curies":[{"name":"wp","href":"https:\/\/api.w.org\/{rel}","templated":true}]}}