{"id":8062,"date":"2004-01-13T00:00:00","date_gmt":"2004-01-12T23:00:00","guid":{"rendered":"http:\/\/www.asajacyl.com\/leon\/sin-categoria\/el-ao-agrcola-2003-visto-desde-asaja"},"modified":"2004-01-13T00:00:00","modified_gmt":"2004-01-12T23:00:00","slug":"el-ao-agrcola-2003-visto-desde-asaja","status":"publish","type":"post","link":"https:\/\/www.asajacyl.com\/leon\/asaja-leon-informa\/el-ao-agrcola-2003-visto-desde-asaja","title":{"rendered":"EL A&#209;O AGR&#205;COLA 2003 VISTO DESDE ASAJA"},"content":{"rendered":"<h2>El lunes 12 de enero, y como ya es habitual, la organizaci&#243;n agraria ASAJA present&#243; a los medios de comunicaci&#243;n el balance del a&#241;o agr&#237;cola 2003 en la provincia de Le&#243;n, recogiendo los diferentes aspectos que van desde las producciones y los precios a las cuestiones m&#225;s destacadas en materia de pol&#237;tica agraria.<\/h2>\n<p align=\"center\"><font color=\"#009900\"><font size=\"2\">&#160;<\/font><b><font size=\"2\">EL A&#209;O AGR&#205;COLA 2003 VISTO DESDE ASAJA<\/font><\/b><\/font>\n<\/p>\n<p align=\"justify\">\n<p align=\"justify\"><font size=\"2\">El lunes 12 de enero, y como ya es habitual, la organizaci&#243;n agraria ASAJA present&#243; a los medios de comunicaci&#243;n el balance del a&#241;o agr&#237;cola 2003 en la provincia de Le&#243;n, recogiendo los diferentes aspectos que van desde las producciones y los precios a las cuestiones m&#225;s destacadas en materia de pol&#237;tica agraria.<\/font>\n<\/p>\n<p align=\"center\"><font size=\"2\">&#160;<img loading=\"lazy\" decoding=\"async\" style=\"WIDTH: 373px; HEIGHT: 292px\" height=\"812\" alt=\"\" hspace=\"0\" src=\"\/leon\/wp-content\/uploads\/sites\/6\/2017\/11\/ANU2003.jpg\" width=\"769\" align=\"baseline\" border=\"0\"\/><\/font>\n<\/p>\n<p align=\"justify\">\n<p align=\"justify\"><font size=\"2\">Salvo excepciones, que siempre en este sector las hay, el a&#241;o agr&#237;cola de 2003 se ha caracterizado por unas producciones normales tirando a bajas. As&#237; fue con los cereales de invierno, con los forrajes, las patatas, las alubias, el ma&#237;z, las uvas, la remolacha,&#8230;&#8230; Respecto a la remolacha, la cosecha se presentaba francamente mala, pero se recuper&#243; con las lluvias de oto&#241;o hasta el punto de que se puede llegar a cubrir en su totalidad los contratos que se mantienen con la industria azucarera. <\/font>\n<\/p>\n<p align=\"justify\">\n<p align=\"justify\"><font size=\"2\">En los precios, hay sectores como el porcino en crisis a lo largo de todo el a&#241;o. Por el contrario, otros sectores como la leche de vacuno, las patatas, los forrajes o los cereales, tuvieron precios bajos o muy bajos en el primer semestre que han ido repuntando en los &#250;ltimos meses del a&#241;o, hasta situarse en el caso de los cereales y ma&#237;z en niveles en los que no hab&#237;an estado desde hace varios a&#241;os. <\/font>\n<\/p>\n<p align=\"justify\">\n<p align=\"justify\"><font size=\"2\">Claro que esta bonanza de precios en algunos sectores ha perjudicado a otros, como es la repercusi&#243;n que las cotizaciones de cereales y forrajes est&#225;n teniendo en el precio m&#225;s elevado de los piensos que consume nuestra ganader&#237;a. Y por otra parte, esos mejores precios han ido acompa&#241;ados tambi&#233;n de unos medios de producci&#243;n m&#225;s caros para el agricultor, como es el caso del gas&#243;leo, los fertilizantes, la mano de obra, la maquinaria,&#8230;.. <\/font>\n<\/p>\n<p align=\"justify\"><font size=\"2\">Respecto a las ayudas al sector, ASAJA contabiliza un importe ligeramente inferior al del a&#241;o anterior, situaci&#243;n que es la primera vez que ocurre y que se repetir&#225; en sucesivos ejercicios o al menos no va a ser mayor el importe, pues podemos afirmar que las ayudas europeas al sector agrario leon&#233;s han llegado a su tope m&#225;ximo. <\/font>\n<\/p>\n<p align=\"justify\">\n<p align=\"justify\"><font size=\"2\">Y en la pol&#237;tica de inversiones, la iniciativa privada de nuestros agricultores y ganaderos ha estado marcada por la prudencia, consecuencia de la incertidumbre que impera en el sector hasta conocer los efectos de la nueva PAC. Y la inversi&#243;n p&#250;blica en el sector podemos considerarla inexistente cuando la que cuantitativamente es importante, como es la pol&#237;tica de regad&#237;os, lleva dos a&#241;os estancada sin que se haya colocado la primera piedra (o la primera acequia). <\/font>\n<\/p>\n<p align=\"justify\"><font size=\"2\">En el &#225;mbito de la pol&#237;tica ha sido el a&#241;o m&#225;s cargado de acontecimientos de cuantos se recuerdan: reforma de la PAC, negociaciones de la Organizaci&#243;n Mundial del Comercio, iniciativas legislativas, conflictos entre agricultores y ganaderos con la industria agroalimentaria, reestructuraci&#243;n del sector azucarero, y deterioro de las relaciones institucionales del sector, han sido algunas de las cuestiones m&#225;s destacadas. <\/font>\n<\/p>\n<p align=\"right\"><font size=\"2\">Le&#243;n, 12 de enero de 2004<\/font>\n<\/p>\n<p align=\"right\">&#160;\n<\/p>\n<p align=\"center\"><a href=\"http:\/\/www.asajacyl.com\/leon\/extras\/aagri03.doc\" target=\"_blank\">Descargar la edici&#243;n impresa del informe EVOLUCI&#211;N DEL SECTOR AGROGANADERO LEON&#201;S EN EL 2003 (15 Mb)<\/a>&#160;&#160;<\/p>\n","protected":false},"excerpt":{"rendered":"<p>El lunes 12 de enero, y como ya es habitual, la organizaci&#243;n agraria ASAJA present&#243; a los medios de comunicaci&#243;n el balance del a&#241;o agr&#237;cola 2003 en la provincia de Le&#243;n, recogiendo los diferentes aspectos que van desde las producciones y los precios a las cuestiones m&#225;s destacadas en materia de pol&#237;tica agraria.<\/p>\n","protected":false},"author":3,"featured_media":8063,"comment_status":"open","ping_status":"open","sticky":false,"template":"","format":"standard","meta":{"footnotes":""},"categories":[4,9],"tags":[],"yoast_head":"<!-- This site is optimized with the Yoast SEO plugin v24.5 - https:\/\/yoast.com\/wordpress\/plugins\/seo\/ -->\n<title>EL A&#209;O AGR&#205;COLA 2003 VISTO DESDE ASAJA - ASAJA Le\u00f3n<\/title>\n<meta name=\"description\" content=\"El lunes 12 de enero, y como ya es habitual, la organizaci&#243;n agraria ASAJA present&#243; a los medios de comunicaci&#243;n el balance del a&#241;o agr&#237;cola 2003 en la provincia de Le&#243;n, recogiendo los diferentes aspectos que van desde las producciones y los precios a las cuestiones m&#225;s destacadas en materia de pol&#237;tica agraria.\" \/>\n<meta name=\"robots\" content=\"index, follow, max-snippet:-1, max-image-preview:large, max-video-preview:-1\" \/>\n<link rel=\"canonical\" href=\"https:\/\/www.asajacyl.com\/leon\/asaja-leon-informa\/el-ao-agrcola-2003-visto-desde-asaja\" \/>\n<meta property=\"og:locale\" content=\"es_ES\" \/>\n<meta property=\"og:type\" content=\"article\" \/>\n<meta property=\"og:title\" content=\"EL A&#209;O AGR&#205;COLA 2003 VISTO DESDE ASAJA - ASAJA Le\u00f3n\" \/>\n<meta property=\"og:description\" content=\"El lunes 12 de enero, y como ya es habitual, la organizaci&#243;n agraria ASAJA present&#243; a los medios de comunicaci&#243;n el balance del a&#241;o agr&#237;cola 2003 en la provincia de Le&#243;n, recogiendo los diferentes aspectos que van desde las producciones y los precios a las cuestiones m&#225;s destacadas en materia de pol&#237;tica agraria.\" \/>\n<meta property=\"og:url\" content=\"https:\/\/www.asajacyl.com\/leon\/asaja-leon-informa\/el-ao-agrcola-2003-visto-desde-asaja\" \/>\n<meta property=\"og:site_name\" content=\"ASAJA Le\u00f3n\" \/>\n<meta property=\"article:published_time\" content=\"2004-01-12T23:00:00+00:00\" \/>\n<meta property=\"og:image\" content=\"https:\/\/www.asajacyl.com\/leon\/wp-content\/uploads\/sites\/6\/2017\/11\/ANU2003.jpg\" \/>\n\t<meta property=\"og:image:width\" content=\"1270\" \/>\n\t<meta property=\"og:image:height\" content=\"952\" \/>\n\t<meta property=\"og:image:type\" content=\"image\/jpeg\" \/>\n<meta name=\"author\" content=\"Editor\" \/>\n<meta name=\"twitter:card\" content=\"summary_large_image\" \/>\n<meta name=\"twitter:label1\" content=\"Escrito por\" \/>\n\t<meta name=\"twitter:data1\" content=\"Editor\" \/>\n\t<meta name=\"twitter:label2\" content=\"Tiempo de lectura\" \/>\n\t<meta name=\"twitter:data2\" content=\"3 minutos\" \/>\n<script type=\"application\/ld+json\" class=\"yoast-schema-graph\">{\"@context\":\"https:\/\/schema.org\",\"@graph\":[{\"@type\":\"WebPage\",\"@id\":\"https:\/\/www.asajacyl.com\/leon\/asaja-leon-informa\/el-ao-agrcola-2003-visto-desde-asaja\",\"url\":\"https:\/\/www.asajacyl.com\/leon\/asaja-leon-informa\/el-ao-agrcola-2003-visto-desde-asaja\",\"name\":\"EL A&#209;O AGR&#205;COLA 2003 VISTO DESDE ASAJA - ASAJA Le\u00f3n\",\"isPartOf\":{\"@id\":\"https:\/\/www.asajacyl.com\/leon\/#website\"},\"primaryImageOfPage\":{\"@id\":\"https:\/\/www.asajacyl.com\/leon\/asaja-leon-informa\/el-ao-agrcola-2003-visto-desde-asaja#primaryimage\"},\"image\":{\"@id\":\"https:\/\/www.asajacyl.com\/leon\/asaja-leon-informa\/el-ao-agrcola-2003-visto-desde-asaja#primaryimage\"},\"thumbnailUrl\":\"https:\/\/www.asajacyl.com\/leon\/wp-content\/uploads\/sites\/6\/2017\/11\/ANU2003.jpg\",\"datePublished\":\"2004-01-12T23:00:00+00:00\",\"author\":{\"@id\":\"https:\/\/www.asajacyl.com\/leon\/#\/schema\/person\/7e884476cee132331142e8ac9689f20c\"},\"description\":\"El lunes 12 de enero, y como ya es habitual, la organizaci&#243;n agraria ASAJA present&#243; a los medios de comunicaci&#243;n el balance del a&#241;o agr&#237;cola 2003 en la provincia de Le&#243;n, recogiendo los diferentes aspectos que van desde las producciones y los precios a las cuestiones m&#225;s destacadas en materia de pol&#237;tica agraria.\",\"breadcrumb\":{\"@id\":\"https:\/\/www.asajacyl.com\/leon\/asaja-leon-informa\/el-ao-agrcola-2003-visto-desde-asaja#breadcrumb\"},\"inLanguage\":\"es\",\"potentialAction\":[{\"@type\":\"ReadAction\",\"target\":[\"https:\/\/www.asajacyl.com\/leon\/asaja-leon-informa\/el-ao-agrcola-2003-visto-desde-asaja\"]}]},{\"@type\":\"ImageObject\",\"inLanguage\":\"es\",\"@id\":\"https:\/\/www.asajacyl.com\/leon\/asaja-leon-informa\/el-ao-agrcola-2003-visto-desde-asaja#primaryimage\",\"url\":\"https:\/\/www.asajacyl.com\/leon\/wp-content\/uploads\/sites\/6\/2017\/11\/ANU2003.jpg\",\"contentUrl\":\"https:\/\/www.asajacyl.com\/leon\/wp-content\/uploads\/sites\/6\/2017\/11\/ANU2003.jpg\",\"width\":1270,\"height\":952},{\"@type\":\"BreadcrumbList\",\"@id\":\"https:\/\/www.asajacyl.com\/leon\/asaja-leon-informa\/el-ao-agrcola-2003-visto-desde-asaja#breadcrumb\",\"itemListElement\":[{\"@type\":\"ListItem\",\"position\":1,\"name\":\"Portada\",\"item\":\"https:\/\/www.asajacyl.com\/leon\/\"},{\"@type\":\"ListItem\",\"position\":2,\"name\":\"EL A&#209;O AGR&#205;COLA 2003 VISTO DESDE ASAJA\"}]},{\"@type\":\"WebSite\",\"@id\":\"https:\/\/www.asajacyl.com\/leon\/#website\",\"url\":\"https:\/\/www.asajacyl.com\/leon\/\",\"name\":\"ASAJA Le\u00f3n\",\"description\":\"Otro sitio m\u00e1s de Provincias ASAJA Castilla y Le\u00f3n\",\"potentialAction\":[{\"@type\":\"SearchAction\",\"target\":{\"@type\":\"EntryPoint\",\"urlTemplate\":\"https:\/\/www.asajacyl.com\/leon\/?s={search_term_string}\"},\"query-input\":{\"@type\":\"PropertyValueSpecification\",\"valueRequired\":true,\"valueName\":\"search_term_string\"}}],\"inLanguage\":\"es\"},{\"@type\":\"Person\",\"@id\":\"https:\/\/www.asajacyl.com\/leon\/#\/schema\/person\/7e884476cee132331142e8ac9689f20c\",\"name\":\"Editor\",\"image\":{\"@type\":\"ImageObject\",\"inLanguage\":\"es\",\"@id\":\"https:\/\/www.asajacyl.com\/leon\/#\/schema\/person\/image\/\",\"url\":\"https:\/\/secure.gravatar.com\/avatar\/a2ef43c165669686cfcfb0e1ffa59869?s=96&d=mm&r=g\",\"contentUrl\":\"https:\/\/secure.gravatar.com\/avatar\/a2ef43c165669686cfcfb0e1ffa59869?s=96&d=mm&r=g\",\"caption\":\"Editor\"},\"url\":\"https:\/\/www.asajacyl.com\/leon\/author\/oscargg\"}]}<\/script>\n<!-- \/ Yoast SEO plugin. -->","yoast_head_json":{"title":"EL A&#209;O AGR&#205;COLA 2003 VISTO DESDE ASAJA - ASAJA Le\u00f3n","description":"El lunes 12 de enero, y como ya es habitual, la organizaci&#243;n agraria ASAJA present&#243; a los medios de comunicaci&#243;n el balance del a&#241;o agr&#237;cola 2003 en la provincia de Le&#243;n, recogiendo los diferentes aspectos que van desde las producciones y los precios a las cuestiones m&#225;s destacadas en materia de pol&#237;tica agraria.","robots":{"index":"index","follow":"follow","max-snippet":"max-snippet:-1","max-image-preview":"max-image-preview:large","max-video-preview":"max-video-preview:-1"},"canonical":"https:\/\/www.asajacyl.com\/leon\/asaja-leon-informa\/el-ao-agrcola-2003-visto-desde-asaja","og_locale":"es_ES","og_type":"article","og_title":"EL A&#209;O AGR&#205;COLA 2003 VISTO DESDE ASAJA - ASAJA Le\u00f3n","og_description":"El lunes 12 de enero, y como ya es habitual, la organizaci&#243;n agraria ASAJA present&#243; a los medios de comunicaci&#243;n el balance del a&#241;o agr&#237;cola 2003 en la provincia de Le&#243;n, recogiendo los diferentes aspectos que van desde las producciones y los precios a las cuestiones m&#225;s destacadas en materia de pol&#237;tica agraria.","og_url":"https:\/\/www.asajacyl.com\/leon\/asaja-leon-informa\/el-ao-agrcola-2003-visto-desde-asaja","og_site_name":"ASAJA Le\u00f3n","article_published_time":"2004-01-12T23:00:00+00:00","og_image":[{"width":1270,"height":952,"url":"https:\/\/www.asajacyl.com\/leon\/wp-content\/uploads\/sites\/6\/2017\/11\/ANU2003.jpg","type":"image\/jpeg"}],"author":"Editor","twitter_card":"summary_large_image","twitter_misc":{"Escrito por":"Editor","Tiempo de lectura":"3 minutos"},"schema":{"@context":"https:\/\/schema.org","@graph":[{"@type":"WebPage","@id":"https:\/\/www.asajacyl.com\/leon\/asaja-leon-informa\/el-ao-agrcola-2003-visto-desde-asaja","url":"https:\/\/www.asajacyl.com\/leon\/asaja-leon-informa\/el-ao-agrcola-2003-visto-desde-asaja","name":"EL A&#209;O AGR&#205;COLA 2003 VISTO DESDE ASAJA - ASAJA Le\u00f3n","isPartOf":{"@id":"https:\/\/www.asajacyl.com\/leon\/#website"},"primaryImageOfPage":{"@id":"https:\/\/www.asajacyl.com\/leon\/asaja-leon-informa\/el-ao-agrcola-2003-visto-desde-asaja#primaryimage"},"image":{"@id":"https:\/\/www.asajacyl.com\/leon\/asaja-leon-informa\/el-ao-agrcola-2003-visto-desde-asaja#primaryimage"},"thumbnailUrl":"https:\/\/www.asajacyl.com\/leon\/wp-content\/uploads\/sites\/6\/2017\/11\/ANU2003.jpg","datePublished":"2004-01-12T23:00:00+00:00","author":{"@id":"https:\/\/www.asajacyl.com\/leon\/#\/schema\/person\/7e884476cee132331142e8ac9689f20c"},"description":"El lunes 12 de enero, y como ya es habitual, la organizaci&#243;n agraria ASAJA present&#243; a los medios de comunicaci&#243;n el balance del a&#241;o agr&#237;cola 2003 en la provincia de Le&#243;n, recogiendo los diferentes aspectos que van desde las producciones y los precios a las cuestiones m&#225;s destacadas en materia de pol&#237;tica agraria.","breadcrumb":{"@id":"https:\/\/www.asajacyl.com\/leon\/asaja-leon-informa\/el-ao-agrcola-2003-visto-desde-asaja#breadcrumb"},"inLanguage":"es","potentialAction":[{"@type":"ReadAction","target":["https:\/\/www.asajacyl.com\/leon\/asaja-leon-informa\/el-ao-agrcola-2003-visto-desde-asaja"]}]},{"@type":"ImageObject","inLanguage":"es","@id":"https:\/\/www.asajacyl.com\/leon\/asaja-leon-informa\/el-ao-agrcola-2003-visto-desde-asaja#primaryimage","url":"https:\/\/www.asajacyl.com\/leon\/wp-content\/uploads\/sites\/6\/2017\/11\/ANU2003.jpg","contentUrl":"https:\/\/www.asajacyl.com\/leon\/wp-content\/uploads\/sites\/6\/2017\/11\/ANU2003.jpg","width":1270,"height":952},{"@type":"BreadcrumbList","@id":"https:\/\/www.asajacyl.com\/leon\/asaja-leon-informa\/el-ao-agrcola-2003-visto-desde-asaja#breadcrumb","itemListElement":[{"@type":"ListItem","position":1,"name":"Portada","item":"https:\/\/www.asajacyl.com\/leon\/"},{"@type":"ListItem","position":2,"name":"EL A&#209;O AGR&#205;COLA 2003 VISTO DESDE ASAJA"}]},{"@type":"WebSite","@id":"https:\/\/www.asajacyl.com\/leon\/#website","url":"https:\/\/www.asajacyl.com\/leon\/","name":"ASAJA Le\u00f3n","description":"Otro sitio m\u00e1s de Provincias ASAJA Castilla y Le\u00f3n","potentialAction":[{"@type":"SearchAction","target":{"@type":"EntryPoint","urlTemplate":"https:\/\/www.asajacyl.com\/leon\/?s={search_term_string}"},"query-input":{"@type":"PropertyValueSpecification","valueRequired":true,"valueName":"search_term_string"}}],"inLanguage":"es"},{"@type":"Person","@id":"https:\/\/www.asajacyl.com\/leon\/#\/schema\/person\/7e884476cee132331142e8ac9689f20c","name":"Editor","image":{"@type":"ImageObject","inLanguage":"es","@id":"https:\/\/www.asajacyl.com\/leon\/#\/schema\/person\/image\/","url":"https:\/\/secure.gravatar.com\/avatar\/a2ef43c165669686cfcfb0e1ffa59869?s=96&d=mm&r=g","contentUrl":"https:\/\/secure.gravatar.com\/avatar\/a2ef43c165669686cfcfb0e1ffa59869?s=96&d=mm&r=g","caption":"Editor"},"url":"https:\/\/www.asajacyl.com\/leon\/author\/oscargg"}]}},"_links":{"self":[{"href":"https:\/\/www.asajacyl.com\/leon\/wp-json\/wp\/v2\/posts\/8062"}],"collection":[{"href":"https:\/\/www.asajacyl.com\/leon\/wp-json\/wp\/v2\/posts"}],"about":[{"href":"https:\/\/www.asajacyl.com\/leon\/wp-json\/wp\/v2\/types\/post"}],"author":[{"embeddable":true,"href":"https:\/\/www.asajacyl.com\/leon\/wp-json\/wp\/v2\/users\/3"}],"replies":[{"embeddable":true,"href":"https:\/\/www.asajacyl.com\/leon\/wp-json\/wp\/v2\/comments?post=8062"}],"version-history":[{"count":0,"href":"https:\/\/www.asajacyl.com\/leon\/wp-json\/wp\/v2\/posts\/8062\/revisions"}],"wp:featuredmedia":[{"embeddable":true,"href":"https:\/\/www.asajacyl.com\/leon\/wp-json\/wp\/v2\/media\/8063"}],"wp:attachment":[{"href":"https:\/\/www.asajacyl.com\/leon\/wp-json\/wp\/v2\/media?parent=8062"}],"wp:term":[{"taxonomy":"category","embeddable":true,"href":"https:\/\/www.asajacyl.com\/leon\/wp-json\/wp\/v2\/categories?post=8062"},{"taxonomy":"post_tag","embeddable":true,"href":"https:\/\/www.asajacyl.com\/leon\/wp-json\/wp\/v2\/tags?post=8062"}],"curies":[{"name":"wp","href":"https:\/\/api.w.org\/{rel}","templated":true}]}}