{"id":8066,"date":"2004-01-02T00:00:00","date_gmt":"2004-01-01T23:00:00","guid":{"rendered":"http:\/\/www.asajacyl.com\/leon\/sin-categoria\/el-consejero-firma-un-convenio-con-la-comunidad-de-regantes-del-porma"},"modified":"2004-01-02T00:00:00","modified_gmt":"2004-01-01T23:00:00","slug":"el-consejero-firma-un-convenio-con-la-comunidad-de-regantes-del-porma","status":"publish","type":"post","link":"https:\/\/www.asajacyl.com\/leon\/asaja-leon-informa\/el-consejero-firma-un-convenio-con-la-comunidad-de-regantes-del-porma","title":{"rendered":"EL CONSEJERO FIRMA UN CONVENIO CON LA  COMUNIDAD DE REGANTES DEL PORMA"},"content":{"rendered":"<h2>El 30 de diciembre el consejero de agricultura y ganader&#237;a de la Junta, Jos&#233; Val&#237;n, firm&#243; un convenio marco, que ahora habr&#225; que desarrollar, con el presidente de la Comunidad de Regantes de la Margen Izquiera del Porma, Mat&#237;as Llorente.<\/h2>\n<p align=\"justify\">\n<p align=\"center\">&#160;<b><font color=\"#009933\">EL CONSEJERO FIRMA UN CONVENIO CON LA<\/font><\/p>\n<p align=\"center\"><font color=\"#009933\">COMUNIDAD DE REGANTES DEL PORMA<\/font><\/p>\n<p><\/b>\n<\/p>\n<p align=\"justify\">\n<p align=\"justify\">El 30 de diciembre el consejero de agricultura y ganader&#237;a de la Junta, Jos&#233; Val&#237;n, firm&#243; un convenio marco, que ahora habr&#225; que desarrollar, con el presidente de la Comunidad de Regantes de la Margen Izquiera del Porma, Mat&#237;as Llorente.\n<\/p>\n<p align=\"justify\">\n<p align=\"justify\">El objeto del convenio es la modernizaci&#243;n de los regad&#237;os de la zona, algunos de ellos con poco m&#225;s de una d&#233;cada de existencia, sustituyendo las acequias por tuber&#237;a enterrada para el riego por aspersi&#243;n.\n<\/p>\n<p align=\"justify\">\n<p align=\"justify\">El compromiso de la Consejer&#237;a es no cobrar las obras de regad&#237;o ejecutadas en su d&#237;a, que la Comunidad de Regantes ten&#237;a recurridas por no estar conforme con la calidad de los trabajos. Despu&#233;s de &#233;sta condonaci&#243;n que no deja de ser algo ins&#243;lito y que puede suponer un agravio para con otros regantes, se proceder&#237;a a declarar la zona como de \u00abinter&#233;s general\u00bb, acometi&#233;ndose un nuevo proceso de reconcentraci&#243;n parcelaria y la implantaci&#243;n de nuevas infraestructuras de riego con la f&#243;rmula de financiaci&#243;n que ofrece el Plan Hidrol&#243;gico Nacional a trav&#233;s de la empresa p&#250;blica SEIASA. Recordamos que esta financiaci&#243;n supone que para una inversi&#243;n aproximada de entre 6.000 y 8.000 euros por hect&#225;rea, la Junta subvenciona en su totalidad el 20%, el 19,20 es subvenci&#243;n europea, el 24% lo paga la Comunidad de Regantes mediante un pr&#233;stamo bancario (al tipo de inter&#233;s y condiciones que se pacte con la banca privada) y se lo repercute a los regantes en las cuotas anuales que determinen los &#243;rganos de gobierno de dicha Comunidad, y el 36,80% restante, se lo tienen que devolver los regantes a SEIASA en 50 a&#241;os, siendo los 25 primeros de carencia, y no se cobran intereses ni se actualiza el precio del dinero.\n<\/p>\n<p align=\"justify\">\n<p align=\"justify\">&#191;Qu&#233; opina ASAJA de esto?.\n<\/p>\n<p align=\"justify\">\n<p align=\"justify\">Si la Consejer&#237;a legalmente puede condonar las obras actuales, y lo hace dando seguridad jur&#237;dica a los agricultores propietarios, las nuevas obras que se prev&#233;n son interesantes para los agricultores en activo, siempre que la inversi&#243;n por hect&#225;rea no se dispare. El problema va a surgir a la hora de recabar el apoyo de los propietarios de tierra que no son agricultores, que pueden rechazar tanto la reconcentraci&#243;n como las nuevas obras.\n<\/p>\n<p align=\"justify\">\n<p align=\"justify\">Y para el agricultor hay otro problema, que es el qu&#233; hacer con las fincas que una vez reconcentradas tengan un tama&#241;o que no permita instalar un Pivot, ya que al no poderse regar por gravedad, habr&#237;a que utilizar el obsoleto, caro y trabajoso sistema de riego por cobertura. No hay que olvidar que aun reconcentrando, y dado lo atomizada que est&#225; la propiedad en esta provincia, el tama&#241;o medio por finca reconcentrada no sobrepasa las 4 hect&#225;reas en ninguna zona, aun yendo al sistema de parcela &#250;nica por propietario.\n<\/p>\n<p align=\"justify\">\n<p align=\"justify\">Por lo dem&#225;s, obviados estos inconvenientes, todo lo que sea concentrar la propiedad e ir a sistemas de riego que mejoren las cosechas y ahorren mano de obra, es bueno para los profesionales del campo, y por tanto ASAJA lo apoya.<\/p>\n","protected":false},"excerpt":{"rendered":"<p>El 30 de diciembre el consejero de agricultura y ganader&#237;a de la Junta, Jos&#233; Val&#237;n, firm&#243; un convenio marco, que ahora habr&#225; que desarrollar, con el presidente de la Comunidad de Regantes de la Margen Izquiera del Porma, Mat&#237;as Llorente.<\/p>\n","protected":false},"author":3,"featured_media":8174,"comment_status":"open","ping_status":"open","sticky":false,"template":"","format":"standard","meta":{"footnotes":""},"categories":[4,9],"tags":[],"yoast_head":"<!-- This site is optimized with the Yoast SEO plugin v24.5 - https:\/\/yoast.com\/wordpress\/plugins\/seo\/ -->\n<title>EL CONSEJERO FIRMA UN CONVENIO CON LA COMUNIDAD DE REGANTES DEL PORMA - ASAJA Le\u00f3n<\/title>\n<meta name=\"description\" content=\"El 30 de diciembre el consejero de agricultura y ganader&#237;a de la Junta, Jos&#233; Val&#237;n, firm&#243; un convenio marco, que ahora habr&#225; que desarrollar, con el presidente de la Comunidad de Regantes de la Margen Izquiera del Porma, Mat&#237;as Llorente.\" \/>\n<meta name=\"robots\" content=\"index, follow, max-snippet:-1, max-image-preview:large, max-video-preview:-1\" \/>\n<link rel=\"canonical\" href=\"https:\/\/www.asajacyl.com\/leon\/asaja-leon-informa\/el-consejero-firma-un-convenio-con-la-comunidad-de-regantes-del-porma\" \/>\n<meta property=\"og:locale\" content=\"es_ES\" \/>\n<meta property=\"og:type\" content=\"article\" \/>\n<meta property=\"og:title\" content=\"EL CONSEJERO FIRMA UN CONVENIO CON LA COMUNIDAD DE REGANTES DEL PORMA - ASAJA Le\u00f3n\" \/>\n<meta property=\"og:description\" content=\"El 30 de diciembre el consejero de agricultura y ganader&#237;a de la Junta, Jos&#233; Val&#237;n, firm&#243; un convenio marco, que ahora habr&#225; que desarrollar, con el presidente de la Comunidad de Regantes de la Margen Izquiera del Porma, Mat&#237;as Llorente.\" \/>\n<meta property=\"og:url\" content=\"https:\/\/www.asajacyl.com\/leon\/asaja-leon-informa\/el-consejero-firma-un-convenio-con-la-comunidad-de-regantes-del-porma\" \/>\n<meta property=\"og:site_name\" content=\"ASAJA Le\u00f3n\" \/>\n<meta property=\"article:published_time\" content=\"2004-01-01T23:00:00+00:00\" \/>\n<meta property=\"og:image\" content=\"https:\/\/www.asajacyl.com\/leon\/wp-content\/uploads\/sites\/6\/2017\/11\/im_predefinida_1920x1080.jpg\" \/>\n\t<meta property=\"og:image:width\" content=\"1920\" \/>\n\t<meta property=\"og:image:height\" content=\"1080\" \/>\n\t<meta property=\"og:image:type\" content=\"image\/jpeg\" \/>\n<meta name=\"author\" content=\"Editor\" \/>\n<meta name=\"twitter:card\" content=\"summary_large_image\" \/>\n<meta name=\"twitter:label1\" content=\"Escrito por\" \/>\n\t<meta name=\"twitter:data1\" content=\"Editor\" \/>\n\t<meta name=\"twitter:label2\" content=\"Tiempo de lectura\" \/>\n\t<meta name=\"twitter:data2\" content=\"3 minutos\" \/>\n<script type=\"application\/ld+json\" class=\"yoast-schema-graph\">{\"@context\":\"https:\/\/schema.org\",\"@graph\":[{\"@type\":\"WebPage\",\"@id\":\"https:\/\/www.asajacyl.com\/leon\/asaja-leon-informa\/el-consejero-firma-un-convenio-con-la-comunidad-de-regantes-del-porma\",\"url\":\"https:\/\/www.asajacyl.com\/leon\/asaja-leon-informa\/el-consejero-firma-un-convenio-con-la-comunidad-de-regantes-del-porma\",\"name\":\"EL CONSEJERO FIRMA UN CONVENIO CON LA COMUNIDAD DE REGANTES DEL PORMA - ASAJA Le\u00f3n\",\"isPartOf\":{\"@id\":\"https:\/\/www.asajacyl.com\/leon\/#website\"},\"primaryImageOfPage\":{\"@id\":\"https:\/\/www.asajacyl.com\/leon\/asaja-leon-informa\/el-consejero-firma-un-convenio-con-la-comunidad-de-regantes-del-porma#primaryimage\"},\"image\":{\"@id\":\"https:\/\/www.asajacyl.com\/leon\/asaja-leon-informa\/el-consejero-firma-un-convenio-con-la-comunidad-de-regantes-del-porma#primaryimage\"},\"thumbnailUrl\":\"https:\/\/www.asajacyl.com\/leon\/wp-content\/uploads\/sites\/6\/2017\/11\/im_predefinida_1920x1080.jpg\",\"datePublished\":\"2004-01-01T23:00:00+00:00\",\"author\":{\"@id\":\"https:\/\/www.asajacyl.com\/leon\/#\/schema\/person\/7e884476cee132331142e8ac9689f20c\"},\"description\":\"El 30 de diciembre el consejero de agricultura y ganader&#237;a de la Junta, Jos&#233; Val&#237;n, firm&#243; un convenio marco, que ahora habr&#225; que desarrollar, con el presidente de la Comunidad de Regantes de la Margen Izquiera del Porma, Mat&#237;as Llorente.\",\"breadcrumb\":{\"@id\":\"https:\/\/www.asajacyl.com\/leon\/asaja-leon-informa\/el-consejero-firma-un-convenio-con-la-comunidad-de-regantes-del-porma#breadcrumb\"},\"inLanguage\":\"es\",\"potentialAction\":[{\"@type\":\"ReadAction\",\"target\":[\"https:\/\/www.asajacyl.com\/leon\/asaja-leon-informa\/el-consejero-firma-un-convenio-con-la-comunidad-de-regantes-del-porma\"]}]},{\"@type\":\"ImageObject\",\"inLanguage\":\"es\",\"@id\":\"https:\/\/www.asajacyl.com\/leon\/asaja-leon-informa\/el-consejero-firma-un-convenio-con-la-comunidad-de-regantes-del-porma#primaryimage\",\"url\":\"https:\/\/www.asajacyl.com\/leon\/wp-content\/uploads\/sites\/6\/2017\/11\/im_predefinida_1920x1080.jpg\",\"contentUrl\":\"https:\/\/www.asajacyl.com\/leon\/wp-content\/uploads\/sites\/6\/2017\/11\/im_predefinida_1920x1080.jpg\",\"width\":1920,\"height\":1080,\"caption\":\"Logotipo ASAJA Le\u00f3n\"},{\"@type\":\"BreadcrumbList\",\"@id\":\"https:\/\/www.asajacyl.com\/leon\/asaja-leon-informa\/el-consejero-firma-un-convenio-con-la-comunidad-de-regantes-del-porma#breadcrumb\",\"itemListElement\":[{\"@type\":\"ListItem\",\"position\":1,\"name\":\"Portada\",\"item\":\"https:\/\/www.asajacyl.com\/leon\/\"},{\"@type\":\"ListItem\",\"position\":2,\"name\":\"EL CONSEJERO FIRMA UN CONVENIO CON LA COMUNIDAD DE REGANTES DEL PORMA\"}]},{\"@type\":\"WebSite\",\"@id\":\"https:\/\/www.asajacyl.com\/leon\/#website\",\"url\":\"https:\/\/www.asajacyl.com\/leon\/\",\"name\":\"ASAJA Le\u00f3n\",\"description\":\"Otro sitio m\u00e1s de Provincias ASAJA Castilla y Le\u00f3n\",\"potentialAction\":[{\"@type\":\"SearchAction\",\"target\":{\"@type\":\"EntryPoint\",\"urlTemplate\":\"https:\/\/www.asajacyl.com\/leon\/?s={search_term_string}\"},\"query-input\":{\"@type\":\"PropertyValueSpecification\",\"valueRequired\":true,\"valueName\":\"search_term_string\"}}],\"inLanguage\":\"es\"},{\"@type\":\"Person\",\"@id\":\"https:\/\/www.asajacyl.com\/leon\/#\/schema\/person\/7e884476cee132331142e8ac9689f20c\",\"name\":\"Editor\",\"image\":{\"@type\":\"ImageObject\",\"inLanguage\":\"es\",\"@id\":\"https:\/\/www.asajacyl.com\/leon\/#\/schema\/person\/image\/\",\"url\":\"https:\/\/secure.gravatar.com\/avatar\/a2ef43c165669686cfcfb0e1ffa59869?s=96&d=mm&r=g\",\"contentUrl\":\"https:\/\/secure.gravatar.com\/avatar\/a2ef43c165669686cfcfb0e1ffa59869?s=96&d=mm&r=g\",\"caption\":\"Editor\"},\"url\":\"https:\/\/www.asajacyl.com\/leon\/author\/oscargg\"}]}<\/script>\n<!-- \/ Yoast SEO plugin. -->","yoast_head_json":{"title":"EL CONSEJERO FIRMA UN CONVENIO CON LA COMUNIDAD DE REGANTES DEL PORMA - ASAJA Le\u00f3n","description":"El 30 de diciembre el consejero de agricultura y ganader&#237;a de la Junta, Jos&#233; Val&#237;n, firm&#243; un convenio marco, que ahora habr&#225; que desarrollar, con el presidente de la Comunidad de Regantes de la Margen Izquiera del Porma, Mat&#237;as Llorente.","robots":{"index":"index","follow":"follow","max-snippet":"max-snippet:-1","max-image-preview":"max-image-preview:large","max-video-preview":"max-video-preview:-1"},"canonical":"https:\/\/www.asajacyl.com\/leon\/asaja-leon-informa\/el-consejero-firma-un-convenio-con-la-comunidad-de-regantes-del-porma","og_locale":"es_ES","og_type":"article","og_title":"EL CONSEJERO FIRMA UN CONVENIO CON LA COMUNIDAD DE REGANTES DEL PORMA - ASAJA Le\u00f3n","og_description":"El 30 de diciembre el consejero de agricultura y ganader&#237;a de la Junta, Jos&#233; Val&#237;n, firm&#243; un convenio marco, que ahora habr&#225; que desarrollar, con el presidente de la Comunidad de Regantes de la Margen Izquiera del Porma, Mat&#237;as Llorente.","og_url":"https:\/\/www.asajacyl.com\/leon\/asaja-leon-informa\/el-consejero-firma-un-convenio-con-la-comunidad-de-regantes-del-porma","og_site_name":"ASAJA Le\u00f3n","article_published_time":"2004-01-01T23:00:00+00:00","og_image":[{"width":1920,"height":1080,"url":"https:\/\/www.asajacyl.com\/leon\/wp-content\/uploads\/sites\/6\/2017\/11\/im_predefinida_1920x1080.jpg","type":"image\/jpeg"}],"author":"Editor","twitter_card":"summary_large_image","twitter_misc":{"Escrito por":"Editor","Tiempo de lectura":"3 minutos"},"schema":{"@context":"https:\/\/schema.org","@graph":[{"@type":"WebPage","@id":"https:\/\/www.asajacyl.com\/leon\/asaja-leon-informa\/el-consejero-firma-un-convenio-con-la-comunidad-de-regantes-del-porma","url":"https:\/\/www.asajacyl.com\/leon\/asaja-leon-informa\/el-consejero-firma-un-convenio-con-la-comunidad-de-regantes-del-porma","name":"EL CONSEJERO FIRMA UN CONVENIO CON LA COMUNIDAD DE REGANTES DEL PORMA - ASAJA Le\u00f3n","isPartOf":{"@id":"https:\/\/www.asajacyl.com\/leon\/#website"},"primaryImageOfPage":{"@id":"https:\/\/www.asajacyl.com\/leon\/asaja-leon-informa\/el-consejero-firma-un-convenio-con-la-comunidad-de-regantes-del-porma#primaryimage"},"image":{"@id":"https:\/\/www.asajacyl.com\/leon\/asaja-leon-informa\/el-consejero-firma-un-convenio-con-la-comunidad-de-regantes-del-porma#primaryimage"},"thumbnailUrl":"https:\/\/www.asajacyl.com\/leon\/wp-content\/uploads\/sites\/6\/2017\/11\/im_predefinida_1920x1080.jpg","datePublished":"2004-01-01T23:00:00+00:00","author":{"@id":"https:\/\/www.asajacyl.com\/leon\/#\/schema\/person\/7e884476cee132331142e8ac9689f20c"},"description":"El 30 de diciembre el consejero de agricultura y ganader&#237;a de la Junta, Jos&#233; Val&#237;n, firm&#243; un convenio marco, que ahora habr&#225; que desarrollar, con el presidente de la Comunidad de Regantes de la Margen Izquiera del Porma, Mat&#237;as Llorente.","breadcrumb":{"@id":"https:\/\/www.asajacyl.com\/leon\/asaja-leon-informa\/el-consejero-firma-un-convenio-con-la-comunidad-de-regantes-del-porma#breadcrumb"},"inLanguage":"es","potentialAction":[{"@type":"ReadAction","target":["https:\/\/www.asajacyl.com\/leon\/asaja-leon-informa\/el-consejero-firma-un-convenio-con-la-comunidad-de-regantes-del-porma"]}]},{"@type":"ImageObject","inLanguage":"es","@id":"https:\/\/www.asajacyl.com\/leon\/asaja-leon-informa\/el-consejero-firma-un-convenio-con-la-comunidad-de-regantes-del-porma#primaryimage","url":"https:\/\/www.asajacyl.com\/leon\/wp-content\/uploads\/sites\/6\/2017\/11\/im_predefinida_1920x1080.jpg","contentUrl":"https:\/\/www.asajacyl.com\/leon\/wp-content\/uploads\/sites\/6\/2017\/11\/im_predefinida_1920x1080.jpg","width":1920,"height":1080,"caption":"Logotipo ASAJA Le\u00f3n"},{"@type":"BreadcrumbList","@id":"https:\/\/www.asajacyl.com\/leon\/asaja-leon-informa\/el-consejero-firma-un-convenio-con-la-comunidad-de-regantes-del-porma#breadcrumb","itemListElement":[{"@type":"ListItem","position":1,"name":"Portada","item":"https:\/\/www.asajacyl.com\/leon\/"},{"@type":"ListItem","position":2,"name":"EL CONSEJERO FIRMA UN CONVENIO CON LA COMUNIDAD DE REGANTES DEL PORMA"}]},{"@type":"WebSite","@id":"https:\/\/www.asajacyl.com\/leon\/#website","url":"https:\/\/www.asajacyl.com\/leon\/","name":"ASAJA Le\u00f3n","description":"Otro sitio m\u00e1s de Provincias ASAJA Castilla y Le\u00f3n","potentialAction":[{"@type":"SearchAction","target":{"@type":"EntryPoint","urlTemplate":"https:\/\/www.asajacyl.com\/leon\/?s={search_term_string}"},"query-input":{"@type":"PropertyValueSpecification","valueRequired":true,"valueName":"search_term_string"}}],"inLanguage":"es"},{"@type":"Person","@id":"https:\/\/www.asajacyl.com\/leon\/#\/schema\/person\/7e884476cee132331142e8ac9689f20c","name":"Editor","image":{"@type":"ImageObject","inLanguage":"es","@id":"https:\/\/www.asajacyl.com\/leon\/#\/schema\/person\/image\/","url":"https:\/\/secure.gravatar.com\/avatar\/a2ef43c165669686cfcfb0e1ffa59869?s=96&d=mm&r=g","contentUrl":"https:\/\/secure.gravatar.com\/avatar\/a2ef43c165669686cfcfb0e1ffa59869?s=96&d=mm&r=g","caption":"Editor"},"url":"https:\/\/www.asajacyl.com\/leon\/author\/oscargg"}]}},"_links":{"self":[{"href":"https:\/\/www.asajacyl.com\/leon\/wp-json\/wp\/v2\/posts\/8066"}],"collection":[{"href":"https:\/\/www.asajacyl.com\/leon\/wp-json\/wp\/v2\/posts"}],"about":[{"href":"https:\/\/www.asajacyl.com\/leon\/wp-json\/wp\/v2\/types\/post"}],"author":[{"embeddable":true,"href":"https:\/\/www.asajacyl.com\/leon\/wp-json\/wp\/v2\/users\/3"}],"replies":[{"embeddable":true,"href":"https:\/\/www.asajacyl.com\/leon\/wp-json\/wp\/v2\/comments?post=8066"}],"version-history":[{"count":0,"href":"https:\/\/www.asajacyl.com\/leon\/wp-json\/wp\/v2\/posts\/8066\/revisions"}],"wp:featuredmedia":[{"embeddable":true,"href":"https:\/\/www.asajacyl.com\/leon\/wp-json\/wp\/v2\/media\/8174"}],"wp:attachment":[{"href":"https:\/\/www.asajacyl.com\/leon\/wp-json\/wp\/v2\/media?parent=8066"}],"wp:term":[{"taxonomy":"category","embeddable":true,"href":"https:\/\/www.asajacyl.com\/leon\/wp-json\/wp\/v2\/categories?post=8066"},{"taxonomy":"post_tag","embeddable":true,"href":"https:\/\/www.asajacyl.com\/leon\/wp-json\/wp\/v2\/tags?post=8066"}],"curies":[{"name":"wp","href":"https:\/\/api.w.org\/{rel}","templated":true}]}}