{"id":8069,"date":"2003-12-16T00:00:00","date_gmt":"2003-12-15T23:00:00","guid":{"rendered":"http:\/\/www.asajacyl.com\/leon\/sin-categoria\/no-hay-contradicciones-en-asaja-pero-quizs-s-en-la-consejera"},"modified":"2003-12-16T00:00:00","modified_gmt":"2003-12-15T23:00:00","slug":"no-hay-contradicciones-en-asaja-pero-quizs-s-en-la-consejera","status":"publish","type":"post","link":"https:\/\/www.asajacyl.com\/leon\/asaja-leon-informa\/no-hay-contradicciones-en-asaja-pero-quizs-s-en-la-consejera","title":{"rendered":"NO HAY CONTRADICCIONES EN ASAJA, PERO QUIZ&#193;S S&#205; EN LA CONSEJER&#205;A"},"content":{"rendered":"<h2>El modelo de desacoplamiento parcial dise&#241;ado por Bruselas condenar&#237;a al campo regional a \u00abtragar\u00bb con lo peor de la reforma de la PAC<\/h2>\n<p align=\"center\"><font color=\"#009933\">&#160;<\/font><b><font color=\"#009933\">NO HAY CONTRADICCIONES EN ASAJA, <\/font><\/p>\n<p align=\"center\"><font color=\"#009933\">PERO QUIZ&#193;S S&#205; EN LA CONSEJER&#205;A<\/font>\n<\/p>\n<p align=\"center\">\n<p align=\"center\">El modelo de desacoplamiento parcial dise&#241;ado por Bruselas condenar&#237;a al campo regional a \u00abtragar\u00bb con lo peor de la reforma de la PAC<\/p>\n<p><\/b>\n<\/p>\n<p align=\"justify\">La organizaci&#243;n agraria ASAJA quiere salir al paso de las declaraciones efectuadas ayer por el consejero de Agricultura y Ganader&#237;a de la Junta de Castilla y Le&#243;n, en las que criticaba que algunas organizaciones agrarias meses atr&#225;s cuestionasen duramente el desacoplamiento de las ayudas y ahora lo estuviesen pidiendo.\n<\/p>\n<p align=\"justify\">\n<p align=\"justify\">La postura de ASAJA siempre ha sido y seguir&#225; siendo la defensa de los planteamientos que sean m&#225;s beneficiosos para los profesionales de la agricultura y ganader&#237;a de la regi&#243;n. En este sentido, nos opusimos siempre al desacoplamiento, y una vez que se nos impuso, nuestra posici&#243;n fue elegir un desacoplamiento parcial que evitase los efectos negativos de este sistema. Pero el que finalmente aprob&#243; Bruselas es tan reducido que no aporta nada bueno y, por el contrario, supone varios inconvenientes, como es el no permitir la diversificaci&#243;n productiva en la explotaci&#243;n.\n<\/p>\n<p align=\"justify\">\n<p align=\"justify\">ASAJA cree que m&#225;s criticable es la actitud de la Consejer&#237;a, que no tiene un criterio propio y que act&#250;a seg&#250;n las consignas que marca el Ministerio. Prueba de ello es que en la reuni&#243;n del Consejo Regional Agrario del 27 de junio se inform&#243; por parte del consejero de unos acuerdos que despu&#233;s no se han parecido en nada a los que se han trasladado a los reglamentos, lo que indica que el ministro enga&#241;&#243; al consejero o que Fischler enga&#241;&#243; a ambos. Constatar lo que en realidad supone para el campo el desacoplamiento parcial es lo que ha llevado a ASAJA a pedir que se aplique un desacoplamiento total en todos los sectores y cuanto antes, ya que la alternativa contraria condena a los profesionales de la regi&#243;n a \u00abtragarse\u00bb lo malo de la reforma y a no poder acogerse a ciertas bondades de la misma, de las que s&#237; se beneficiar&#225;n agricultores y ganaderos del resto de Europa.\n<\/p>\n<p align=\"justify\">\n<p align=\"justify\">ASAJA, por &#250;ltimo, pide al consejero de Agricultura que destine sus esfuerzos a defender la agricultura y la ganader&#237;a de Castilla y Le&#243;n, como es su obligaci&#243;n, y no a descalificar a quienes han demostrado m&#225;s coherencia y compromiso con el sector del que &#233;l est&#225; demostrando.\n<\/p>\n<p align=\"justify\">\n<p align=\"justify\">&#160;\n<\/p>\n<p align=\"right\">Le&#243;n a 16 de Diciembre de 2003<\/p>\n","protected":false},"excerpt":{"rendered":"<p>El modelo de desacoplamiento parcial dise&#241;ado por Bruselas condenar&#237;a al campo regional a \u00abtragar\u00bb con lo peor de la reforma de la PAC<\/p>\n","protected":false},"author":3,"featured_media":8174,"comment_status":"open","ping_status":"open","sticky":false,"template":"","format":"standard","meta":{"footnotes":""},"categories":[4,9],"tags":[],"yoast_head":"<!-- This site is optimized with the Yoast SEO plugin v24.5 - https:\/\/yoast.com\/wordpress\/plugins\/seo\/ -->\n<title>NO HAY CONTRADICCIONES EN ASAJA, PERO QUIZ&#193;S S&#205; EN LA CONSEJER&#205;A - ASAJA Le\u00f3n<\/title>\n<meta name=\"description\" content=\"El modelo de desacoplamiento parcial dise&#241;ado por Bruselas condenar&#237;a al campo regional a &quot;tragar&quot; con lo peor de la reforma de la PAC\" \/>\n<meta name=\"robots\" content=\"index, follow, max-snippet:-1, max-image-preview:large, max-video-preview:-1\" \/>\n<link rel=\"canonical\" href=\"https:\/\/www.asajacyl.com\/leon\/asaja-leon-informa\/no-hay-contradicciones-en-asaja-pero-quizs-s-en-la-consejera\" \/>\n<meta property=\"og:locale\" content=\"es_ES\" \/>\n<meta property=\"og:type\" content=\"article\" \/>\n<meta property=\"og:title\" content=\"NO HAY CONTRADICCIONES EN ASAJA, PERO QUIZ&#193;S S&#205; EN LA CONSEJER&#205;A - ASAJA Le\u00f3n\" \/>\n<meta property=\"og:description\" content=\"El modelo de desacoplamiento parcial dise&#241;ado por Bruselas condenar&#237;a al campo regional a &quot;tragar&quot; con lo peor de la reforma de la PAC\" \/>\n<meta property=\"og:url\" content=\"https:\/\/www.asajacyl.com\/leon\/asaja-leon-informa\/no-hay-contradicciones-en-asaja-pero-quizs-s-en-la-consejera\" \/>\n<meta property=\"og:site_name\" content=\"ASAJA Le\u00f3n\" \/>\n<meta property=\"article:published_time\" content=\"2003-12-15T23:00:00+00:00\" \/>\n<meta property=\"og:image\" content=\"https:\/\/www.asajacyl.com\/leon\/wp-content\/uploads\/sites\/6\/2017\/11\/im_predefinida_1920x1080.jpg\" \/>\n\t<meta property=\"og:image:width\" content=\"1920\" \/>\n\t<meta property=\"og:image:height\" content=\"1080\" \/>\n\t<meta property=\"og:image:type\" content=\"image\/jpeg\" \/>\n<meta name=\"author\" content=\"Editor\" \/>\n<meta name=\"twitter:card\" content=\"summary_large_image\" \/>\n<meta name=\"twitter:label1\" content=\"Escrito por\" \/>\n\t<meta name=\"twitter:data1\" content=\"Editor\" \/>\n\t<meta name=\"twitter:label2\" content=\"Tiempo de lectura\" \/>\n\t<meta name=\"twitter:data2\" content=\"2 minutos\" \/>\n<script type=\"application\/ld+json\" class=\"yoast-schema-graph\">{\"@context\":\"https:\/\/schema.org\",\"@graph\":[{\"@type\":\"WebPage\",\"@id\":\"https:\/\/www.asajacyl.com\/leon\/asaja-leon-informa\/no-hay-contradicciones-en-asaja-pero-quizs-s-en-la-consejera\",\"url\":\"https:\/\/www.asajacyl.com\/leon\/asaja-leon-informa\/no-hay-contradicciones-en-asaja-pero-quizs-s-en-la-consejera\",\"name\":\"NO HAY CONTRADICCIONES EN ASAJA, PERO QUIZ&#193;S S&#205; EN LA CONSEJER&#205;A - ASAJA Le\u00f3n\",\"isPartOf\":{\"@id\":\"https:\/\/www.asajacyl.com\/leon\/#website\"},\"primaryImageOfPage\":{\"@id\":\"https:\/\/www.asajacyl.com\/leon\/asaja-leon-informa\/no-hay-contradicciones-en-asaja-pero-quizs-s-en-la-consejera#primaryimage\"},\"image\":{\"@id\":\"https:\/\/www.asajacyl.com\/leon\/asaja-leon-informa\/no-hay-contradicciones-en-asaja-pero-quizs-s-en-la-consejera#primaryimage\"},\"thumbnailUrl\":\"https:\/\/www.asajacyl.com\/leon\/wp-content\/uploads\/sites\/6\/2017\/11\/im_predefinida_1920x1080.jpg\",\"datePublished\":\"2003-12-15T23:00:00+00:00\",\"author\":{\"@id\":\"https:\/\/www.asajacyl.com\/leon\/#\/schema\/person\/7e884476cee132331142e8ac9689f20c\"},\"description\":\"El modelo de desacoplamiento parcial dise&#241;ado por Bruselas condenar&#237;a al campo regional a \\\"tragar\\\" con lo peor de la reforma de la PAC\",\"breadcrumb\":{\"@id\":\"https:\/\/www.asajacyl.com\/leon\/asaja-leon-informa\/no-hay-contradicciones-en-asaja-pero-quizs-s-en-la-consejera#breadcrumb\"},\"inLanguage\":\"es\",\"potentialAction\":[{\"@type\":\"ReadAction\",\"target\":[\"https:\/\/www.asajacyl.com\/leon\/asaja-leon-informa\/no-hay-contradicciones-en-asaja-pero-quizs-s-en-la-consejera\"]}]},{\"@type\":\"ImageObject\",\"inLanguage\":\"es\",\"@id\":\"https:\/\/www.asajacyl.com\/leon\/asaja-leon-informa\/no-hay-contradicciones-en-asaja-pero-quizs-s-en-la-consejera#primaryimage\",\"url\":\"https:\/\/www.asajacyl.com\/leon\/wp-content\/uploads\/sites\/6\/2017\/11\/im_predefinida_1920x1080.jpg\",\"contentUrl\":\"https:\/\/www.asajacyl.com\/leon\/wp-content\/uploads\/sites\/6\/2017\/11\/im_predefinida_1920x1080.jpg\",\"width\":1920,\"height\":1080,\"caption\":\"Logotipo ASAJA Le\u00f3n\"},{\"@type\":\"BreadcrumbList\",\"@id\":\"https:\/\/www.asajacyl.com\/leon\/asaja-leon-informa\/no-hay-contradicciones-en-asaja-pero-quizs-s-en-la-consejera#breadcrumb\",\"itemListElement\":[{\"@type\":\"ListItem\",\"position\":1,\"name\":\"Portada\",\"item\":\"https:\/\/www.asajacyl.com\/leon\/\"},{\"@type\":\"ListItem\",\"position\":2,\"name\":\"NO HAY CONTRADICCIONES EN ASAJA, PERO QUIZ&#193;S S&#205; EN LA CONSEJER&#205;A\"}]},{\"@type\":\"WebSite\",\"@id\":\"https:\/\/www.asajacyl.com\/leon\/#website\",\"url\":\"https:\/\/www.asajacyl.com\/leon\/\",\"name\":\"ASAJA Le\u00f3n\",\"description\":\"Otro sitio m\u00e1s de Provincias ASAJA Castilla y Le\u00f3n\",\"potentialAction\":[{\"@type\":\"SearchAction\",\"target\":{\"@type\":\"EntryPoint\",\"urlTemplate\":\"https:\/\/www.asajacyl.com\/leon\/?s={search_term_string}\"},\"query-input\":{\"@type\":\"PropertyValueSpecification\",\"valueRequired\":true,\"valueName\":\"search_term_string\"}}],\"inLanguage\":\"es\"},{\"@type\":\"Person\",\"@id\":\"https:\/\/www.asajacyl.com\/leon\/#\/schema\/person\/7e884476cee132331142e8ac9689f20c\",\"name\":\"Editor\",\"image\":{\"@type\":\"ImageObject\",\"inLanguage\":\"es\",\"@id\":\"https:\/\/www.asajacyl.com\/leon\/#\/schema\/person\/image\/\",\"url\":\"https:\/\/secure.gravatar.com\/avatar\/a2ef43c165669686cfcfb0e1ffa59869?s=96&d=mm&r=g\",\"contentUrl\":\"https:\/\/secure.gravatar.com\/avatar\/a2ef43c165669686cfcfb0e1ffa59869?s=96&d=mm&r=g\",\"caption\":\"Editor\"},\"url\":\"https:\/\/www.asajacyl.com\/leon\/author\/oscargg\"}]}<\/script>\n<!-- \/ Yoast SEO plugin. -->","yoast_head_json":{"title":"NO HAY CONTRADICCIONES EN ASAJA, PERO QUIZ&#193;S S&#205; EN LA CONSEJER&#205;A - ASAJA Le\u00f3n","description":"El modelo de desacoplamiento parcial dise&#241;ado por Bruselas condenar&#237;a al campo regional a \"tragar\" con lo peor de la reforma de la PAC","robots":{"index":"index","follow":"follow","max-snippet":"max-snippet:-1","max-image-preview":"max-image-preview:large","max-video-preview":"max-video-preview:-1"},"canonical":"https:\/\/www.asajacyl.com\/leon\/asaja-leon-informa\/no-hay-contradicciones-en-asaja-pero-quizs-s-en-la-consejera","og_locale":"es_ES","og_type":"article","og_title":"NO HAY CONTRADICCIONES EN ASAJA, PERO QUIZ&#193;S S&#205; EN LA CONSEJER&#205;A - ASAJA Le\u00f3n","og_description":"El modelo de desacoplamiento parcial dise&#241;ado por Bruselas condenar&#237;a al campo regional a \"tragar\" con lo peor de la reforma de la PAC","og_url":"https:\/\/www.asajacyl.com\/leon\/asaja-leon-informa\/no-hay-contradicciones-en-asaja-pero-quizs-s-en-la-consejera","og_site_name":"ASAJA Le\u00f3n","article_published_time":"2003-12-15T23:00:00+00:00","og_image":[{"width":1920,"height":1080,"url":"https:\/\/www.asajacyl.com\/leon\/wp-content\/uploads\/sites\/6\/2017\/11\/im_predefinida_1920x1080.jpg","type":"image\/jpeg"}],"author":"Editor","twitter_card":"summary_large_image","twitter_misc":{"Escrito por":"Editor","Tiempo de lectura":"2 minutos"},"schema":{"@context":"https:\/\/schema.org","@graph":[{"@type":"WebPage","@id":"https:\/\/www.asajacyl.com\/leon\/asaja-leon-informa\/no-hay-contradicciones-en-asaja-pero-quizs-s-en-la-consejera","url":"https:\/\/www.asajacyl.com\/leon\/asaja-leon-informa\/no-hay-contradicciones-en-asaja-pero-quizs-s-en-la-consejera","name":"NO HAY CONTRADICCIONES EN ASAJA, PERO QUIZ&#193;S S&#205; EN LA CONSEJER&#205;A - ASAJA Le\u00f3n","isPartOf":{"@id":"https:\/\/www.asajacyl.com\/leon\/#website"},"primaryImageOfPage":{"@id":"https:\/\/www.asajacyl.com\/leon\/asaja-leon-informa\/no-hay-contradicciones-en-asaja-pero-quizs-s-en-la-consejera#primaryimage"},"image":{"@id":"https:\/\/www.asajacyl.com\/leon\/asaja-leon-informa\/no-hay-contradicciones-en-asaja-pero-quizs-s-en-la-consejera#primaryimage"},"thumbnailUrl":"https:\/\/www.asajacyl.com\/leon\/wp-content\/uploads\/sites\/6\/2017\/11\/im_predefinida_1920x1080.jpg","datePublished":"2003-12-15T23:00:00+00:00","author":{"@id":"https:\/\/www.asajacyl.com\/leon\/#\/schema\/person\/7e884476cee132331142e8ac9689f20c"},"description":"El modelo de desacoplamiento parcial dise&#241;ado por Bruselas condenar&#237;a al campo regional a \"tragar\" con lo peor de la reforma de la PAC","breadcrumb":{"@id":"https:\/\/www.asajacyl.com\/leon\/asaja-leon-informa\/no-hay-contradicciones-en-asaja-pero-quizs-s-en-la-consejera#breadcrumb"},"inLanguage":"es","potentialAction":[{"@type":"ReadAction","target":["https:\/\/www.asajacyl.com\/leon\/asaja-leon-informa\/no-hay-contradicciones-en-asaja-pero-quizs-s-en-la-consejera"]}]},{"@type":"ImageObject","inLanguage":"es","@id":"https:\/\/www.asajacyl.com\/leon\/asaja-leon-informa\/no-hay-contradicciones-en-asaja-pero-quizs-s-en-la-consejera#primaryimage","url":"https:\/\/www.asajacyl.com\/leon\/wp-content\/uploads\/sites\/6\/2017\/11\/im_predefinida_1920x1080.jpg","contentUrl":"https:\/\/www.asajacyl.com\/leon\/wp-content\/uploads\/sites\/6\/2017\/11\/im_predefinida_1920x1080.jpg","width":1920,"height":1080,"caption":"Logotipo ASAJA Le\u00f3n"},{"@type":"BreadcrumbList","@id":"https:\/\/www.asajacyl.com\/leon\/asaja-leon-informa\/no-hay-contradicciones-en-asaja-pero-quizs-s-en-la-consejera#breadcrumb","itemListElement":[{"@type":"ListItem","position":1,"name":"Portada","item":"https:\/\/www.asajacyl.com\/leon\/"},{"@type":"ListItem","position":2,"name":"NO HAY CONTRADICCIONES EN ASAJA, PERO QUIZ&#193;S S&#205; EN LA CONSEJER&#205;A"}]},{"@type":"WebSite","@id":"https:\/\/www.asajacyl.com\/leon\/#website","url":"https:\/\/www.asajacyl.com\/leon\/","name":"ASAJA Le\u00f3n","description":"Otro sitio m\u00e1s de Provincias ASAJA Castilla y Le\u00f3n","potentialAction":[{"@type":"SearchAction","target":{"@type":"EntryPoint","urlTemplate":"https:\/\/www.asajacyl.com\/leon\/?s={search_term_string}"},"query-input":{"@type":"PropertyValueSpecification","valueRequired":true,"valueName":"search_term_string"}}],"inLanguage":"es"},{"@type":"Person","@id":"https:\/\/www.asajacyl.com\/leon\/#\/schema\/person\/7e884476cee132331142e8ac9689f20c","name":"Editor","image":{"@type":"ImageObject","inLanguage":"es","@id":"https:\/\/www.asajacyl.com\/leon\/#\/schema\/person\/image\/","url":"https:\/\/secure.gravatar.com\/avatar\/a2ef43c165669686cfcfb0e1ffa59869?s=96&d=mm&r=g","contentUrl":"https:\/\/secure.gravatar.com\/avatar\/a2ef43c165669686cfcfb0e1ffa59869?s=96&d=mm&r=g","caption":"Editor"},"url":"https:\/\/www.asajacyl.com\/leon\/author\/oscargg"}]}},"_links":{"self":[{"href":"https:\/\/www.asajacyl.com\/leon\/wp-json\/wp\/v2\/posts\/8069"}],"collection":[{"href":"https:\/\/www.asajacyl.com\/leon\/wp-json\/wp\/v2\/posts"}],"about":[{"href":"https:\/\/www.asajacyl.com\/leon\/wp-json\/wp\/v2\/types\/post"}],"author":[{"embeddable":true,"href":"https:\/\/www.asajacyl.com\/leon\/wp-json\/wp\/v2\/users\/3"}],"replies":[{"embeddable":true,"href":"https:\/\/www.asajacyl.com\/leon\/wp-json\/wp\/v2\/comments?post=8069"}],"version-history":[{"count":0,"href":"https:\/\/www.asajacyl.com\/leon\/wp-json\/wp\/v2\/posts\/8069\/revisions"}],"wp:featuredmedia":[{"embeddable":true,"href":"https:\/\/www.asajacyl.com\/leon\/wp-json\/wp\/v2\/media\/8174"}],"wp:attachment":[{"href":"https:\/\/www.asajacyl.com\/leon\/wp-json\/wp\/v2\/media?parent=8069"}],"wp:term":[{"taxonomy":"category","embeddable":true,"href":"https:\/\/www.asajacyl.com\/leon\/wp-json\/wp\/v2\/categories?post=8069"},{"taxonomy":"post_tag","embeddable":true,"href":"https:\/\/www.asajacyl.com\/leon\/wp-json\/wp\/v2\/tags?post=8069"}],"curies":[{"name":"wp","href":"https:\/\/api.w.org\/{rel}","templated":true}]}}