{"id":8070,"date":"2003-12-10T00:00:00","date_gmt":"2003-12-09T23:00:00","guid":{"rendered":"http:\/\/www.asajacyl.com\/leon\/sin-categoria\/expectacin-entre-los-profesionales-del-campo-ante-los-cambios-inminentes-en-el-reass"},"modified":"2003-12-10T00:00:00","modified_gmt":"2003-12-09T23:00:00","slug":"expectacin-entre-los-profesionales-del-campo-ante-los-cambios-inminentes-en-el-reass","status":"publish","type":"post","link":"https:\/\/www.asajacyl.com\/leon\/asaja-leon-informa\/expectacin-entre-los-profesionales-del-campo-ante-los-cambios-inminentes-en-el-reass","title":{"rendered":"EXPECTACI&#211;N ENTRE LOS PROFESIONALES DEL CAMPO ANTE LOS CAMBIOS INMINENTES EN EL REASS"},"content":{"rendered":"<h2>T&#233;cnicos de ASAJA de Castilla y Le&#243;n estudian hoy en Valladolid la nueva normativa para asesorar a los cerca de 46.214 agricultores que se pueden ver afectados<\/h2>\n<p><b><\/p>\n<p align=\"center\"><font color=\"#009933\">EXPECTACI&#211;N ENTRE LOS PROFESIONALES DEL CAMPO <\/font>\n<\/p>\n<p align=\"center\"><font color=\"#009933\">ANTE LOS CAMBIOS INMINENTES EN EL REASS<\/font>\n<\/p>\n<p align=\"center\">\n<p align=\"center\">T&#233;cnicos de ASAJA de Castilla y Le&#243;n estudian hoy en Valladolid la nueva normativa para asesorar a los cerca de 46.214 agricultores que se pueden ver afectados<\/p>\n<p><\/b><\/p>\n<p align=\"justify\">\n<p align=\"justify\">T&#233;cnicos de las organizaciones provinciales de ASAJA en Castilla y Le&#243;n se han reunido esta ma&#241;ana en Valladolid para conocer en profundidad y unificar criterios respecto a la nueva Ley que regular&#225; el R&#233;gimen Especial Agrario de la Seguridad Social, cuya aplicaci&#243;n, a partir del pr&#243;ximo mes de enero, afectar&#225; a miles de profesionales del campo de Castilla y Le&#243;n.\n<\/p>\n<p align=\"justify\">\n<p align=\"justify\">A fecha de noviembre de 2003, eran 46.214 los cotizantes del REASS por cuenta propia en la Comunidad Aut&#243;noma. Atendiendo a su edad y momento previsto de jubilaci&#243;n, preferencias y necesidades, ser&#225; preciso estudiar detenidamente cada caso para decidir si es conveniente pasar del r&#233;gimen actual al que se ha calificado como transitorio, que le aproximar&#225; gradualmente al R&#233;gimen por Cuenta Propia o de trabajadores Aut&#243;nomos. Por ese motivo, es fundamental el asesoramiento t&#233;cnico, que facilitar&#225; la libre elecci&#243;n del agricultor, reclamada y lograda por ASAJA en el Acuerdo suscrito con el Ministerio de Trabajo el pasado 21 de mayo en materia de Seguridad Social Agraria.\n<\/p>\n<p align=\"justify\">\n<p align=\"justify\">El criterio de voluntariedad respecto al R&#233;gimen, es decir, que aquellos trabajadores que quieran optar por seguir en el r&#233;gimen actual lo puedan hacer, es uno de los puntos contenidos en la Ley 36\/2003, de 11 de noviembre, sobre medidas de reforma econ&#243;mica que b&#225;sicamente recoge en su articulado el contenido del mencionado Acuerdo. Por su parte, los que renuncien ir&#225;n al nuevo sistema que entra en vigor a partir del 1 de enero de 2004 y que experimenta una ligera subida de cotizaciones a&#241;o tras a&#241;o, con el consiguiente aumento de las prestaciones, hasta su equiparaci&#243;n con los aut&#243;nomos. Igualmente, la Ley desarrolla la incorporaci&#243;n, sin ninguna objeci&#243;n, al R&#233;gimen Especial Agrario siempre que se demuestre que hay una dedicaci&#243;n preponderante en la actividad agraria.\n<\/p>\n<p align=\"justify\">\n<p align=\"justify\">Por otra parte, ASAJA de Castilla y Le&#243;n quiere recordar al Gobierno de la naci&#243;n su compromiso de elaborar una nueva definici&#243;n del trabajador por cuenta propia del REASS que mantenga como tales a los que tienen &#233;sta condici&#243;n en la actualidad, as&#237; como de arbitrar una reducci&#243;n en la base de cotizaci&#243;n para los j&#243;venes menores de 30 a&#241;os. La nueva definici&#243;n del agricultor es fundamental para que todos los profesionales de Castilla y Le&#243;n est&#233;n en el REASS de forma absolutamente legal, y no como ocurre ahora, que pueden injustamente ser objeto de inspecci&#243;n.\n<\/p>\n<p align=\"justify\">\n<p align=\"justify\">&#160;<b><\/p>\n<p align=\"justify\">Afiliados al R&#233;gimen Especial Agrario por cuenta propia\n<\/p>\n<p align=\"justify\">(noviembre de 2003)<\/p>\n<p><\/b>\n<\/p>\n<p align=\"justify\">\n<table cellspacing=\"1\" cellpadding=\"4\" width=\"223\" border=\"1\">\n<tr>\n<td valign=\"top\" width=\"57%\">\n<p align=\"justify\">&#193;vila<\/p>\n<\/td>\n<td valign=\"top\" width=\"43%\">\n<p align=\"justify\">3.672<\/p>\n<\/td>\n<\/tr>\n<tr>\n<td valign=\"top\" width=\"57%\">\n<p align=\"justify\">Burgos<\/p>\n<\/td>\n<td valign=\"top\" width=\"43%\">\n<p align=\"justify\">6.675<\/p>\n<\/td>\n<\/tr>\n<tr>\n<td valign=\"top\" width=\"57%\">\n<p align=\"justify\">Le&#243;n<\/p>\n<\/td>\n<td valign=\"top\" width=\"43%\">\n<p align=\"justify\">11.016<\/p>\n<\/td>\n<\/tr>\n<tr>\n<td valign=\"top\" width=\"57%\">\n<p align=\"justify\">Palencia<\/p>\n<\/td>\n<td valign=\"top\" width=\"43%\">\n<p align=\"justify\">2.933<\/p>\n<\/td>\n<\/tr>\n<tr>\n<td valign=\"top\" width=\"57%\">\n<p align=\"justify\">Salamanca<\/p>\n<\/td>\n<td valign=\"top\" width=\"43%\">\n<p align=\"justify\">6.422<\/p>\n<\/td>\n<\/tr>\n<tr>\n<td valign=\"top\" width=\"57%\">\n<p align=\"justify\">Segovia<\/p>\n<\/td>\n<td valign=\"top\" width=\"43%\">\n<p align=\"justify\">3.128<\/p>\n<\/td>\n<\/tr>\n<tr>\n<td valign=\"top\" width=\"57%\">\n<p align=\"justify\">Soria<\/p>\n<\/td>\n<td valign=\"top\" width=\"43%\">\n<p align=\"justify\">2.253<\/p>\n<\/td>\n<\/tr>\n<tr>\n<td valign=\"top\" width=\"57%\">\n<p align=\"justify\">Valladolid<\/p>\n<\/td>\n<td valign=\"top\" width=\"43%\">\n<p align=\"justify\">3.507<\/p>\n<\/td>\n<\/tr>\n<tr>\n<td valign=\"top\" width=\"57%\">\n<p align=\"justify\">Zamora<\/p>\n<\/td>\n<td valign=\"top\" width=\"43%\">\n<p align=\"justify\">6.608<\/p>\n<\/td>\n<\/tr>\n<tr>\n<td valign=\"top\" width=\"57%\">\n<p align=\"justify\">Castilla y Le&#243;n<\/p>\n<\/td>\n<td valign=\"top\" width=\"43%\">\n<p align=\"justify\">46.214<\/p>\n<\/td>\n<\/tr>\n<tr>\n<td valign=\"top\" width=\"57%\">\n<p align=\"justify\">Espa&#241;a<\/p>\n<\/td>\n<td valign=\"top\" width=\"43%\">\n<p align=\"justify\">289.750<\/p>\n<\/td>\n<\/tr>\n<\/table>\n<p align=\"justify\">\n<p align=\"justify\">&#160;\n<\/p>\n<p align=\"justify\">&#160;\n<\/p>\n<p align=\"justify\">.\n<\/p>\n<p>&#160;<\/p>\n","protected":false},"excerpt":{"rendered":"<p>T&#233;cnicos de ASAJA de Castilla y Le&#243;n estudian hoy en Valladolid la nueva normativa para asesorar a los cerca de 46.214 agricultores que se pueden ver afectados<\/p>\n","protected":false},"author":3,"featured_media":8174,"comment_status":"open","ping_status":"open","sticky":false,"template":"","format":"standard","meta":{"footnotes":""},"categories":[4,9],"tags":[],"yoast_head":"<!-- This site is optimized with the Yoast SEO plugin v24.5 - https:\/\/yoast.com\/wordpress\/plugins\/seo\/ -->\n<title>EXPECTACI&#211;N ENTRE LOS PROFESIONALES DEL CAMPO ANTE LOS CAMBIOS INMINENTES EN EL REASS - ASAJA Le\u00f3n<\/title>\n<meta name=\"description\" content=\"T&#233;cnicos de ASAJA de Castilla y Le&#243;n estudian hoy en Valladolid la nueva normativa para asesorar a los cerca de 46.214 agricultores que se pueden ver afectados\" \/>\n<meta name=\"robots\" content=\"index, follow, max-snippet:-1, max-image-preview:large, max-video-preview:-1\" \/>\n<link rel=\"canonical\" href=\"https:\/\/www.asajacyl.com\/leon\/asaja-leon-informa\/expectacin-entre-los-profesionales-del-campo-ante-los-cambios-inminentes-en-el-reass\" \/>\n<meta property=\"og:locale\" content=\"es_ES\" \/>\n<meta property=\"og:type\" content=\"article\" \/>\n<meta property=\"og:title\" content=\"EXPECTACI&#211;N ENTRE LOS PROFESIONALES DEL CAMPO ANTE LOS CAMBIOS INMINENTES EN EL REASS - ASAJA Le\u00f3n\" \/>\n<meta property=\"og:description\" content=\"T&#233;cnicos de ASAJA de Castilla y Le&#243;n estudian hoy en Valladolid la nueva normativa para asesorar a los cerca de 46.214 agricultores que se pueden ver afectados\" \/>\n<meta property=\"og:url\" content=\"https:\/\/www.asajacyl.com\/leon\/asaja-leon-informa\/expectacin-entre-los-profesionales-del-campo-ante-los-cambios-inminentes-en-el-reass\" \/>\n<meta property=\"og:site_name\" content=\"ASAJA Le\u00f3n\" \/>\n<meta property=\"article:published_time\" content=\"2003-12-09T23:00:00+00:00\" \/>\n<meta property=\"og:image\" content=\"https:\/\/www.asajacyl.com\/leon\/wp-content\/uploads\/sites\/6\/2017\/11\/im_predefinida_1920x1080.jpg\" \/>\n\t<meta property=\"og:image:width\" content=\"1920\" \/>\n\t<meta property=\"og:image:height\" content=\"1080\" \/>\n\t<meta property=\"og:image:type\" content=\"image\/jpeg\" \/>\n<meta name=\"author\" content=\"Editor\" \/>\n<meta name=\"twitter:card\" content=\"summary_large_image\" \/>\n<meta name=\"twitter:label1\" content=\"Escrito por\" \/>\n\t<meta name=\"twitter:data1\" content=\"Editor\" \/>\n\t<meta name=\"twitter:label2\" content=\"Tiempo de lectura\" \/>\n\t<meta name=\"twitter:data2\" content=\"3 minutos\" \/>\n<script type=\"application\/ld+json\" class=\"yoast-schema-graph\">{\"@context\":\"https:\/\/schema.org\",\"@graph\":[{\"@type\":\"WebPage\",\"@id\":\"https:\/\/www.asajacyl.com\/leon\/asaja-leon-informa\/expectacin-entre-los-profesionales-del-campo-ante-los-cambios-inminentes-en-el-reass\",\"url\":\"https:\/\/www.asajacyl.com\/leon\/asaja-leon-informa\/expectacin-entre-los-profesionales-del-campo-ante-los-cambios-inminentes-en-el-reass\",\"name\":\"EXPECTACI&#211;N ENTRE LOS PROFESIONALES DEL CAMPO ANTE LOS CAMBIOS INMINENTES EN EL REASS - ASAJA Le\u00f3n\",\"isPartOf\":{\"@id\":\"https:\/\/www.asajacyl.com\/leon\/#website\"},\"primaryImageOfPage\":{\"@id\":\"https:\/\/www.asajacyl.com\/leon\/asaja-leon-informa\/expectacin-entre-los-profesionales-del-campo-ante-los-cambios-inminentes-en-el-reass#primaryimage\"},\"image\":{\"@id\":\"https:\/\/www.asajacyl.com\/leon\/asaja-leon-informa\/expectacin-entre-los-profesionales-del-campo-ante-los-cambios-inminentes-en-el-reass#primaryimage\"},\"thumbnailUrl\":\"https:\/\/www.asajacyl.com\/leon\/wp-content\/uploads\/sites\/6\/2017\/11\/im_predefinida_1920x1080.jpg\",\"datePublished\":\"2003-12-09T23:00:00+00:00\",\"author\":{\"@id\":\"https:\/\/www.asajacyl.com\/leon\/#\/schema\/person\/7e884476cee132331142e8ac9689f20c\"},\"description\":\"T&#233;cnicos de ASAJA de Castilla y Le&#243;n estudian hoy en Valladolid la nueva normativa para asesorar a los cerca de 46.214 agricultores que se pueden ver afectados\",\"breadcrumb\":{\"@id\":\"https:\/\/www.asajacyl.com\/leon\/asaja-leon-informa\/expectacin-entre-los-profesionales-del-campo-ante-los-cambios-inminentes-en-el-reass#breadcrumb\"},\"inLanguage\":\"es\",\"potentialAction\":[{\"@type\":\"ReadAction\",\"target\":[\"https:\/\/www.asajacyl.com\/leon\/asaja-leon-informa\/expectacin-entre-los-profesionales-del-campo-ante-los-cambios-inminentes-en-el-reass\"]}]},{\"@type\":\"ImageObject\",\"inLanguage\":\"es\",\"@id\":\"https:\/\/www.asajacyl.com\/leon\/asaja-leon-informa\/expectacin-entre-los-profesionales-del-campo-ante-los-cambios-inminentes-en-el-reass#primaryimage\",\"url\":\"https:\/\/www.asajacyl.com\/leon\/wp-content\/uploads\/sites\/6\/2017\/11\/im_predefinida_1920x1080.jpg\",\"contentUrl\":\"https:\/\/www.asajacyl.com\/leon\/wp-content\/uploads\/sites\/6\/2017\/11\/im_predefinida_1920x1080.jpg\",\"width\":1920,\"height\":1080,\"caption\":\"Logotipo ASAJA Le\u00f3n\"},{\"@type\":\"BreadcrumbList\",\"@id\":\"https:\/\/www.asajacyl.com\/leon\/asaja-leon-informa\/expectacin-entre-los-profesionales-del-campo-ante-los-cambios-inminentes-en-el-reass#breadcrumb\",\"itemListElement\":[{\"@type\":\"ListItem\",\"position\":1,\"name\":\"Portada\",\"item\":\"https:\/\/www.asajacyl.com\/leon\/\"},{\"@type\":\"ListItem\",\"position\":2,\"name\":\"EXPECTACI&#211;N ENTRE LOS PROFESIONALES DEL CAMPO ANTE LOS CAMBIOS INMINENTES EN EL REASS\"}]},{\"@type\":\"WebSite\",\"@id\":\"https:\/\/www.asajacyl.com\/leon\/#website\",\"url\":\"https:\/\/www.asajacyl.com\/leon\/\",\"name\":\"ASAJA Le\u00f3n\",\"description\":\"Otro sitio m\u00e1s de Provincias ASAJA Castilla y Le\u00f3n\",\"potentialAction\":[{\"@type\":\"SearchAction\",\"target\":{\"@type\":\"EntryPoint\",\"urlTemplate\":\"https:\/\/www.asajacyl.com\/leon\/?s={search_term_string}\"},\"query-input\":{\"@type\":\"PropertyValueSpecification\",\"valueRequired\":true,\"valueName\":\"search_term_string\"}}],\"inLanguage\":\"es\"},{\"@type\":\"Person\",\"@id\":\"https:\/\/www.asajacyl.com\/leon\/#\/schema\/person\/7e884476cee132331142e8ac9689f20c\",\"name\":\"Editor\",\"image\":{\"@type\":\"ImageObject\",\"inLanguage\":\"es\",\"@id\":\"https:\/\/www.asajacyl.com\/leon\/#\/schema\/person\/image\/\",\"url\":\"https:\/\/secure.gravatar.com\/avatar\/a2ef43c165669686cfcfb0e1ffa59869?s=96&d=mm&r=g\",\"contentUrl\":\"https:\/\/secure.gravatar.com\/avatar\/a2ef43c165669686cfcfb0e1ffa59869?s=96&d=mm&r=g\",\"caption\":\"Editor\"},\"url\":\"https:\/\/www.asajacyl.com\/leon\/author\/oscargg\"}]}<\/script>\n<!-- \/ Yoast SEO plugin. -->","yoast_head_json":{"title":"EXPECTACI&#211;N ENTRE LOS PROFESIONALES DEL CAMPO ANTE LOS CAMBIOS INMINENTES EN EL REASS - ASAJA Le\u00f3n","description":"T&#233;cnicos de ASAJA de Castilla y Le&#243;n estudian hoy en Valladolid la nueva normativa para asesorar a los cerca de 46.214 agricultores que se pueden ver afectados","robots":{"index":"index","follow":"follow","max-snippet":"max-snippet:-1","max-image-preview":"max-image-preview:large","max-video-preview":"max-video-preview:-1"},"canonical":"https:\/\/www.asajacyl.com\/leon\/asaja-leon-informa\/expectacin-entre-los-profesionales-del-campo-ante-los-cambios-inminentes-en-el-reass","og_locale":"es_ES","og_type":"article","og_title":"EXPECTACI&#211;N ENTRE LOS PROFESIONALES DEL CAMPO ANTE LOS CAMBIOS INMINENTES EN EL REASS - ASAJA Le\u00f3n","og_description":"T&#233;cnicos de ASAJA de Castilla y Le&#243;n estudian hoy en Valladolid la nueva normativa para asesorar a los cerca de 46.214 agricultores que se pueden ver afectados","og_url":"https:\/\/www.asajacyl.com\/leon\/asaja-leon-informa\/expectacin-entre-los-profesionales-del-campo-ante-los-cambios-inminentes-en-el-reass","og_site_name":"ASAJA Le\u00f3n","article_published_time":"2003-12-09T23:00:00+00:00","og_image":[{"width":1920,"height":1080,"url":"https:\/\/www.asajacyl.com\/leon\/wp-content\/uploads\/sites\/6\/2017\/11\/im_predefinida_1920x1080.jpg","type":"image\/jpeg"}],"author":"Editor","twitter_card":"summary_large_image","twitter_misc":{"Escrito por":"Editor","Tiempo de lectura":"3 minutos"},"schema":{"@context":"https:\/\/schema.org","@graph":[{"@type":"WebPage","@id":"https:\/\/www.asajacyl.com\/leon\/asaja-leon-informa\/expectacin-entre-los-profesionales-del-campo-ante-los-cambios-inminentes-en-el-reass","url":"https:\/\/www.asajacyl.com\/leon\/asaja-leon-informa\/expectacin-entre-los-profesionales-del-campo-ante-los-cambios-inminentes-en-el-reass","name":"EXPECTACI&#211;N ENTRE LOS PROFESIONALES DEL CAMPO ANTE LOS CAMBIOS INMINENTES EN EL REASS - ASAJA Le\u00f3n","isPartOf":{"@id":"https:\/\/www.asajacyl.com\/leon\/#website"},"primaryImageOfPage":{"@id":"https:\/\/www.asajacyl.com\/leon\/asaja-leon-informa\/expectacin-entre-los-profesionales-del-campo-ante-los-cambios-inminentes-en-el-reass#primaryimage"},"image":{"@id":"https:\/\/www.asajacyl.com\/leon\/asaja-leon-informa\/expectacin-entre-los-profesionales-del-campo-ante-los-cambios-inminentes-en-el-reass#primaryimage"},"thumbnailUrl":"https:\/\/www.asajacyl.com\/leon\/wp-content\/uploads\/sites\/6\/2017\/11\/im_predefinida_1920x1080.jpg","datePublished":"2003-12-09T23:00:00+00:00","author":{"@id":"https:\/\/www.asajacyl.com\/leon\/#\/schema\/person\/7e884476cee132331142e8ac9689f20c"},"description":"T&#233;cnicos de ASAJA de Castilla y Le&#243;n estudian hoy en Valladolid la nueva normativa para asesorar a los cerca de 46.214 agricultores que se pueden ver afectados","breadcrumb":{"@id":"https:\/\/www.asajacyl.com\/leon\/asaja-leon-informa\/expectacin-entre-los-profesionales-del-campo-ante-los-cambios-inminentes-en-el-reass#breadcrumb"},"inLanguage":"es","potentialAction":[{"@type":"ReadAction","target":["https:\/\/www.asajacyl.com\/leon\/asaja-leon-informa\/expectacin-entre-los-profesionales-del-campo-ante-los-cambios-inminentes-en-el-reass"]}]},{"@type":"ImageObject","inLanguage":"es","@id":"https:\/\/www.asajacyl.com\/leon\/asaja-leon-informa\/expectacin-entre-los-profesionales-del-campo-ante-los-cambios-inminentes-en-el-reass#primaryimage","url":"https:\/\/www.asajacyl.com\/leon\/wp-content\/uploads\/sites\/6\/2017\/11\/im_predefinida_1920x1080.jpg","contentUrl":"https:\/\/www.asajacyl.com\/leon\/wp-content\/uploads\/sites\/6\/2017\/11\/im_predefinida_1920x1080.jpg","width":1920,"height":1080,"caption":"Logotipo ASAJA Le\u00f3n"},{"@type":"BreadcrumbList","@id":"https:\/\/www.asajacyl.com\/leon\/asaja-leon-informa\/expectacin-entre-los-profesionales-del-campo-ante-los-cambios-inminentes-en-el-reass#breadcrumb","itemListElement":[{"@type":"ListItem","position":1,"name":"Portada","item":"https:\/\/www.asajacyl.com\/leon\/"},{"@type":"ListItem","position":2,"name":"EXPECTACI&#211;N ENTRE LOS PROFESIONALES DEL CAMPO ANTE LOS CAMBIOS INMINENTES EN EL REASS"}]},{"@type":"WebSite","@id":"https:\/\/www.asajacyl.com\/leon\/#website","url":"https:\/\/www.asajacyl.com\/leon\/","name":"ASAJA Le\u00f3n","description":"Otro sitio m\u00e1s de Provincias ASAJA Castilla y Le\u00f3n","potentialAction":[{"@type":"SearchAction","target":{"@type":"EntryPoint","urlTemplate":"https:\/\/www.asajacyl.com\/leon\/?s={search_term_string}"},"query-input":{"@type":"PropertyValueSpecification","valueRequired":true,"valueName":"search_term_string"}}],"inLanguage":"es"},{"@type":"Person","@id":"https:\/\/www.asajacyl.com\/leon\/#\/schema\/person\/7e884476cee132331142e8ac9689f20c","name":"Editor","image":{"@type":"ImageObject","inLanguage":"es","@id":"https:\/\/www.asajacyl.com\/leon\/#\/schema\/person\/image\/","url":"https:\/\/secure.gravatar.com\/avatar\/a2ef43c165669686cfcfb0e1ffa59869?s=96&d=mm&r=g","contentUrl":"https:\/\/secure.gravatar.com\/avatar\/a2ef43c165669686cfcfb0e1ffa59869?s=96&d=mm&r=g","caption":"Editor"},"url":"https:\/\/www.asajacyl.com\/leon\/author\/oscargg"}]}},"_links":{"self":[{"href":"https:\/\/www.asajacyl.com\/leon\/wp-json\/wp\/v2\/posts\/8070"}],"collection":[{"href":"https:\/\/www.asajacyl.com\/leon\/wp-json\/wp\/v2\/posts"}],"about":[{"href":"https:\/\/www.asajacyl.com\/leon\/wp-json\/wp\/v2\/types\/post"}],"author":[{"embeddable":true,"href":"https:\/\/www.asajacyl.com\/leon\/wp-json\/wp\/v2\/users\/3"}],"replies":[{"embeddable":true,"href":"https:\/\/www.asajacyl.com\/leon\/wp-json\/wp\/v2\/comments?post=8070"}],"version-history":[{"count":0,"href":"https:\/\/www.asajacyl.com\/leon\/wp-json\/wp\/v2\/posts\/8070\/revisions"}],"wp:featuredmedia":[{"embeddable":true,"href":"https:\/\/www.asajacyl.com\/leon\/wp-json\/wp\/v2\/media\/8174"}],"wp:attachment":[{"href":"https:\/\/www.asajacyl.com\/leon\/wp-json\/wp\/v2\/media?parent=8070"}],"wp:term":[{"taxonomy":"category","embeddable":true,"href":"https:\/\/www.asajacyl.com\/leon\/wp-json\/wp\/v2\/categories?post=8070"},{"taxonomy":"post_tag","embeddable":true,"href":"https:\/\/www.asajacyl.com\/leon\/wp-json\/wp\/v2\/tags?post=8070"}],"curies":[{"name":"wp","href":"https:\/\/api.w.org\/{rel}","templated":true}]}}