{"id":8074,"date":"2003-11-17T00:00:00","date_gmt":"2003-11-16T23:00:00","guid":{"rendered":"http:\/\/www.asajacyl.com\/leon\/sin-categoria\/manifiesto-de-apoyo-a-los-regadios-de-leon"},"modified":"2003-11-17T00:00:00","modified_gmt":"2003-11-16T23:00:00","slug":"manifiesto-de-apoyo-a-los-regadios-de-leon","status":"publish","type":"post","link":"https:\/\/www.asajacyl.com\/leon\/asaja-leon-informa\/manifiesto-de-apoyo-a-los-regadios-de-leon","title":{"rendered":"MANIFIESTO DE APOYO A LOS REGADIOS DE LEON"},"content":{"rendered":"<h2>reunidos hoy 17 de noviembre de 2003 en la C&#225;mara Agraria Provincial de Le&#243;n, aglutinando a la inmensa mayor&#237;a de los regantes y futuros regantes de la provincia<\/h2>\n<p><b><u><font face=\"Arial\"><\/p>\n<p align=\"center\"><font color=\"#009933\">MANIFIESTO DE APOYO A LOS REGADIOS DE LEON.<\/font><\/p>\n<p><\/font><\/u><\/b><\/p>\n<p align=\"justify\">\n<p align=\"justify\">Los abajo firmantes, reunidos hoy 17 de noviembre de 2003 en la C&#225;mara Agraria Provincial de Le&#243;n, aglutinando a la inmensa mayor&#237;a de los regantes y futuros regantes de la provincia, y recogiendo el sentir y necesidades de &#233;stos,\n<\/p>\n<p align=\"center\"><img loading=\"lazy\" decoding=\"async\" style=\"WIDTH: 466px; HEIGHT: 356px\" height=\"609\" alt=\"\" hspace=\"0\" src=\"\/leon\/wp-content\/uploads\/sites\/6\/2017\/11\/regantes.jpg\" width=\"536\" align=\"baseline\" border=\"0\"\/>\n<\/p>\n<p align=\"justify\"><b><\/p>\n<p align=\"justify\">MANIFIESTAN:<\/p>\n<p><\/b>\n<\/p>\n<p align=\"justify\">\n<ul>\n<p align=\"justify\">\n<li>\n<div align=\"justify\">Que consideran que la pol&#237;tica de nuevos regad&#237;os y de modernizaci&#243;n de los que se han quedado obsoletos es imprescindible para apostar por una agricultura de futuro, competitiva, que genere empleo, y contribuya al asentamiento de la poblaci&#243;n en el medio rural.<\/div>\n<p align=\"justify\">\n<\/li>\n<\/ul>\n<p align=\"justify\">\n<ul>\n<p align=\"justify\">\n<li>\n<div align=\"justify\">Que la provincia de Le&#243;n tiene que aprovechar el periodo 2000\/08 que contempla el Plan Nacional de Regad&#237;os y el Plan Hidrol&#243;gico Nacional para acometer la totalidad de las obras que se contemplan en los mismos, y muy especialmente las relacionadas directamente con la puesta en marcha de nuevas superficies de riego y modernizar los regad&#237;os que se han quedado obsoletos.<\/div>\n<p align=\"justify\">\n<\/li>\n<\/ul>\n<p align=\"justify\">\n<ul>\n<p align=\"justify\">\n<li>\n<div align=\"justify\">Que el hipot&#233;tico fracaso de la pol&#237;tica de regad&#237;os en la provincia ser&#237;a un fracaso en la gesti&#243;n de quienes tienen responsabilidades de gobierno, y un fracaso en materia de pol&#237;tica agraria de consecuencias impredecibles.<\/div>\n<p align=\"justify\">\n<\/li>\n<\/ul>\n<p align=\"justify\">\n<ul>\n<p align=\"justify\">\n<li>\n<div align=\"justify\">Que tanto en las superficies de nuevos regad&#237;os como en las de modernizaci&#243;n, es imprescindible se acometan las infraestructuras de reconcentraci&#243;n parcelaria, haciendo un esfuerzo para entregar las parcelas en el menor plazo de tiempo posible con el fin de que la actividad de las explotaciones no se vea comprometida.<\/div>\n<p align=\"justify\">\n<\/li>\n<\/ul>\n<p align=\"justify\">\n<ul>\n<p align=\"justify\">\n<li>\n<div align=\"justify\">Que siendo conscientes de que la soluci&#243;n t&#233;cnica ideal tanto en nuevos regad&#237;os como en modernizaci&#243;n es la de tuber&#237;a bajo tierra y presi&#243;n, no se pueden descartar otras opciones en determinadas zonas regables, m&#225;xime si no se acometen obras de reconcentraci&#243;n parcelaria.<\/div>\n<p align=\"justify\">\n<\/li>\n<\/ul>\n<p align=\"justify\">\n<ul>\n<p align=\"justify\">\n<li>\n<div align=\"justify\">Que se ha de hacer un esfuerzo para una mayor coordinaci&#243;n entre las diferentes administraciones con competencia en materia de agua y regad&#237;os: Ministerio de Medio Ambiente, Confederaci&#243;n Hidrogr&#225;fica del Duero, Confederaci&#243;n Hidrogr&#225;fica del Norte, Ministerio de Agricultura, Junta de Castilla y Le&#243;n, y las empresas p&#250;blicas Aguas del Duero y Seiasa del Norte.<\/div>\n<p align=\"justify\">\n<\/li>\n<\/ul>\n<p align=\"justify\">\n<ul>\n<p align=\"justify\">\n<li>\n<div align=\"justify\">Que ha de existir una mayor transparencia y control en la contrataci&#243;n y ejecuci&#243;n de las obras, y en la determinaci&#243;n de los importes que por Ley corresponde pagar a los usuarios (tanto gastos corrientes como amortizaciones).<\/div>\n<p align=\"justify\">\n<\/li>\n<\/ul>\n<p align=\"justify\">\n<ul>\n<p align=\"justify\">\n<li>\n<div align=\"justify\">Que se ha de tener en cuenta el car&#225;cter diferencial de los regad&#237;os de Le&#243;n al menos en los siguientes aspectos: poblaci&#243;n activa agraria envejecida, cultivos continentales que proporcionan unos ingresos brutos por hect&#225;rea de unos 1.800 euros, atomizaci&#243;n de la propiedad con gran porcentaje de propietarios no agricultores, elevado porcentaje de fincas en arrendamiento, y peque&#241;a dimensi&#243;n de las explotaciones.<\/div>\n<p align=\"justify\">\n<\/li>\n<\/ul>\n<p align=\"justify\">\n<ul>\n<p align=\"justify\">\n<li>\n<div align=\"justify\">Que la nueva PAC perjudica a las nuevas zonas de regad&#237;o, ya que la ayuda ya no va a ser mayor al cultivarse como regad&#237;o, sino que ser&#225; la percibida por el cultivador en los a&#241;os 2000\/02 cuando se percib&#237;an como de secano. Por otro lado, el no estar la ayuda vinculada a la producci&#243;n, y asignarse al cultivador de los a&#241;os 2000\/02, la tierra podr&#237;a perder cierto valor, lo que podr&#237;a crear cierto rechazo de los arrendadores a acometer inversiones.<\/div>\n<p align=\"justify\">\n<\/li>\n<\/ul>\n<p align=\"justify\">\n<ul>\n<p align=\"justify\">\n<li>\n<div align=\"justify\">Que despu&#233;s de dos o tres a&#241;os de la puesta en marcha tanto del Plan Nacional de Regad&#237;os como del Plan Hidrol&#243;gico Nacional, su desarrollo en la provincia no es ni tan siquiera testimonial, y todo apunta a que ser&#225; un fracaso si no se adoptan medidas para que resulte m&#225;s atractivo para los propietarios de tierras y agricultores.<\/div>\n<p align=\"justify\">\n<\/li>\n<\/ul>\n<p align=\"justify\">\n<ul>\n<p align=\"justify\">\n<li>\n<div align=\"justify\">Que la principal reticencia de los agricultores a acometer unas obras necesarias, lo es por los elevados costes de las obras, de las que la mayor parte se han de amortizar, pero tambi&#233;n y sobre todo por las pocas facilidades para el pago, obligando a reintegrar la parte correspondiente en pocas anualidades.<\/div>\n<p align=\"justify\">\n<\/li>\n<\/ul>\n<p align=\"justify\">\n<ul>\n<p align=\"justify\">\n<li>\n<div align=\"justify\">El sistema de amortizaci&#243;n de las obras hidr&#225;ulicas y de regad&#237;os data en algunos casos del a&#241;o 1971, cuando la rentabilidad de la tierra era mucho mayor que en la actualidad, y mantenemos el mismo tipo de inter&#233;s que en dicha &#233;poca (4%), un tipo de inter&#233;s que antes estaba muy subvencionado y que en la actualidad es un inter&#233;s de mercado (superior al hipotecario).<\/div>\n<p align=\"justify\">\n<p align=\"justify\">\n<li>\n<div align=\"justify\">Que se ha de cambiar de forma URGENTE la normativa que corresponda, tanto del Gobierno central (Ley de Aguas y Ley de Reforma y Desarrollo Agrario) como de la Junta de Castilla y Le&#243;n (Ley de Concentraci&#243;n Parcelaria), para permitir amortizaciones de HASTA 50 a&#241;os, y en los casos en los que se estaban hasta ahora cobrando intereses, estos se subvencionen en al menos el 50% del coste oficial del dinero. Por otra parte, las cuotas a pagar tienen que ser todas iguales, y en modo alguno se ha de exigir un mayor sacrificio en los primeros a&#241;os de puesta en funcionamiento del regad&#237;o como ocurre en la actualidad, y tanto las obras de nuevos regad&#237;os como las obras ejecutadas por Medio Ambiente, han de tener un periodo de carencia de 10 a&#241;os.<\/div>\n<p align=\"justify\">\n<\/li>\n<\/li>\n<\/ul>\n<p align=\"justify\"><dir><\/p>\n<p align=\"justify\">En las obras de modernizaci&#243;n afrontadas por SEIASA, la parte que no subvenciona la Junta ni la Uni&#243;n Europea (61,60%), se solicita que haga cargo dicha empresa p&#250;blica, y que se devuelvan en 50 a&#241;os siendo los 25 primeros de carencia, sin intereses ni actualizaci&#243;n del dinero, y evitando as&#237; el endeudamiento de la propia Comunidad de Regantes. Por otra parte, se ha de dar m&#225;s protagonismo a la Comunidad de Regantes en la adjudicaci&#243;n y seguimiento de las obras.\n<\/p>\n<p align=\"justify\"><b><\/p>\n<p align=\"justify\">Se solicita entrevista al Ministerio de Medio Ambiente, al Ministerio de Agricultura, y a la Junta de Castilla y Le&#243;n, para dar a conocer el contenido de este documento y defender lo en el expuesto.<\/p>\n<p><\/b>\n<\/p>\n<p align=\"justify\">\n<p align=\"justify\">&#160;<\/p>\n<p><\/dir><b><\/p>\n<p align=\"justify\">POR LAS OPAS:<\/p>\n<p><\/b>\n<\/p>\n<p align=\"justify\">\n<p align=\"justify\">&#160;\n<\/p>\n<p align=\"justify\">&#160;\n<\/p>\n<p align=\"justify\">ASAJA&#160;&#160;&#160;&#160;&#160;&#160;&#160;&#160;&#160;&#160;&#160;&#160;&#160; UGAL\/UPA&#160;&#160;&#160;&#160;&#160;&#160;&#160;&#160;&#160;&#160;&#160;&#160; COAG&#160;&#160;&#160;&#160;&#160;&#160;&#160;&#160;&#160;&#160;&#160;&#160; UCALE\n<\/p>\n<p align=\"justify\">\n<p align=\"justify\">&#160;<b><\/p>\n<p align=\"justify\">POR LAS COMUNIDADES DE REGANTES:<\/p>\n<p><\/b>\n<\/p>\n<p align=\"justify\"><u><\/p>\n<p align=\"justify\">C.R. PAYUELOS <\/p>\n<p><\/u><\/p>\n<p><u><font face=\"Arial\"><\/p>\n<p align=\"justify\">C.R. PARAMO BAJO\n<\/p>\n<p align=\"justify\">\n<p align=\"justify\">C.R.M.I. PORMA\n<\/p>\n<p align=\"justify\">\n<p align=\"justify\">C.R.CANAL DEL ESLA\n<\/p>\n<p align=\"justify\">\n<p align=\"justify\">C.R. CANAL DEL PARAMO\n<\/p>\n<p align=\"justify\">\n<p align=\"justify\">C.R. CANAL DE VILLADANGOS\n<\/p>\n<p align=\"justify\">\n<p align=\"justify\">S.C. EMB. BARRIOS DE LUNA\n<\/p>\n<p align=\"justify\">\n<p align=\"justify\">C.R. CANAL ALTO BIERZO\n<\/p>\n<p align=\"justify\">\n<p align=\"justify\">C.R. CANAL BAJO BIERZO\n<\/p>\n<p align=\"justify\">\n<p align=\"justify\">PROM. REGADIOS VALDERAS\n<\/p>\n<p align=\"justify\">\n<p align=\"justify\">PROM. REGADIOS ARENILLAS\n<\/p>\n<p align=\"justify\">\n<p align=\"justify\">PROM. REGADIOS VALDERADUEY\n<\/p>\n<p align=\"justify\">\n<p align=\"justify\">\n<p align=\"justify\">\n<p align=\"justify\">\n<p align=\"justify\">\n<p align=\"justify\">\n<p align=\"justify\">\n<p align=\"justify\">\n<p align=\"justify\">\n<p><\/font><\/u><\/p>\n<p align=\"justify\">&#160;<b><\/p>\n<p align=\"justify\">&#160;\n<\/p>\n<p align=\"justify\">POR LA C&#193;MARA AGRARIA PROVINCIAL:<\/p>\n<p><\/b>\n<\/p>\n<p align=\"justify\">\n<p align=\"justify\">&#160;\n<\/p>\n<p align=\"justify\">&#160;\n<\/p>\n<p align=\"justify\">Se entrega copia a los asistentes y se env&#237;a tambi&#233;n a los diferentes organismos del Estado y Comunidad Aut&#243;noma relacionados con la pol&#237;tica hidr&#225;ulica o de regad&#237;os, a los partidos pol&#237;ticos, y a las fuerzas sociales y econ&#243;micas de la provincia. El documento original se archiva en la C&#225;mara Agraria Provincial.\n<\/p>\n<p align=\"justify\">\n<p align=\"justify\">Le&#243;n, 17 de noviembre de 2003.<\/p>\n","protected":false},"excerpt":{"rendered":"<p>reunidos hoy 17 de noviembre de 2003 en la C&#225;mara Agraria Provincial de Le&#243;n, aglutinando a la inmensa mayor&#237;a de los regantes y futuros regantes de la provincia<\/p>\n","protected":false},"author":3,"featured_media":8075,"comment_status":"open","ping_status":"open","sticky":false,"template":"","format":"standard","meta":{"footnotes":""},"categories":[4,9],"tags":[],"yoast_head":"<!-- This site is optimized with the Yoast SEO plugin v24.5 - https:\/\/yoast.com\/wordpress\/plugins\/seo\/ -->\n<title>MANIFIESTO DE APOYO A LOS REGADIOS DE LEON - ASAJA Le\u00f3n<\/title>\n<meta name=\"description\" content=\"reunidos hoy 17 de noviembre de 2003 en la C&#225;mara Agraria Provincial de Le&#243;n, aglutinando a la inmensa mayor&#237;a de los regantes y futuros regantes de la provincia\" \/>\n<meta name=\"robots\" content=\"index, follow, max-snippet:-1, max-image-preview:large, max-video-preview:-1\" \/>\n<link rel=\"canonical\" href=\"https:\/\/www.asajacyl.com\/leon\/asaja-leon-informa\/manifiesto-de-apoyo-a-los-regadios-de-leon\" \/>\n<meta property=\"og:locale\" content=\"es_ES\" \/>\n<meta property=\"og:type\" content=\"article\" \/>\n<meta property=\"og:title\" content=\"MANIFIESTO DE APOYO A LOS REGADIOS DE LEON - ASAJA Le\u00f3n\" \/>\n<meta property=\"og:description\" content=\"reunidos hoy 17 de noviembre de 2003 en la C&#225;mara Agraria Provincial de Le&#243;n, aglutinando a la inmensa mayor&#237;a de los regantes y futuros regantes de la provincia\" \/>\n<meta property=\"og:url\" content=\"https:\/\/www.asajacyl.com\/leon\/asaja-leon-informa\/manifiesto-de-apoyo-a-los-regadios-de-leon\" \/>\n<meta property=\"og:site_name\" content=\"ASAJA Le\u00f3n\" \/>\n<meta property=\"article:published_time\" content=\"2003-11-16T23:00:00+00:00\" \/>\n<meta property=\"og:image\" content=\"https:\/\/www.asajacyl.com\/leon\/wp-content\/uploads\/sites\/6\/2017\/11\/regantes.jpg\" \/>\n\t<meta property=\"og:image:width\" content=\"860\" \/>\n\t<meta property=\"og:image:height\" content=\"645\" \/>\n\t<meta property=\"og:image:type\" content=\"image\/jpeg\" \/>\n<meta name=\"author\" content=\"Editor\" \/>\n<meta name=\"twitter:card\" content=\"summary_large_image\" \/>\n<meta name=\"twitter:label1\" content=\"Escrito por\" \/>\n\t<meta name=\"twitter:data1\" content=\"Editor\" \/>\n\t<meta name=\"twitter:label2\" content=\"Tiempo de lectura\" \/>\n\t<meta name=\"twitter:data2\" content=\"6 minutos\" \/>\n<script type=\"application\/ld+json\" class=\"yoast-schema-graph\">{\"@context\":\"https:\/\/schema.org\",\"@graph\":[{\"@type\":\"WebPage\",\"@id\":\"https:\/\/www.asajacyl.com\/leon\/asaja-leon-informa\/manifiesto-de-apoyo-a-los-regadios-de-leon\",\"url\":\"https:\/\/www.asajacyl.com\/leon\/asaja-leon-informa\/manifiesto-de-apoyo-a-los-regadios-de-leon\",\"name\":\"MANIFIESTO DE APOYO A LOS REGADIOS DE LEON - ASAJA Le\u00f3n\",\"isPartOf\":{\"@id\":\"https:\/\/www.asajacyl.com\/leon\/#website\"},\"primaryImageOfPage\":{\"@id\":\"https:\/\/www.asajacyl.com\/leon\/asaja-leon-informa\/manifiesto-de-apoyo-a-los-regadios-de-leon#primaryimage\"},\"image\":{\"@id\":\"https:\/\/www.asajacyl.com\/leon\/asaja-leon-informa\/manifiesto-de-apoyo-a-los-regadios-de-leon#primaryimage\"},\"thumbnailUrl\":\"https:\/\/www.asajacyl.com\/leon\/wp-content\/uploads\/sites\/6\/2017\/11\/regantes.jpg\",\"datePublished\":\"2003-11-16T23:00:00+00:00\",\"author\":{\"@id\":\"https:\/\/www.asajacyl.com\/leon\/#\/schema\/person\/7e884476cee132331142e8ac9689f20c\"},\"description\":\"reunidos hoy 17 de noviembre de 2003 en la C&#225;mara Agraria Provincial de Le&#243;n, aglutinando a la inmensa mayor&#237;a de los regantes y futuros regantes de la provincia\",\"breadcrumb\":{\"@id\":\"https:\/\/www.asajacyl.com\/leon\/asaja-leon-informa\/manifiesto-de-apoyo-a-los-regadios-de-leon#breadcrumb\"},\"inLanguage\":\"es\",\"potentialAction\":[{\"@type\":\"ReadAction\",\"target\":[\"https:\/\/www.asajacyl.com\/leon\/asaja-leon-informa\/manifiesto-de-apoyo-a-los-regadios-de-leon\"]}]},{\"@type\":\"ImageObject\",\"inLanguage\":\"es\",\"@id\":\"https:\/\/www.asajacyl.com\/leon\/asaja-leon-informa\/manifiesto-de-apoyo-a-los-regadios-de-leon#primaryimage\",\"url\":\"https:\/\/www.asajacyl.com\/leon\/wp-content\/uploads\/sites\/6\/2017\/11\/regantes.jpg\",\"contentUrl\":\"https:\/\/www.asajacyl.com\/leon\/wp-content\/uploads\/sites\/6\/2017\/11\/regantes.jpg\",\"width\":860,\"height\":645},{\"@type\":\"BreadcrumbList\",\"@id\":\"https:\/\/www.asajacyl.com\/leon\/asaja-leon-informa\/manifiesto-de-apoyo-a-los-regadios-de-leon#breadcrumb\",\"itemListElement\":[{\"@type\":\"ListItem\",\"position\":1,\"name\":\"Portada\",\"item\":\"https:\/\/www.asajacyl.com\/leon\/\"},{\"@type\":\"ListItem\",\"position\":2,\"name\":\"MANIFIESTO DE APOYO A LOS REGADIOS DE LEON\"}]},{\"@type\":\"WebSite\",\"@id\":\"https:\/\/www.asajacyl.com\/leon\/#website\",\"url\":\"https:\/\/www.asajacyl.com\/leon\/\",\"name\":\"ASAJA Le\u00f3n\",\"description\":\"Otro sitio m\u00e1s de Provincias ASAJA Castilla y Le\u00f3n\",\"potentialAction\":[{\"@type\":\"SearchAction\",\"target\":{\"@type\":\"EntryPoint\",\"urlTemplate\":\"https:\/\/www.asajacyl.com\/leon\/?s={search_term_string}\"},\"query-input\":{\"@type\":\"PropertyValueSpecification\",\"valueRequired\":true,\"valueName\":\"search_term_string\"}}],\"inLanguage\":\"es\"},{\"@type\":\"Person\",\"@id\":\"https:\/\/www.asajacyl.com\/leon\/#\/schema\/person\/7e884476cee132331142e8ac9689f20c\",\"name\":\"Editor\",\"image\":{\"@type\":\"ImageObject\",\"inLanguage\":\"es\",\"@id\":\"https:\/\/www.asajacyl.com\/leon\/#\/schema\/person\/image\/\",\"url\":\"https:\/\/secure.gravatar.com\/avatar\/a2ef43c165669686cfcfb0e1ffa59869?s=96&d=mm&r=g\",\"contentUrl\":\"https:\/\/secure.gravatar.com\/avatar\/a2ef43c165669686cfcfb0e1ffa59869?s=96&d=mm&r=g\",\"caption\":\"Editor\"},\"url\":\"https:\/\/www.asajacyl.com\/leon\/author\/oscargg\"}]}<\/script>\n<!-- \/ Yoast SEO plugin. -->","yoast_head_json":{"title":"MANIFIESTO DE APOYO A LOS REGADIOS DE LEON - ASAJA Le\u00f3n","description":"reunidos hoy 17 de noviembre de 2003 en la C&#225;mara Agraria Provincial de Le&#243;n, aglutinando a la inmensa mayor&#237;a de los regantes y futuros regantes de la provincia","robots":{"index":"index","follow":"follow","max-snippet":"max-snippet:-1","max-image-preview":"max-image-preview:large","max-video-preview":"max-video-preview:-1"},"canonical":"https:\/\/www.asajacyl.com\/leon\/asaja-leon-informa\/manifiesto-de-apoyo-a-los-regadios-de-leon","og_locale":"es_ES","og_type":"article","og_title":"MANIFIESTO DE APOYO A LOS REGADIOS DE LEON - ASAJA Le\u00f3n","og_description":"reunidos hoy 17 de noviembre de 2003 en la C&#225;mara Agraria Provincial de Le&#243;n, aglutinando a la inmensa mayor&#237;a de los regantes y futuros regantes de la provincia","og_url":"https:\/\/www.asajacyl.com\/leon\/asaja-leon-informa\/manifiesto-de-apoyo-a-los-regadios-de-leon","og_site_name":"ASAJA Le\u00f3n","article_published_time":"2003-11-16T23:00:00+00:00","og_image":[{"width":860,"height":645,"url":"https:\/\/www.asajacyl.com\/leon\/wp-content\/uploads\/sites\/6\/2017\/11\/regantes.jpg","type":"image\/jpeg"}],"author":"Editor","twitter_card":"summary_large_image","twitter_misc":{"Escrito por":"Editor","Tiempo de lectura":"6 minutos"},"schema":{"@context":"https:\/\/schema.org","@graph":[{"@type":"WebPage","@id":"https:\/\/www.asajacyl.com\/leon\/asaja-leon-informa\/manifiesto-de-apoyo-a-los-regadios-de-leon","url":"https:\/\/www.asajacyl.com\/leon\/asaja-leon-informa\/manifiesto-de-apoyo-a-los-regadios-de-leon","name":"MANIFIESTO DE APOYO A LOS REGADIOS DE LEON - ASAJA Le\u00f3n","isPartOf":{"@id":"https:\/\/www.asajacyl.com\/leon\/#website"},"primaryImageOfPage":{"@id":"https:\/\/www.asajacyl.com\/leon\/asaja-leon-informa\/manifiesto-de-apoyo-a-los-regadios-de-leon#primaryimage"},"image":{"@id":"https:\/\/www.asajacyl.com\/leon\/asaja-leon-informa\/manifiesto-de-apoyo-a-los-regadios-de-leon#primaryimage"},"thumbnailUrl":"https:\/\/www.asajacyl.com\/leon\/wp-content\/uploads\/sites\/6\/2017\/11\/regantes.jpg","datePublished":"2003-11-16T23:00:00+00:00","author":{"@id":"https:\/\/www.asajacyl.com\/leon\/#\/schema\/person\/7e884476cee132331142e8ac9689f20c"},"description":"reunidos hoy 17 de noviembre de 2003 en la C&#225;mara Agraria Provincial de Le&#243;n, aglutinando a la inmensa mayor&#237;a de los regantes y futuros regantes de la provincia","breadcrumb":{"@id":"https:\/\/www.asajacyl.com\/leon\/asaja-leon-informa\/manifiesto-de-apoyo-a-los-regadios-de-leon#breadcrumb"},"inLanguage":"es","potentialAction":[{"@type":"ReadAction","target":["https:\/\/www.asajacyl.com\/leon\/asaja-leon-informa\/manifiesto-de-apoyo-a-los-regadios-de-leon"]}]},{"@type":"ImageObject","inLanguage":"es","@id":"https:\/\/www.asajacyl.com\/leon\/asaja-leon-informa\/manifiesto-de-apoyo-a-los-regadios-de-leon#primaryimage","url":"https:\/\/www.asajacyl.com\/leon\/wp-content\/uploads\/sites\/6\/2017\/11\/regantes.jpg","contentUrl":"https:\/\/www.asajacyl.com\/leon\/wp-content\/uploads\/sites\/6\/2017\/11\/regantes.jpg","width":860,"height":645},{"@type":"BreadcrumbList","@id":"https:\/\/www.asajacyl.com\/leon\/asaja-leon-informa\/manifiesto-de-apoyo-a-los-regadios-de-leon#breadcrumb","itemListElement":[{"@type":"ListItem","position":1,"name":"Portada","item":"https:\/\/www.asajacyl.com\/leon\/"},{"@type":"ListItem","position":2,"name":"MANIFIESTO DE APOYO A LOS REGADIOS DE LEON"}]},{"@type":"WebSite","@id":"https:\/\/www.asajacyl.com\/leon\/#website","url":"https:\/\/www.asajacyl.com\/leon\/","name":"ASAJA Le\u00f3n","description":"Otro sitio m\u00e1s de Provincias ASAJA Castilla y Le\u00f3n","potentialAction":[{"@type":"SearchAction","target":{"@type":"EntryPoint","urlTemplate":"https:\/\/www.asajacyl.com\/leon\/?s={search_term_string}"},"query-input":{"@type":"PropertyValueSpecification","valueRequired":true,"valueName":"search_term_string"}}],"inLanguage":"es"},{"@type":"Person","@id":"https:\/\/www.asajacyl.com\/leon\/#\/schema\/person\/7e884476cee132331142e8ac9689f20c","name":"Editor","image":{"@type":"ImageObject","inLanguage":"es","@id":"https:\/\/www.asajacyl.com\/leon\/#\/schema\/person\/image\/","url":"https:\/\/secure.gravatar.com\/avatar\/a2ef43c165669686cfcfb0e1ffa59869?s=96&d=mm&r=g","contentUrl":"https:\/\/secure.gravatar.com\/avatar\/a2ef43c165669686cfcfb0e1ffa59869?s=96&d=mm&r=g","caption":"Editor"},"url":"https:\/\/www.asajacyl.com\/leon\/author\/oscargg"}]}},"_links":{"self":[{"href":"https:\/\/www.asajacyl.com\/leon\/wp-json\/wp\/v2\/posts\/8074"}],"collection":[{"href":"https:\/\/www.asajacyl.com\/leon\/wp-json\/wp\/v2\/posts"}],"about":[{"href":"https:\/\/www.asajacyl.com\/leon\/wp-json\/wp\/v2\/types\/post"}],"author":[{"embeddable":true,"href":"https:\/\/www.asajacyl.com\/leon\/wp-json\/wp\/v2\/users\/3"}],"replies":[{"embeddable":true,"href":"https:\/\/www.asajacyl.com\/leon\/wp-json\/wp\/v2\/comments?post=8074"}],"version-history":[{"count":0,"href":"https:\/\/www.asajacyl.com\/leon\/wp-json\/wp\/v2\/posts\/8074\/revisions"}],"wp:featuredmedia":[{"embeddable":true,"href":"https:\/\/www.asajacyl.com\/leon\/wp-json\/wp\/v2\/media\/8075"}],"wp:attachment":[{"href":"https:\/\/www.asajacyl.com\/leon\/wp-json\/wp\/v2\/media?parent=8074"}],"wp:term":[{"taxonomy":"category","embeddable":true,"href":"https:\/\/www.asajacyl.com\/leon\/wp-json\/wp\/v2\/categories?post=8074"},{"taxonomy":"post_tag","embeddable":true,"href":"https:\/\/www.asajacyl.com\/leon\/wp-json\/wp\/v2\/tags?post=8074"}],"curies":[{"name":"wp","href":"https:\/\/api.w.org\/{rel}","templated":true}]}}