{"id":8076,"date":"2003-11-13T00:00:00","date_gmt":"2003-11-12T23:00:00","guid":{"rendered":"http:\/\/www.asajacyl.com\/leon\/sin-categoria\/asaja-llevar-maana-al-pp-los-problemas-agrarios-de-la-provincia"},"modified":"2003-11-13T00:00:00","modified_gmt":"2003-11-12T23:00:00","slug":"asaja-llevar-maana-al-pp-los-problemas-agrarios-de-la-provincia","status":"publish","type":"post","link":"https:\/\/www.asajacyl.com\/leon\/asaja-leon-informa\/asaja-llevar-maana-al-pp-los-problemas-agrarios-de-la-provincia","title":{"rendered":"ASAJA LLEVAR&#193; MA&#209;ANA AL PP LOS PROBLEMAS AGRARIOS DE LA PROVINCIA"},"content":{"rendered":"<h2>Una representaci&#243;n de la Junta Directiva de ASAJA de Le&#243;n se reunir&#225; ma&#241;ana viernes a las 12 del medio d&#237;a con el Partido Popular, en su sede, y le expondr&#225; los problemas que en estos momentos atraviesa el sector.<\/h2>\n<p><font face=\"Arial\"><\/p>\n<p align=\"right\">\n<p align=\"center\"><b><font color=\"#009933\">ASAJA LLEVAR&#193; MA&#209;ANA AL PP LOS PROBLEMAS AGRARIOS <\/font><\/p>\n<p align=\"center\"><font color=\"#009933\">DE LA PROVINCIA<\/font><\/p>\n<p><\/b>\n<\/p>\n<p align=\"justify\">\n<p align=\"justify\">Una representaci&#243;n de la Junta Directiva de ASAJA de Le&#243;n se reunir&#225; ma&#241;ana viernes a las 12 del medio d&#237;a con el Partido Popular, en su sede, y le expondr&#225; los problemas que en estos momentos atraviesa el sector. Acompa&#241;ar&#225;n al Presidente provincial del Partido Popular parlamentarios nacionales y regionales, as&#237; como diputados provinciales, ya que as&#237; lo pidi&#243; ASAJA para que hubiera responsables de las instituciones competentes en cada una de las cuestiones que se pretenden abordar.\n<\/p>\n<p align=\"justify\">\n<p align=\"justify\">ASAJA plantear&#225; cuestiones de pol&#237;tica agraria nacional como las consecuencias de la nueva Ley de Arrendamientos R&#250;sticos, la futura Ley B&#225;sica de la Agricultura ahora en fase de borrador, o la aplicaci&#243;n de la reforma de la PAC aprobada en el mes de junio. Frente a muchos temas pendientes, ASAJA se congratula de que en materia de Seguridad Social se haya podido negociar con el Gobierno, y que los acuerdos alcanzados hayan visto ayer la luz en el Bolet&#237;n Oficial.\n<\/p>\n<p align=\"justify\">\n<p align=\"justify\">En materia de pol&#237;tica regional, ASAJA pretende abordar cuestiones relativas el presupuesto agrario de la Junta as&#237; como las ayudas a la incorporaci&#243;n de j&#243;venes y ceses anticipados en la actividad. La regularizaci&#243;n de las granjas situadas en n&#250;cleos urbanos es otro asunto pendientes desde la pasada legislatura, y en el que se involucran dos consejer&#237;as y los propios ayuntamientos.\n<\/p>\n<p align=\"justify\">\n<p align=\"justify\">Y en materia de regad&#237;os, ASAJA presentar&#225; un informe sobre las situaci&#243;n de los regad&#237;os de la provincia, y solicitar&#225; que el Partido Popular apoye la petici&#243;n de cambiar la normativa que sea necesaria para poder amortizar las obras hidr&#225;ulicas en periodos m&#225;s largos de tiempo, ya que de lo contrario se asistir&#237;a al m&#225;s estrepitoso fracaso en la provincia tanto del Plan Nacional de Regad&#237;os como del Plan Hidrol&#243;gico Nacional.\n<\/p>\n<p align=\"justify\">\n<p align=\"right\">Le&#243;n, 13 de noviembre de 2003.<\/p>\n<p><\/font><\/p>\n","protected":false},"excerpt":{"rendered":"<p>Una representaci&#243;n de la Junta Directiva de ASAJA de Le&#243;n se reunir&#225; ma&#241;ana viernes a las 12 del medio d&#237;a con el Partido Popular, en su sede, y le expondr&#225; los problemas que en estos momentos atraviesa el sector.<\/p>\n","protected":false},"author":3,"featured_media":8174,"comment_status":"open","ping_status":"open","sticky":false,"template":"","format":"standard","meta":{"footnotes":""},"categories":[4,9],"tags":[],"yoast_head":"<!-- This site is optimized with the Yoast SEO plugin v24.5 - https:\/\/yoast.com\/wordpress\/plugins\/seo\/ -->\n<title>ASAJA LLEVAR&#193; MA&#209;ANA AL PP LOS PROBLEMAS AGRARIOS DE LA PROVINCIA - ASAJA Le\u00f3n<\/title>\n<meta name=\"description\" content=\"Una representaci&#243;n de la Junta Directiva de ASAJA de Le&#243;n se reunir&#225; ma&#241;ana viernes a las 12 del medio d&#237;a con el Partido Popular, en su sede, y le expondr&#225; los problemas que en estos momentos atraviesa el sector.\" \/>\n<meta name=\"robots\" content=\"index, follow, max-snippet:-1, max-image-preview:large, max-video-preview:-1\" \/>\n<link rel=\"canonical\" href=\"https:\/\/www.asajacyl.com\/leon\/asaja-leon-informa\/asaja-llevar-maana-al-pp-los-problemas-agrarios-de-la-provincia\" \/>\n<meta property=\"og:locale\" content=\"es_ES\" \/>\n<meta property=\"og:type\" content=\"article\" \/>\n<meta property=\"og:title\" content=\"ASAJA LLEVAR&#193; MA&#209;ANA AL PP LOS PROBLEMAS AGRARIOS DE LA PROVINCIA - ASAJA Le\u00f3n\" \/>\n<meta property=\"og:description\" content=\"Una representaci&#243;n de la Junta Directiva de ASAJA de Le&#243;n se reunir&#225; ma&#241;ana viernes a las 12 del medio d&#237;a con el Partido Popular, en su sede, y le expondr&#225; los problemas que en estos momentos atraviesa el sector.\" \/>\n<meta property=\"og:url\" content=\"https:\/\/www.asajacyl.com\/leon\/asaja-leon-informa\/asaja-llevar-maana-al-pp-los-problemas-agrarios-de-la-provincia\" \/>\n<meta property=\"og:site_name\" content=\"ASAJA Le\u00f3n\" \/>\n<meta property=\"article:published_time\" content=\"2003-11-12T23:00:00+00:00\" \/>\n<meta property=\"og:image\" content=\"https:\/\/www.asajacyl.com\/leon\/wp-content\/uploads\/sites\/6\/2017\/11\/im_predefinida_1920x1080.jpg\" \/>\n\t<meta property=\"og:image:width\" content=\"1920\" \/>\n\t<meta property=\"og:image:height\" content=\"1080\" \/>\n\t<meta property=\"og:image:type\" content=\"image\/jpeg\" \/>\n<meta name=\"author\" content=\"Editor\" \/>\n<meta name=\"twitter:card\" content=\"summary_large_image\" \/>\n<meta name=\"twitter:label1\" content=\"Escrito por\" \/>\n\t<meta name=\"twitter:data1\" content=\"Editor\" \/>\n\t<meta name=\"twitter:label2\" content=\"Tiempo de lectura\" \/>\n\t<meta name=\"twitter:data2\" content=\"2 minutos\" \/>\n<script type=\"application\/ld+json\" class=\"yoast-schema-graph\">{\"@context\":\"https:\/\/schema.org\",\"@graph\":[{\"@type\":\"WebPage\",\"@id\":\"https:\/\/www.asajacyl.com\/leon\/asaja-leon-informa\/asaja-llevar-maana-al-pp-los-problemas-agrarios-de-la-provincia\",\"url\":\"https:\/\/www.asajacyl.com\/leon\/asaja-leon-informa\/asaja-llevar-maana-al-pp-los-problemas-agrarios-de-la-provincia\",\"name\":\"ASAJA LLEVAR&#193; MA&#209;ANA AL PP LOS PROBLEMAS AGRARIOS DE LA PROVINCIA - ASAJA Le\u00f3n\",\"isPartOf\":{\"@id\":\"https:\/\/www.asajacyl.com\/leon\/#website\"},\"primaryImageOfPage\":{\"@id\":\"https:\/\/www.asajacyl.com\/leon\/asaja-leon-informa\/asaja-llevar-maana-al-pp-los-problemas-agrarios-de-la-provincia#primaryimage\"},\"image\":{\"@id\":\"https:\/\/www.asajacyl.com\/leon\/asaja-leon-informa\/asaja-llevar-maana-al-pp-los-problemas-agrarios-de-la-provincia#primaryimage\"},\"thumbnailUrl\":\"https:\/\/www.asajacyl.com\/leon\/wp-content\/uploads\/sites\/6\/2017\/11\/im_predefinida_1920x1080.jpg\",\"datePublished\":\"2003-11-12T23:00:00+00:00\",\"author\":{\"@id\":\"https:\/\/www.asajacyl.com\/leon\/#\/schema\/person\/7e884476cee132331142e8ac9689f20c\"},\"description\":\"Una representaci&#243;n de la Junta Directiva de ASAJA de Le&#243;n se reunir&#225; ma&#241;ana viernes a las 12 del medio d&#237;a con el Partido Popular, en su sede, y le expondr&#225; los problemas que en estos momentos atraviesa el sector.\",\"breadcrumb\":{\"@id\":\"https:\/\/www.asajacyl.com\/leon\/asaja-leon-informa\/asaja-llevar-maana-al-pp-los-problemas-agrarios-de-la-provincia#breadcrumb\"},\"inLanguage\":\"es\",\"potentialAction\":[{\"@type\":\"ReadAction\",\"target\":[\"https:\/\/www.asajacyl.com\/leon\/asaja-leon-informa\/asaja-llevar-maana-al-pp-los-problemas-agrarios-de-la-provincia\"]}]},{\"@type\":\"ImageObject\",\"inLanguage\":\"es\",\"@id\":\"https:\/\/www.asajacyl.com\/leon\/asaja-leon-informa\/asaja-llevar-maana-al-pp-los-problemas-agrarios-de-la-provincia#primaryimage\",\"url\":\"https:\/\/www.asajacyl.com\/leon\/wp-content\/uploads\/sites\/6\/2017\/11\/im_predefinida_1920x1080.jpg\",\"contentUrl\":\"https:\/\/www.asajacyl.com\/leon\/wp-content\/uploads\/sites\/6\/2017\/11\/im_predefinida_1920x1080.jpg\",\"width\":1920,\"height\":1080,\"caption\":\"Logotipo ASAJA Le\u00f3n\"},{\"@type\":\"BreadcrumbList\",\"@id\":\"https:\/\/www.asajacyl.com\/leon\/asaja-leon-informa\/asaja-llevar-maana-al-pp-los-problemas-agrarios-de-la-provincia#breadcrumb\",\"itemListElement\":[{\"@type\":\"ListItem\",\"position\":1,\"name\":\"Portada\",\"item\":\"https:\/\/www.asajacyl.com\/leon\/\"},{\"@type\":\"ListItem\",\"position\":2,\"name\":\"ASAJA LLEVAR&#193; MA&#209;ANA AL PP LOS PROBLEMAS AGRARIOS DE LA PROVINCIA\"}]},{\"@type\":\"WebSite\",\"@id\":\"https:\/\/www.asajacyl.com\/leon\/#website\",\"url\":\"https:\/\/www.asajacyl.com\/leon\/\",\"name\":\"ASAJA Le\u00f3n\",\"description\":\"Otro sitio m\u00e1s de Provincias ASAJA Castilla y Le\u00f3n\",\"potentialAction\":[{\"@type\":\"SearchAction\",\"target\":{\"@type\":\"EntryPoint\",\"urlTemplate\":\"https:\/\/www.asajacyl.com\/leon\/?s={search_term_string}\"},\"query-input\":{\"@type\":\"PropertyValueSpecification\",\"valueRequired\":true,\"valueName\":\"search_term_string\"}}],\"inLanguage\":\"es\"},{\"@type\":\"Person\",\"@id\":\"https:\/\/www.asajacyl.com\/leon\/#\/schema\/person\/7e884476cee132331142e8ac9689f20c\",\"name\":\"Editor\",\"image\":{\"@type\":\"ImageObject\",\"inLanguage\":\"es\",\"@id\":\"https:\/\/www.asajacyl.com\/leon\/#\/schema\/person\/image\/\",\"url\":\"https:\/\/secure.gravatar.com\/avatar\/a2ef43c165669686cfcfb0e1ffa59869?s=96&d=mm&r=g\",\"contentUrl\":\"https:\/\/secure.gravatar.com\/avatar\/a2ef43c165669686cfcfb0e1ffa59869?s=96&d=mm&r=g\",\"caption\":\"Editor\"},\"url\":\"https:\/\/www.asajacyl.com\/leon\/author\/oscargg\"}]}<\/script>\n<!-- \/ Yoast SEO plugin. -->","yoast_head_json":{"title":"ASAJA LLEVAR&#193; MA&#209;ANA AL PP LOS PROBLEMAS AGRARIOS DE LA PROVINCIA - ASAJA Le\u00f3n","description":"Una representaci&#243;n de la Junta Directiva de ASAJA de Le&#243;n se reunir&#225; ma&#241;ana viernes a las 12 del medio d&#237;a con el Partido Popular, en su sede, y le expondr&#225; los problemas que en estos momentos atraviesa el sector.","robots":{"index":"index","follow":"follow","max-snippet":"max-snippet:-1","max-image-preview":"max-image-preview:large","max-video-preview":"max-video-preview:-1"},"canonical":"https:\/\/www.asajacyl.com\/leon\/asaja-leon-informa\/asaja-llevar-maana-al-pp-los-problemas-agrarios-de-la-provincia","og_locale":"es_ES","og_type":"article","og_title":"ASAJA LLEVAR&#193; MA&#209;ANA AL PP LOS PROBLEMAS AGRARIOS DE LA PROVINCIA - ASAJA Le\u00f3n","og_description":"Una representaci&#243;n de la Junta Directiva de ASAJA de Le&#243;n se reunir&#225; ma&#241;ana viernes a las 12 del medio d&#237;a con el Partido Popular, en su sede, y le expondr&#225; los problemas que en estos momentos atraviesa el sector.","og_url":"https:\/\/www.asajacyl.com\/leon\/asaja-leon-informa\/asaja-llevar-maana-al-pp-los-problemas-agrarios-de-la-provincia","og_site_name":"ASAJA Le\u00f3n","article_published_time":"2003-11-12T23:00:00+00:00","og_image":[{"width":1920,"height":1080,"url":"https:\/\/www.asajacyl.com\/leon\/wp-content\/uploads\/sites\/6\/2017\/11\/im_predefinida_1920x1080.jpg","type":"image\/jpeg"}],"author":"Editor","twitter_card":"summary_large_image","twitter_misc":{"Escrito por":"Editor","Tiempo de lectura":"2 minutos"},"schema":{"@context":"https:\/\/schema.org","@graph":[{"@type":"WebPage","@id":"https:\/\/www.asajacyl.com\/leon\/asaja-leon-informa\/asaja-llevar-maana-al-pp-los-problemas-agrarios-de-la-provincia","url":"https:\/\/www.asajacyl.com\/leon\/asaja-leon-informa\/asaja-llevar-maana-al-pp-los-problemas-agrarios-de-la-provincia","name":"ASAJA LLEVAR&#193; MA&#209;ANA AL PP LOS PROBLEMAS AGRARIOS DE LA PROVINCIA - ASAJA Le\u00f3n","isPartOf":{"@id":"https:\/\/www.asajacyl.com\/leon\/#website"},"primaryImageOfPage":{"@id":"https:\/\/www.asajacyl.com\/leon\/asaja-leon-informa\/asaja-llevar-maana-al-pp-los-problemas-agrarios-de-la-provincia#primaryimage"},"image":{"@id":"https:\/\/www.asajacyl.com\/leon\/asaja-leon-informa\/asaja-llevar-maana-al-pp-los-problemas-agrarios-de-la-provincia#primaryimage"},"thumbnailUrl":"https:\/\/www.asajacyl.com\/leon\/wp-content\/uploads\/sites\/6\/2017\/11\/im_predefinida_1920x1080.jpg","datePublished":"2003-11-12T23:00:00+00:00","author":{"@id":"https:\/\/www.asajacyl.com\/leon\/#\/schema\/person\/7e884476cee132331142e8ac9689f20c"},"description":"Una representaci&#243;n de la Junta Directiva de ASAJA de Le&#243;n se reunir&#225; ma&#241;ana viernes a las 12 del medio d&#237;a con el Partido Popular, en su sede, y le expondr&#225; los problemas que en estos momentos atraviesa el sector.","breadcrumb":{"@id":"https:\/\/www.asajacyl.com\/leon\/asaja-leon-informa\/asaja-llevar-maana-al-pp-los-problemas-agrarios-de-la-provincia#breadcrumb"},"inLanguage":"es","potentialAction":[{"@type":"ReadAction","target":["https:\/\/www.asajacyl.com\/leon\/asaja-leon-informa\/asaja-llevar-maana-al-pp-los-problemas-agrarios-de-la-provincia"]}]},{"@type":"ImageObject","inLanguage":"es","@id":"https:\/\/www.asajacyl.com\/leon\/asaja-leon-informa\/asaja-llevar-maana-al-pp-los-problemas-agrarios-de-la-provincia#primaryimage","url":"https:\/\/www.asajacyl.com\/leon\/wp-content\/uploads\/sites\/6\/2017\/11\/im_predefinida_1920x1080.jpg","contentUrl":"https:\/\/www.asajacyl.com\/leon\/wp-content\/uploads\/sites\/6\/2017\/11\/im_predefinida_1920x1080.jpg","width":1920,"height":1080,"caption":"Logotipo ASAJA Le\u00f3n"},{"@type":"BreadcrumbList","@id":"https:\/\/www.asajacyl.com\/leon\/asaja-leon-informa\/asaja-llevar-maana-al-pp-los-problemas-agrarios-de-la-provincia#breadcrumb","itemListElement":[{"@type":"ListItem","position":1,"name":"Portada","item":"https:\/\/www.asajacyl.com\/leon\/"},{"@type":"ListItem","position":2,"name":"ASAJA LLEVAR&#193; MA&#209;ANA AL PP LOS PROBLEMAS AGRARIOS DE LA PROVINCIA"}]},{"@type":"WebSite","@id":"https:\/\/www.asajacyl.com\/leon\/#website","url":"https:\/\/www.asajacyl.com\/leon\/","name":"ASAJA Le\u00f3n","description":"Otro sitio m\u00e1s de Provincias ASAJA Castilla y Le\u00f3n","potentialAction":[{"@type":"SearchAction","target":{"@type":"EntryPoint","urlTemplate":"https:\/\/www.asajacyl.com\/leon\/?s={search_term_string}"},"query-input":{"@type":"PropertyValueSpecification","valueRequired":true,"valueName":"search_term_string"}}],"inLanguage":"es"},{"@type":"Person","@id":"https:\/\/www.asajacyl.com\/leon\/#\/schema\/person\/7e884476cee132331142e8ac9689f20c","name":"Editor","image":{"@type":"ImageObject","inLanguage":"es","@id":"https:\/\/www.asajacyl.com\/leon\/#\/schema\/person\/image\/","url":"https:\/\/secure.gravatar.com\/avatar\/a2ef43c165669686cfcfb0e1ffa59869?s=96&d=mm&r=g","contentUrl":"https:\/\/secure.gravatar.com\/avatar\/a2ef43c165669686cfcfb0e1ffa59869?s=96&d=mm&r=g","caption":"Editor"},"url":"https:\/\/www.asajacyl.com\/leon\/author\/oscargg"}]}},"_links":{"self":[{"href":"https:\/\/www.asajacyl.com\/leon\/wp-json\/wp\/v2\/posts\/8076"}],"collection":[{"href":"https:\/\/www.asajacyl.com\/leon\/wp-json\/wp\/v2\/posts"}],"about":[{"href":"https:\/\/www.asajacyl.com\/leon\/wp-json\/wp\/v2\/types\/post"}],"author":[{"embeddable":true,"href":"https:\/\/www.asajacyl.com\/leon\/wp-json\/wp\/v2\/users\/3"}],"replies":[{"embeddable":true,"href":"https:\/\/www.asajacyl.com\/leon\/wp-json\/wp\/v2\/comments?post=8076"}],"version-history":[{"count":0,"href":"https:\/\/www.asajacyl.com\/leon\/wp-json\/wp\/v2\/posts\/8076\/revisions"}],"wp:featuredmedia":[{"embeddable":true,"href":"https:\/\/www.asajacyl.com\/leon\/wp-json\/wp\/v2\/media\/8174"}],"wp:attachment":[{"href":"https:\/\/www.asajacyl.com\/leon\/wp-json\/wp\/v2\/media?parent=8076"}],"wp:term":[{"taxonomy":"category","embeddable":true,"href":"https:\/\/www.asajacyl.com\/leon\/wp-json\/wp\/v2\/categories?post=8076"},{"taxonomy":"post_tag","embeddable":true,"href":"https:\/\/www.asajacyl.com\/leon\/wp-json\/wp\/v2\/tags?post=8076"}],"curies":[{"name":"wp","href":"https:\/\/api.w.org\/{rel}","templated":true}]}}