{"id":808,"date":"2013-05-17T00:00:00","date_gmt":"2013-05-16T22:00:00","guid":{"rendered":"https:\/\/www.asajacyl.com\/leon\/2013\/05\/17\/compartir-el-autobs\/"},"modified":"2017-11-15T10:02:02","modified_gmt":"2017-11-15T09:02:02","slug":"compartir-el-autobs","status":"publish","type":"post","link":"https:\/\/www.asajacyl.com\/leon\/asaja-leon-informa\/compartir-el-autobs","title":{"rendered":"COMPARTIR EL AUTOB&#218;S"},"content":{"rendered":"<h2>No ser&#233; yo quien felicite a los bur&#243;cratas y pol&#237;ticos de la Junta por la fabulosa idea de poner en marcha, con car&#225;cter experimental, la utilizaci&#243;n conjunta de los servicios de autobuses rurales y las rutas de los colegios.<\/h2>\n<div align=\"center\"><b><font color=\"#003300\">COMPARTIR EL AUTOB&#218;S<\/font><\/b><\/div>\n<div align=\"justify\">&#160;<\/div>\n<div align=\"justify\">No ser&#233; yo quien felicite a los bur&#243;cratas y pol&#237;ticos de la Junta por la fabulosa idea de poner en marcha, con car&#225;cter experimental, la utilizaci&#243;n conjunta de los servicios de autobuses rurales y las rutas de los colegios. Y no les felicito porque no sea buena la idea, pues al contrario, pero no le corresponde la autor&#237;a, pues era una demanda de la gente de los pueblos, cargada de sentido com&#250;n, que la Junta nunca ha escuchado. Esto ya se le hab&#237;a ocurrido hace mucho tiempo a los se&#241;ores y se&#241;oras mayores de m&#237; pueblo, gente humilde de nunca tuvo la oportunidad de estudiar bachiller, que cobra escasos quinientos euros de la Seguridad Social, y que se encuentran con m&#250;ltiples limitaciones en sus vidas cotidianas por el nefasto servicio de transporte p&#250;blico. Incluso cuando parec&#237;a que hab&#237;a dinero para todo y para casi todos, los usuarios del servicio de autobuses de los pueblos no entend&#237;an el no poder subirse al del transporte escolar, tambi&#233;n medio vac&#237;o, si el horario se acomodaba mejor a esa cita con el especialista de Atenci&#243;n Primaria, con el horario de los an&#225;lisis m&#233;dicos, con la apertura de las tiendas y farmacias, o con&#160; el enlace de otros servicios de transporte desde las cabeceras de comarca a la capital.<\/div>\n<div align=\"justify\">&#160;<\/div>\n<div align=\"justify\">La Junta, que ahora cambia las normas que haya que cambiar para compatibilizar dos servicios de transporte que estaban absolutamente compartimentados, demuestra que es lenta de reflejos y que una vez m&#225;s las necesidades y el sentido com&#250;n de los ciudadanos van por delante de las respuestas que ofrece la clase dirigente. Los colegios son para dar clases, pero fuera de los horarios escolares hay que utilizarlos para otros servicios si son necesarios, el transporte p&#250;blico en el medio rural tiene que ser global y no separar por edades ni profesiones, los funcionarios deben de adaptarse a un concepto multidisciplinar, de los curas se espera mucho m&#225;s que oficiar actos religiosos, y por supuesto que el alcalde debe de saber cambiar las bombillas de las calles o arreglar una fuga de agua. Porque en los pueblos es muy dif&#237;cil dar unos servicios p&#250;blicos de calidad que demandan los ciudadanos, pero si adem&#225;s no hay voluntad y no se adaptan las normas, la gente huye despavorida a las ciudades en busca de mayor calidad de vida.<\/div>\n<div align=\"justify\">&#160;<\/div>\n<div align=\"justify\">Art&#237;culo de opini&#243;n de Jos&#233; Antonio Turrado publicado en La Cr&#243;nica del viernes 17 de mayo de 2013.<\/div>\n","protected":false},"excerpt":{"rendered":"<p>No ser&#233; yo quien felicite a los bur&#243;cratas y pol&#237;ticos de la Junta por la fabulosa idea de poner en marcha, con car&#225;cter experimental, la utilizaci&#243;n conjunta de los servicios de autobuses rurales y las rutas de los colegios.<\/p>\n","protected":false},"author":3,"featured_media":8174,"comment_status":"open","ping_status":"open","sticky":false,"template":"","format":"standard","meta":{"footnotes":""},"categories":[4,11],"tags":[],"yoast_head":"<!-- This site is optimized with the Yoast SEO plugin v24.5 - https:\/\/yoast.com\/wordpress\/plugins\/seo\/ -->\n<title>COMPARTIR EL AUTOB&#218;S - ASAJA Le\u00f3n<\/title>\n<meta name=\"description\" content=\"No ser&#233; yo quien felicite a los bur&#243;cratas y pol&#237;ticos de la Junta por la fabulosa idea de poner en marcha, con car&#225;cter experimental, la utilizaci&#243;n conjunta de los servicios de autobuses rurales y las rutas de los colegios.\" \/>\n<meta name=\"robots\" content=\"index, follow, max-snippet:-1, max-image-preview:large, max-video-preview:-1\" \/>\n<link rel=\"canonical\" href=\"https:\/\/www.asajacyl.com\/leon\/asaja-leon-informa\/compartir-el-autobs\" \/>\n<meta property=\"og:locale\" content=\"es_ES\" \/>\n<meta property=\"og:type\" content=\"article\" \/>\n<meta property=\"og:title\" content=\"COMPARTIR EL AUTOB&#218;S - ASAJA Le\u00f3n\" \/>\n<meta property=\"og:description\" content=\"No ser&#233; yo quien felicite a los bur&#243;cratas y pol&#237;ticos de la Junta por la fabulosa idea de poner en marcha, con car&#225;cter experimental, la utilizaci&#243;n conjunta de los servicios de autobuses rurales y las rutas de los colegios.\" \/>\n<meta property=\"og:url\" content=\"https:\/\/www.asajacyl.com\/leon\/asaja-leon-informa\/compartir-el-autobs\" \/>\n<meta property=\"og:site_name\" content=\"ASAJA Le\u00f3n\" \/>\n<meta property=\"article:published_time\" content=\"2013-05-16T22:00:00+00:00\" \/>\n<meta property=\"article:modified_time\" content=\"2017-11-15T09:02:02+00:00\" \/>\n<meta property=\"og:image\" content=\"https:\/\/www.asajacyl.com\/leon\/wp-content\/uploads\/sites\/6\/2017\/11\/im_predefinida_1920x1080.jpg\" \/>\n\t<meta property=\"og:image:width\" content=\"1920\" \/>\n\t<meta property=\"og:image:height\" content=\"1080\" \/>\n\t<meta property=\"og:image:type\" content=\"image\/jpeg\" \/>\n<meta name=\"author\" content=\"Editor\" \/>\n<meta name=\"twitter:card\" content=\"summary_large_image\" \/>\n<meta name=\"twitter:label1\" content=\"Escrito por\" \/>\n\t<meta name=\"twitter:data1\" content=\"Editor\" \/>\n\t<meta name=\"twitter:label2\" content=\"Tiempo de lectura\" \/>\n\t<meta name=\"twitter:data2\" content=\"2 minutos\" \/>\n<script type=\"application\/ld+json\" class=\"yoast-schema-graph\">{\"@context\":\"https:\/\/schema.org\",\"@graph\":[{\"@type\":\"WebPage\",\"@id\":\"https:\/\/www.asajacyl.com\/leon\/asaja-leon-informa\/compartir-el-autobs\",\"url\":\"https:\/\/www.asajacyl.com\/leon\/asaja-leon-informa\/compartir-el-autobs\",\"name\":\"COMPARTIR EL AUTOB&#218;S - ASAJA Le\u00f3n\",\"isPartOf\":{\"@id\":\"https:\/\/www.asajacyl.com\/leon\/#website\"},\"primaryImageOfPage\":{\"@id\":\"https:\/\/www.asajacyl.com\/leon\/asaja-leon-informa\/compartir-el-autobs#primaryimage\"},\"image\":{\"@id\":\"https:\/\/www.asajacyl.com\/leon\/asaja-leon-informa\/compartir-el-autobs#primaryimage\"},\"thumbnailUrl\":\"https:\/\/www.asajacyl.com\/leon\/wp-content\/uploads\/sites\/6\/2017\/11\/im_predefinida_1920x1080.jpg\",\"datePublished\":\"2013-05-16T22:00:00+00:00\",\"dateModified\":\"2017-11-15T09:02:02+00:00\",\"author\":{\"@id\":\"https:\/\/www.asajacyl.com\/leon\/#\/schema\/person\/7e884476cee132331142e8ac9689f20c\"},\"description\":\"No ser&#233; yo quien felicite a los bur&#243;cratas y pol&#237;ticos de la Junta por la fabulosa idea de poner en marcha, con car&#225;cter experimental, la utilizaci&#243;n conjunta de los servicios de autobuses rurales y las rutas de los colegios.\",\"breadcrumb\":{\"@id\":\"https:\/\/www.asajacyl.com\/leon\/asaja-leon-informa\/compartir-el-autobs#breadcrumb\"},\"inLanguage\":\"es\",\"potentialAction\":[{\"@type\":\"ReadAction\",\"target\":[\"https:\/\/www.asajacyl.com\/leon\/asaja-leon-informa\/compartir-el-autobs\"]}]},{\"@type\":\"ImageObject\",\"inLanguage\":\"es\",\"@id\":\"https:\/\/www.asajacyl.com\/leon\/asaja-leon-informa\/compartir-el-autobs#primaryimage\",\"url\":\"https:\/\/www.asajacyl.com\/leon\/wp-content\/uploads\/sites\/6\/2017\/11\/im_predefinida_1920x1080.jpg\",\"contentUrl\":\"https:\/\/www.asajacyl.com\/leon\/wp-content\/uploads\/sites\/6\/2017\/11\/im_predefinida_1920x1080.jpg\",\"width\":1920,\"height\":1080,\"caption\":\"Logotipo ASAJA Le\u00f3n\"},{\"@type\":\"BreadcrumbList\",\"@id\":\"https:\/\/www.asajacyl.com\/leon\/asaja-leon-informa\/compartir-el-autobs#breadcrumb\",\"itemListElement\":[{\"@type\":\"ListItem\",\"position\":1,\"name\":\"Portada\",\"item\":\"https:\/\/www.asajacyl.com\/leon\/\"},{\"@type\":\"ListItem\",\"position\":2,\"name\":\"COMPARTIR EL AUTOB&#218;S\"}]},{\"@type\":\"WebSite\",\"@id\":\"https:\/\/www.asajacyl.com\/leon\/#website\",\"url\":\"https:\/\/www.asajacyl.com\/leon\/\",\"name\":\"ASAJA Le\u00f3n\",\"description\":\"Otro sitio m\u00e1s de Provincias ASAJA Castilla y Le\u00f3n\",\"potentialAction\":[{\"@type\":\"SearchAction\",\"target\":{\"@type\":\"EntryPoint\",\"urlTemplate\":\"https:\/\/www.asajacyl.com\/leon\/?s={search_term_string}\"},\"query-input\":{\"@type\":\"PropertyValueSpecification\",\"valueRequired\":true,\"valueName\":\"search_term_string\"}}],\"inLanguage\":\"es\"},{\"@type\":\"Person\",\"@id\":\"https:\/\/www.asajacyl.com\/leon\/#\/schema\/person\/7e884476cee132331142e8ac9689f20c\",\"name\":\"Editor\",\"image\":{\"@type\":\"ImageObject\",\"inLanguage\":\"es\",\"@id\":\"https:\/\/www.asajacyl.com\/leon\/#\/schema\/person\/image\/\",\"url\":\"https:\/\/secure.gravatar.com\/avatar\/a2ef43c165669686cfcfb0e1ffa59869?s=96&d=mm&r=g\",\"contentUrl\":\"https:\/\/secure.gravatar.com\/avatar\/a2ef43c165669686cfcfb0e1ffa59869?s=96&d=mm&r=g\",\"caption\":\"Editor\"},\"url\":\"https:\/\/www.asajacyl.com\/leon\/author\/oscargg\"}]}<\/script>\n<!-- \/ Yoast SEO plugin. -->","yoast_head_json":{"title":"COMPARTIR EL AUTOB&#218;S - ASAJA Le\u00f3n","description":"No ser&#233; yo quien felicite a los bur&#243;cratas y pol&#237;ticos de la Junta por la fabulosa idea de poner en marcha, con car&#225;cter experimental, la utilizaci&#243;n conjunta de los servicios de autobuses rurales y las rutas de los colegios.","robots":{"index":"index","follow":"follow","max-snippet":"max-snippet:-1","max-image-preview":"max-image-preview:large","max-video-preview":"max-video-preview:-1"},"canonical":"https:\/\/www.asajacyl.com\/leon\/asaja-leon-informa\/compartir-el-autobs","og_locale":"es_ES","og_type":"article","og_title":"COMPARTIR EL AUTOB&#218;S - ASAJA Le\u00f3n","og_description":"No ser&#233; yo quien felicite a los bur&#243;cratas y pol&#237;ticos de la Junta por la fabulosa idea de poner en marcha, con car&#225;cter experimental, la utilizaci&#243;n conjunta de los servicios de autobuses rurales y las rutas de los colegios.","og_url":"https:\/\/www.asajacyl.com\/leon\/asaja-leon-informa\/compartir-el-autobs","og_site_name":"ASAJA Le\u00f3n","article_published_time":"2013-05-16T22:00:00+00:00","article_modified_time":"2017-11-15T09:02:02+00:00","og_image":[{"width":1920,"height":1080,"url":"https:\/\/www.asajacyl.com\/leon\/wp-content\/uploads\/sites\/6\/2017\/11\/im_predefinida_1920x1080.jpg","type":"image\/jpeg"}],"author":"Editor","twitter_card":"summary_large_image","twitter_misc":{"Escrito por":"Editor","Tiempo de lectura":"2 minutos"},"schema":{"@context":"https:\/\/schema.org","@graph":[{"@type":"WebPage","@id":"https:\/\/www.asajacyl.com\/leon\/asaja-leon-informa\/compartir-el-autobs","url":"https:\/\/www.asajacyl.com\/leon\/asaja-leon-informa\/compartir-el-autobs","name":"COMPARTIR EL AUTOB&#218;S - ASAJA Le\u00f3n","isPartOf":{"@id":"https:\/\/www.asajacyl.com\/leon\/#website"},"primaryImageOfPage":{"@id":"https:\/\/www.asajacyl.com\/leon\/asaja-leon-informa\/compartir-el-autobs#primaryimage"},"image":{"@id":"https:\/\/www.asajacyl.com\/leon\/asaja-leon-informa\/compartir-el-autobs#primaryimage"},"thumbnailUrl":"https:\/\/www.asajacyl.com\/leon\/wp-content\/uploads\/sites\/6\/2017\/11\/im_predefinida_1920x1080.jpg","datePublished":"2013-05-16T22:00:00+00:00","dateModified":"2017-11-15T09:02:02+00:00","author":{"@id":"https:\/\/www.asajacyl.com\/leon\/#\/schema\/person\/7e884476cee132331142e8ac9689f20c"},"description":"No ser&#233; yo quien felicite a los bur&#243;cratas y pol&#237;ticos de la Junta por la fabulosa idea de poner en marcha, con car&#225;cter experimental, la utilizaci&#243;n conjunta de los servicios de autobuses rurales y las rutas de los colegios.","breadcrumb":{"@id":"https:\/\/www.asajacyl.com\/leon\/asaja-leon-informa\/compartir-el-autobs#breadcrumb"},"inLanguage":"es","potentialAction":[{"@type":"ReadAction","target":["https:\/\/www.asajacyl.com\/leon\/asaja-leon-informa\/compartir-el-autobs"]}]},{"@type":"ImageObject","inLanguage":"es","@id":"https:\/\/www.asajacyl.com\/leon\/asaja-leon-informa\/compartir-el-autobs#primaryimage","url":"https:\/\/www.asajacyl.com\/leon\/wp-content\/uploads\/sites\/6\/2017\/11\/im_predefinida_1920x1080.jpg","contentUrl":"https:\/\/www.asajacyl.com\/leon\/wp-content\/uploads\/sites\/6\/2017\/11\/im_predefinida_1920x1080.jpg","width":1920,"height":1080,"caption":"Logotipo ASAJA Le\u00f3n"},{"@type":"BreadcrumbList","@id":"https:\/\/www.asajacyl.com\/leon\/asaja-leon-informa\/compartir-el-autobs#breadcrumb","itemListElement":[{"@type":"ListItem","position":1,"name":"Portada","item":"https:\/\/www.asajacyl.com\/leon\/"},{"@type":"ListItem","position":2,"name":"COMPARTIR EL AUTOB&#218;S"}]},{"@type":"WebSite","@id":"https:\/\/www.asajacyl.com\/leon\/#website","url":"https:\/\/www.asajacyl.com\/leon\/","name":"ASAJA Le\u00f3n","description":"Otro sitio m\u00e1s de Provincias ASAJA Castilla y Le\u00f3n","potentialAction":[{"@type":"SearchAction","target":{"@type":"EntryPoint","urlTemplate":"https:\/\/www.asajacyl.com\/leon\/?s={search_term_string}"},"query-input":{"@type":"PropertyValueSpecification","valueRequired":true,"valueName":"search_term_string"}}],"inLanguage":"es"},{"@type":"Person","@id":"https:\/\/www.asajacyl.com\/leon\/#\/schema\/person\/7e884476cee132331142e8ac9689f20c","name":"Editor","image":{"@type":"ImageObject","inLanguage":"es","@id":"https:\/\/www.asajacyl.com\/leon\/#\/schema\/person\/image\/","url":"https:\/\/secure.gravatar.com\/avatar\/a2ef43c165669686cfcfb0e1ffa59869?s=96&d=mm&r=g","contentUrl":"https:\/\/secure.gravatar.com\/avatar\/a2ef43c165669686cfcfb0e1ffa59869?s=96&d=mm&r=g","caption":"Editor"},"url":"https:\/\/www.asajacyl.com\/leon\/author\/oscargg"}]}},"_links":{"self":[{"href":"https:\/\/www.asajacyl.com\/leon\/wp-json\/wp\/v2\/posts\/808"}],"collection":[{"href":"https:\/\/www.asajacyl.com\/leon\/wp-json\/wp\/v2\/posts"}],"about":[{"href":"https:\/\/www.asajacyl.com\/leon\/wp-json\/wp\/v2\/types\/post"}],"author":[{"embeddable":true,"href":"https:\/\/www.asajacyl.com\/leon\/wp-json\/wp\/v2\/users\/3"}],"replies":[{"embeddable":true,"href":"https:\/\/www.asajacyl.com\/leon\/wp-json\/wp\/v2\/comments?post=808"}],"version-history":[{"count":1,"href":"https:\/\/www.asajacyl.com\/leon\/wp-json\/wp\/v2\/posts\/808\/revisions"}],"predecessor-version":[{"id":1173,"href":"https:\/\/www.asajacyl.com\/leon\/wp-json\/wp\/v2\/posts\/808\/revisions\/1173"}],"wp:featuredmedia":[{"embeddable":true,"href":"https:\/\/www.asajacyl.com\/leon\/wp-json\/wp\/v2\/media\/8174"}],"wp:attachment":[{"href":"https:\/\/www.asajacyl.com\/leon\/wp-json\/wp\/v2\/media?parent=808"}],"wp:term":[{"taxonomy":"category","embeddable":true,"href":"https:\/\/www.asajacyl.com\/leon\/wp-json\/wp\/v2\/categories?post=808"},{"taxonomy":"post_tag","embeddable":true,"href":"https:\/\/www.asajacyl.com\/leon\/wp-json\/wp\/v2\/tags?post=808"}],"curies":[{"name":"wp","href":"https:\/\/api.w.org\/{rel}","templated":true}]}}