{"id":8080,"date":"2003-10-29T00:00:00","date_gmt":"2003-10-28T23:00:00","guid":{"rendered":"http:\/\/www.asajacyl.com\/leon\/sin-categoria\/valin-decreta-el-gratis-total-para-obras-en-su-pueblo-que-por-el-contrario-se-pasan-al-cobro-en-el-paramo-bajo"},"modified":"2003-10-29T00:00:00","modified_gmt":"2003-10-28T23:00:00","slug":"valin-decreta-el-gratis-total-para-obras-en-su-pueblo-que-por-el-contrario-se-pasan-al-cobro-en-el-paramo-bajo","status":"publish","type":"post","link":"https:\/\/www.asajacyl.com\/leon\/asaja-leon-informa\/valin-decreta-el-gratis-total-para-obras-en-su-pueblo-que-por-el-contrario-se-pasan-al-cobro-en-el-paramo-bajo","title":{"rendered":"VALIN DECRETA EL &#147;GRATIS TOTAL&#148; PARA OBRAS EN SU PUEBLO, QUE POR EL CONTRARIO SE PASAN AL COBRO EN EL PARAMO BAJO"},"content":{"rendered":"<h2>Otro agravio m&#225;s de la pol&#237;tica regional para con Le&#243;n<\/h2>\n<p><font face=\"Arial\"><\/p>\n<p align=\"center\"><b><font color=\"#009933\">VALIN DECRETA EL \u00abGRATIS TOTAL\u00bb PARA OBRAS EN SU PUEBLO, QUE POR EL CONTRARIO SE PASAN AL COBRO EN EL PARAMO BAJO<\/font><\/p>\n<p align=\"center\">\n<p><\/b><u><\/p>\n<p align=\"center\">Otro agravio m&#225;s de la pol&#237;tica regional para con Le&#243;n<\/p>\n<p><\/u>\n<\/p>\n<p align=\"justify\">\n<p align=\"justify\">El Bolet&#237;n Oficial de Castilla y Le&#243;n del lunes 20 de octubre public&#243; la Orden AYG\/1330\/2003 de 16 de octubre que modifica parcialmente el plan de obras de regad&#237;o que afecta a varios pueblos de la provincia de Valladolid (del entorno de Villal&#243;n de Campos), algunos de Palencia, y la localidad de Arenillas de Valderaduey en Le&#243;n, y que se denomina Plan de Mejoras Territoriales y Obras de la zona regable del Canal Esla-Carri&#243;n. Ya en su aprobaci&#243;n inicial, dicho Plan contemplaba que los presupuestos de la Junta sufragar&#237;an &#237;ntegramente las obras de la red de caminos, red de saneamiento (desag&#252;es), balsas de regulaci&#243;n, bombeos, arterias principales de distribuci&#243;n para subzonas de m&#225;s de 200 hect&#225;reas, eliminaci&#243;n de accidentes artificiales y restauraci&#243;n del medio natural. Por el contrario, la red de riego y los automatismos se subvencionar&#237;an al 40%, correspondiendo a los usuarios pagar el 60% restante en 15 a&#241;os con el inter&#233;s del 4% anual.\n<\/p>\n<p align=\"justify\">\n<p align=\"justify\">La modificaci&#243;n del lunes d&#237;a 20, tan solo cambia el concepto de \u00abarterias principales\u00bb por el de \u00abcaptaciones e instalaciones el&#233;ctricas\u00bb, algo que supone decir lo mismo pero sin dar pie a que se haga la comparaci&#243;n con la situaci&#243;n que se est&#225; viviendo en el P&#225;ramo Bajo. Mientras que en el P&#225;ramo Bajo se le cobra el 50% de la obra de bombeo y arteria principal de conducci&#243;n del agua, y adem&#225;s no se permite facilidad alguna de pago, en los regad&#237;os del pueblo del consejero de Agricultura la Junta se har&#225; cargo de la totalidad de la inversi&#243;n de bombeo, electrificaci&#243;n, y arterias principales de riego. Todo un agravio comparativo que no se justifica desde ning&#250;n punto de vista, y que el consejero Jos&#233; Val&#237;n deber&#237;a de explicar de inmediato. ASAJA apoya esta decisi&#243;n de pol&#237;tica agraria, pero exige que se aplique en toda la regi&#243;n y no a capricho en ciertas localidades s&#237; y en otras no.\n<\/p>\n<p align=\"justify\">\n<p align=\"justify\">En otro orden de cosas, ASAJA hace un llamamiento a todos los regantes de la provincia a participar en la movilizaci&#243;n del pr&#243;ximo viernes en Santa Mar&#237;a del P&#225;ramo convocada inicialmente por la Comunidad de Regantes del P&#225;ramo Bajo y las organizaciones agrarias Coag y ASAJA. Para esta organizaci&#243;n agraria el acto del viernes va m&#225;s all&#225; del problema puntual del P&#225;ramo Bajo, ya que lo que se reivindica es un sistema de financiaci&#243;n de las obras p&#250;blicas hidr&#225;ulicas que permita hacer compatibles las amortizaciones que corresponden a los usuarios con el desarrollo de la agricultura y la ganader&#237;a en un momento en el que los m&#225;rgenes de beneficio son muy escasos.\n<\/p>\n<p align=\"justify\">\n<p align=\"justify\">La amortizaci&#243;n, tanto de las obras dependientes del Ministerio de Medio Ambiente como las obras que dependen del Ministerio de Agricultura o de la Consejer&#237;a de Agricultura, responde a una f&#243;rmula de financiaci&#243;n en la que el usuario ha de sufragar el 50% &#243; m&#225;s de la inversi&#243;n, y para lo que se establecen plazos seg&#250;n los casos de 15 &#243; 25 a&#241;os, periodo muy corto que hace que esto no sea posible con la rentabilidad de los cultivos que se producen.\n<\/p>\n<p align=\"justify\">\n<p align=\"right\">Le&#243;n, 29 de octubre de 2003.\n<\/p>\n<p align=\"right\">\n<p align=\"center\">\n<p><\/font><a href=\"http:\/\/www.asajaleon.com\/\"><\/a>&#160;<font size=\"4\"><\/p>\n<p align=\"right\">\n<p><\/font><\/p>\n","protected":false},"excerpt":{"rendered":"<p>Otro agravio m&#225;s de la pol&#237;tica regional para con Le&#243;n<\/p>\n","protected":false},"author":3,"featured_media":8174,"comment_status":"open","ping_status":"open","sticky":false,"template":"","format":"standard","meta":{"footnotes":""},"categories":[4,9],"tags":[],"yoast_head":"<!-- This site is optimized with the Yoast SEO plugin v24.5 - https:\/\/yoast.com\/wordpress\/plugins\/seo\/ -->\n<title>VALIN DECRETA EL &#147;GRATIS TOTAL&#148; PARA OBRAS EN SU PUEBLO, QUE POR EL CONTRARIO SE PASAN AL COBRO EN EL PARAMO BAJO - ASAJA Le\u00f3n<\/title>\n<meta name=\"description\" content=\"Otro agravio m&#225;s de la pol&#237;tica regional para con Le&#243;n\" \/>\n<meta name=\"robots\" content=\"index, follow, max-snippet:-1, max-image-preview:large, max-video-preview:-1\" \/>\n<link rel=\"canonical\" href=\"https:\/\/www.asajacyl.com\/leon\/asaja-leon-informa\/valin-decreta-el-gratis-total-para-obras-en-su-pueblo-que-por-el-contrario-se-pasan-al-cobro-en-el-paramo-bajo\" \/>\n<meta property=\"og:locale\" content=\"es_ES\" \/>\n<meta property=\"og:type\" content=\"article\" \/>\n<meta property=\"og:title\" content=\"VALIN DECRETA EL &#147;GRATIS TOTAL&#148; PARA OBRAS EN SU PUEBLO, QUE POR EL CONTRARIO SE PASAN AL COBRO EN EL PARAMO BAJO - ASAJA Le\u00f3n\" \/>\n<meta property=\"og:description\" content=\"Otro agravio m&#225;s de la pol&#237;tica regional para con Le&#243;n\" \/>\n<meta property=\"og:url\" content=\"https:\/\/www.asajacyl.com\/leon\/asaja-leon-informa\/valin-decreta-el-gratis-total-para-obras-en-su-pueblo-que-por-el-contrario-se-pasan-al-cobro-en-el-paramo-bajo\" \/>\n<meta property=\"og:site_name\" content=\"ASAJA Le\u00f3n\" \/>\n<meta property=\"article:published_time\" content=\"2003-10-28T23:00:00+00:00\" \/>\n<meta property=\"og:image\" content=\"https:\/\/www.asajacyl.com\/leon\/wp-content\/uploads\/sites\/6\/2017\/11\/im_predefinida_1920x1080.jpg\" \/>\n\t<meta property=\"og:image:width\" content=\"1920\" \/>\n\t<meta property=\"og:image:height\" content=\"1080\" \/>\n\t<meta property=\"og:image:type\" content=\"image\/jpeg\" \/>\n<meta name=\"author\" content=\"Editor\" \/>\n<meta name=\"twitter:card\" content=\"summary_large_image\" \/>\n<meta name=\"twitter:label1\" content=\"Escrito por\" \/>\n\t<meta name=\"twitter:data1\" content=\"Editor\" \/>\n\t<meta name=\"twitter:label2\" content=\"Tiempo de lectura\" \/>\n\t<meta name=\"twitter:data2\" content=\"3 minutos\" \/>\n<script type=\"application\/ld+json\" class=\"yoast-schema-graph\">{\"@context\":\"https:\/\/schema.org\",\"@graph\":[{\"@type\":\"WebPage\",\"@id\":\"https:\/\/www.asajacyl.com\/leon\/asaja-leon-informa\/valin-decreta-el-gratis-total-para-obras-en-su-pueblo-que-por-el-contrario-se-pasan-al-cobro-en-el-paramo-bajo\",\"url\":\"https:\/\/www.asajacyl.com\/leon\/asaja-leon-informa\/valin-decreta-el-gratis-total-para-obras-en-su-pueblo-que-por-el-contrario-se-pasan-al-cobro-en-el-paramo-bajo\",\"name\":\"VALIN DECRETA EL &#147;GRATIS TOTAL&#148; PARA OBRAS EN SU PUEBLO, QUE POR EL CONTRARIO SE PASAN AL COBRO EN EL PARAMO BAJO - ASAJA Le\u00f3n\",\"isPartOf\":{\"@id\":\"https:\/\/www.asajacyl.com\/leon\/#website\"},\"primaryImageOfPage\":{\"@id\":\"https:\/\/www.asajacyl.com\/leon\/asaja-leon-informa\/valin-decreta-el-gratis-total-para-obras-en-su-pueblo-que-por-el-contrario-se-pasan-al-cobro-en-el-paramo-bajo#primaryimage\"},\"image\":{\"@id\":\"https:\/\/www.asajacyl.com\/leon\/asaja-leon-informa\/valin-decreta-el-gratis-total-para-obras-en-su-pueblo-que-por-el-contrario-se-pasan-al-cobro-en-el-paramo-bajo#primaryimage\"},\"thumbnailUrl\":\"https:\/\/www.asajacyl.com\/leon\/wp-content\/uploads\/sites\/6\/2017\/11\/im_predefinida_1920x1080.jpg\",\"datePublished\":\"2003-10-28T23:00:00+00:00\",\"author\":{\"@id\":\"https:\/\/www.asajacyl.com\/leon\/#\/schema\/person\/7e884476cee132331142e8ac9689f20c\"},\"description\":\"Otro agravio m&#225;s de la pol&#237;tica regional para con Le&#243;n\",\"breadcrumb\":{\"@id\":\"https:\/\/www.asajacyl.com\/leon\/asaja-leon-informa\/valin-decreta-el-gratis-total-para-obras-en-su-pueblo-que-por-el-contrario-se-pasan-al-cobro-en-el-paramo-bajo#breadcrumb\"},\"inLanguage\":\"es\",\"potentialAction\":[{\"@type\":\"ReadAction\",\"target\":[\"https:\/\/www.asajacyl.com\/leon\/asaja-leon-informa\/valin-decreta-el-gratis-total-para-obras-en-su-pueblo-que-por-el-contrario-se-pasan-al-cobro-en-el-paramo-bajo\"]}]},{\"@type\":\"ImageObject\",\"inLanguage\":\"es\",\"@id\":\"https:\/\/www.asajacyl.com\/leon\/asaja-leon-informa\/valin-decreta-el-gratis-total-para-obras-en-su-pueblo-que-por-el-contrario-se-pasan-al-cobro-en-el-paramo-bajo#primaryimage\",\"url\":\"https:\/\/www.asajacyl.com\/leon\/wp-content\/uploads\/sites\/6\/2017\/11\/im_predefinida_1920x1080.jpg\",\"contentUrl\":\"https:\/\/www.asajacyl.com\/leon\/wp-content\/uploads\/sites\/6\/2017\/11\/im_predefinida_1920x1080.jpg\",\"width\":1920,\"height\":1080,\"caption\":\"Logotipo ASAJA Le\u00f3n\"},{\"@type\":\"BreadcrumbList\",\"@id\":\"https:\/\/www.asajacyl.com\/leon\/asaja-leon-informa\/valin-decreta-el-gratis-total-para-obras-en-su-pueblo-que-por-el-contrario-se-pasan-al-cobro-en-el-paramo-bajo#breadcrumb\",\"itemListElement\":[{\"@type\":\"ListItem\",\"position\":1,\"name\":\"Portada\",\"item\":\"https:\/\/www.asajacyl.com\/leon\/\"},{\"@type\":\"ListItem\",\"position\":2,\"name\":\"VALIN DECRETA EL &#147;GRATIS TOTAL&#148; PARA OBRAS EN SU PUEBLO, QUE POR EL CONTRARIO SE PASAN AL COBRO EN EL PARAMO BAJO\"}]},{\"@type\":\"WebSite\",\"@id\":\"https:\/\/www.asajacyl.com\/leon\/#website\",\"url\":\"https:\/\/www.asajacyl.com\/leon\/\",\"name\":\"ASAJA Le\u00f3n\",\"description\":\"Otro sitio m\u00e1s de Provincias ASAJA Castilla y Le\u00f3n\",\"potentialAction\":[{\"@type\":\"SearchAction\",\"target\":{\"@type\":\"EntryPoint\",\"urlTemplate\":\"https:\/\/www.asajacyl.com\/leon\/?s={search_term_string}\"},\"query-input\":{\"@type\":\"PropertyValueSpecification\",\"valueRequired\":true,\"valueName\":\"search_term_string\"}}],\"inLanguage\":\"es\"},{\"@type\":\"Person\",\"@id\":\"https:\/\/www.asajacyl.com\/leon\/#\/schema\/person\/7e884476cee132331142e8ac9689f20c\",\"name\":\"Editor\",\"image\":{\"@type\":\"ImageObject\",\"inLanguage\":\"es\",\"@id\":\"https:\/\/www.asajacyl.com\/leon\/#\/schema\/person\/image\/\",\"url\":\"https:\/\/secure.gravatar.com\/avatar\/a2ef43c165669686cfcfb0e1ffa59869?s=96&d=mm&r=g\",\"contentUrl\":\"https:\/\/secure.gravatar.com\/avatar\/a2ef43c165669686cfcfb0e1ffa59869?s=96&d=mm&r=g\",\"caption\":\"Editor\"},\"url\":\"https:\/\/www.asajacyl.com\/leon\/author\/oscargg\"}]}<\/script>\n<!-- \/ Yoast SEO plugin. -->","yoast_head_json":{"title":"VALIN DECRETA EL &#147;GRATIS TOTAL&#148; PARA OBRAS EN SU PUEBLO, QUE POR EL CONTRARIO SE PASAN AL COBRO EN EL PARAMO BAJO - ASAJA Le\u00f3n","description":"Otro agravio m&#225;s de la pol&#237;tica regional para con Le&#243;n","robots":{"index":"index","follow":"follow","max-snippet":"max-snippet:-1","max-image-preview":"max-image-preview:large","max-video-preview":"max-video-preview:-1"},"canonical":"https:\/\/www.asajacyl.com\/leon\/asaja-leon-informa\/valin-decreta-el-gratis-total-para-obras-en-su-pueblo-que-por-el-contrario-se-pasan-al-cobro-en-el-paramo-bajo","og_locale":"es_ES","og_type":"article","og_title":"VALIN DECRETA EL &#147;GRATIS TOTAL&#148; PARA OBRAS EN SU PUEBLO, QUE POR EL CONTRARIO SE PASAN AL COBRO EN EL PARAMO BAJO - ASAJA Le\u00f3n","og_description":"Otro agravio m&#225;s de la pol&#237;tica regional para con Le&#243;n","og_url":"https:\/\/www.asajacyl.com\/leon\/asaja-leon-informa\/valin-decreta-el-gratis-total-para-obras-en-su-pueblo-que-por-el-contrario-se-pasan-al-cobro-en-el-paramo-bajo","og_site_name":"ASAJA Le\u00f3n","article_published_time":"2003-10-28T23:00:00+00:00","og_image":[{"width":1920,"height":1080,"url":"https:\/\/www.asajacyl.com\/leon\/wp-content\/uploads\/sites\/6\/2017\/11\/im_predefinida_1920x1080.jpg","type":"image\/jpeg"}],"author":"Editor","twitter_card":"summary_large_image","twitter_misc":{"Escrito por":"Editor","Tiempo de lectura":"3 minutos"},"schema":{"@context":"https:\/\/schema.org","@graph":[{"@type":"WebPage","@id":"https:\/\/www.asajacyl.com\/leon\/asaja-leon-informa\/valin-decreta-el-gratis-total-para-obras-en-su-pueblo-que-por-el-contrario-se-pasan-al-cobro-en-el-paramo-bajo","url":"https:\/\/www.asajacyl.com\/leon\/asaja-leon-informa\/valin-decreta-el-gratis-total-para-obras-en-su-pueblo-que-por-el-contrario-se-pasan-al-cobro-en-el-paramo-bajo","name":"VALIN DECRETA EL &#147;GRATIS TOTAL&#148; PARA OBRAS EN SU PUEBLO, QUE POR EL CONTRARIO SE PASAN AL COBRO EN EL PARAMO BAJO - ASAJA Le\u00f3n","isPartOf":{"@id":"https:\/\/www.asajacyl.com\/leon\/#website"},"primaryImageOfPage":{"@id":"https:\/\/www.asajacyl.com\/leon\/asaja-leon-informa\/valin-decreta-el-gratis-total-para-obras-en-su-pueblo-que-por-el-contrario-se-pasan-al-cobro-en-el-paramo-bajo#primaryimage"},"image":{"@id":"https:\/\/www.asajacyl.com\/leon\/asaja-leon-informa\/valin-decreta-el-gratis-total-para-obras-en-su-pueblo-que-por-el-contrario-se-pasan-al-cobro-en-el-paramo-bajo#primaryimage"},"thumbnailUrl":"https:\/\/www.asajacyl.com\/leon\/wp-content\/uploads\/sites\/6\/2017\/11\/im_predefinida_1920x1080.jpg","datePublished":"2003-10-28T23:00:00+00:00","author":{"@id":"https:\/\/www.asajacyl.com\/leon\/#\/schema\/person\/7e884476cee132331142e8ac9689f20c"},"description":"Otro agravio m&#225;s de la pol&#237;tica regional para con Le&#243;n","breadcrumb":{"@id":"https:\/\/www.asajacyl.com\/leon\/asaja-leon-informa\/valin-decreta-el-gratis-total-para-obras-en-su-pueblo-que-por-el-contrario-se-pasan-al-cobro-en-el-paramo-bajo#breadcrumb"},"inLanguage":"es","potentialAction":[{"@type":"ReadAction","target":["https:\/\/www.asajacyl.com\/leon\/asaja-leon-informa\/valin-decreta-el-gratis-total-para-obras-en-su-pueblo-que-por-el-contrario-se-pasan-al-cobro-en-el-paramo-bajo"]}]},{"@type":"ImageObject","inLanguage":"es","@id":"https:\/\/www.asajacyl.com\/leon\/asaja-leon-informa\/valin-decreta-el-gratis-total-para-obras-en-su-pueblo-que-por-el-contrario-se-pasan-al-cobro-en-el-paramo-bajo#primaryimage","url":"https:\/\/www.asajacyl.com\/leon\/wp-content\/uploads\/sites\/6\/2017\/11\/im_predefinida_1920x1080.jpg","contentUrl":"https:\/\/www.asajacyl.com\/leon\/wp-content\/uploads\/sites\/6\/2017\/11\/im_predefinida_1920x1080.jpg","width":1920,"height":1080,"caption":"Logotipo ASAJA Le\u00f3n"},{"@type":"BreadcrumbList","@id":"https:\/\/www.asajacyl.com\/leon\/asaja-leon-informa\/valin-decreta-el-gratis-total-para-obras-en-su-pueblo-que-por-el-contrario-se-pasan-al-cobro-en-el-paramo-bajo#breadcrumb","itemListElement":[{"@type":"ListItem","position":1,"name":"Portada","item":"https:\/\/www.asajacyl.com\/leon\/"},{"@type":"ListItem","position":2,"name":"VALIN DECRETA EL &#147;GRATIS TOTAL&#148; PARA OBRAS EN SU PUEBLO, QUE POR EL CONTRARIO SE PASAN AL COBRO EN EL PARAMO BAJO"}]},{"@type":"WebSite","@id":"https:\/\/www.asajacyl.com\/leon\/#website","url":"https:\/\/www.asajacyl.com\/leon\/","name":"ASAJA Le\u00f3n","description":"Otro sitio m\u00e1s de Provincias ASAJA Castilla y Le\u00f3n","potentialAction":[{"@type":"SearchAction","target":{"@type":"EntryPoint","urlTemplate":"https:\/\/www.asajacyl.com\/leon\/?s={search_term_string}"},"query-input":{"@type":"PropertyValueSpecification","valueRequired":true,"valueName":"search_term_string"}}],"inLanguage":"es"},{"@type":"Person","@id":"https:\/\/www.asajacyl.com\/leon\/#\/schema\/person\/7e884476cee132331142e8ac9689f20c","name":"Editor","image":{"@type":"ImageObject","inLanguage":"es","@id":"https:\/\/www.asajacyl.com\/leon\/#\/schema\/person\/image\/","url":"https:\/\/secure.gravatar.com\/avatar\/a2ef43c165669686cfcfb0e1ffa59869?s=96&d=mm&r=g","contentUrl":"https:\/\/secure.gravatar.com\/avatar\/a2ef43c165669686cfcfb0e1ffa59869?s=96&d=mm&r=g","caption":"Editor"},"url":"https:\/\/www.asajacyl.com\/leon\/author\/oscargg"}]}},"_links":{"self":[{"href":"https:\/\/www.asajacyl.com\/leon\/wp-json\/wp\/v2\/posts\/8080"}],"collection":[{"href":"https:\/\/www.asajacyl.com\/leon\/wp-json\/wp\/v2\/posts"}],"about":[{"href":"https:\/\/www.asajacyl.com\/leon\/wp-json\/wp\/v2\/types\/post"}],"author":[{"embeddable":true,"href":"https:\/\/www.asajacyl.com\/leon\/wp-json\/wp\/v2\/users\/3"}],"replies":[{"embeddable":true,"href":"https:\/\/www.asajacyl.com\/leon\/wp-json\/wp\/v2\/comments?post=8080"}],"version-history":[{"count":0,"href":"https:\/\/www.asajacyl.com\/leon\/wp-json\/wp\/v2\/posts\/8080\/revisions"}],"wp:featuredmedia":[{"embeddable":true,"href":"https:\/\/www.asajacyl.com\/leon\/wp-json\/wp\/v2\/media\/8174"}],"wp:attachment":[{"href":"https:\/\/www.asajacyl.com\/leon\/wp-json\/wp\/v2\/media?parent=8080"}],"wp:term":[{"taxonomy":"category","embeddable":true,"href":"https:\/\/www.asajacyl.com\/leon\/wp-json\/wp\/v2\/categories?post=8080"},{"taxonomy":"post_tag","embeddable":true,"href":"https:\/\/www.asajacyl.com\/leon\/wp-json\/wp\/v2\/tags?post=8080"}],"curies":[{"name":"wp","href":"https:\/\/api.w.org\/{rel}","templated":true}]}}