{"id":810,"date":"2013-05-10T00:00:00","date_gmt":"2013-05-09T22:00:00","guid":{"rendered":"https:\/\/www.asajacyl.com\/leon\/2013\/05\/10\/valn-y-silvn-rozan-el-cien-por-cien\/"},"modified":"2017-11-15T10:02:04","modified_gmt":"2017-11-15T09:02:04","slug":"valn-y-silvn-rozan-el-cien-por-cien","status":"publish","type":"post","link":"https:\/\/www.asajacyl.com\/leon\/asaja-leon-informa\/valn-y-silvn-rozan-el-cien-por-cien","title":{"rendered":"VAL&#205;N Y SILV&#193;N ROZAN EL CIEN POR CIEN"},"content":{"rendered":"<h2>Por si no nos hubi&#233;ramos dado cuenta que hemos tenido un invierno y una primavera excepcionalmente lluviosos, adem&#225;s con nieve en las monta&#241;as desde hace varios meses, hay dos cargos p&#250;blicos que nos lo recuerdan casi a diario, y cuando no son ellos son sus gabinetes de prensa.<\/h2>\n<div align=\"center\"><b><font color=\"#003300\">VAL&#205;N Y SILV&#193;N ROZAN EL CIEN POR CIEN<\/font><\/b><\/div>\n<div align=\"justify\">&#160;<\/div>\n<div align=\"justify\">Por si no nos hubi&#233;ramos dado cuenta que hemos tenido un invierno y una primavera excepcionalmente lluviosos, adem&#225;s con nieve en las monta&#241;as desde hace varios meses, hay dos cargos p&#250;blicos que nos lo recuerdan casi a diario, y cuando no son ellos son sus gabinetes de prensa. Por si no nos lo han dicho los telediarios, por si no lo hemos o&#237;do de boca de los agricultores, por si no lo hemos sufrido al salir a la calle armados de paraguas, por si no nos dimos cuenta cuando se cancelaban procesiones en Semana Santa, el consejero de Medio Ambiente, Antonio Silv&#225;n y el presidente de la Confederaci&#243;n Hidrogr&#225;fica del Duero, Jos&#233; Val&#237;n, se prodigan con porcentajes consecuencia de la bondadosa climatolog&#237;a. Uno cocina titulares anunciando que los incendios se han reducido, en los primeros meses del a&#241;o, el noventa y siete por ciento, y lo dice como que el m&#233;rito ha sido de su pol&#237;tica y no de unas circunstancias clim&#225;ticas que han hecho que no arda la hierba ni ech&#225;ndole latas de gasolina. El otro, el que tiene competencias en materia de agua, informa peri&#243;dicamente del volumen de los embalses, que ya llegan al noventa y uno por ciento de su capacidad, una informaci&#243;n que ya no interesa a nadie y que contrasta con el silencio y la inoperancia del organismo de cuenca en a&#241;os como el anterior cuando no hab&#237;a agua para todos.<\/div>\n<div align=\"justify\">&#160;<\/div>\n<div align=\"justify\">Puestos a exagerar y a sacar noticia de donde no la hay, Silv&#225;n bien pod&#237;a haber anunciado que este a&#241;o no ha habido incendios, y Val&#237;n que hasta ahora nadie se ha muerto de sed ni se han secado los cultivos. Ambas ser&#237;an verdades absolutas, verdades que est&#225;n sobradas y que esconden la falta de pol&#237;ticas de las que demandamos los administrados. Se desconoce si Medio Ambiente tiene un plan para paliar los efectos de los catastr&#243;ficos incendios del a&#241;o anterior, si tiene un plan para prevenir incendios cuando vuelva un verano caluroso y un oto&#241;o seco y ventoso, y desconocemos si tiene voluntad de pagar las ayudas que debe y de aprobar nuevos proyectos en temas que son competencia de su departamento. Y se desconoce si la Confederaci&#243;n Hidrogr&#225;fica tiene un plan para paliar la sequ&#237;a cuando la haya, un plan para modernizar y adelgazar una administraci&#243;n obsoleta e ineficiente, y un plan para, por fin, desarrollar y modernizar los regad&#237;os leoneses.<\/div>\n<div align=\"justify\">&#160;<\/div>\n<div align=\"justify\">Art&#237;culo de opini&#243;n de Jos&#233; Antonio Turrado publicado en La Cr&#243;nica del viernes 11 de mayo de 2013.<\/div>\n","protected":false},"excerpt":{"rendered":"<p>Por si no nos hubi&#233;ramos dado cuenta que hemos tenido un invierno y una primavera excepcionalmente lluviosos, adem&#225;s con nieve en las monta&#241;as desde hace varios meses, hay dos cargos p&#250;blicos que nos lo recuerdan casi a diario, y cuando no son ellos son sus gabinetes de prensa.<\/p>\n","protected":false},"author":3,"featured_media":8174,"comment_status":"open","ping_status":"open","sticky":false,"template":"","format":"standard","meta":{"footnotes":""},"categories":[4,11],"tags":[],"yoast_head":"<!-- This site is optimized with the Yoast SEO plugin v24.5 - https:\/\/yoast.com\/wordpress\/plugins\/seo\/ -->\n<title>VAL&#205;N Y SILV&#193;N ROZAN EL CIEN POR CIEN - ASAJA Le\u00f3n<\/title>\n<meta name=\"description\" content=\"Por si no nos hubi&#233;ramos dado cuenta que hemos tenido un invierno y una primavera excepcionalmente lluviosos, adem&#225;s con nieve en las monta&#241;as desde hace varios meses, hay dos cargos p&#250;blicos que nos lo recuerdan casi a diario, y cuando no son ellos son sus gabinetes de prensa.\" \/>\n<meta name=\"robots\" content=\"index, follow, max-snippet:-1, max-image-preview:large, max-video-preview:-1\" \/>\n<link rel=\"canonical\" href=\"https:\/\/www.asajacyl.com\/leon\/asaja-leon-informa\/valn-y-silvn-rozan-el-cien-por-cien\" \/>\n<meta property=\"og:locale\" content=\"es_ES\" \/>\n<meta property=\"og:type\" content=\"article\" \/>\n<meta property=\"og:title\" content=\"VAL&#205;N Y SILV&#193;N ROZAN EL CIEN POR CIEN - ASAJA Le\u00f3n\" \/>\n<meta property=\"og:description\" content=\"Por si no nos hubi&#233;ramos dado cuenta que hemos tenido un invierno y una primavera excepcionalmente lluviosos, adem&#225;s con nieve en las monta&#241;as desde hace varios meses, hay dos cargos p&#250;blicos que nos lo recuerdan casi a diario, y cuando no son ellos son sus gabinetes de prensa.\" \/>\n<meta property=\"og:url\" content=\"https:\/\/www.asajacyl.com\/leon\/asaja-leon-informa\/valn-y-silvn-rozan-el-cien-por-cien\" \/>\n<meta property=\"og:site_name\" content=\"ASAJA Le\u00f3n\" \/>\n<meta property=\"article:published_time\" content=\"2013-05-09T22:00:00+00:00\" \/>\n<meta property=\"article:modified_time\" content=\"2017-11-15T09:02:04+00:00\" \/>\n<meta property=\"og:image\" content=\"https:\/\/www.asajacyl.com\/leon\/wp-content\/uploads\/sites\/6\/2017\/11\/im_predefinida_1920x1080.jpg\" \/>\n\t<meta property=\"og:image:width\" content=\"1920\" \/>\n\t<meta property=\"og:image:height\" content=\"1080\" \/>\n\t<meta property=\"og:image:type\" content=\"image\/jpeg\" \/>\n<meta name=\"author\" content=\"Editor\" \/>\n<meta name=\"twitter:card\" content=\"summary_large_image\" \/>\n<meta name=\"twitter:label1\" content=\"Escrito por\" \/>\n\t<meta name=\"twitter:data1\" content=\"Editor\" \/>\n\t<meta name=\"twitter:label2\" content=\"Tiempo de lectura\" \/>\n\t<meta name=\"twitter:data2\" content=\"3 minutos\" \/>\n<script type=\"application\/ld+json\" class=\"yoast-schema-graph\">{\"@context\":\"https:\/\/schema.org\",\"@graph\":[{\"@type\":\"WebPage\",\"@id\":\"https:\/\/www.asajacyl.com\/leon\/asaja-leon-informa\/valn-y-silvn-rozan-el-cien-por-cien\",\"url\":\"https:\/\/www.asajacyl.com\/leon\/asaja-leon-informa\/valn-y-silvn-rozan-el-cien-por-cien\",\"name\":\"VAL&#205;N Y SILV&#193;N ROZAN EL CIEN POR CIEN - ASAJA Le\u00f3n\",\"isPartOf\":{\"@id\":\"https:\/\/www.asajacyl.com\/leon\/#website\"},\"primaryImageOfPage\":{\"@id\":\"https:\/\/www.asajacyl.com\/leon\/asaja-leon-informa\/valn-y-silvn-rozan-el-cien-por-cien#primaryimage\"},\"image\":{\"@id\":\"https:\/\/www.asajacyl.com\/leon\/asaja-leon-informa\/valn-y-silvn-rozan-el-cien-por-cien#primaryimage\"},\"thumbnailUrl\":\"https:\/\/www.asajacyl.com\/leon\/wp-content\/uploads\/sites\/6\/2017\/11\/im_predefinida_1920x1080.jpg\",\"datePublished\":\"2013-05-09T22:00:00+00:00\",\"dateModified\":\"2017-11-15T09:02:04+00:00\",\"author\":{\"@id\":\"https:\/\/www.asajacyl.com\/leon\/#\/schema\/person\/7e884476cee132331142e8ac9689f20c\"},\"description\":\"Por si no nos hubi&#233;ramos dado cuenta que hemos tenido un invierno y una primavera excepcionalmente lluviosos, adem&#225;s con nieve en las monta&#241;as desde hace varios meses, hay dos cargos p&#250;blicos que nos lo recuerdan casi a diario, y cuando no son ellos son sus gabinetes de prensa.\",\"breadcrumb\":{\"@id\":\"https:\/\/www.asajacyl.com\/leon\/asaja-leon-informa\/valn-y-silvn-rozan-el-cien-por-cien#breadcrumb\"},\"inLanguage\":\"es\",\"potentialAction\":[{\"@type\":\"ReadAction\",\"target\":[\"https:\/\/www.asajacyl.com\/leon\/asaja-leon-informa\/valn-y-silvn-rozan-el-cien-por-cien\"]}]},{\"@type\":\"ImageObject\",\"inLanguage\":\"es\",\"@id\":\"https:\/\/www.asajacyl.com\/leon\/asaja-leon-informa\/valn-y-silvn-rozan-el-cien-por-cien#primaryimage\",\"url\":\"https:\/\/www.asajacyl.com\/leon\/wp-content\/uploads\/sites\/6\/2017\/11\/im_predefinida_1920x1080.jpg\",\"contentUrl\":\"https:\/\/www.asajacyl.com\/leon\/wp-content\/uploads\/sites\/6\/2017\/11\/im_predefinida_1920x1080.jpg\",\"width\":1920,\"height\":1080,\"caption\":\"Logotipo ASAJA Le\u00f3n\"},{\"@type\":\"BreadcrumbList\",\"@id\":\"https:\/\/www.asajacyl.com\/leon\/asaja-leon-informa\/valn-y-silvn-rozan-el-cien-por-cien#breadcrumb\",\"itemListElement\":[{\"@type\":\"ListItem\",\"position\":1,\"name\":\"Portada\",\"item\":\"https:\/\/www.asajacyl.com\/leon\/\"},{\"@type\":\"ListItem\",\"position\":2,\"name\":\"VAL&#205;N Y SILV&#193;N ROZAN EL CIEN POR CIEN\"}]},{\"@type\":\"WebSite\",\"@id\":\"https:\/\/www.asajacyl.com\/leon\/#website\",\"url\":\"https:\/\/www.asajacyl.com\/leon\/\",\"name\":\"ASAJA Le\u00f3n\",\"description\":\"Otro sitio m\u00e1s de Provincias ASAJA Castilla y Le\u00f3n\",\"potentialAction\":[{\"@type\":\"SearchAction\",\"target\":{\"@type\":\"EntryPoint\",\"urlTemplate\":\"https:\/\/www.asajacyl.com\/leon\/?s={search_term_string}\"},\"query-input\":{\"@type\":\"PropertyValueSpecification\",\"valueRequired\":true,\"valueName\":\"search_term_string\"}}],\"inLanguage\":\"es\"},{\"@type\":\"Person\",\"@id\":\"https:\/\/www.asajacyl.com\/leon\/#\/schema\/person\/7e884476cee132331142e8ac9689f20c\",\"name\":\"Editor\",\"image\":{\"@type\":\"ImageObject\",\"inLanguage\":\"es\",\"@id\":\"https:\/\/www.asajacyl.com\/leon\/#\/schema\/person\/image\/\",\"url\":\"https:\/\/secure.gravatar.com\/avatar\/a2ef43c165669686cfcfb0e1ffa59869?s=96&d=mm&r=g\",\"contentUrl\":\"https:\/\/secure.gravatar.com\/avatar\/a2ef43c165669686cfcfb0e1ffa59869?s=96&d=mm&r=g\",\"caption\":\"Editor\"},\"url\":\"https:\/\/www.asajacyl.com\/leon\/author\/oscargg\"}]}<\/script>\n<!-- \/ Yoast SEO plugin. -->","yoast_head_json":{"title":"VAL&#205;N Y SILV&#193;N ROZAN EL CIEN POR CIEN - ASAJA Le\u00f3n","description":"Por si no nos hubi&#233;ramos dado cuenta que hemos tenido un invierno y una primavera excepcionalmente lluviosos, adem&#225;s con nieve en las monta&#241;as desde hace varios meses, hay dos cargos p&#250;blicos que nos lo recuerdan casi a diario, y cuando no son ellos son sus gabinetes de prensa.","robots":{"index":"index","follow":"follow","max-snippet":"max-snippet:-1","max-image-preview":"max-image-preview:large","max-video-preview":"max-video-preview:-1"},"canonical":"https:\/\/www.asajacyl.com\/leon\/asaja-leon-informa\/valn-y-silvn-rozan-el-cien-por-cien","og_locale":"es_ES","og_type":"article","og_title":"VAL&#205;N Y SILV&#193;N ROZAN EL CIEN POR CIEN - ASAJA Le\u00f3n","og_description":"Por si no nos hubi&#233;ramos dado cuenta que hemos tenido un invierno y una primavera excepcionalmente lluviosos, adem&#225;s con nieve en las monta&#241;as desde hace varios meses, hay dos cargos p&#250;blicos que nos lo recuerdan casi a diario, y cuando no son ellos son sus gabinetes de prensa.","og_url":"https:\/\/www.asajacyl.com\/leon\/asaja-leon-informa\/valn-y-silvn-rozan-el-cien-por-cien","og_site_name":"ASAJA Le\u00f3n","article_published_time":"2013-05-09T22:00:00+00:00","article_modified_time":"2017-11-15T09:02:04+00:00","og_image":[{"width":1920,"height":1080,"url":"https:\/\/www.asajacyl.com\/leon\/wp-content\/uploads\/sites\/6\/2017\/11\/im_predefinida_1920x1080.jpg","type":"image\/jpeg"}],"author":"Editor","twitter_card":"summary_large_image","twitter_misc":{"Escrito por":"Editor","Tiempo de lectura":"3 minutos"},"schema":{"@context":"https:\/\/schema.org","@graph":[{"@type":"WebPage","@id":"https:\/\/www.asajacyl.com\/leon\/asaja-leon-informa\/valn-y-silvn-rozan-el-cien-por-cien","url":"https:\/\/www.asajacyl.com\/leon\/asaja-leon-informa\/valn-y-silvn-rozan-el-cien-por-cien","name":"VAL&#205;N Y SILV&#193;N ROZAN EL CIEN POR CIEN - ASAJA Le\u00f3n","isPartOf":{"@id":"https:\/\/www.asajacyl.com\/leon\/#website"},"primaryImageOfPage":{"@id":"https:\/\/www.asajacyl.com\/leon\/asaja-leon-informa\/valn-y-silvn-rozan-el-cien-por-cien#primaryimage"},"image":{"@id":"https:\/\/www.asajacyl.com\/leon\/asaja-leon-informa\/valn-y-silvn-rozan-el-cien-por-cien#primaryimage"},"thumbnailUrl":"https:\/\/www.asajacyl.com\/leon\/wp-content\/uploads\/sites\/6\/2017\/11\/im_predefinida_1920x1080.jpg","datePublished":"2013-05-09T22:00:00+00:00","dateModified":"2017-11-15T09:02:04+00:00","author":{"@id":"https:\/\/www.asajacyl.com\/leon\/#\/schema\/person\/7e884476cee132331142e8ac9689f20c"},"description":"Por si no nos hubi&#233;ramos dado cuenta que hemos tenido un invierno y una primavera excepcionalmente lluviosos, adem&#225;s con nieve en las monta&#241;as desde hace varios meses, hay dos cargos p&#250;blicos que nos lo recuerdan casi a diario, y cuando no son ellos son sus gabinetes de prensa.","breadcrumb":{"@id":"https:\/\/www.asajacyl.com\/leon\/asaja-leon-informa\/valn-y-silvn-rozan-el-cien-por-cien#breadcrumb"},"inLanguage":"es","potentialAction":[{"@type":"ReadAction","target":["https:\/\/www.asajacyl.com\/leon\/asaja-leon-informa\/valn-y-silvn-rozan-el-cien-por-cien"]}]},{"@type":"ImageObject","inLanguage":"es","@id":"https:\/\/www.asajacyl.com\/leon\/asaja-leon-informa\/valn-y-silvn-rozan-el-cien-por-cien#primaryimage","url":"https:\/\/www.asajacyl.com\/leon\/wp-content\/uploads\/sites\/6\/2017\/11\/im_predefinida_1920x1080.jpg","contentUrl":"https:\/\/www.asajacyl.com\/leon\/wp-content\/uploads\/sites\/6\/2017\/11\/im_predefinida_1920x1080.jpg","width":1920,"height":1080,"caption":"Logotipo ASAJA Le\u00f3n"},{"@type":"BreadcrumbList","@id":"https:\/\/www.asajacyl.com\/leon\/asaja-leon-informa\/valn-y-silvn-rozan-el-cien-por-cien#breadcrumb","itemListElement":[{"@type":"ListItem","position":1,"name":"Portada","item":"https:\/\/www.asajacyl.com\/leon\/"},{"@type":"ListItem","position":2,"name":"VAL&#205;N Y SILV&#193;N ROZAN EL CIEN POR CIEN"}]},{"@type":"WebSite","@id":"https:\/\/www.asajacyl.com\/leon\/#website","url":"https:\/\/www.asajacyl.com\/leon\/","name":"ASAJA Le\u00f3n","description":"Otro sitio m\u00e1s de Provincias ASAJA Castilla y Le\u00f3n","potentialAction":[{"@type":"SearchAction","target":{"@type":"EntryPoint","urlTemplate":"https:\/\/www.asajacyl.com\/leon\/?s={search_term_string}"},"query-input":{"@type":"PropertyValueSpecification","valueRequired":true,"valueName":"search_term_string"}}],"inLanguage":"es"},{"@type":"Person","@id":"https:\/\/www.asajacyl.com\/leon\/#\/schema\/person\/7e884476cee132331142e8ac9689f20c","name":"Editor","image":{"@type":"ImageObject","inLanguage":"es","@id":"https:\/\/www.asajacyl.com\/leon\/#\/schema\/person\/image\/","url":"https:\/\/secure.gravatar.com\/avatar\/a2ef43c165669686cfcfb0e1ffa59869?s=96&d=mm&r=g","contentUrl":"https:\/\/secure.gravatar.com\/avatar\/a2ef43c165669686cfcfb0e1ffa59869?s=96&d=mm&r=g","caption":"Editor"},"url":"https:\/\/www.asajacyl.com\/leon\/author\/oscargg"}]}},"_links":{"self":[{"href":"https:\/\/www.asajacyl.com\/leon\/wp-json\/wp\/v2\/posts\/810"}],"collection":[{"href":"https:\/\/www.asajacyl.com\/leon\/wp-json\/wp\/v2\/posts"}],"about":[{"href":"https:\/\/www.asajacyl.com\/leon\/wp-json\/wp\/v2\/types\/post"}],"author":[{"embeddable":true,"href":"https:\/\/www.asajacyl.com\/leon\/wp-json\/wp\/v2\/users\/3"}],"replies":[{"embeddable":true,"href":"https:\/\/www.asajacyl.com\/leon\/wp-json\/wp\/v2\/comments?post=810"}],"version-history":[{"count":1,"href":"https:\/\/www.asajacyl.com\/leon\/wp-json\/wp\/v2\/posts\/810\/revisions"}],"predecessor-version":[{"id":1175,"href":"https:\/\/www.asajacyl.com\/leon\/wp-json\/wp\/v2\/posts\/810\/revisions\/1175"}],"wp:featuredmedia":[{"embeddable":true,"href":"https:\/\/www.asajacyl.com\/leon\/wp-json\/wp\/v2\/media\/8174"}],"wp:attachment":[{"href":"https:\/\/www.asajacyl.com\/leon\/wp-json\/wp\/v2\/media?parent=810"}],"wp:term":[{"taxonomy":"category","embeddable":true,"href":"https:\/\/www.asajacyl.com\/leon\/wp-json\/wp\/v2\/categories?post=810"},{"taxonomy":"post_tag","embeddable":true,"href":"https:\/\/www.asajacyl.com\/leon\/wp-json\/wp\/v2\/tags?post=810"}],"curies":[{"name":"wp","href":"https:\/\/api.w.org\/{rel}","templated":true}]}}