{"id":8117,"date":"2003-05-19T00:00:00","date_gmt":"2003-05-18T22:00:00","guid":{"rendered":"http:\/\/www.asajacyl.com\/leon\/sin-categoria\/la-mayora-de-los-ayuntamientos-de-la-provincia-se-han-opuesto-a-la-reforma-de-la-pac"},"modified":"2003-05-19T00:00:00","modified_gmt":"2003-05-18T22:00:00","slug":"la-mayora-de-los-ayuntamientos-de-la-provincia-se-han-opuesto-a-la-reforma-de-la-pac","status":"publish","type":"post","link":"https:\/\/www.asajacyl.com\/leon\/asaja-leon-informa\/la-mayora-de-los-ayuntamientos-de-la-provincia-se-han-opuesto-a-la-reforma-de-la-pac","title":{"rendered":"LA MAYOR&#205;A DE LOS AYUNTAMIENTOS DE LA PROVINCIA SE HAN OPUESTO A LA REFORMA DE LA PAC"},"content":{"rendered":"<h2>La mayor&#237;a de los ayuntamientos de la provincia han respondido favorablemente a la petici&#243;n efectuada por ASAJA en el mes de marzo para aprobar en sus respectivos Plenos mociones contra la reforma de la PAC<\/h2>\n<p><font face=\"Arial\"><\/p>\n<p align=\"right\">comunicado de prensa<\/p>\n<p align=\"right\">\n<p align=\"center\"><font color=\"#009900\"><strong>LA MAYOR&#205;A DE LOS AYUNTAMIENTOS DE LA PROVINCIA SE HAN OPUESTO A LA REFORMA DE LA PAC<\/strong><\/font><\/p>\n<p align=\"justify\">\n<p align=\"justify\">La mayor&#237;a de los ayuntamientos de la provincia han respondido favorablemente a la petici&#243;n efectuada por ASAJA en el mes de marzo para aprobar en sus respectivos Plenos mociones contra la reforma de la PAC. Masivamente han aprobado el texto remitido por ASAJA seg&#250;n el cual \u00abse rechazaba la propuesta legislativa de reforma de la PAC aprobada por el Colegio de Comisarios el 22 de enero, por considerar que las medidas que se contemplan, en especial la desvinculaci&#243;n de las ayudas de la producci&#243;n, suponen un impacto negativo en la viabilidad de las explotaciones agrarias que desarrollan su actividad en el &#225;mbito del municipio en cuesti&#243;n, favoreciendo la despoblaci&#243;n del medio rural\u00bb.<\/p>\n<p align=\"justify\">\n<p align=\"justify\">ASAJA de Le&#243;n se ha opuesto desde el principio a una reforma que desincentiva la producci&#243;n, que castiga por la v&#237;a de la modulaci&#243;n al agricultor profesional, y que har&#225; caer a&#250;n m&#225;s los precios de mercado al bajar los precios oficiales o de intervenci&#243;n de productos como el cereal o la leche. Algunas de las consecuencias de la reforma, de ser aprobada como se plante&#243; en un principio, ser&#237;a: una p&#233;rdida de renta del sector, se dejar&#237;an de cultivar unas 50.000 hect&#225;reas de rendimientos bajos tan solo en Le&#243;n, se cerrar&#237;a definitivamente la entrada de j&#243;venes al campo y se acentuar&#237;a el abandono del medio rural.<\/p>\n<p align=\"justify\">\n<p align=\"justify\">En las reuniones celebradas la pasada semana tanto por el Consejo de informal de ministros de Agricultura de la UE como por el grupo de alto nivel que prepara las negociaciones de la reforma, se pudo constatar que se est&#225; muy lejos de poder llegar a un consenso, y que el controvertido asunto de la desvinculaci&#243;n de las ayudas de la producci&#243;n centr&#243; buena parte de las discusiones.<\/p>\n<p align=\"justify\">\n<p align=\"justify\">Si bien para los agricultores es bueno despejar cuanto antes todas las inc&#243;gnitas sobre el futuro del sector, para poder tomar decisiones, no es menos cierto que es desaconsejable precipitarse en la toma de decisiones por el simple hecho de cumplir con el plazo de 30 de junio que inicialmente se puso la Comisi&#243;n.<\/p>\n<p align=\"right\">Le&#243;n, 19 de mayo de 2003.<\/p>\n<p align=\"justify\">\n<p align=\"center\">\n<p><\/font><font face=\"Arial\">&#160;<\/font><\/p>\n","protected":false},"excerpt":{"rendered":"<p>La mayor&#237;a de los ayuntamientos de la provincia han respondido favorablemente a la petici&#243;n efectuada por ASAJA en el mes de marzo para aprobar en sus respectivos Plenos mociones contra la reforma de la PAC<\/p>\n","protected":false},"author":3,"featured_media":8174,"comment_status":"open","ping_status":"open","sticky":false,"template":"","format":"standard","meta":{"footnotes":""},"categories":[4,9],"tags":[],"yoast_head":"<!-- This site is optimized with the Yoast SEO plugin v24.5 - https:\/\/yoast.com\/wordpress\/plugins\/seo\/ -->\n<title>LA MAYOR&#205;A DE LOS AYUNTAMIENTOS DE LA PROVINCIA SE HAN OPUESTO A LA REFORMA DE LA PAC - ASAJA Le\u00f3n<\/title>\n<meta name=\"description\" content=\"La mayor&#237;a de los ayuntamientos de la provincia han respondido favorablemente a la petici&#243;n efectuada por ASAJA en el mes de marzo para aprobar en sus respectivos Plenos mociones contra la reforma de la PAC\" \/>\n<meta name=\"robots\" content=\"index, follow, max-snippet:-1, max-image-preview:large, max-video-preview:-1\" \/>\n<link rel=\"canonical\" href=\"https:\/\/www.asajacyl.com\/leon\/asaja-leon-informa\/la-mayora-de-los-ayuntamientos-de-la-provincia-se-han-opuesto-a-la-reforma-de-la-pac\" \/>\n<meta property=\"og:locale\" content=\"es_ES\" \/>\n<meta property=\"og:type\" content=\"article\" \/>\n<meta property=\"og:title\" content=\"LA MAYOR&#205;A DE LOS AYUNTAMIENTOS DE LA PROVINCIA SE HAN OPUESTO A LA REFORMA DE LA PAC - ASAJA Le\u00f3n\" \/>\n<meta property=\"og:description\" content=\"La mayor&#237;a de los ayuntamientos de la provincia han respondido favorablemente a la petici&#243;n efectuada por ASAJA en el mes de marzo para aprobar en sus respectivos Plenos mociones contra la reforma de la PAC\" \/>\n<meta property=\"og:url\" content=\"https:\/\/www.asajacyl.com\/leon\/asaja-leon-informa\/la-mayora-de-los-ayuntamientos-de-la-provincia-se-han-opuesto-a-la-reforma-de-la-pac\" \/>\n<meta property=\"og:site_name\" content=\"ASAJA Le\u00f3n\" \/>\n<meta property=\"article:published_time\" content=\"2003-05-18T22:00:00+00:00\" \/>\n<meta property=\"og:image\" content=\"https:\/\/www.asajacyl.com\/leon\/wp-content\/uploads\/sites\/6\/2017\/11\/im_predefinida_1920x1080.jpg\" \/>\n\t<meta property=\"og:image:width\" content=\"1920\" \/>\n\t<meta property=\"og:image:height\" content=\"1080\" \/>\n\t<meta property=\"og:image:type\" content=\"image\/jpeg\" \/>\n<meta name=\"author\" content=\"Editor\" \/>\n<meta name=\"twitter:card\" content=\"summary_large_image\" \/>\n<meta name=\"twitter:label1\" content=\"Escrito por\" \/>\n\t<meta name=\"twitter:data1\" content=\"Editor\" \/>\n\t<meta name=\"twitter:label2\" content=\"Tiempo de lectura\" \/>\n\t<meta name=\"twitter:data2\" content=\"2 minutos\" \/>\n<script type=\"application\/ld+json\" class=\"yoast-schema-graph\">{\"@context\":\"https:\/\/schema.org\",\"@graph\":[{\"@type\":\"WebPage\",\"@id\":\"https:\/\/www.asajacyl.com\/leon\/asaja-leon-informa\/la-mayora-de-los-ayuntamientos-de-la-provincia-se-han-opuesto-a-la-reforma-de-la-pac\",\"url\":\"https:\/\/www.asajacyl.com\/leon\/asaja-leon-informa\/la-mayora-de-los-ayuntamientos-de-la-provincia-se-han-opuesto-a-la-reforma-de-la-pac\",\"name\":\"LA MAYOR&#205;A DE LOS AYUNTAMIENTOS DE LA PROVINCIA SE HAN OPUESTO A LA REFORMA DE LA PAC - ASAJA Le\u00f3n\",\"isPartOf\":{\"@id\":\"https:\/\/www.asajacyl.com\/leon\/#website\"},\"primaryImageOfPage\":{\"@id\":\"https:\/\/www.asajacyl.com\/leon\/asaja-leon-informa\/la-mayora-de-los-ayuntamientos-de-la-provincia-se-han-opuesto-a-la-reforma-de-la-pac#primaryimage\"},\"image\":{\"@id\":\"https:\/\/www.asajacyl.com\/leon\/asaja-leon-informa\/la-mayora-de-los-ayuntamientos-de-la-provincia-se-han-opuesto-a-la-reforma-de-la-pac#primaryimage\"},\"thumbnailUrl\":\"https:\/\/www.asajacyl.com\/leon\/wp-content\/uploads\/sites\/6\/2017\/11\/im_predefinida_1920x1080.jpg\",\"datePublished\":\"2003-05-18T22:00:00+00:00\",\"author\":{\"@id\":\"https:\/\/www.asajacyl.com\/leon\/#\/schema\/person\/7e884476cee132331142e8ac9689f20c\"},\"description\":\"La mayor&#237;a de los ayuntamientos de la provincia han respondido favorablemente a la petici&#243;n efectuada por ASAJA en el mes de marzo para aprobar en sus respectivos Plenos mociones contra la reforma de la PAC\",\"breadcrumb\":{\"@id\":\"https:\/\/www.asajacyl.com\/leon\/asaja-leon-informa\/la-mayora-de-los-ayuntamientos-de-la-provincia-se-han-opuesto-a-la-reforma-de-la-pac#breadcrumb\"},\"inLanguage\":\"es\",\"potentialAction\":[{\"@type\":\"ReadAction\",\"target\":[\"https:\/\/www.asajacyl.com\/leon\/asaja-leon-informa\/la-mayora-de-los-ayuntamientos-de-la-provincia-se-han-opuesto-a-la-reforma-de-la-pac\"]}]},{\"@type\":\"ImageObject\",\"inLanguage\":\"es\",\"@id\":\"https:\/\/www.asajacyl.com\/leon\/asaja-leon-informa\/la-mayora-de-los-ayuntamientos-de-la-provincia-se-han-opuesto-a-la-reforma-de-la-pac#primaryimage\",\"url\":\"https:\/\/www.asajacyl.com\/leon\/wp-content\/uploads\/sites\/6\/2017\/11\/im_predefinida_1920x1080.jpg\",\"contentUrl\":\"https:\/\/www.asajacyl.com\/leon\/wp-content\/uploads\/sites\/6\/2017\/11\/im_predefinida_1920x1080.jpg\",\"width\":1920,\"height\":1080,\"caption\":\"Logotipo ASAJA Le\u00f3n\"},{\"@type\":\"BreadcrumbList\",\"@id\":\"https:\/\/www.asajacyl.com\/leon\/asaja-leon-informa\/la-mayora-de-los-ayuntamientos-de-la-provincia-se-han-opuesto-a-la-reforma-de-la-pac#breadcrumb\",\"itemListElement\":[{\"@type\":\"ListItem\",\"position\":1,\"name\":\"Portada\",\"item\":\"https:\/\/www.asajacyl.com\/leon\/\"},{\"@type\":\"ListItem\",\"position\":2,\"name\":\"LA MAYOR&#205;A DE LOS AYUNTAMIENTOS DE LA PROVINCIA SE HAN OPUESTO A LA REFORMA DE LA PAC\"}]},{\"@type\":\"WebSite\",\"@id\":\"https:\/\/www.asajacyl.com\/leon\/#website\",\"url\":\"https:\/\/www.asajacyl.com\/leon\/\",\"name\":\"ASAJA Le\u00f3n\",\"description\":\"Otro sitio m\u00e1s de Provincias ASAJA Castilla y Le\u00f3n\",\"potentialAction\":[{\"@type\":\"SearchAction\",\"target\":{\"@type\":\"EntryPoint\",\"urlTemplate\":\"https:\/\/www.asajacyl.com\/leon\/?s={search_term_string}\"},\"query-input\":{\"@type\":\"PropertyValueSpecification\",\"valueRequired\":true,\"valueName\":\"search_term_string\"}}],\"inLanguage\":\"es\"},{\"@type\":\"Person\",\"@id\":\"https:\/\/www.asajacyl.com\/leon\/#\/schema\/person\/7e884476cee132331142e8ac9689f20c\",\"name\":\"Editor\",\"image\":{\"@type\":\"ImageObject\",\"inLanguage\":\"es\",\"@id\":\"https:\/\/www.asajacyl.com\/leon\/#\/schema\/person\/image\/\",\"url\":\"https:\/\/secure.gravatar.com\/avatar\/a2ef43c165669686cfcfb0e1ffa59869?s=96&d=mm&r=g\",\"contentUrl\":\"https:\/\/secure.gravatar.com\/avatar\/a2ef43c165669686cfcfb0e1ffa59869?s=96&d=mm&r=g\",\"caption\":\"Editor\"},\"url\":\"https:\/\/www.asajacyl.com\/leon\/author\/oscargg\"}]}<\/script>\n<!-- \/ Yoast SEO plugin. -->","yoast_head_json":{"title":"LA MAYOR&#205;A DE LOS AYUNTAMIENTOS DE LA PROVINCIA SE HAN OPUESTO A LA REFORMA DE LA PAC - ASAJA Le\u00f3n","description":"La mayor&#237;a de los ayuntamientos de la provincia han respondido favorablemente a la petici&#243;n efectuada por ASAJA en el mes de marzo para aprobar en sus respectivos Plenos mociones contra la reforma de la PAC","robots":{"index":"index","follow":"follow","max-snippet":"max-snippet:-1","max-image-preview":"max-image-preview:large","max-video-preview":"max-video-preview:-1"},"canonical":"https:\/\/www.asajacyl.com\/leon\/asaja-leon-informa\/la-mayora-de-los-ayuntamientos-de-la-provincia-se-han-opuesto-a-la-reforma-de-la-pac","og_locale":"es_ES","og_type":"article","og_title":"LA MAYOR&#205;A DE LOS AYUNTAMIENTOS DE LA PROVINCIA SE HAN OPUESTO A LA REFORMA DE LA PAC - ASAJA Le\u00f3n","og_description":"La mayor&#237;a de los ayuntamientos de la provincia han respondido favorablemente a la petici&#243;n efectuada por ASAJA en el mes de marzo para aprobar en sus respectivos Plenos mociones contra la reforma de la PAC","og_url":"https:\/\/www.asajacyl.com\/leon\/asaja-leon-informa\/la-mayora-de-los-ayuntamientos-de-la-provincia-se-han-opuesto-a-la-reforma-de-la-pac","og_site_name":"ASAJA Le\u00f3n","article_published_time":"2003-05-18T22:00:00+00:00","og_image":[{"width":1920,"height":1080,"url":"https:\/\/www.asajacyl.com\/leon\/wp-content\/uploads\/sites\/6\/2017\/11\/im_predefinida_1920x1080.jpg","type":"image\/jpeg"}],"author":"Editor","twitter_card":"summary_large_image","twitter_misc":{"Escrito por":"Editor","Tiempo de lectura":"2 minutos"},"schema":{"@context":"https:\/\/schema.org","@graph":[{"@type":"WebPage","@id":"https:\/\/www.asajacyl.com\/leon\/asaja-leon-informa\/la-mayora-de-los-ayuntamientos-de-la-provincia-se-han-opuesto-a-la-reforma-de-la-pac","url":"https:\/\/www.asajacyl.com\/leon\/asaja-leon-informa\/la-mayora-de-los-ayuntamientos-de-la-provincia-se-han-opuesto-a-la-reforma-de-la-pac","name":"LA MAYOR&#205;A DE LOS AYUNTAMIENTOS DE LA PROVINCIA SE HAN OPUESTO A LA REFORMA DE LA PAC - ASAJA Le\u00f3n","isPartOf":{"@id":"https:\/\/www.asajacyl.com\/leon\/#website"},"primaryImageOfPage":{"@id":"https:\/\/www.asajacyl.com\/leon\/asaja-leon-informa\/la-mayora-de-los-ayuntamientos-de-la-provincia-se-han-opuesto-a-la-reforma-de-la-pac#primaryimage"},"image":{"@id":"https:\/\/www.asajacyl.com\/leon\/asaja-leon-informa\/la-mayora-de-los-ayuntamientos-de-la-provincia-se-han-opuesto-a-la-reforma-de-la-pac#primaryimage"},"thumbnailUrl":"https:\/\/www.asajacyl.com\/leon\/wp-content\/uploads\/sites\/6\/2017\/11\/im_predefinida_1920x1080.jpg","datePublished":"2003-05-18T22:00:00+00:00","author":{"@id":"https:\/\/www.asajacyl.com\/leon\/#\/schema\/person\/7e884476cee132331142e8ac9689f20c"},"description":"La mayor&#237;a de los ayuntamientos de la provincia han respondido favorablemente a la petici&#243;n efectuada por ASAJA en el mes de marzo para aprobar en sus respectivos Plenos mociones contra la reforma de la PAC","breadcrumb":{"@id":"https:\/\/www.asajacyl.com\/leon\/asaja-leon-informa\/la-mayora-de-los-ayuntamientos-de-la-provincia-se-han-opuesto-a-la-reforma-de-la-pac#breadcrumb"},"inLanguage":"es","potentialAction":[{"@type":"ReadAction","target":["https:\/\/www.asajacyl.com\/leon\/asaja-leon-informa\/la-mayora-de-los-ayuntamientos-de-la-provincia-se-han-opuesto-a-la-reforma-de-la-pac"]}]},{"@type":"ImageObject","inLanguage":"es","@id":"https:\/\/www.asajacyl.com\/leon\/asaja-leon-informa\/la-mayora-de-los-ayuntamientos-de-la-provincia-se-han-opuesto-a-la-reforma-de-la-pac#primaryimage","url":"https:\/\/www.asajacyl.com\/leon\/wp-content\/uploads\/sites\/6\/2017\/11\/im_predefinida_1920x1080.jpg","contentUrl":"https:\/\/www.asajacyl.com\/leon\/wp-content\/uploads\/sites\/6\/2017\/11\/im_predefinida_1920x1080.jpg","width":1920,"height":1080,"caption":"Logotipo ASAJA Le\u00f3n"},{"@type":"BreadcrumbList","@id":"https:\/\/www.asajacyl.com\/leon\/asaja-leon-informa\/la-mayora-de-los-ayuntamientos-de-la-provincia-se-han-opuesto-a-la-reforma-de-la-pac#breadcrumb","itemListElement":[{"@type":"ListItem","position":1,"name":"Portada","item":"https:\/\/www.asajacyl.com\/leon\/"},{"@type":"ListItem","position":2,"name":"LA MAYOR&#205;A DE LOS AYUNTAMIENTOS DE LA PROVINCIA SE HAN OPUESTO A LA REFORMA DE LA PAC"}]},{"@type":"WebSite","@id":"https:\/\/www.asajacyl.com\/leon\/#website","url":"https:\/\/www.asajacyl.com\/leon\/","name":"ASAJA Le\u00f3n","description":"Otro sitio m\u00e1s de Provincias ASAJA Castilla y Le\u00f3n","potentialAction":[{"@type":"SearchAction","target":{"@type":"EntryPoint","urlTemplate":"https:\/\/www.asajacyl.com\/leon\/?s={search_term_string}"},"query-input":{"@type":"PropertyValueSpecification","valueRequired":true,"valueName":"search_term_string"}}],"inLanguage":"es"},{"@type":"Person","@id":"https:\/\/www.asajacyl.com\/leon\/#\/schema\/person\/7e884476cee132331142e8ac9689f20c","name":"Editor","image":{"@type":"ImageObject","inLanguage":"es","@id":"https:\/\/www.asajacyl.com\/leon\/#\/schema\/person\/image\/","url":"https:\/\/secure.gravatar.com\/avatar\/a2ef43c165669686cfcfb0e1ffa59869?s=96&d=mm&r=g","contentUrl":"https:\/\/secure.gravatar.com\/avatar\/a2ef43c165669686cfcfb0e1ffa59869?s=96&d=mm&r=g","caption":"Editor"},"url":"https:\/\/www.asajacyl.com\/leon\/author\/oscargg"}]}},"_links":{"self":[{"href":"https:\/\/www.asajacyl.com\/leon\/wp-json\/wp\/v2\/posts\/8117"}],"collection":[{"href":"https:\/\/www.asajacyl.com\/leon\/wp-json\/wp\/v2\/posts"}],"about":[{"href":"https:\/\/www.asajacyl.com\/leon\/wp-json\/wp\/v2\/types\/post"}],"author":[{"embeddable":true,"href":"https:\/\/www.asajacyl.com\/leon\/wp-json\/wp\/v2\/users\/3"}],"replies":[{"embeddable":true,"href":"https:\/\/www.asajacyl.com\/leon\/wp-json\/wp\/v2\/comments?post=8117"}],"version-history":[{"count":0,"href":"https:\/\/www.asajacyl.com\/leon\/wp-json\/wp\/v2\/posts\/8117\/revisions"}],"wp:featuredmedia":[{"embeddable":true,"href":"https:\/\/www.asajacyl.com\/leon\/wp-json\/wp\/v2\/media\/8174"}],"wp:attachment":[{"href":"https:\/\/www.asajacyl.com\/leon\/wp-json\/wp\/v2\/media?parent=8117"}],"wp:term":[{"taxonomy":"category","embeddable":true,"href":"https:\/\/www.asajacyl.com\/leon\/wp-json\/wp\/v2\/categories?post=8117"},{"taxonomy":"post_tag","embeddable":true,"href":"https:\/\/www.asajacyl.com\/leon\/wp-json\/wp\/v2\/tags?post=8117"}],"curies":[{"name":"wp","href":"https:\/\/api.w.org\/{rel}","templated":true}]}}