{"id":8137,"date":"2003-03-06T00:00:00","date_gmt":"2003-03-05T23:00:00","guid":{"rendered":"http:\/\/www.asajacyl.com\/leon\/sin-categoria\/asaja-propone-que-sea-el-ejercito-quien-capture-las-vacas-de-la-cabrera"},"modified":"2003-03-06T00:00:00","modified_gmt":"2003-03-05T23:00:00","slug":"asaja-propone-que-sea-el-ejercito-quien-capture-las-vacas-de-la-cabrera","status":"publish","type":"post","link":"https:\/\/www.asajacyl.com\/leon\/asaja-leon-informa\/asaja-propone-que-sea-el-ejercito-quien-capture-las-vacas-de-la-cabrera","title":{"rendered":"ASAJA PROPONE QUE SEA EL EJERCITO QUIEN CAPTURE LAS VACAS DE LA CABRERA"},"content":{"rendered":"<h2>La organizaci&#243;n agraria ASAJA considera que una soluci&#243;n al conflicto de las vacas abandonadas en los montes p&#250;blicos de La Cabrera, cuyo sacrificio en cacer&#237;a ha paralizado la Junta de Castilla y Le&#243;n, es que sean recogidas con la intervenci&#243;n del Ej&#233;rcito y por m&#233;todos no cruentos.<\/h2>\n<p><b><\/p>\n<p align=\"center\" style=\"margin-top: 0; margin-bottom: 0\"><font face=\"Arial\" size=\"2\" color=\"#008080\">ASAJA PROPONE QUE SEA EL EJ&#201;RCITO QUIEN CAPTURE LAS VACAS DE LA CABRERA<\/font><\/p>\n<p><font face=\"Arial\" size=\"5\"><\/p>\n<p align=\"justify\" style=\"margin-top: 0; margin-bottom: 0\">&#160;<\/p>\n<p><\/font><\/b><u><\/p>\n<p align=\"center\" style=\"margin-top: 0; margin-bottom: 0\"><font face=\"Arial\" size=\"2\">Primera<br \/>\nrespuesta al llamamiento de propuestas hecho por el Consejero.<\/font><\/p>\n<p><\/u><font face=\"Arial\" size=\"5\"><\/p>\n<p align=\"justify\" style=\"margin-top: 0; margin-bottom: 0\">&#160;<\/p>\n<p><\/font><\/p>\n<p align=\"justify\" style=\"margin-top: 0; margin-bottom: 0\"><font face=\"Arial\" size=\"2\">La<br \/>\norganizaci&#243;n agraria ASAJA considera que una soluci&#243;n al conflicto de las<br \/>\nvacas abandonadas en los montes p&#250;blicos de La Cabrera, cuyo sacrificio en<br \/>\ncacer&#237;a ha paralizado la Junta de Castilla y Le&#243;n, es que sean recogidas con<br \/>\nla intervenci&#243;n del Ej&#233;rcito y <b>por m&#233;todos no cruentos<\/b>. No es la<br \/>\nprimera vez que equipos de rescate de la Guardia Civil colaboran en al recogida<br \/>\nde animales aislados por nevadas repentinas en la monta&#241;a de Le&#243;n.<\/font><\/p>\n<p><font face=\"Arial\" size=\"5\"><\/p>\n<p align=\"justify\" style=\"margin-top: 0; margin-bottom: 0\">&#160;<\/p>\n<p><\/font><\/p>\n<p align=\"justify\" style=\"margin-top: 0; margin-bottom: 0\"><font face=\"Arial\" size=\"2\">Una<br \/>\nvez capturados dichos animales (que no est&#225;n saneados, pero no est&#225;n enfermos<br \/>\nque es cosa distinta) lo que proceder&#237;a es hacerles las pruebas de la campa&#241;a<br \/>\noficial de saneamiento ganadero, proporcionarles un documento de identificaci&#243;n<br \/>\nbovina (D.I.B.), implantarles los correspondientes crotales y donarlas a una<br \/>\norganizaci&#243;n sin &#225;nimo de lucro o instituci&#243;n de car&#225;cter ben&#233;fico. El<br \/>\nconvento de monjas de clausura de las Hermanas Carmelitas, de Grajal de Campos,<br \/>\nque tiene en la actualidad actividad agropecuaria, ser&#237;a sin duda un buen<br \/>\ndestino que aceptar&#237;a la mayor&#237;a de la sociedad. En todo caso, ASAJA se opone<br \/>\na que una vez capturadas sean sacrificadas y destruidas por el simple hecho de<br \/>\nser &#34;vacas sin papeles&#34;.<\/font><\/p>\n<p align=\"right\" style=\"margin-top: 0; margin-bottom: 0\"><font face=\"Arial\" size=\"2\">Le&#243;n,<br \/>\n6 de febrero de 2003.<\/font><\/p>\n<p><font face=\"Arial\" size=\"5\"><\/p>\n<p align=\"justify\" style=\"margin-top: 0; margin-bottom: 0\">&#160;<\/p>\n<p><\/font><font size=\"5\"><\/p>\n<p align=\"justify\" style=\"margin-top: 0; margin-bottom: 0\">\n<p><\/font><\/p>\n","protected":false},"excerpt":{"rendered":"<p>La organizaci&#243;n agraria ASAJA considera que una soluci&#243;n al conflicto de las vacas abandonadas en los montes p&#250;blicos de La Cabrera, cuyo sacrificio en cacer&#237;a ha paralizado la Junta de Castilla y Le&#243;n, es que sean recogidas con la intervenci&#243;n del Ej&#233;rcito y por m&#233;todos no cruentos.<\/p>\n","protected":false},"author":3,"featured_media":8174,"comment_status":"open","ping_status":"open","sticky":false,"template":"","format":"standard","meta":{"footnotes":""},"categories":[4,9],"tags":[],"yoast_head":"<!-- This site is optimized with the Yoast SEO plugin v24.5 - https:\/\/yoast.com\/wordpress\/plugins\/seo\/ -->\n<title>ASAJA PROPONE QUE SEA EL EJERCITO QUIEN CAPTURE LAS VACAS DE LA CABRERA - ASAJA Le\u00f3n<\/title>\n<meta name=\"description\" content=\"La organizaci&#243;n agraria ASAJA considera que una soluci&#243;n al conflicto de las vacas abandonadas en los montes p&#250;blicos de La Cabrera, cuyo sacrificio en cacer&#237;a ha paralizado la Junta de Castilla y Le&#243;n, es que sean recogidas con la intervenci&#243;n del Ej&#233;rcito y por m&#233;todos no cruentos.\" \/>\n<meta name=\"robots\" content=\"index, follow, max-snippet:-1, max-image-preview:large, max-video-preview:-1\" \/>\n<link rel=\"canonical\" href=\"https:\/\/www.asajacyl.com\/leon\/asaja-leon-informa\/asaja-propone-que-sea-el-ejercito-quien-capture-las-vacas-de-la-cabrera\" \/>\n<meta property=\"og:locale\" content=\"es_ES\" \/>\n<meta property=\"og:type\" content=\"article\" \/>\n<meta property=\"og:title\" content=\"ASAJA PROPONE QUE SEA EL EJERCITO QUIEN CAPTURE LAS VACAS DE LA CABRERA - ASAJA Le\u00f3n\" \/>\n<meta property=\"og:description\" content=\"La organizaci&#243;n agraria ASAJA considera que una soluci&#243;n al conflicto de las vacas abandonadas en los montes p&#250;blicos de La Cabrera, cuyo sacrificio en cacer&#237;a ha paralizado la Junta de Castilla y Le&#243;n, es que sean recogidas con la intervenci&#243;n del Ej&#233;rcito y por m&#233;todos no cruentos.\" \/>\n<meta property=\"og:url\" content=\"https:\/\/www.asajacyl.com\/leon\/asaja-leon-informa\/asaja-propone-que-sea-el-ejercito-quien-capture-las-vacas-de-la-cabrera\" \/>\n<meta property=\"og:site_name\" content=\"ASAJA Le\u00f3n\" \/>\n<meta property=\"article:published_time\" content=\"2003-03-05T23:00:00+00:00\" \/>\n<meta property=\"og:image\" content=\"https:\/\/www.asajacyl.com\/leon\/wp-content\/uploads\/sites\/6\/2017\/11\/im_predefinida_1920x1080.jpg\" \/>\n\t<meta property=\"og:image:width\" content=\"1920\" \/>\n\t<meta property=\"og:image:height\" content=\"1080\" \/>\n\t<meta property=\"og:image:type\" content=\"image\/jpeg\" \/>\n<meta name=\"author\" content=\"Editor\" \/>\n<meta name=\"twitter:card\" content=\"summary_large_image\" \/>\n<meta name=\"twitter:label1\" content=\"Escrito por\" \/>\n\t<meta name=\"twitter:data1\" content=\"Editor\" \/>\n\t<meta name=\"twitter:label2\" content=\"Tiempo de lectura\" \/>\n\t<meta name=\"twitter:data2\" content=\"1 minuto\" \/>\n<script type=\"application\/ld+json\" class=\"yoast-schema-graph\">{\"@context\":\"https:\/\/schema.org\",\"@graph\":[{\"@type\":\"WebPage\",\"@id\":\"https:\/\/www.asajacyl.com\/leon\/asaja-leon-informa\/asaja-propone-que-sea-el-ejercito-quien-capture-las-vacas-de-la-cabrera\",\"url\":\"https:\/\/www.asajacyl.com\/leon\/asaja-leon-informa\/asaja-propone-que-sea-el-ejercito-quien-capture-las-vacas-de-la-cabrera\",\"name\":\"ASAJA PROPONE QUE SEA EL EJERCITO QUIEN CAPTURE LAS VACAS DE LA CABRERA - ASAJA Le\u00f3n\",\"isPartOf\":{\"@id\":\"https:\/\/www.asajacyl.com\/leon\/#website\"},\"primaryImageOfPage\":{\"@id\":\"https:\/\/www.asajacyl.com\/leon\/asaja-leon-informa\/asaja-propone-que-sea-el-ejercito-quien-capture-las-vacas-de-la-cabrera#primaryimage\"},\"image\":{\"@id\":\"https:\/\/www.asajacyl.com\/leon\/asaja-leon-informa\/asaja-propone-que-sea-el-ejercito-quien-capture-las-vacas-de-la-cabrera#primaryimage\"},\"thumbnailUrl\":\"https:\/\/www.asajacyl.com\/leon\/wp-content\/uploads\/sites\/6\/2017\/11\/im_predefinida_1920x1080.jpg\",\"datePublished\":\"2003-03-05T23:00:00+00:00\",\"author\":{\"@id\":\"https:\/\/www.asajacyl.com\/leon\/#\/schema\/person\/7e884476cee132331142e8ac9689f20c\"},\"description\":\"La organizaci&#243;n agraria ASAJA considera que una soluci&#243;n al conflicto de las vacas abandonadas en los montes p&#250;blicos de La Cabrera, cuyo sacrificio en cacer&#237;a ha paralizado la Junta de Castilla y Le&#243;n, es que sean recogidas con la intervenci&#243;n del Ej&#233;rcito y por m&#233;todos no cruentos.\",\"breadcrumb\":{\"@id\":\"https:\/\/www.asajacyl.com\/leon\/asaja-leon-informa\/asaja-propone-que-sea-el-ejercito-quien-capture-las-vacas-de-la-cabrera#breadcrumb\"},\"inLanguage\":\"es\",\"potentialAction\":[{\"@type\":\"ReadAction\",\"target\":[\"https:\/\/www.asajacyl.com\/leon\/asaja-leon-informa\/asaja-propone-que-sea-el-ejercito-quien-capture-las-vacas-de-la-cabrera\"]}]},{\"@type\":\"ImageObject\",\"inLanguage\":\"es\",\"@id\":\"https:\/\/www.asajacyl.com\/leon\/asaja-leon-informa\/asaja-propone-que-sea-el-ejercito-quien-capture-las-vacas-de-la-cabrera#primaryimage\",\"url\":\"https:\/\/www.asajacyl.com\/leon\/wp-content\/uploads\/sites\/6\/2017\/11\/im_predefinida_1920x1080.jpg\",\"contentUrl\":\"https:\/\/www.asajacyl.com\/leon\/wp-content\/uploads\/sites\/6\/2017\/11\/im_predefinida_1920x1080.jpg\",\"width\":1920,\"height\":1080,\"caption\":\"Logotipo ASAJA Le\u00f3n\"},{\"@type\":\"BreadcrumbList\",\"@id\":\"https:\/\/www.asajacyl.com\/leon\/asaja-leon-informa\/asaja-propone-que-sea-el-ejercito-quien-capture-las-vacas-de-la-cabrera#breadcrumb\",\"itemListElement\":[{\"@type\":\"ListItem\",\"position\":1,\"name\":\"Portada\",\"item\":\"https:\/\/www.asajacyl.com\/leon\/\"},{\"@type\":\"ListItem\",\"position\":2,\"name\":\"ASAJA PROPONE QUE SEA EL EJERCITO QUIEN CAPTURE LAS VACAS DE LA CABRERA\"}]},{\"@type\":\"WebSite\",\"@id\":\"https:\/\/www.asajacyl.com\/leon\/#website\",\"url\":\"https:\/\/www.asajacyl.com\/leon\/\",\"name\":\"ASAJA Le\u00f3n\",\"description\":\"Otro sitio m\u00e1s de Provincias ASAJA Castilla y Le\u00f3n\",\"potentialAction\":[{\"@type\":\"SearchAction\",\"target\":{\"@type\":\"EntryPoint\",\"urlTemplate\":\"https:\/\/www.asajacyl.com\/leon\/?s={search_term_string}\"},\"query-input\":{\"@type\":\"PropertyValueSpecification\",\"valueRequired\":true,\"valueName\":\"search_term_string\"}}],\"inLanguage\":\"es\"},{\"@type\":\"Person\",\"@id\":\"https:\/\/www.asajacyl.com\/leon\/#\/schema\/person\/7e884476cee132331142e8ac9689f20c\",\"name\":\"Editor\",\"image\":{\"@type\":\"ImageObject\",\"inLanguage\":\"es\",\"@id\":\"https:\/\/www.asajacyl.com\/leon\/#\/schema\/person\/image\/\",\"url\":\"https:\/\/secure.gravatar.com\/avatar\/a2ef43c165669686cfcfb0e1ffa59869?s=96&d=mm&r=g\",\"contentUrl\":\"https:\/\/secure.gravatar.com\/avatar\/a2ef43c165669686cfcfb0e1ffa59869?s=96&d=mm&r=g\",\"caption\":\"Editor\"},\"url\":\"https:\/\/www.asajacyl.com\/leon\/author\/oscargg\"}]}<\/script>\n<!-- \/ Yoast SEO plugin. -->","yoast_head_json":{"title":"ASAJA PROPONE QUE SEA EL EJERCITO QUIEN CAPTURE LAS VACAS DE LA CABRERA - ASAJA Le\u00f3n","description":"La organizaci&#243;n agraria ASAJA considera que una soluci&#243;n al conflicto de las vacas abandonadas en los montes p&#250;blicos de La Cabrera, cuyo sacrificio en cacer&#237;a ha paralizado la Junta de Castilla y Le&#243;n, es que sean recogidas con la intervenci&#243;n del Ej&#233;rcito y por m&#233;todos no cruentos.","robots":{"index":"index","follow":"follow","max-snippet":"max-snippet:-1","max-image-preview":"max-image-preview:large","max-video-preview":"max-video-preview:-1"},"canonical":"https:\/\/www.asajacyl.com\/leon\/asaja-leon-informa\/asaja-propone-que-sea-el-ejercito-quien-capture-las-vacas-de-la-cabrera","og_locale":"es_ES","og_type":"article","og_title":"ASAJA PROPONE QUE SEA EL EJERCITO QUIEN CAPTURE LAS VACAS DE LA CABRERA - ASAJA Le\u00f3n","og_description":"La organizaci&#243;n agraria ASAJA considera que una soluci&#243;n al conflicto de las vacas abandonadas en los montes p&#250;blicos de La Cabrera, cuyo sacrificio en cacer&#237;a ha paralizado la Junta de Castilla y Le&#243;n, es que sean recogidas con la intervenci&#243;n del Ej&#233;rcito y por m&#233;todos no cruentos.","og_url":"https:\/\/www.asajacyl.com\/leon\/asaja-leon-informa\/asaja-propone-que-sea-el-ejercito-quien-capture-las-vacas-de-la-cabrera","og_site_name":"ASAJA Le\u00f3n","article_published_time":"2003-03-05T23:00:00+00:00","og_image":[{"width":1920,"height":1080,"url":"https:\/\/www.asajacyl.com\/leon\/wp-content\/uploads\/sites\/6\/2017\/11\/im_predefinida_1920x1080.jpg","type":"image\/jpeg"}],"author":"Editor","twitter_card":"summary_large_image","twitter_misc":{"Escrito por":"Editor","Tiempo de lectura":"1 minuto"},"schema":{"@context":"https:\/\/schema.org","@graph":[{"@type":"WebPage","@id":"https:\/\/www.asajacyl.com\/leon\/asaja-leon-informa\/asaja-propone-que-sea-el-ejercito-quien-capture-las-vacas-de-la-cabrera","url":"https:\/\/www.asajacyl.com\/leon\/asaja-leon-informa\/asaja-propone-que-sea-el-ejercito-quien-capture-las-vacas-de-la-cabrera","name":"ASAJA PROPONE QUE SEA EL EJERCITO QUIEN CAPTURE LAS VACAS DE LA CABRERA - ASAJA Le\u00f3n","isPartOf":{"@id":"https:\/\/www.asajacyl.com\/leon\/#website"},"primaryImageOfPage":{"@id":"https:\/\/www.asajacyl.com\/leon\/asaja-leon-informa\/asaja-propone-que-sea-el-ejercito-quien-capture-las-vacas-de-la-cabrera#primaryimage"},"image":{"@id":"https:\/\/www.asajacyl.com\/leon\/asaja-leon-informa\/asaja-propone-que-sea-el-ejercito-quien-capture-las-vacas-de-la-cabrera#primaryimage"},"thumbnailUrl":"https:\/\/www.asajacyl.com\/leon\/wp-content\/uploads\/sites\/6\/2017\/11\/im_predefinida_1920x1080.jpg","datePublished":"2003-03-05T23:00:00+00:00","author":{"@id":"https:\/\/www.asajacyl.com\/leon\/#\/schema\/person\/7e884476cee132331142e8ac9689f20c"},"description":"La organizaci&#243;n agraria ASAJA considera que una soluci&#243;n al conflicto de las vacas abandonadas en los montes p&#250;blicos de La Cabrera, cuyo sacrificio en cacer&#237;a ha paralizado la Junta de Castilla y Le&#243;n, es que sean recogidas con la intervenci&#243;n del Ej&#233;rcito y por m&#233;todos no cruentos.","breadcrumb":{"@id":"https:\/\/www.asajacyl.com\/leon\/asaja-leon-informa\/asaja-propone-que-sea-el-ejercito-quien-capture-las-vacas-de-la-cabrera#breadcrumb"},"inLanguage":"es","potentialAction":[{"@type":"ReadAction","target":["https:\/\/www.asajacyl.com\/leon\/asaja-leon-informa\/asaja-propone-que-sea-el-ejercito-quien-capture-las-vacas-de-la-cabrera"]}]},{"@type":"ImageObject","inLanguage":"es","@id":"https:\/\/www.asajacyl.com\/leon\/asaja-leon-informa\/asaja-propone-que-sea-el-ejercito-quien-capture-las-vacas-de-la-cabrera#primaryimage","url":"https:\/\/www.asajacyl.com\/leon\/wp-content\/uploads\/sites\/6\/2017\/11\/im_predefinida_1920x1080.jpg","contentUrl":"https:\/\/www.asajacyl.com\/leon\/wp-content\/uploads\/sites\/6\/2017\/11\/im_predefinida_1920x1080.jpg","width":1920,"height":1080,"caption":"Logotipo ASAJA Le\u00f3n"},{"@type":"BreadcrumbList","@id":"https:\/\/www.asajacyl.com\/leon\/asaja-leon-informa\/asaja-propone-que-sea-el-ejercito-quien-capture-las-vacas-de-la-cabrera#breadcrumb","itemListElement":[{"@type":"ListItem","position":1,"name":"Portada","item":"https:\/\/www.asajacyl.com\/leon\/"},{"@type":"ListItem","position":2,"name":"ASAJA PROPONE QUE SEA EL EJERCITO QUIEN CAPTURE LAS VACAS DE LA CABRERA"}]},{"@type":"WebSite","@id":"https:\/\/www.asajacyl.com\/leon\/#website","url":"https:\/\/www.asajacyl.com\/leon\/","name":"ASAJA Le\u00f3n","description":"Otro sitio m\u00e1s de Provincias ASAJA Castilla y Le\u00f3n","potentialAction":[{"@type":"SearchAction","target":{"@type":"EntryPoint","urlTemplate":"https:\/\/www.asajacyl.com\/leon\/?s={search_term_string}"},"query-input":{"@type":"PropertyValueSpecification","valueRequired":true,"valueName":"search_term_string"}}],"inLanguage":"es"},{"@type":"Person","@id":"https:\/\/www.asajacyl.com\/leon\/#\/schema\/person\/7e884476cee132331142e8ac9689f20c","name":"Editor","image":{"@type":"ImageObject","inLanguage":"es","@id":"https:\/\/www.asajacyl.com\/leon\/#\/schema\/person\/image\/","url":"https:\/\/secure.gravatar.com\/avatar\/a2ef43c165669686cfcfb0e1ffa59869?s=96&d=mm&r=g","contentUrl":"https:\/\/secure.gravatar.com\/avatar\/a2ef43c165669686cfcfb0e1ffa59869?s=96&d=mm&r=g","caption":"Editor"},"url":"https:\/\/www.asajacyl.com\/leon\/author\/oscargg"}]}},"_links":{"self":[{"href":"https:\/\/www.asajacyl.com\/leon\/wp-json\/wp\/v2\/posts\/8137"}],"collection":[{"href":"https:\/\/www.asajacyl.com\/leon\/wp-json\/wp\/v2\/posts"}],"about":[{"href":"https:\/\/www.asajacyl.com\/leon\/wp-json\/wp\/v2\/types\/post"}],"author":[{"embeddable":true,"href":"https:\/\/www.asajacyl.com\/leon\/wp-json\/wp\/v2\/users\/3"}],"replies":[{"embeddable":true,"href":"https:\/\/www.asajacyl.com\/leon\/wp-json\/wp\/v2\/comments?post=8137"}],"version-history":[{"count":0,"href":"https:\/\/www.asajacyl.com\/leon\/wp-json\/wp\/v2\/posts\/8137\/revisions"}],"wp:featuredmedia":[{"embeddable":true,"href":"https:\/\/www.asajacyl.com\/leon\/wp-json\/wp\/v2\/media\/8174"}],"wp:attachment":[{"href":"https:\/\/www.asajacyl.com\/leon\/wp-json\/wp\/v2\/media?parent=8137"}],"wp:term":[{"taxonomy":"category","embeddable":true,"href":"https:\/\/www.asajacyl.com\/leon\/wp-json\/wp\/v2\/categories?post=8137"},{"taxonomy":"post_tag","embeddable":true,"href":"https:\/\/www.asajacyl.com\/leon\/wp-json\/wp\/v2\/tags?post=8137"}],"curies":[{"name":"wp","href":"https:\/\/api.w.org\/{rel}","templated":true}]}}