{"id":8143,"date":"2003-02-20T00:00:00","date_gmt":"2003-02-19T23:00:00","guid":{"rendered":"http:\/\/www.asajacyl.com\/leon\/sin-categoria\/asaja-pide-a-la-comunidad-de-regantes-del-paramo-bajo-que-no-pague-y-que-convoque-a-las-organizaciones-agrarias"},"modified":"2003-02-20T00:00:00","modified_gmt":"2003-02-19T23:00:00","slug":"asaja-pide-a-la-comunidad-de-regantes-del-paramo-bajo-que-no-pague-y-que-convoque-a-las-organizaciones-agrarias","status":"publish","type":"post","link":"https:\/\/www.asajacyl.com\/leon\/asaja-leon-informa\/asaja-pide-a-la-comunidad-de-regantes-del-paramo-bajo-que-no-pague-y-que-convoque-a-las-organizaciones-agrarias","title":{"rendered":"ASAJA PIDE A LA COMUNIDAD DE REGANTES DEL PARAMO BAJO QUE NO PAGUE Y QUE CONVOQUE A LAS ORGANIZACIONES AGRARIAS"},"content":{"rendered":"<h2>La organizaci&#243;n agraria ASAJA se ha dirigido a la Comunidad de Regantes del P&#225;ramo Bajo pidi&#233;ndole que no pague las abusivas tarifas del agua de riego que pretende imponer la Confederaci&#243;n Hidrogr&#225;fica del Duero, y mucho menos el coste de la elevaci&#243;n del agua en el salto de Villalobar de cuya gratuidad se habl&#243; siempre desde la administraci&#243;n.<\/h2>\n<p><body><br \/>\n<b><\/p>\n<p align=\"center\" style=\"margin-top: 0; margin-bottom: 0\"><font face=\"Arial\" size=\"2\" color=\"#008080\">ASAJA<br \/>\nPIDE A LA COMUNIDAD DE REGANTES DEL PARAMO BAJO QUE NO PAGUE Y QUE CONVOQUE<\/font><\/p>\n<p align=\"center\" style=\"margin-top: 0; margin-bottom: 0\"><font face=\"Arial\" size=\"2\" color=\"#008080\">A<br \/>\nLAS ORGANIZACIONES AGRARIAS<\/font><\/p>\n<p><\/b><font face=\"Arial\" size=\"4\"><\/p>\n<p align=\"justify\" style=\"margin-top: 0; margin-bottom: 0\">&#160;<\/p>\n<p><\/font><\/p>\n<p align=\"justify\" style=\"margin-top: 0; margin-bottom: 0\"><font face=\"Arial\" size=\"2\">La<br \/>\norganizaci&#243;n agraria ASAJA se ha dirigido a la Comunidad de Regantes del<br \/>\nP&#225;ramo Bajo pidi&#233;ndole que no pague las abusivas tarifas del agua de riego que<br \/>\npretende imponer la Confederaci&#243;n Hidrogr&#225;fica del Duero, y mucho menos el<br \/>\ncoste de la elevaci&#243;n del agua en el salto de Villalobar de cuya gratuidad se<br \/>\nhabl&#243; siempre desde la administraci&#243;n. ASAJA considera que con unos costes de<br \/>\ntarifa de riego de unos 245 euros (41.791 pesetas), a lo que se sumar&#237;a otros<br \/>\n24 euros de gasto de gesti&#243;n de la Comunidad de Regantes, hace impensable<br \/>\nacometer las obras de transformaci&#243;n, ya que convertir&#237;a en inviables las<br \/>\nexplotaciones con los cultivos extensivos de nuestra provincia, y elevar&#237;a la<br \/>\nrenta de la tierra por encima de los 600 euros por hect&#225;rea ( 100.000 pesetas).<\/font><\/p>\n<p><font face=\"Arial\" size=\"4\"><\/p>\n<p align=\"justify\" style=\"margin-top: 0; margin-bottom: 0\">&#160;<\/p>\n<p><\/font><\/p>\n<p align=\"justify\" style=\"margin-top: 0; margin-bottom: 0\"><font face=\"Arial\" size=\"2\">La<br \/>\norganizaci&#243;n agraria ha pedido a la Comunidad de Regantes del P&#225;ramo Bajo que<br \/>\nconvoque a todas las organizaciones agrarias de la provincia a una reuni&#243;n para<br \/>\ndebatir sobre la situaci&#243;n y tomar medidas al respecto si procede. ASAJA<br \/>\nconsidera que el problema tiene tal magnitud que desborda las propias<br \/>\ncompetencias y posibilidades de una comunidad de regantes.<\/font><\/p>\n<p><font face=\"Arial\" size=\"4\"><\/p>\n<p align=\"justify\" style=\"margin-top: 0; margin-bottom: 0\">&#160;<\/p>\n<p><\/font><\/p>\n<p align=\"justify\" style=\"margin-top: 0; margin-bottom: 0\"><font face=\"Arial\" size=\"2\">En<br \/>\nel mismo sentido ASAJA se ha dirigido tambi&#233;n a la comunidad de regantes de<br \/>\nPayuelos, aunque en este caso el coste que por ahora se pretende cobrar es<br \/>\nmenor. A Payuelos, lo mismo que al P&#225;ramo Bajo, se les est&#225; cobrando ya el<br \/>\nagua de riego cuando siempre se prometi&#243; que mientras el regad&#237;o estuviese en<br \/>\nprecario, es decir, sin concluir las obras, no se iban a pasar al cobro las<br \/>\ntarifas de riego.<\/font><\/p>\n<p><font face=\"Arial\" size=\"4\"><\/p>\n<p align=\"justify\" style=\"margin-top: 0; margin-bottom: 0\">&#160;<\/p>\n<p><\/font><\/p>\n<p align=\"justify\" style=\"margin-top: 0; margin-bottom: 0\"><font face=\"Arial\" size=\"2\">Tambi&#233;n,<br \/>\nla organizaci&#243;n agraria ASAJA ha pedido la convocatoria del Pleno de la C&#225;mara<br \/>\nAgraria provincial en el que se presente una moci&#243;n para su debate y<br \/>\naprobaci&#243;n en apoyo a los regantes.<\/font><\/p>\n<p><font face=\"Arial\" size=\"4\"><\/p>\n<p align=\"justify\" style=\"margin-top: 0; margin-bottom: 0\">&#160;<\/p>\n<p><\/font><\/p>\n<p align=\"justify\" style=\"margin-top: 0; margin-bottom: 0\"><font face=\"Arial\" size=\"2\">La<br \/>\norganizaci&#243;n agraria espera que en pr&#243;ximos d&#237;as los ayuntamientos afectados,<br \/>\ny la propia Diputaci&#243;n Provincial, presenten a sus respectivos plenos mociones<br \/>\nde apoyo a los agricultores y contra las pretensiones de Confederaci&#243;n.<\/font><\/p>\n<p align=\"right\" style=\"margin-top: 0; margin-bottom: 0\"><font face=\"Arial\" size=\"2\">Le&#243;n,<br \/>\n20 de febrero de 2003.<\/font><\/p>\n<p><\/body><\/p>\n","protected":false},"excerpt":{"rendered":"<p>La organizaci&#243;n agraria ASAJA se ha dirigido a la Comunidad de Regantes del P&#225;ramo Bajo pidi&#233;ndole que no pague las abusivas tarifas del agua de riego que pretende imponer la Confederaci&#243;n Hidrogr&#225;fica del Duero, y mucho menos el coste de la elevaci&#243;n del agua en el salto de Villalobar de cuya gratuidad se habl&#243; siempre desde la administraci&#243;n.<\/p>\n","protected":false},"author":3,"featured_media":8174,"comment_status":"open","ping_status":"open","sticky":false,"template":"","format":"standard","meta":{"footnotes":""},"categories":[4,9],"tags":[],"yoast_head":"<!-- This site is optimized with the Yoast SEO plugin v24.5 - https:\/\/yoast.com\/wordpress\/plugins\/seo\/ -->\n<title>ASAJA PIDE A LA COMUNIDAD DE REGANTES DEL PARAMO BAJO QUE NO PAGUE Y QUE CONVOQUE A LAS ORGANIZACIONES AGRARIAS - ASAJA Le\u00f3n<\/title>\n<meta name=\"description\" content=\"La organizaci&#243;n agraria ASAJA se ha dirigido a la Comunidad de Regantes del P&#225;ramo Bajo pidi&#233;ndole que no pague las abusivas tarifas del agua de riego que pretende imponer la Confederaci&#243;n Hidrogr&#225;fica del Duero, y mucho menos el coste de la elevaci&#243;n del agua en el salto de Villalobar de cuya gratuidad se habl&#243; siempre desde la administraci&#243;n.\" \/>\n<meta name=\"robots\" content=\"index, follow, max-snippet:-1, max-image-preview:large, max-video-preview:-1\" \/>\n<link rel=\"canonical\" href=\"https:\/\/www.asajacyl.com\/leon\/asaja-leon-informa\/asaja-pide-a-la-comunidad-de-regantes-del-paramo-bajo-que-no-pague-y-que-convoque-a-las-organizaciones-agrarias\" \/>\n<meta property=\"og:locale\" content=\"es_ES\" \/>\n<meta property=\"og:type\" content=\"article\" \/>\n<meta property=\"og:title\" content=\"ASAJA PIDE A LA COMUNIDAD DE REGANTES DEL PARAMO BAJO QUE NO PAGUE Y QUE CONVOQUE A LAS ORGANIZACIONES AGRARIAS - ASAJA Le\u00f3n\" \/>\n<meta property=\"og:description\" content=\"La organizaci&#243;n agraria ASAJA se ha dirigido a la Comunidad de Regantes del P&#225;ramo Bajo pidi&#233;ndole que no pague las abusivas tarifas del agua de riego que pretende imponer la Confederaci&#243;n Hidrogr&#225;fica del Duero, y mucho menos el coste de la elevaci&#243;n del agua en el salto de Villalobar de cuya gratuidad se habl&#243; siempre desde la administraci&#243;n.\" \/>\n<meta property=\"og:url\" content=\"https:\/\/www.asajacyl.com\/leon\/asaja-leon-informa\/asaja-pide-a-la-comunidad-de-regantes-del-paramo-bajo-que-no-pague-y-que-convoque-a-las-organizaciones-agrarias\" \/>\n<meta property=\"og:site_name\" content=\"ASAJA Le\u00f3n\" \/>\n<meta property=\"article:published_time\" content=\"2003-02-19T23:00:00+00:00\" \/>\n<meta property=\"og:image\" content=\"https:\/\/www.asajacyl.com\/leon\/wp-content\/uploads\/sites\/6\/2017\/11\/im_predefinida_1920x1080.jpg\" \/>\n\t<meta property=\"og:image:width\" content=\"1920\" \/>\n\t<meta property=\"og:image:height\" content=\"1080\" \/>\n\t<meta property=\"og:image:type\" content=\"image\/jpeg\" \/>\n<meta name=\"author\" content=\"Editor\" \/>\n<meta name=\"twitter:card\" content=\"summary_large_image\" \/>\n<meta name=\"twitter:label1\" content=\"Escrito por\" \/>\n\t<meta name=\"twitter:data1\" content=\"Editor\" \/>\n\t<meta name=\"twitter:label2\" content=\"Tiempo de lectura\" \/>\n\t<meta name=\"twitter:data2\" content=\"2 minutos\" \/>\n<script type=\"application\/ld+json\" class=\"yoast-schema-graph\">{\"@context\":\"https:\/\/schema.org\",\"@graph\":[{\"@type\":\"WebPage\",\"@id\":\"https:\/\/www.asajacyl.com\/leon\/asaja-leon-informa\/asaja-pide-a-la-comunidad-de-regantes-del-paramo-bajo-que-no-pague-y-que-convoque-a-las-organizaciones-agrarias\",\"url\":\"https:\/\/www.asajacyl.com\/leon\/asaja-leon-informa\/asaja-pide-a-la-comunidad-de-regantes-del-paramo-bajo-que-no-pague-y-que-convoque-a-las-organizaciones-agrarias\",\"name\":\"ASAJA PIDE A LA COMUNIDAD DE REGANTES DEL PARAMO BAJO QUE NO PAGUE Y QUE CONVOQUE A LAS ORGANIZACIONES AGRARIAS - ASAJA Le\u00f3n\",\"isPartOf\":{\"@id\":\"https:\/\/www.asajacyl.com\/leon\/#website\"},\"primaryImageOfPage\":{\"@id\":\"https:\/\/www.asajacyl.com\/leon\/asaja-leon-informa\/asaja-pide-a-la-comunidad-de-regantes-del-paramo-bajo-que-no-pague-y-que-convoque-a-las-organizaciones-agrarias#primaryimage\"},\"image\":{\"@id\":\"https:\/\/www.asajacyl.com\/leon\/asaja-leon-informa\/asaja-pide-a-la-comunidad-de-regantes-del-paramo-bajo-que-no-pague-y-que-convoque-a-las-organizaciones-agrarias#primaryimage\"},\"thumbnailUrl\":\"https:\/\/www.asajacyl.com\/leon\/wp-content\/uploads\/sites\/6\/2017\/11\/im_predefinida_1920x1080.jpg\",\"datePublished\":\"2003-02-19T23:00:00+00:00\",\"author\":{\"@id\":\"https:\/\/www.asajacyl.com\/leon\/#\/schema\/person\/7e884476cee132331142e8ac9689f20c\"},\"description\":\"La organizaci&#243;n agraria ASAJA se ha dirigido a la Comunidad de Regantes del P&#225;ramo Bajo pidi&#233;ndole que no pague las abusivas tarifas del agua de riego que pretende imponer la Confederaci&#243;n Hidrogr&#225;fica del Duero, y mucho menos el coste de la elevaci&#243;n del agua en el salto de Villalobar de cuya gratuidad se habl&#243; siempre desde la administraci&#243;n.\",\"breadcrumb\":{\"@id\":\"https:\/\/www.asajacyl.com\/leon\/asaja-leon-informa\/asaja-pide-a-la-comunidad-de-regantes-del-paramo-bajo-que-no-pague-y-que-convoque-a-las-organizaciones-agrarias#breadcrumb\"},\"inLanguage\":\"es\",\"potentialAction\":[{\"@type\":\"ReadAction\",\"target\":[\"https:\/\/www.asajacyl.com\/leon\/asaja-leon-informa\/asaja-pide-a-la-comunidad-de-regantes-del-paramo-bajo-que-no-pague-y-que-convoque-a-las-organizaciones-agrarias\"]}]},{\"@type\":\"ImageObject\",\"inLanguage\":\"es\",\"@id\":\"https:\/\/www.asajacyl.com\/leon\/asaja-leon-informa\/asaja-pide-a-la-comunidad-de-regantes-del-paramo-bajo-que-no-pague-y-que-convoque-a-las-organizaciones-agrarias#primaryimage\",\"url\":\"https:\/\/www.asajacyl.com\/leon\/wp-content\/uploads\/sites\/6\/2017\/11\/im_predefinida_1920x1080.jpg\",\"contentUrl\":\"https:\/\/www.asajacyl.com\/leon\/wp-content\/uploads\/sites\/6\/2017\/11\/im_predefinida_1920x1080.jpg\",\"width\":1920,\"height\":1080,\"caption\":\"Logotipo ASAJA Le\u00f3n\"},{\"@type\":\"BreadcrumbList\",\"@id\":\"https:\/\/www.asajacyl.com\/leon\/asaja-leon-informa\/asaja-pide-a-la-comunidad-de-regantes-del-paramo-bajo-que-no-pague-y-que-convoque-a-las-organizaciones-agrarias#breadcrumb\",\"itemListElement\":[{\"@type\":\"ListItem\",\"position\":1,\"name\":\"Portada\",\"item\":\"https:\/\/www.asajacyl.com\/leon\/\"},{\"@type\":\"ListItem\",\"position\":2,\"name\":\"ASAJA PIDE A LA COMUNIDAD DE REGANTES DEL PARAMO BAJO QUE NO PAGUE Y QUE CONVOQUE A LAS ORGANIZACIONES AGRARIAS\"}]},{\"@type\":\"WebSite\",\"@id\":\"https:\/\/www.asajacyl.com\/leon\/#website\",\"url\":\"https:\/\/www.asajacyl.com\/leon\/\",\"name\":\"ASAJA Le\u00f3n\",\"description\":\"Otro sitio m\u00e1s de Provincias ASAJA Castilla y Le\u00f3n\",\"potentialAction\":[{\"@type\":\"SearchAction\",\"target\":{\"@type\":\"EntryPoint\",\"urlTemplate\":\"https:\/\/www.asajacyl.com\/leon\/?s={search_term_string}\"},\"query-input\":{\"@type\":\"PropertyValueSpecification\",\"valueRequired\":true,\"valueName\":\"search_term_string\"}}],\"inLanguage\":\"es\"},{\"@type\":\"Person\",\"@id\":\"https:\/\/www.asajacyl.com\/leon\/#\/schema\/person\/7e884476cee132331142e8ac9689f20c\",\"name\":\"Editor\",\"image\":{\"@type\":\"ImageObject\",\"inLanguage\":\"es\",\"@id\":\"https:\/\/www.asajacyl.com\/leon\/#\/schema\/person\/image\/\",\"url\":\"https:\/\/secure.gravatar.com\/avatar\/a2ef43c165669686cfcfb0e1ffa59869?s=96&d=mm&r=g\",\"contentUrl\":\"https:\/\/secure.gravatar.com\/avatar\/a2ef43c165669686cfcfb0e1ffa59869?s=96&d=mm&r=g\",\"caption\":\"Editor\"},\"url\":\"https:\/\/www.asajacyl.com\/leon\/author\/oscargg\"}]}<\/script>\n<!-- \/ Yoast SEO plugin. -->","yoast_head_json":{"title":"ASAJA PIDE A LA COMUNIDAD DE REGANTES DEL PARAMO BAJO QUE NO PAGUE Y QUE CONVOQUE A LAS ORGANIZACIONES AGRARIAS - ASAJA Le\u00f3n","description":"La organizaci&#243;n agraria ASAJA se ha dirigido a la Comunidad de Regantes del P&#225;ramo Bajo pidi&#233;ndole que no pague las abusivas tarifas del agua de riego que pretende imponer la Confederaci&#243;n Hidrogr&#225;fica del Duero, y mucho menos el coste de la elevaci&#243;n del agua en el salto de Villalobar de cuya gratuidad se habl&#243; siempre desde la administraci&#243;n.","robots":{"index":"index","follow":"follow","max-snippet":"max-snippet:-1","max-image-preview":"max-image-preview:large","max-video-preview":"max-video-preview:-1"},"canonical":"https:\/\/www.asajacyl.com\/leon\/asaja-leon-informa\/asaja-pide-a-la-comunidad-de-regantes-del-paramo-bajo-que-no-pague-y-que-convoque-a-las-organizaciones-agrarias","og_locale":"es_ES","og_type":"article","og_title":"ASAJA PIDE A LA COMUNIDAD DE REGANTES DEL PARAMO BAJO QUE NO PAGUE Y QUE CONVOQUE A LAS ORGANIZACIONES AGRARIAS - ASAJA Le\u00f3n","og_description":"La organizaci&#243;n agraria ASAJA se ha dirigido a la Comunidad de Regantes del P&#225;ramo Bajo pidi&#233;ndole que no pague las abusivas tarifas del agua de riego que pretende imponer la Confederaci&#243;n Hidrogr&#225;fica del Duero, y mucho menos el coste de la elevaci&#243;n del agua en el salto de Villalobar de cuya gratuidad se habl&#243; siempre desde la administraci&#243;n.","og_url":"https:\/\/www.asajacyl.com\/leon\/asaja-leon-informa\/asaja-pide-a-la-comunidad-de-regantes-del-paramo-bajo-que-no-pague-y-que-convoque-a-las-organizaciones-agrarias","og_site_name":"ASAJA Le\u00f3n","article_published_time":"2003-02-19T23:00:00+00:00","og_image":[{"width":1920,"height":1080,"url":"https:\/\/www.asajacyl.com\/leon\/wp-content\/uploads\/sites\/6\/2017\/11\/im_predefinida_1920x1080.jpg","type":"image\/jpeg"}],"author":"Editor","twitter_card":"summary_large_image","twitter_misc":{"Escrito por":"Editor","Tiempo de lectura":"2 minutos"},"schema":{"@context":"https:\/\/schema.org","@graph":[{"@type":"WebPage","@id":"https:\/\/www.asajacyl.com\/leon\/asaja-leon-informa\/asaja-pide-a-la-comunidad-de-regantes-del-paramo-bajo-que-no-pague-y-que-convoque-a-las-organizaciones-agrarias","url":"https:\/\/www.asajacyl.com\/leon\/asaja-leon-informa\/asaja-pide-a-la-comunidad-de-regantes-del-paramo-bajo-que-no-pague-y-que-convoque-a-las-organizaciones-agrarias","name":"ASAJA PIDE A LA COMUNIDAD DE REGANTES DEL PARAMO BAJO QUE NO PAGUE Y QUE CONVOQUE A LAS ORGANIZACIONES AGRARIAS - ASAJA Le\u00f3n","isPartOf":{"@id":"https:\/\/www.asajacyl.com\/leon\/#website"},"primaryImageOfPage":{"@id":"https:\/\/www.asajacyl.com\/leon\/asaja-leon-informa\/asaja-pide-a-la-comunidad-de-regantes-del-paramo-bajo-que-no-pague-y-que-convoque-a-las-organizaciones-agrarias#primaryimage"},"image":{"@id":"https:\/\/www.asajacyl.com\/leon\/asaja-leon-informa\/asaja-pide-a-la-comunidad-de-regantes-del-paramo-bajo-que-no-pague-y-que-convoque-a-las-organizaciones-agrarias#primaryimage"},"thumbnailUrl":"https:\/\/www.asajacyl.com\/leon\/wp-content\/uploads\/sites\/6\/2017\/11\/im_predefinida_1920x1080.jpg","datePublished":"2003-02-19T23:00:00+00:00","author":{"@id":"https:\/\/www.asajacyl.com\/leon\/#\/schema\/person\/7e884476cee132331142e8ac9689f20c"},"description":"La organizaci&#243;n agraria ASAJA se ha dirigido a la Comunidad de Regantes del P&#225;ramo Bajo pidi&#233;ndole que no pague las abusivas tarifas del agua de riego que pretende imponer la Confederaci&#243;n Hidrogr&#225;fica del Duero, y mucho menos el coste de la elevaci&#243;n del agua en el salto de Villalobar de cuya gratuidad se habl&#243; siempre desde la administraci&#243;n.","breadcrumb":{"@id":"https:\/\/www.asajacyl.com\/leon\/asaja-leon-informa\/asaja-pide-a-la-comunidad-de-regantes-del-paramo-bajo-que-no-pague-y-que-convoque-a-las-organizaciones-agrarias#breadcrumb"},"inLanguage":"es","potentialAction":[{"@type":"ReadAction","target":["https:\/\/www.asajacyl.com\/leon\/asaja-leon-informa\/asaja-pide-a-la-comunidad-de-regantes-del-paramo-bajo-que-no-pague-y-que-convoque-a-las-organizaciones-agrarias"]}]},{"@type":"ImageObject","inLanguage":"es","@id":"https:\/\/www.asajacyl.com\/leon\/asaja-leon-informa\/asaja-pide-a-la-comunidad-de-regantes-del-paramo-bajo-que-no-pague-y-que-convoque-a-las-organizaciones-agrarias#primaryimage","url":"https:\/\/www.asajacyl.com\/leon\/wp-content\/uploads\/sites\/6\/2017\/11\/im_predefinida_1920x1080.jpg","contentUrl":"https:\/\/www.asajacyl.com\/leon\/wp-content\/uploads\/sites\/6\/2017\/11\/im_predefinida_1920x1080.jpg","width":1920,"height":1080,"caption":"Logotipo ASAJA Le\u00f3n"},{"@type":"BreadcrumbList","@id":"https:\/\/www.asajacyl.com\/leon\/asaja-leon-informa\/asaja-pide-a-la-comunidad-de-regantes-del-paramo-bajo-que-no-pague-y-que-convoque-a-las-organizaciones-agrarias#breadcrumb","itemListElement":[{"@type":"ListItem","position":1,"name":"Portada","item":"https:\/\/www.asajacyl.com\/leon\/"},{"@type":"ListItem","position":2,"name":"ASAJA PIDE A LA COMUNIDAD DE REGANTES DEL PARAMO BAJO QUE NO PAGUE Y QUE CONVOQUE A LAS ORGANIZACIONES AGRARIAS"}]},{"@type":"WebSite","@id":"https:\/\/www.asajacyl.com\/leon\/#website","url":"https:\/\/www.asajacyl.com\/leon\/","name":"ASAJA Le\u00f3n","description":"Otro sitio m\u00e1s de Provincias ASAJA Castilla y Le\u00f3n","potentialAction":[{"@type":"SearchAction","target":{"@type":"EntryPoint","urlTemplate":"https:\/\/www.asajacyl.com\/leon\/?s={search_term_string}"},"query-input":{"@type":"PropertyValueSpecification","valueRequired":true,"valueName":"search_term_string"}}],"inLanguage":"es"},{"@type":"Person","@id":"https:\/\/www.asajacyl.com\/leon\/#\/schema\/person\/7e884476cee132331142e8ac9689f20c","name":"Editor","image":{"@type":"ImageObject","inLanguage":"es","@id":"https:\/\/www.asajacyl.com\/leon\/#\/schema\/person\/image\/","url":"https:\/\/secure.gravatar.com\/avatar\/a2ef43c165669686cfcfb0e1ffa59869?s=96&d=mm&r=g","contentUrl":"https:\/\/secure.gravatar.com\/avatar\/a2ef43c165669686cfcfb0e1ffa59869?s=96&d=mm&r=g","caption":"Editor"},"url":"https:\/\/www.asajacyl.com\/leon\/author\/oscargg"}]}},"_links":{"self":[{"href":"https:\/\/www.asajacyl.com\/leon\/wp-json\/wp\/v2\/posts\/8143"}],"collection":[{"href":"https:\/\/www.asajacyl.com\/leon\/wp-json\/wp\/v2\/posts"}],"about":[{"href":"https:\/\/www.asajacyl.com\/leon\/wp-json\/wp\/v2\/types\/post"}],"author":[{"embeddable":true,"href":"https:\/\/www.asajacyl.com\/leon\/wp-json\/wp\/v2\/users\/3"}],"replies":[{"embeddable":true,"href":"https:\/\/www.asajacyl.com\/leon\/wp-json\/wp\/v2\/comments?post=8143"}],"version-history":[{"count":0,"href":"https:\/\/www.asajacyl.com\/leon\/wp-json\/wp\/v2\/posts\/8143\/revisions"}],"wp:featuredmedia":[{"embeddable":true,"href":"https:\/\/www.asajacyl.com\/leon\/wp-json\/wp\/v2\/media\/8174"}],"wp:attachment":[{"href":"https:\/\/www.asajacyl.com\/leon\/wp-json\/wp\/v2\/media?parent=8143"}],"wp:term":[{"taxonomy":"category","embeddable":true,"href":"https:\/\/www.asajacyl.com\/leon\/wp-json\/wp\/v2\/categories?post=8143"},{"taxonomy":"post_tag","embeddable":true,"href":"https:\/\/www.asajacyl.com\/leon\/wp-json\/wp\/v2\/tags?post=8143"}],"curies":[{"name":"wp","href":"https:\/\/api.w.org\/{rel}","templated":true}]}}