{"id":8144,"date":"2003-02-20T00:00:00","date_gmt":"2003-02-19T23:00:00","guid":{"rendered":"http:\/\/www.asajacyl.com\/leon\/sin-categoria\/la-organizacin-agraria-asaja-se-reunir-maana-viernes-con-el-diputado-angel-escuredo"},"modified":"2003-02-20T00:00:00","modified_gmt":"2003-02-19T23:00:00","slug":"la-organizacin-agraria-asaja-se-reunir-maana-viernes-con-el-diputado-angel-escuredo","status":"publish","type":"post","link":"https:\/\/www.asajacyl.com\/leon\/asaja-leon-informa\/la-organizacin-agraria-asaja-se-reunir-maana-viernes-con-el-diputado-angel-escuredo","title":{"rendered":"LA ORGANIZACI&#211;N AGRARIA ASAJA SE REUNIR&#193; MA&#209;ANA VIERNES CON EL DIPUTADO ANGEL ESCUREDO"},"content":{"rendered":"<h2>La organizaci&#243;n agraria ASAJA de Le&#243;n se re&#250;ne ma&#241;ana viernes d&#237;a 21 con el diputado nacional Angel Escuredo Franco, en las oficinas que tiene &#233;sta en Ponferrada, para analizar y hacer propuestas sobre los problemas que afectan al sector en la comarca del Bierzo.<\/h2>\n<p><html><\/p>\n<p><head><br \/>\n<meta http-equiv=\"Content-Type\" content=\"text\/html; charset=windows-1252\"\/><br \/>\n<meta name=\"GENERATOR\" content=\"Microsoft FrontPage 4.0\"\/><br \/>\n<meta name=\"ProgId\" content=\"FrontPage.Editor.Document\"\/><br \/>\n<title>Pagina nueva 1<\/title><br \/>\n<\/head><\/p>\n<p><body><\/p>\n<p><b><\/p>\n<p align=\"justify\" style=\"margin-top: 0; margin-bottom: 0\"><font size=\"2\" color=\"#008080\">LA<br \/>\nORGANIZACI&#211;N AGRARIA ASAJA SE REUNIR&#193; MA&#209;ANA VIERNES CON EL DIPUTADO ANGEL<br \/>\nESCUREDO<\/font><\/p>\n<p><font size=\"4\"><\/font><\/p>\n<p align=\"justify\" style=\"margin-top: 0; margin-bottom: 0\">&#160;<\/p>\n<p align=\"justify\" style=\"margin-top: 0; margin-bottom: 0\"><font size=\"2\">La<br \/>\norganizaci&#243;n agraria ASAJA de Le&#243;n se re&#250;ne ma&#241;ana viernes d&#237;a 21 con el<br \/>\ndiputado nacional Angel Escuredo Franco, en las oficinas que tiene &#233;sta en<br \/>\nPonferrada, para analizar y hacer propuestas sobre los problemas que afectan al<br \/>\nsector en la comarca del Bierzo. Acompa&#241;ar&#225;n al secretario general de ASAJA,<br \/>\nJos&#233; Antonio Turrado, una amplia representaci&#243;n de agricultores y ganaderos de<br \/>\nla zona, y se ha invitado tambi&#233;n al presidente de la Asociaci&#243;n Berciana de<br \/>\nAgricultores.<\/font><\/p>\n<p align=\"justify\" style=\"margin-top: 0; margin-bottom: 0\">&#160;<\/p>\n<p align=\"justify\" style=\"margin-top: 0; margin-bottom: 0\"><font size=\"2\">Aunque<br \/>\nel tema m&#225;s destacado de la reuni&#243;n ser&#225; buscar soluciones a las plantaciones<br \/>\nindiscriminadas de chopos junto a terrenos de cultivo, ahora que se encuentra en<br \/>\nfase de anteproyecto la Ley de Montes; se abordar&#225;n otras cuestiones como la<br \/>\nlucha contra las heladas en los frutales, las concentraciones parcelarias, la<br \/>\nmodernizaci&#243;n de regad&#237;os, las licencias de actividad en explotaciones<br \/>\nganaderas, o la necesaria reforma del R&#233;gimen Especial Agrario de la Seguridad<br \/>\nSocial.<\/font><\/p>\n<p><\/b><\/p>\n<p align=\"right\" style=\"margin-top: 0; margin-bottom: 0\"><font size=\"2\">Le&#243;n,<br \/>\n20 de febrero de 2003.<\/font><\/p>\n<p><font size=\"4\"><\/font><b><\/p>\n<p align=\"justify\" style=\"margin-top: 0; margin-bottom: 0\">&#160;<\/p>\n<p align=\"justify\" style=\"margin-top: 0; margin-bottom: 0\"><font size=\"2\">Lugar<br \/>\nde la reuni&#243;n:<\/font><\/p>\n<p align=\"justify\" style=\"margin-top: 0; margin-bottom: 0\"><font size=\"2\">Oficinas<br \/>\nde ASAJA en Ponferrada.<\/font><\/p>\n<p align=\"justify\" style=\"margin-top: 0; margin-bottom: 0\"><font size=\"2\">Calle<br \/>\nBatalla de Lepanto n&#186; 8 ( frente estaci&#243;n RENFE )<\/font><\/p>\n<p align=\"justify\" style=\"margin-top: 0; margin-bottom: 0\"><font size=\"2\">24400<br \/>\nPonferrada.<\/font><\/p>\n<p align=\"justify\" style=\"margin-top: 0; margin-bottom: 0\"><font size=\"2\">Hora:<br \/>\n11 de la ma&#241;ana.<\/font><\/p>\n<p><\/b><\/p>\n<p><\/body><\/p>\n<p><\/html><\/p>\n","protected":false},"excerpt":{"rendered":"<p>La organizaci&#243;n agraria ASAJA de Le&#243;n se re&#250;ne ma&#241;ana viernes d&#237;a 21 con el diputado nacional Angel Escuredo Franco, en las oficinas que tiene &#233;sta en Ponferrada, para analizar y hacer propuestas sobre los problemas que afectan al sector en la comarca del Bierzo.<\/p>\n","protected":false},"author":3,"featured_media":8174,"comment_status":"open","ping_status":"open","sticky":false,"template":"","format":"standard","meta":{"footnotes":""},"categories":[4,9],"tags":[],"yoast_head":"<!-- This site is optimized with the Yoast SEO plugin v24.5 - https:\/\/yoast.com\/wordpress\/plugins\/seo\/ -->\n<title>LA ORGANIZACI&#211;N AGRARIA ASAJA SE REUNIR&#193; MA&#209;ANA VIERNES CON EL DIPUTADO ANGEL ESCUREDO - ASAJA Le\u00f3n<\/title>\n<meta name=\"description\" content=\"La organizaci&#243;n agraria ASAJA de Le&#243;n se re&#250;ne ma&#241;ana viernes d&#237;a 21 con el diputado nacional Angel Escuredo Franco, en las oficinas que tiene &#233;sta en Ponferrada, para analizar y hacer propuestas sobre los problemas que afectan al sector en la comarca del Bierzo.\" \/>\n<meta name=\"robots\" content=\"index, follow, max-snippet:-1, max-image-preview:large, max-video-preview:-1\" \/>\n<link rel=\"canonical\" href=\"https:\/\/www.asajacyl.com\/leon\/asaja-leon-informa\/la-organizacin-agraria-asaja-se-reunir-maana-viernes-con-el-diputado-angel-escuredo\" \/>\n<meta property=\"og:locale\" content=\"es_ES\" \/>\n<meta property=\"og:type\" content=\"article\" \/>\n<meta property=\"og:title\" content=\"LA ORGANIZACI&#211;N AGRARIA ASAJA SE REUNIR&#193; MA&#209;ANA VIERNES CON EL DIPUTADO ANGEL ESCUREDO - ASAJA Le\u00f3n\" \/>\n<meta property=\"og:description\" content=\"La organizaci&#243;n agraria ASAJA de Le&#243;n se re&#250;ne ma&#241;ana viernes d&#237;a 21 con el diputado nacional Angel Escuredo Franco, en las oficinas que tiene &#233;sta en Ponferrada, para analizar y hacer propuestas sobre los problemas que afectan al sector en la comarca del Bierzo.\" \/>\n<meta property=\"og:url\" content=\"https:\/\/www.asajacyl.com\/leon\/asaja-leon-informa\/la-organizacin-agraria-asaja-se-reunir-maana-viernes-con-el-diputado-angel-escuredo\" \/>\n<meta property=\"og:site_name\" content=\"ASAJA Le\u00f3n\" \/>\n<meta property=\"article:published_time\" content=\"2003-02-19T23:00:00+00:00\" \/>\n<meta property=\"og:image\" content=\"https:\/\/www.asajacyl.com\/leon\/wp-content\/uploads\/sites\/6\/2017\/11\/im_predefinida_1920x1080.jpg\" \/>\n\t<meta property=\"og:image:width\" content=\"1920\" \/>\n\t<meta property=\"og:image:height\" content=\"1080\" \/>\n\t<meta property=\"og:image:type\" content=\"image\/jpeg\" \/>\n<meta name=\"author\" content=\"Editor\" \/>\n<meta name=\"twitter:card\" content=\"summary_large_image\" \/>\n<meta name=\"twitter:label1\" content=\"Escrito por\" \/>\n\t<meta name=\"twitter:data1\" content=\"Editor\" \/>\n\t<meta name=\"twitter:label2\" content=\"Tiempo de lectura\" \/>\n\t<meta name=\"twitter:data2\" content=\"1 minuto\" \/>\n<script type=\"application\/ld+json\" class=\"yoast-schema-graph\">{\"@context\":\"https:\/\/schema.org\",\"@graph\":[{\"@type\":\"WebPage\",\"@id\":\"https:\/\/www.asajacyl.com\/leon\/asaja-leon-informa\/la-organizacin-agraria-asaja-se-reunir-maana-viernes-con-el-diputado-angel-escuredo\",\"url\":\"https:\/\/www.asajacyl.com\/leon\/asaja-leon-informa\/la-organizacin-agraria-asaja-se-reunir-maana-viernes-con-el-diputado-angel-escuredo\",\"name\":\"LA ORGANIZACI&#211;N AGRARIA ASAJA SE REUNIR&#193; MA&#209;ANA VIERNES CON EL DIPUTADO ANGEL ESCUREDO - ASAJA Le\u00f3n\",\"isPartOf\":{\"@id\":\"https:\/\/www.asajacyl.com\/leon\/#website\"},\"primaryImageOfPage\":{\"@id\":\"https:\/\/www.asajacyl.com\/leon\/asaja-leon-informa\/la-organizacin-agraria-asaja-se-reunir-maana-viernes-con-el-diputado-angel-escuredo#primaryimage\"},\"image\":{\"@id\":\"https:\/\/www.asajacyl.com\/leon\/asaja-leon-informa\/la-organizacin-agraria-asaja-se-reunir-maana-viernes-con-el-diputado-angel-escuredo#primaryimage\"},\"thumbnailUrl\":\"https:\/\/www.asajacyl.com\/leon\/wp-content\/uploads\/sites\/6\/2017\/11\/im_predefinida_1920x1080.jpg\",\"datePublished\":\"2003-02-19T23:00:00+00:00\",\"author\":{\"@id\":\"https:\/\/www.asajacyl.com\/leon\/#\/schema\/person\/7e884476cee132331142e8ac9689f20c\"},\"description\":\"La organizaci&#243;n agraria ASAJA de Le&#243;n se re&#250;ne ma&#241;ana viernes d&#237;a 21 con el diputado nacional Angel Escuredo Franco, en las oficinas que tiene &#233;sta en Ponferrada, para analizar y hacer propuestas sobre los problemas que afectan al sector en la comarca del Bierzo.\",\"breadcrumb\":{\"@id\":\"https:\/\/www.asajacyl.com\/leon\/asaja-leon-informa\/la-organizacin-agraria-asaja-se-reunir-maana-viernes-con-el-diputado-angel-escuredo#breadcrumb\"},\"inLanguage\":\"es\",\"potentialAction\":[{\"@type\":\"ReadAction\",\"target\":[\"https:\/\/www.asajacyl.com\/leon\/asaja-leon-informa\/la-organizacin-agraria-asaja-se-reunir-maana-viernes-con-el-diputado-angel-escuredo\"]}]},{\"@type\":\"ImageObject\",\"inLanguage\":\"es\",\"@id\":\"https:\/\/www.asajacyl.com\/leon\/asaja-leon-informa\/la-organizacin-agraria-asaja-se-reunir-maana-viernes-con-el-diputado-angel-escuredo#primaryimage\",\"url\":\"https:\/\/www.asajacyl.com\/leon\/wp-content\/uploads\/sites\/6\/2017\/11\/im_predefinida_1920x1080.jpg\",\"contentUrl\":\"https:\/\/www.asajacyl.com\/leon\/wp-content\/uploads\/sites\/6\/2017\/11\/im_predefinida_1920x1080.jpg\",\"width\":1920,\"height\":1080,\"caption\":\"Logotipo ASAJA Le\u00f3n\"},{\"@type\":\"BreadcrumbList\",\"@id\":\"https:\/\/www.asajacyl.com\/leon\/asaja-leon-informa\/la-organizacin-agraria-asaja-se-reunir-maana-viernes-con-el-diputado-angel-escuredo#breadcrumb\",\"itemListElement\":[{\"@type\":\"ListItem\",\"position\":1,\"name\":\"Portada\",\"item\":\"https:\/\/www.asajacyl.com\/leon\/\"},{\"@type\":\"ListItem\",\"position\":2,\"name\":\"LA ORGANIZACI&#211;N AGRARIA ASAJA SE REUNIR&#193; MA&#209;ANA VIERNES CON EL DIPUTADO ANGEL ESCUREDO\"}]},{\"@type\":\"WebSite\",\"@id\":\"https:\/\/www.asajacyl.com\/leon\/#website\",\"url\":\"https:\/\/www.asajacyl.com\/leon\/\",\"name\":\"ASAJA Le\u00f3n\",\"description\":\"Otro sitio m\u00e1s de Provincias ASAJA Castilla y Le\u00f3n\",\"potentialAction\":[{\"@type\":\"SearchAction\",\"target\":{\"@type\":\"EntryPoint\",\"urlTemplate\":\"https:\/\/www.asajacyl.com\/leon\/?s={search_term_string}\"},\"query-input\":{\"@type\":\"PropertyValueSpecification\",\"valueRequired\":true,\"valueName\":\"search_term_string\"}}],\"inLanguage\":\"es\"},{\"@type\":\"Person\",\"@id\":\"https:\/\/www.asajacyl.com\/leon\/#\/schema\/person\/7e884476cee132331142e8ac9689f20c\",\"name\":\"Editor\",\"image\":{\"@type\":\"ImageObject\",\"inLanguage\":\"es\",\"@id\":\"https:\/\/www.asajacyl.com\/leon\/#\/schema\/person\/image\/\",\"url\":\"https:\/\/secure.gravatar.com\/avatar\/a2ef43c165669686cfcfb0e1ffa59869?s=96&d=mm&r=g\",\"contentUrl\":\"https:\/\/secure.gravatar.com\/avatar\/a2ef43c165669686cfcfb0e1ffa59869?s=96&d=mm&r=g\",\"caption\":\"Editor\"},\"url\":\"https:\/\/www.asajacyl.com\/leon\/author\/oscargg\"}]}<\/script>\n<!-- \/ Yoast SEO plugin. -->","yoast_head_json":{"title":"LA ORGANIZACI&#211;N AGRARIA ASAJA SE REUNIR&#193; MA&#209;ANA VIERNES CON EL DIPUTADO ANGEL ESCUREDO - ASAJA Le\u00f3n","description":"La organizaci&#243;n agraria ASAJA de Le&#243;n se re&#250;ne ma&#241;ana viernes d&#237;a 21 con el diputado nacional Angel Escuredo Franco, en las oficinas que tiene &#233;sta en Ponferrada, para analizar y hacer propuestas sobre los problemas que afectan al sector en la comarca del Bierzo.","robots":{"index":"index","follow":"follow","max-snippet":"max-snippet:-1","max-image-preview":"max-image-preview:large","max-video-preview":"max-video-preview:-1"},"canonical":"https:\/\/www.asajacyl.com\/leon\/asaja-leon-informa\/la-organizacin-agraria-asaja-se-reunir-maana-viernes-con-el-diputado-angel-escuredo","og_locale":"es_ES","og_type":"article","og_title":"LA ORGANIZACI&#211;N AGRARIA ASAJA SE REUNIR&#193; MA&#209;ANA VIERNES CON EL DIPUTADO ANGEL ESCUREDO - ASAJA Le\u00f3n","og_description":"La organizaci&#243;n agraria ASAJA de Le&#243;n se re&#250;ne ma&#241;ana viernes d&#237;a 21 con el diputado nacional Angel Escuredo Franco, en las oficinas que tiene &#233;sta en Ponferrada, para analizar y hacer propuestas sobre los problemas que afectan al sector en la comarca del Bierzo.","og_url":"https:\/\/www.asajacyl.com\/leon\/asaja-leon-informa\/la-organizacin-agraria-asaja-se-reunir-maana-viernes-con-el-diputado-angel-escuredo","og_site_name":"ASAJA Le\u00f3n","article_published_time":"2003-02-19T23:00:00+00:00","og_image":[{"width":1920,"height":1080,"url":"https:\/\/www.asajacyl.com\/leon\/wp-content\/uploads\/sites\/6\/2017\/11\/im_predefinida_1920x1080.jpg","type":"image\/jpeg"}],"author":"Editor","twitter_card":"summary_large_image","twitter_misc":{"Escrito por":"Editor","Tiempo de lectura":"1 minuto"},"schema":{"@context":"https:\/\/schema.org","@graph":[{"@type":"WebPage","@id":"https:\/\/www.asajacyl.com\/leon\/asaja-leon-informa\/la-organizacin-agraria-asaja-se-reunir-maana-viernes-con-el-diputado-angel-escuredo","url":"https:\/\/www.asajacyl.com\/leon\/asaja-leon-informa\/la-organizacin-agraria-asaja-se-reunir-maana-viernes-con-el-diputado-angel-escuredo","name":"LA ORGANIZACI&#211;N AGRARIA ASAJA SE REUNIR&#193; MA&#209;ANA VIERNES CON EL DIPUTADO ANGEL ESCUREDO - ASAJA Le\u00f3n","isPartOf":{"@id":"https:\/\/www.asajacyl.com\/leon\/#website"},"primaryImageOfPage":{"@id":"https:\/\/www.asajacyl.com\/leon\/asaja-leon-informa\/la-organizacin-agraria-asaja-se-reunir-maana-viernes-con-el-diputado-angel-escuredo#primaryimage"},"image":{"@id":"https:\/\/www.asajacyl.com\/leon\/asaja-leon-informa\/la-organizacin-agraria-asaja-se-reunir-maana-viernes-con-el-diputado-angel-escuredo#primaryimage"},"thumbnailUrl":"https:\/\/www.asajacyl.com\/leon\/wp-content\/uploads\/sites\/6\/2017\/11\/im_predefinida_1920x1080.jpg","datePublished":"2003-02-19T23:00:00+00:00","author":{"@id":"https:\/\/www.asajacyl.com\/leon\/#\/schema\/person\/7e884476cee132331142e8ac9689f20c"},"description":"La organizaci&#243;n agraria ASAJA de Le&#243;n se re&#250;ne ma&#241;ana viernes d&#237;a 21 con el diputado nacional Angel Escuredo Franco, en las oficinas que tiene &#233;sta en Ponferrada, para analizar y hacer propuestas sobre los problemas que afectan al sector en la comarca del Bierzo.","breadcrumb":{"@id":"https:\/\/www.asajacyl.com\/leon\/asaja-leon-informa\/la-organizacin-agraria-asaja-se-reunir-maana-viernes-con-el-diputado-angel-escuredo#breadcrumb"},"inLanguage":"es","potentialAction":[{"@type":"ReadAction","target":["https:\/\/www.asajacyl.com\/leon\/asaja-leon-informa\/la-organizacin-agraria-asaja-se-reunir-maana-viernes-con-el-diputado-angel-escuredo"]}]},{"@type":"ImageObject","inLanguage":"es","@id":"https:\/\/www.asajacyl.com\/leon\/asaja-leon-informa\/la-organizacin-agraria-asaja-se-reunir-maana-viernes-con-el-diputado-angel-escuredo#primaryimage","url":"https:\/\/www.asajacyl.com\/leon\/wp-content\/uploads\/sites\/6\/2017\/11\/im_predefinida_1920x1080.jpg","contentUrl":"https:\/\/www.asajacyl.com\/leon\/wp-content\/uploads\/sites\/6\/2017\/11\/im_predefinida_1920x1080.jpg","width":1920,"height":1080,"caption":"Logotipo ASAJA Le\u00f3n"},{"@type":"BreadcrumbList","@id":"https:\/\/www.asajacyl.com\/leon\/asaja-leon-informa\/la-organizacin-agraria-asaja-se-reunir-maana-viernes-con-el-diputado-angel-escuredo#breadcrumb","itemListElement":[{"@type":"ListItem","position":1,"name":"Portada","item":"https:\/\/www.asajacyl.com\/leon\/"},{"@type":"ListItem","position":2,"name":"LA ORGANIZACI&#211;N AGRARIA ASAJA SE REUNIR&#193; MA&#209;ANA VIERNES CON EL DIPUTADO ANGEL ESCUREDO"}]},{"@type":"WebSite","@id":"https:\/\/www.asajacyl.com\/leon\/#website","url":"https:\/\/www.asajacyl.com\/leon\/","name":"ASAJA Le\u00f3n","description":"Otro sitio m\u00e1s de Provincias ASAJA Castilla y Le\u00f3n","potentialAction":[{"@type":"SearchAction","target":{"@type":"EntryPoint","urlTemplate":"https:\/\/www.asajacyl.com\/leon\/?s={search_term_string}"},"query-input":{"@type":"PropertyValueSpecification","valueRequired":true,"valueName":"search_term_string"}}],"inLanguage":"es"},{"@type":"Person","@id":"https:\/\/www.asajacyl.com\/leon\/#\/schema\/person\/7e884476cee132331142e8ac9689f20c","name":"Editor","image":{"@type":"ImageObject","inLanguage":"es","@id":"https:\/\/www.asajacyl.com\/leon\/#\/schema\/person\/image\/","url":"https:\/\/secure.gravatar.com\/avatar\/a2ef43c165669686cfcfb0e1ffa59869?s=96&d=mm&r=g","contentUrl":"https:\/\/secure.gravatar.com\/avatar\/a2ef43c165669686cfcfb0e1ffa59869?s=96&d=mm&r=g","caption":"Editor"},"url":"https:\/\/www.asajacyl.com\/leon\/author\/oscargg"}]}},"_links":{"self":[{"href":"https:\/\/www.asajacyl.com\/leon\/wp-json\/wp\/v2\/posts\/8144"}],"collection":[{"href":"https:\/\/www.asajacyl.com\/leon\/wp-json\/wp\/v2\/posts"}],"about":[{"href":"https:\/\/www.asajacyl.com\/leon\/wp-json\/wp\/v2\/types\/post"}],"author":[{"embeddable":true,"href":"https:\/\/www.asajacyl.com\/leon\/wp-json\/wp\/v2\/users\/3"}],"replies":[{"embeddable":true,"href":"https:\/\/www.asajacyl.com\/leon\/wp-json\/wp\/v2\/comments?post=8144"}],"version-history":[{"count":0,"href":"https:\/\/www.asajacyl.com\/leon\/wp-json\/wp\/v2\/posts\/8144\/revisions"}],"wp:featuredmedia":[{"embeddable":true,"href":"https:\/\/www.asajacyl.com\/leon\/wp-json\/wp\/v2\/media\/8174"}],"wp:attachment":[{"href":"https:\/\/www.asajacyl.com\/leon\/wp-json\/wp\/v2\/media?parent=8144"}],"wp:term":[{"taxonomy":"category","embeddable":true,"href":"https:\/\/www.asajacyl.com\/leon\/wp-json\/wp\/v2\/categories?post=8144"},{"taxonomy":"post_tag","embeddable":true,"href":"https:\/\/www.asajacyl.com\/leon\/wp-json\/wp\/v2\/tags?post=8144"}],"curies":[{"name":"wp","href":"https:\/\/api.w.org\/{rel}","templated":true}]}}