{"id":8148,"date":"2003-02-15T00:00:00","date_gmt":"2003-02-14T23:00:00","guid":{"rendered":"http:\/\/www.asajacyl.com\/leon\/sin-categoria\/la-reforma-de-la-pac-pondr-en-un-brete-a-la-industria-agroalimentaria-leonesa"},"modified":"2003-02-15T00:00:00","modified_gmt":"2003-02-14T23:00:00","slug":"la-reforma-de-la-pac-pondr-en-un-brete-a-la-industria-agroalimentaria-leonesa","status":"publish","type":"post","link":"https:\/\/www.asajacyl.com\/leon\/asaja-leon-informa\/la-reforma-de-la-pac-pondr-en-un-brete-a-la-industria-agroalimentaria-leonesa","title":{"rendered":"LA REFORMA DE LA PAC PONDR&#193; EN UN BRETE A LA INDUSTRIA AGROALIMENTARIA LEONESA"},"content":{"rendered":"<h2>La organizaci&#243;n agraria ASAJA expondr&#225; el lunes, en la Asamblea Anual de la Federaci&#243;n Leonesa de Empresarios, los efectos negativos que tendr&#237;a la reforma de la PAC que ha propuesto Bruselas<\/h2>\n<p>La organizaci&#243;n agraria ASAJA expondr&#225; el lunes, en la Asamblea Anual de la<br \/>\nFederaci&#243;n Leonesa de Empresarios, los efectos negativos que tendr&#237;a la<br \/>\nreforma de la PAC que ha propuesto Bruselas, sobre el tejido agroindustrial y de<br \/>\nservicios en la provincia de Le&#243;n, si al final se aprueba en los t&#233;rminos en<br \/>\nlos que se ha planteado.<\/p>\n<p>ASAJA considera que el desacoplamiento de las ayudas de la producci&#243;n, con la<br \/>\nposibilidad incluso de cobrar subvenciones sin sembrar las fincas, va a ser un<br \/>\nelemento desincentivador que puede conllevar el abandono de 50.000 hect&#225;reas<br \/>\npoco productivas, y una fuerte ca&#237;da de la producci&#243;n final agraria en casi<br \/>\ntodos los subsectores. La organizaci&#243;n agraria considera que no s&#243;lo los<br \/>\nagricultores y ganaderos se ver&#225;n perjudicados por los efectos de la reforma,<br \/>\npues igual suerte van a correr las empresas agroalimentarias y de servicios que<br \/>\ngravitan entorno a la agricultura y la ganader&#237;a, lo que podr&#237;a llevar a una<br \/>\ncrisis empresarial con p&#233;rdidas actividad y empleo en la principales cabeceras<br \/>\nde comarca. El temor a unos cambios tan dr&#225;sticos est&#225; frenando ya en estos<br \/>\nmomentos la inversi&#243;n de los agricultores y ganaderos en la compra de tierras,<br \/>\nrenovaci&#243;n de maquinaria, modernizaci&#243;n de regad&#237;os y construcci&#243;n de naves.<\/p>\n<p>ASAJA cuenta con el apoyo de los empresarios leoneses, a trav&#233;s de la FELE, para<br \/>\nluchar contra la reforma, e igual sensibilidad espera del Consejo Econ&#243;mico y<br \/>\nSocial que estar&#225; representado en el acto en la persona de su presidente, D.<br \/>\nRaimundo Tor&#237;o.<\/p>\n<p>Le&#243;n, 15 de febrero de 2003.<\/p>\n","protected":false},"excerpt":{"rendered":"<p>La organizaci&#243;n agraria ASAJA expondr&#225; el lunes, en la Asamblea Anual de la Federaci&#243;n Leonesa de Empresarios, los efectos negativos que tendr&#237;a la reforma de la PAC que ha propuesto Bruselas<\/p>\n","protected":false},"author":3,"featured_media":8174,"comment_status":"open","ping_status":"open","sticky":false,"template":"","format":"standard","meta":{"footnotes":""},"categories":[4,9],"tags":[],"yoast_head":"<!-- This site is optimized with the Yoast SEO plugin v24.5 - https:\/\/yoast.com\/wordpress\/plugins\/seo\/ -->\n<title>LA REFORMA DE LA PAC PONDR&#193; EN UN BRETE A LA INDUSTRIA AGROALIMENTARIA LEONESA - ASAJA Le\u00f3n<\/title>\n<meta name=\"description\" content=\"La organizaci&#243;n agraria ASAJA expondr&#225; el lunes, en la Asamblea Anual de la Federaci&#243;n Leonesa de Empresarios, los efectos negativos que tendr&#237;a la reforma de la PAC que ha propuesto Bruselas\" \/>\n<meta name=\"robots\" content=\"index, follow, max-snippet:-1, max-image-preview:large, max-video-preview:-1\" \/>\n<link rel=\"canonical\" href=\"https:\/\/www.asajacyl.com\/leon\/asaja-leon-informa\/la-reforma-de-la-pac-pondr-en-un-brete-a-la-industria-agroalimentaria-leonesa\" \/>\n<meta property=\"og:locale\" content=\"es_ES\" \/>\n<meta property=\"og:type\" content=\"article\" \/>\n<meta property=\"og:title\" content=\"LA REFORMA DE LA PAC PONDR&#193; EN UN BRETE A LA INDUSTRIA AGROALIMENTARIA LEONESA - ASAJA Le\u00f3n\" \/>\n<meta property=\"og:description\" content=\"La organizaci&#243;n agraria ASAJA expondr&#225; el lunes, en la Asamblea Anual de la Federaci&#243;n Leonesa de Empresarios, los efectos negativos que tendr&#237;a la reforma de la PAC que ha propuesto Bruselas\" \/>\n<meta property=\"og:url\" content=\"https:\/\/www.asajacyl.com\/leon\/asaja-leon-informa\/la-reforma-de-la-pac-pondr-en-un-brete-a-la-industria-agroalimentaria-leonesa\" \/>\n<meta property=\"og:site_name\" content=\"ASAJA Le\u00f3n\" \/>\n<meta property=\"article:published_time\" content=\"2003-02-14T23:00:00+00:00\" \/>\n<meta property=\"og:image\" content=\"https:\/\/www.asajacyl.com\/leon\/wp-content\/uploads\/sites\/6\/2017\/11\/im_predefinida_1920x1080.jpg\" \/>\n\t<meta property=\"og:image:width\" content=\"1920\" \/>\n\t<meta property=\"og:image:height\" content=\"1080\" \/>\n\t<meta property=\"og:image:type\" content=\"image\/jpeg\" \/>\n<meta name=\"author\" content=\"Editor\" \/>\n<meta name=\"twitter:card\" content=\"summary_large_image\" \/>\n<meta name=\"twitter:label1\" content=\"Escrito por\" \/>\n\t<meta name=\"twitter:data1\" content=\"Editor\" \/>\n\t<meta name=\"twitter:label2\" content=\"Tiempo de lectura\" \/>\n\t<meta name=\"twitter:data2\" content=\"2 minutos\" \/>\n<script type=\"application\/ld+json\" class=\"yoast-schema-graph\">{\"@context\":\"https:\/\/schema.org\",\"@graph\":[{\"@type\":\"WebPage\",\"@id\":\"https:\/\/www.asajacyl.com\/leon\/asaja-leon-informa\/la-reforma-de-la-pac-pondr-en-un-brete-a-la-industria-agroalimentaria-leonesa\",\"url\":\"https:\/\/www.asajacyl.com\/leon\/asaja-leon-informa\/la-reforma-de-la-pac-pondr-en-un-brete-a-la-industria-agroalimentaria-leonesa\",\"name\":\"LA REFORMA DE LA PAC PONDR&#193; EN UN BRETE A LA INDUSTRIA AGROALIMENTARIA LEONESA - ASAJA Le\u00f3n\",\"isPartOf\":{\"@id\":\"https:\/\/www.asajacyl.com\/leon\/#website\"},\"primaryImageOfPage\":{\"@id\":\"https:\/\/www.asajacyl.com\/leon\/asaja-leon-informa\/la-reforma-de-la-pac-pondr-en-un-brete-a-la-industria-agroalimentaria-leonesa#primaryimage\"},\"image\":{\"@id\":\"https:\/\/www.asajacyl.com\/leon\/asaja-leon-informa\/la-reforma-de-la-pac-pondr-en-un-brete-a-la-industria-agroalimentaria-leonesa#primaryimage\"},\"thumbnailUrl\":\"https:\/\/www.asajacyl.com\/leon\/wp-content\/uploads\/sites\/6\/2017\/11\/im_predefinida_1920x1080.jpg\",\"datePublished\":\"2003-02-14T23:00:00+00:00\",\"author\":{\"@id\":\"https:\/\/www.asajacyl.com\/leon\/#\/schema\/person\/7e884476cee132331142e8ac9689f20c\"},\"description\":\"La organizaci&#243;n agraria ASAJA expondr&#225; el lunes, en la Asamblea Anual de la Federaci&#243;n Leonesa de Empresarios, los efectos negativos que tendr&#237;a la reforma de la PAC que ha propuesto Bruselas\",\"breadcrumb\":{\"@id\":\"https:\/\/www.asajacyl.com\/leon\/asaja-leon-informa\/la-reforma-de-la-pac-pondr-en-un-brete-a-la-industria-agroalimentaria-leonesa#breadcrumb\"},\"inLanguage\":\"es\",\"potentialAction\":[{\"@type\":\"ReadAction\",\"target\":[\"https:\/\/www.asajacyl.com\/leon\/asaja-leon-informa\/la-reforma-de-la-pac-pondr-en-un-brete-a-la-industria-agroalimentaria-leonesa\"]}]},{\"@type\":\"ImageObject\",\"inLanguage\":\"es\",\"@id\":\"https:\/\/www.asajacyl.com\/leon\/asaja-leon-informa\/la-reforma-de-la-pac-pondr-en-un-brete-a-la-industria-agroalimentaria-leonesa#primaryimage\",\"url\":\"https:\/\/www.asajacyl.com\/leon\/wp-content\/uploads\/sites\/6\/2017\/11\/im_predefinida_1920x1080.jpg\",\"contentUrl\":\"https:\/\/www.asajacyl.com\/leon\/wp-content\/uploads\/sites\/6\/2017\/11\/im_predefinida_1920x1080.jpg\",\"width\":1920,\"height\":1080,\"caption\":\"Logotipo ASAJA Le\u00f3n\"},{\"@type\":\"BreadcrumbList\",\"@id\":\"https:\/\/www.asajacyl.com\/leon\/asaja-leon-informa\/la-reforma-de-la-pac-pondr-en-un-brete-a-la-industria-agroalimentaria-leonesa#breadcrumb\",\"itemListElement\":[{\"@type\":\"ListItem\",\"position\":1,\"name\":\"Portada\",\"item\":\"https:\/\/www.asajacyl.com\/leon\/\"},{\"@type\":\"ListItem\",\"position\":2,\"name\":\"LA REFORMA DE LA PAC PONDR&#193; EN UN BRETE A LA INDUSTRIA AGROALIMENTARIA LEONESA\"}]},{\"@type\":\"WebSite\",\"@id\":\"https:\/\/www.asajacyl.com\/leon\/#website\",\"url\":\"https:\/\/www.asajacyl.com\/leon\/\",\"name\":\"ASAJA Le\u00f3n\",\"description\":\"Otro sitio m\u00e1s de Provincias ASAJA Castilla y Le\u00f3n\",\"potentialAction\":[{\"@type\":\"SearchAction\",\"target\":{\"@type\":\"EntryPoint\",\"urlTemplate\":\"https:\/\/www.asajacyl.com\/leon\/?s={search_term_string}\"},\"query-input\":{\"@type\":\"PropertyValueSpecification\",\"valueRequired\":true,\"valueName\":\"search_term_string\"}}],\"inLanguage\":\"es\"},{\"@type\":\"Person\",\"@id\":\"https:\/\/www.asajacyl.com\/leon\/#\/schema\/person\/7e884476cee132331142e8ac9689f20c\",\"name\":\"Editor\",\"image\":{\"@type\":\"ImageObject\",\"inLanguage\":\"es\",\"@id\":\"https:\/\/www.asajacyl.com\/leon\/#\/schema\/person\/image\/\",\"url\":\"https:\/\/secure.gravatar.com\/avatar\/a2ef43c165669686cfcfb0e1ffa59869?s=96&d=mm&r=g\",\"contentUrl\":\"https:\/\/secure.gravatar.com\/avatar\/a2ef43c165669686cfcfb0e1ffa59869?s=96&d=mm&r=g\",\"caption\":\"Editor\"},\"url\":\"https:\/\/www.asajacyl.com\/leon\/author\/oscargg\"}]}<\/script>\n<!-- \/ Yoast SEO plugin. -->","yoast_head_json":{"title":"LA REFORMA DE LA PAC PONDR&#193; EN UN BRETE A LA INDUSTRIA AGROALIMENTARIA LEONESA - ASAJA Le\u00f3n","description":"La organizaci&#243;n agraria ASAJA expondr&#225; el lunes, en la Asamblea Anual de la Federaci&#243;n Leonesa de Empresarios, los efectos negativos que tendr&#237;a la reforma de la PAC que ha propuesto Bruselas","robots":{"index":"index","follow":"follow","max-snippet":"max-snippet:-1","max-image-preview":"max-image-preview:large","max-video-preview":"max-video-preview:-1"},"canonical":"https:\/\/www.asajacyl.com\/leon\/asaja-leon-informa\/la-reforma-de-la-pac-pondr-en-un-brete-a-la-industria-agroalimentaria-leonesa","og_locale":"es_ES","og_type":"article","og_title":"LA REFORMA DE LA PAC PONDR&#193; EN UN BRETE A LA INDUSTRIA AGROALIMENTARIA LEONESA - ASAJA Le\u00f3n","og_description":"La organizaci&#243;n agraria ASAJA expondr&#225; el lunes, en la Asamblea Anual de la Federaci&#243;n Leonesa de Empresarios, los efectos negativos que tendr&#237;a la reforma de la PAC que ha propuesto Bruselas","og_url":"https:\/\/www.asajacyl.com\/leon\/asaja-leon-informa\/la-reforma-de-la-pac-pondr-en-un-brete-a-la-industria-agroalimentaria-leonesa","og_site_name":"ASAJA Le\u00f3n","article_published_time":"2003-02-14T23:00:00+00:00","og_image":[{"width":1920,"height":1080,"url":"https:\/\/www.asajacyl.com\/leon\/wp-content\/uploads\/sites\/6\/2017\/11\/im_predefinida_1920x1080.jpg","type":"image\/jpeg"}],"author":"Editor","twitter_card":"summary_large_image","twitter_misc":{"Escrito por":"Editor","Tiempo de lectura":"2 minutos"},"schema":{"@context":"https:\/\/schema.org","@graph":[{"@type":"WebPage","@id":"https:\/\/www.asajacyl.com\/leon\/asaja-leon-informa\/la-reforma-de-la-pac-pondr-en-un-brete-a-la-industria-agroalimentaria-leonesa","url":"https:\/\/www.asajacyl.com\/leon\/asaja-leon-informa\/la-reforma-de-la-pac-pondr-en-un-brete-a-la-industria-agroalimentaria-leonesa","name":"LA REFORMA DE LA PAC PONDR&#193; EN UN BRETE A LA INDUSTRIA AGROALIMENTARIA LEONESA - ASAJA Le\u00f3n","isPartOf":{"@id":"https:\/\/www.asajacyl.com\/leon\/#website"},"primaryImageOfPage":{"@id":"https:\/\/www.asajacyl.com\/leon\/asaja-leon-informa\/la-reforma-de-la-pac-pondr-en-un-brete-a-la-industria-agroalimentaria-leonesa#primaryimage"},"image":{"@id":"https:\/\/www.asajacyl.com\/leon\/asaja-leon-informa\/la-reforma-de-la-pac-pondr-en-un-brete-a-la-industria-agroalimentaria-leonesa#primaryimage"},"thumbnailUrl":"https:\/\/www.asajacyl.com\/leon\/wp-content\/uploads\/sites\/6\/2017\/11\/im_predefinida_1920x1080.jpg","datePublished":"2003-02-14T23:00:00+00:00","author":{"@id":"https:\/\/www.asajacyl.com\/leon\/#\/schema\/person\/7e884476cee132331142e8ac9689f20c"},"description":"La organizaci&#243;n agraria ASAJA expondr&#225; el lunes, en la Asamblea Anual de la Federaci&#243;n Leonesa de Empresarios, los efectos negativos que tendr&#237;a la reforma de la PAC que ha propuesto Bruselas","breadcrumb":{"@id":"https:\/\/www.asajacyl.com\/leon\/asaja-leon-informa\/la-reforma-de-la-pac-pondr-en-un-brete-a-la-industria-agroalimentaria-leonesa#breadcrumb"},"inLanguage":"es","potentialAction":[{"@type":"ReadAction","target":["https:\/\/www.asajacyl.com\/leon\/asaja-leon-informa\/la-reforma-de-la-pac-pondr-en-un-brete-a-la-industria-agroalimentaria-leonesa"]}]},{"@type":"ImageObject","inLanguage":"es","@id":"https:\/\/www.asajacyl.com\/leon\/asaja-leon-informa\/la-reforma-de-la-pac-pondr-en-un-brete-a-la-industria-agroalimentaria-leonesa#primaryimage","url":"https:\/\/www.asajacyl.com\/leon\/wp-content\/uploads\/sites\/6\/2017\/11\/im_predefinida_1920x1080.jpg","contentUrl":"https:\/\/www.asajacyl.com\/leon\/wp-content\/uploads\/sites\/6\/2017\/11\/im_predefinida_1920x1080.jpg","width":1920,"height":1080,"caption":"Logotipo ASAJA Le\u00f3n"},{"@type":"BreadcrumbList","@id":"https:\/\/www.asajacyl.com\/leon\/asaja-leon-informa\/la-reforma-de-la-pac-pondr-en-un-brete-a-la-industria-agroalimentaria-leonesa#breadcrumb","itemListElement":[{"@type":"ListItem","position":1,"name":"Portada","item":"https:\/\/www.asajacyl.com\/leon\/"},{"@type":"ListItem","position":2,"name":"LA REFORMA DE LA PAC PONDR&#193; EN UN BRETE A LA INDUSTRIA AGROALIMENTARIA LEONESA"}]},{"@type":"WebSite","@id":"https:\/\/www.asajacyl.com\/leon\/#website","url":"https:\/\/www.asajacyl.com\/leon\/","name":"ASAJA Le\u00f3n","description":"Otro sitio m\u00e1s de Provincias ASAJA Castilla y Le\u00f3n","potentialAction":[{"@type":"SearchAction","target":{"@type":"EntryPoint","urlTemplate":"https:\/\/www.asajacyl.com\/leon\/?s={search_term_string}"},"query-input":{"@type":"PropertyValueSpecification","valueRequired":true,"valueName":"search_term_string"}}],"inLanguage":"es"},{"@type":"Person","@id":"https:\/\/www.asajacyl.com\/leon\/#\/schema\/person\/7e884476cee132331142e8ac9689f20c","name":"Editor","image":{"@type":"ImageObject","inLanguage":"es","@id":"https:\/\/www.asajacyl.com\/leon\/#\/schema\/person\/image\/","url":"https:\/\/secure.gravatar.com\/avatar\/a2ef43c165669686cfcfb0e1ffa59869?s=96&d=mm&r=g","contentUrl":"https:\/\/secure.gravatar.com\/avatar\/a2ef43c165669686cfcfb0e1ffa59869?s=96&d=mm&r=g","caption":"Editor"},"url":"https:\/\/www.asajacyl.com\/leon\/author\/oscargg"}]}},"_links":{"self":[{"href":"https:\/\/www.asajacyl.com\/leon\/wp-json\/wp\/v2\/posts\/8148"}],"collection":[{"href":"https:\/\/www.asajacyl.com\/leon\/wp-json\/wp\/v2\/posts"}],"about":[{"href":"https:\/\/www.asajacyl.com\/leon\/wp-json\/wp\/v2\/types\/post"}],"author":[{"embeddable":true,"href":"https:\/\/www.asajacyl.com\/leon\/wp-json\/wp\/v2\/users\/3"}],"replies":[{"embeddable":true,"href":"https:\/\/www.asajacyl.com\/leon\/wp-json\/wp\/v2\/comments?post=8148"}],"version-history":[{"count":0,"href":"https:\/\/www.asajacyl.com\/leon\/wp-json\/wp\/v2\/posts\/8148\/revisions"}],"wp:featuredmedia":[{"embeddable":true,"href":"https:\/\/www.asajacyl.com\/leon\/wp-json\/wp\/v2\/media\/8174"}],"wp:attachment":[{"href":"https:\/\/www.asajacyl.com\/leon\/wp-json\/wp\/v2\/media?parent=8148"}],"wp:term":[{"taxonomy":"category","embeddable":true,"href":"https:\/\/www.asajacyl.com\/leon\/wp-json\/wp\/v2\/categories?post=8148"},{"taxonomy":"post_tag","embeddable":true,"href":"https:\/\/www.asajacyl.com\/leon\/wp-json\/wp\/v2\/tags?post=8148"}],"curies":[{"name":"wp","href":"https:\/\/api.w.org\/{rel}","templated":true}]}}