{"id":8188,"date":"2017-11-17T17:23:05","date_gmt":"2017-11-17T16:23:05","guid":{"rendered":"http:\/\/www.asajacyl.com\/leon\/?p=8188"},"modified":"2017-12-13T19:41:17","modified_gmt":"2017-12-13T18:41:17","slug":"las-seis-noticias-agrarias-la-semana-17-11-2017","status":"publish","type":"post","link":"https:\/\/www.asajacyl.com\/leon\/asaja-leon-informa\/las-seis-noticias-agrarias-la-semana-17-11-2017","title":{"rendered":"Las seis noticias agrarias de la semana &#8211; 17\/11\/2017"},"content":{"rendered":"<h2 style=\"text-align: center\">Azucarera de la Ba\u00f1eza, Hijos de Salvador Rodr\u00edguez SA, Boca de Huergano, I Feria de Maquinaria Agr\u00edcola de Ocasi\u00f3n, reuniones comarcales informativas y escasas lluvias<\/h2>\n<p style=\"text-align: justify\">1.\u00a0\u00a0\u00a0 \u00a0El pasado lunes se celebr\u00f3 <strong>Mesa de Seguimiento en la f\u00e1brica azucarera de La Ba\u00f1eza,<\/strong> en la que se constat\u00f3 que el ritmo de entregas de remolacha es inferior a la capacidad de molienda de la f\u00e1brica, lo que obligar\u00eda al cierre anticipado de la recepci\u00f3n si no se revierte la situaci\u00f3n. Se acord\u00f3 instar a los agricultores a recuperar el ritmo deseado de arranque y entrega de remolacha para evitar que en la segunda fase la f\u00e1brica tenga que estar abierta hasta bien entrada la primavera, ya que eso ocasionar\u00eda p\u00e9rdidas tambi\u00e9n para el sector productor.<\/p>\n<p style=\"text-align: justify\">2.\u00a0\u00a0\u00a0 La empresa <strong>Hijos de Salvador Rodr\u00edguez, S.A<\/strong>. que comercializa con la marca Quesos el Pastor, ha adquirido el cincuenta por ciento del capital de Queser\u00edas Picos de Europa, radicada esta \u00faltima en Posada de Valde\u00f3n, que produce y comercializa el afamado queso azul de la zona. El sector ha valorado positivamente esta operaci\u00f3n societaria que en principio est\u00e1 pensada para dar un impulso al negocio aprovechando las sinergias de una gran empresa como es la f\u00e1brica de quesos de Santa Cristina de la Polvorosa.<\/p>\n<p style=\"text-align: justify\">3.\u00a0\u00a0\u00a0 El Bolet\u00edn Oficial de la Provincia de Le\u00f3n ha publicado un anuncio del Servicio Territorial de Agricultura y Ganader\u00eda por el que se acuerda dar posesi\u00f3n definitiva de las nuevas fincas de reemplazo del <strong>proceso de concentraci\u00f3n parcelaria de la Zona de Boca de Hu\u00e9rgano<\/strong>, en la monta\u00f1a oriental leonesa. Se finaliza as\u00ed un proceso iniciado hace muchos a\u00f1os que estuvo paralizado en deferentes\u00a0 etapas por la oposici\u00f3n de determinados propietarios no ganaderos y por la oposici\u00f3n tambi\u00e9n de grupos ecologistas. Esta concentraci\u00f3n parcelaria, con una m\u00ednima intervenci\u00f3n en infraestructuras, supone un importante avance para el desarrollo socioecon\u00f3mico de la zona.<\/p>\n<p style=\"text-align: justify\">4.\u00a0\u00a0\u00a0 El Ayuntamiento de La Ba\u00f1eza tiene programado celebrar la <strong>I Feria de Maquinaria Agr\u00edcola de Ocasi\u00f3n <\/strong>para los d\u00edas 16, 17 y 18 de marzo del pr\u00f3ximo a\u00f1o 2018. Este novedoso certamen est\u00e1 pensado para la exposici\u00f3n y venta de motores, tractores, remolques, motocultores, maquinaria y equipos para laboreo, siembra, irrigaci\u00f3n, fertilizaci\u00f3n, tratamientos, recolecci\u00f3n y transporte. La asistencia como expositor es totalmente gratuita. Es necesario efectuar previamente la reserva.<\/p>\n<p style=\"text-align: justify\">5.\u00a0\u00a0\u00a0 La organizaci\u00f3n agraria ASAJA ha convocado <strong>reuniones comarcales informativas<\/strong> dirigidas a sus socios y simpatizantes, y en la que se abordar\u00e1n los diferentes temas de inter\u00e9s agroganadero del momento, entre otros la campa\u00f1a de los seguros agrarios y la crisis del sector a consecuencia de la sequ\u00eda. Dichas reuniones comenzar\u00e1n el lunes d\u00eda 27 de noviembre y se alargar\u00e1n hasta el 7 de diciembre.<\/p>\n<p style=\"text-align: justify\">6.\u00a0\u00a0\u00a0 Las <strong>escasas lluvias<\/strong> que han ca\u00eddo en la provincia\u00a0 est\u00e1n dificultando las labores de preparaci\u00f3n del terreno, las siembras\u00a0 y la nascencia de cultivos como la colza, los cereales de invierno y\u00a0 forrajes como la veza. En mayor\u00eda de las parcelas la nascencia a d\u00eda de hoy es nula o muy deficiente, y los agricultores mantienen la esperanza de que la semilla no se haya perdido y pueda germinar en las pr\u00f3ximas fechas, aunque no hay previsiones de lluvias a la vista. Un segundo a\u00f1o consecutivo de malas cosechas llevar\u00eda a la ruina a cientos de familias agricultoras. El seguro agrario, que se est\u00e1 haciendo estos d\u00edas, garantiza que las perdidas no sean tan elevadas ya que al menos cubre en gran parte los costes de producci\u00f3n.<\/p>\n","protected":false},"excerpt":{"rendered":"<p>Azucarera de la Ba\u00f1eza, Hijos de Salvador Rodr\u00edguez SA, Boca de Huergano, I Feria de Maquinaria Agr\u00edcola de Ocasi\u00f3n, reuniones comarcales informativas y escasas lluvias 1.\u00a0\u00a0\u00a0 \u00a0El pasado lunes se celebr\u00f3 Mesa de Seguimiento en la f\u00e1brica azucarera de La Ba\u00f1eza, en la que se constat\u00f3 que el ritmo de entregas de remolacha es inferior [&hellip;]<\/p>\n","protected":false},"author":3,"featured_media":4149,"comment_status":"open","ping_status":"open","sticky":false,"template":"","format":"standard","meta":{"footnotes":""},"categories":[4,9],"tags":[],"yoast_head":"<!-- This site is optimized with the Yoast SEO plugin v24.5 - https:\/\/yoast.com\/wordpress\/plugins\/seo\/ -->\n<title>Las seis noticias agrarias de la semana - 17\/11\/2017 - ASAJA Le\u00f3n<\/title>\n<meta name=\"description\" content=\"Azucarera de la Ba\u00f1eza, Hijos de Salvador Rodr\u00edguez SA, Boca de Huergano, I Feria de Maquinaria Agr\u00edcola de Ocasi\u00f3n, reuniones comarcales informativas y\" \/>\n<meta name=\"robots\" content=\"index, follow, max-snippet:-1, max-image-preview:large, max-video-preview:-1\" \/>\n<link rel=\"canonical\" href=\"https:\/\/www.asajacyl.com\/leon\/asaja-leon-informa\/las-seis-noticias-agrarias-la-semana-17-11-2017\" \/>\n<meta property=\"og:locale\" content=\"es_ES\" \/>\n<meta property=\"og:type\" content=\"article\" \/>\n<meta property=\"og:title\" content=\"Las seis noticias agrarias de la semana - 17\/11\/2017 - ASAJA Le\u00f3n\" \/>\n<meta property=\"og:description\" content=\"Azucarera de la Ba\u00f1eza, Hijos de Salvador Rodr\u00edguez SA, Boca de Huergano, I Feria de Maquinaria Agr\u00edcola de Ocasi\u00f3n, reuniones comarcales informativas y\" \/>\n<meta property=\"og:url\" content=\"https:\/\/www.asajacyl.com\/leon\/asaja-leon-informa\/las-seis-noticias-agrarias-la-semana-17-11-2017\" \/>\n<meta property=\"og:site_name\" content=\"ASAJA Le\u00f3n\" \/>\n<meta property=\"article:published_time\" content=\"2017-11-17T16:23:05+00:00\" \/>\n<meta property=\"article:modified_time\" content=\"2017-12-13T18:41:17+00:00\" \/>\n<meta property=\"og:image\" content=\"https:\/\/www.asajacyl.com\/leon\/wp-content\/uploads\/sites\/6\/2017\/10\/foto12.jpg\" \/>\n\t<meta property=\"og:image:width\" content=\"1920\" \/>\n\t<meta property=\"og:image:height\" content=\"1080\" \/>\n\t<meta property=\"og:image:type\" content=\"image\/jpeg\" \/>\n<meta name=\"author\" content=\"Editor\" \/>\n<meta name=\"twitter:card\" content=\"summary_large_image\" \/>\n<meta name=\"twitter:label1\" content=\"Escrito por\" \/>\n\t<meta name=\"twitter:data1\" content=\"Editor\" \/>\n\t<meta name=\"twitter:label2\" content=\"Tiempo de lectura\" \/>\n\t<meta name=\"twitter:data2\" content=\"3 minutos\" \/>\n<script type=\"application\/ld+json\" class=\"yoast-schema-graph\">{\"@context\":\"https:\/\/schema.org\",\"@graph\":[{\"@type\":\"WebPage\",\"@id\":\"https:\/\/www.asajacyl.com\/leon\/asaja-leon-informa\/las-seis-noticias-agrarias-la-semana-17-11-2017\",\"url\":\"https:\/\/www.asajacyl.com\/leon\/asaja-leon-informa\/las-seis-noticias-agrarias-la-semana-17-11-2017\",\"name\":\"Las seis noticias agrarias de la semana - 17\/11\/2017 - ASAJA Le\u00f3n\",\"isPartOf\":{\"@id\":\"https:\/\/www.asajacyl.com\/leon\/#website\"},\"primaryImageOfPage\":{\"@id\":\"https:\/\/www.asajacyl.com\/leon\/asaja-leon-informa\/las-seis-noticias-agrarias-la-semana-17-11-2017#primaryimage\"},\"image\":{\"@id\":\"https:\/\/www.asajacyl.com\/leon\/asaja-leon-informa\/las-seis-noticias-agrarias-la-semana-17-11-2017#primaryimage\"},\"thumbnailUrl\":\"https:\/\/www.asajacyl.com\/leon\/wp-content\/uploads\/sites\/6\/2017\/10\/foto12.jpg\",\"datePublished\":\"2017-11-17T16:23:05+00:00\",\"dateModified\":\"2017-12-13T18:41:17+00:00\",\"author\":{\"@id\":\"https:\/\/www.asajacyl.com\/leon\/#\/schema\/person\/7e884476cee132331142e8ac9689f20c\"},\"description\":\"Azucarera de la Ba\u00f1eza, Hijos de Salvador Rodr\u00edguez SA, Boca de Huergano, I Feria de Maquinaria Agr\u00edcola de Ocasi\u00f3n, reuniones comarcales informativas y\",\"breadcrumb\":{\"@id\":\"https:\/\/www.asajacyl.com\/leon\/asaja-leon-informa\/las-seis-noticias-agrarias-la-semana-17-11-2017#breadcrumb\"},\"inLanguage\":\"es\",\"potentialAction\":[{\"@type\":\"ReadAction\",\"target\":[\"https:\/\/www.asajacyl.com\/leon\/asaja-leon-informa\/las-seis-noticias-agrarias-la-semana-17-11-2017\"]}]},{\"@type\":\"ImageObject\",\"inLanguage\":\"es\",\"@id\":\"https:\/\/www.asajacyl.com\/leon\/asaja-leon-informa\/las-seis-noticias-agrarias-la-semana-17-11-2017#primaryimage\",\"url\":\"https:\/\/www.asajacyl.com\/leon\/wp-content\/uploads\/sites\/6\/2017\/10\/foto12.jpg\",\"contentUrl\":\"https:\/\/www.asajacyl.com\/leon\/wp-content\/uploads\/sites\/6\/2017\/10\/foto12.jpg\",\"width\":1920,\"height\":1080,\"caption\":\"Qu\u00e9 es ASAJA Le\u00f3n\"},{\"@type\":\"BreadcrumbList\",\"@id\":\"https:\/\/www.asajacyl.com\/leon\/asaja-leon-informa\/las-seis-noticias-agrarias-la-semana-17-11-2017#breadcrumb\",\"itemListElement\":[{\"@type\":\"ListItem\",\"position\":1,\"name\":\"Portada\",\"item\":\"https:\/\/www.asajacyl.com\/leon\/\"},{\"@type\":\"ListItem\",\"position\":2,\"name\":\"Las seis noticias agrarias de la semana &#8211; 17\/11\/2017\"}]},{\"@type\":\"WebSite\",\"@id\":\"https:\/\/www.asajacyl.com\/leon\/#website\",\"url\":\"https:\/\/www.asajacyl.com\/leon\/\",\"name\":\"ASAJA Le\u00f3n\",\"description\":\"Otro sitio m\u00e1s de Provincias ASAJA Castilla y Le\u00f3n\",\"potentialAction\":[{\"@type\":\"SearchAction\",\"target\":{\"@type\":\"EntryPoint\",\"urlTemplate\":\"https:\/\/www.asajacyl.com\/leon\/?s={search_term_string}\"},\"query-input\":{\"@type\":\"PropertyValueSpecification\",\"valueRequired\":true,\"valueName\":\"search_term_string\"}}],\"inLanguage\":\"es\"},{\"@type\":\"Person\",\"@id\":\"https:\/\/www.asajacyl.com\/leon\/#\/schema\/person\/7e884476cee132331142e8ac9689f20c\",\"name\":\"Editor\",\"image\":{\"@type\":\"ImageObject\",\"inLanguage\":\"es\",\"@id\":\"https:\/\/www.asajacyl.com\/leon\/#\/schema\/person\/image\/\",\"url\":\"https:\/\/secure.gravatar.com\/avatar\/a2ef43c165669686cfcfb0e1ffa59869?s=96&d=mm&r=g\",\"contentUrl\":\"https:\/\/secure.gravatar.com\/avatar\/a2ef43c165669686cfcfb0e1ffa59869?s=96&d=mm&r=g\",\"caption\":\"Editor\"},\"url\":\"https:\/\/www.asajacyl.com\/leon\/author\/oscargg\"}]}<\/script>\n<!-- \/ Yoast SEO plugin. -->","yoast_head_json":{"title":"Las seis noticias agrarias de la semana - 17\/11\/2017 - ASAJA Le\u00f3n","description":"Azucarera de la Ba\u00f1eza, Hijos de Salvador Rodr\u00edguez SA, Boca de Huergano, I Feria de Maquinaria Agr\u00edcola de Ocasi\u00f3n, reuniones comarcales informativas y","robots":{"index":"index","follow":"follow","max-snippet":"max-snippet:-1","max-image-preview":"max-image-preview:large","max-video-preview":"max-video-preview:-1"},"canonical":"https:\/\/www.asajacyl.com\/leon\/asaja-leon-informa\/las-seis-noticias-agrarias-la-semana-17-11-2017","og_locale":"es_ES","og_type":"article","og_title":"Las seis noticias agrarias de la semana - 17\/11\/2017 - ASAJA Le\u00f3n","og_description":"Azucarera de la Ba\u00f1eza, Hijos de Salvador Rodr\u00edguez SA, Boca de Huergano, I Feria de Maquinaria Agr\u00edcola de Ocasi\u00f3n, reuniones comarcales informativas y","og_url":"https:\/\/www.asajacyl.com\/leon\/asaja-leon-informa\/las-seis-noticias-agrarias-la-semana-17-11-2017","og_site_name":"ASAJA Le\u00f3n","article_published_time":"2017-11-17T16:23:05+00:00","article_modified_time":"2017-12-13T18:41:17+00:00","og_image":[{"width":1920,"height":1080,"url":"https:\/\/www.asajacyl.com\/leon\/wp-content\/uploads\/sites\/6\/2017\/10\/foto12.jpg","type":"image\/jpeg"}],"author":"Editor","twitter_card":"summary_large_image","twitter_misc":{"Escrito por":"Editor","Tiempo de lectura":"3 minutos"},"schema":{"@context":"https:\/\/schema.org","@graph":[{"@type":"WebPage","@id":"https:\/\/www.asajacyl.com\/leon\/asaja-leon-informa\/las-seis-noticias-agrarias-la-semana-17-11-2017","url":"https:\/\/www.asajacyl.com\/leon\/asaja-leon-informa\/las-seis-noticias-agrarias-la-semana-17-11-2017","name":"Las seis noticias agrarias de la semana - 17\/11\/2017 - ASAJA Le\u00f3n","isPartOf":{"@id":"https:\/\/www.asajacyl.com\/leon\/#website"},"primaryImageOfPage":{"@id":"https:\/\/www.asajacyl.com\/leon\/asaja-leon-informa\/las-seis-noticias-agrarias-la-semana-17-11-2017#primaryimage"},"image":{"@id":"https:\/\/www.asajacyl.com\/leon\/asaja-leon-informa\/las-seis-noticias-agrarias-la-semana-17-11-2017#primaryimage"},"thumbnailUrl":"https:\/\/www.asajacyl.com\/leon\/wp-content\/uploads\/sites\/6\/2017\/10\/foto12.jpg","datePublished":"2017-11-17T16:23:05+00:00","dateModified":"2017-12-13T18:41:17+00:00","author":{"@id":"https:\/\/www.asajacyl.com\/leon\/#\/schema\/person\/7e884476cee132331142e8ac9689f20c"},"description":"Azucarera de la Ba\u00f1eza, Hijos de Salvador Rodr\u00edguez SA, Boca de Huergano, I Feria de Maquinaria Agr\u00edcola de Ocasi\u00f3n, reuniones comarcales informativas y","breadcrumb":{"@id":"https:\/\/www.asajacyl.com\/leon\/asaja-leon-informa\/las-seis-noticias-agrarias-la-semana-17-11-2017#breadcrumb"},"inLanguage":"es","potentialAction":[{"@type":"ReadAction","target":["https:\/\/www.asajacyl.com\/leon\/asaja-leon-informa\/las-seis-noticias-agrarias-la-semana-17-11-2017"]}]},{"@type":"ImageObject","inLanguage":"es","@id":"https:\/\/www.asajacyl.com\/leon\/asaja-leon-informa\/las-seis-noticias-agrarias-la-semana-17-11-2017#primaryimage","url":"https:\/\/www.asajacyl.com\/leon\/wp-content\/uploads\/sites\/6\/2017\/10\/foto12.jpg","contentUrl":"https:\/\/www.asajacyl.com\/leon\/wp-content\/uploads\/sites\/6\/2017\/10\/foto12.jpg","width":1920,"height":1080,"caption":"Qu\u00e9 es ASAJA Le\u00f3n"},{"@type":"BreadcrumbList","@id":"https:\/\/www.asajacyl.com\/leon\/asaja-leon-informa\/las-seis-noticias-agrarias-la-semana-17-11-2017#breadcrumb","itemListElement":[{"@type":"ListItem","position":1,"name":"Portada","item":"https:\/\/www.asajacyl.com\/leon\/"},{"@type":"ListItem","position":2,"name":"Las seis noticias agrarias de la semana &#8211; 17\/11\/2017"}]},{"@type":"WebSite","@id":"https:\/\/www.asajacyl.com\/leon\/#website","url":"https:\/\/www.asajacyl.com\/leon\/","name":"ASAJA Le\u00f3n","description":"Otro sitio m\u00e1s de Provincias ASAJA Castilla y Le\u00f3n","potentialAction":[{"@type":"SearchAction","target":{"@type":"EntryPoint","urlTemplate":"https:\/\/www.asajacyl.com\/leon\/?s={search_term_string}"},"query-input":{"@type":"PropertyValueSpecification","valueRequired":true,"valueName":"search_term_string"}}],"inLanguage":"es"},{"@type":"Person","@id":"https:\/\/www.asajacyl.com\/leon\/#\/schema\/person\/7e884476cee132331142e8ac9689f20c","name":"Editor","image":{"@type":"ImageObject","inLanguage":"es","@id":"https:\/\/www.asajacyl.com\/leon\/#\/schema\/person\/image\/","url":"https:\/\/secure.gravatar.com\/avatar\/a2ef43c165669686cfcfb0e1ffa59869?s=96&d=mm&r=g","contentUrl":"https:\/\/secure.gravatar.com\/avatar\/a2ef43c165669686cfcfb0e1ffa59869?s=96&d=mm&r=g","caption":"Editor"},"url":"https:\/\/www.asajacyl.com\/leon\/author\/oscargg"}]}},"_links":{"self":[{"href":"https:\/\/www.asajacyl.com\/leon\/wp-json\/wp\/v2\/posts\/8188"}],"collection":[{"href":"https:\/\/www.asajacyl.com\/leon\/wp-json\/wp\/v2\/posts"}],"about":[{"href":"https:\/\/www.asajacyl.com\/leon\/wp-json\/wp\/v2\/types\/post"}],"author":[{"embeddable":true,"href":"https:\/\/www.asajacyl.com\/leon\/wp-json\/wp\/v2\/users\/3"}],"replies":[{"embeddable":true,"href":"https:\/\/www.asajacyl.com\/leon\/wp-json\/wp\/v2\/comments?post=8188"}],"version-history":[{"count":2,"href":"https:\/\/www.asajacyl.com\/leon\/wp-json\/wp\/v2\/posts\/8188\/revisions"}],"predecessor-version":[{"id":8335,"href":"https:\/\/www.asajacyl.com\/leon\/wp-json\/wp\/v2\/posts\/8188\/revisions\/8335"}],"wp:featuredmedia":[{"embeddable":true,"href":"https:\/\/www.asajacyl.com\/leon\/wp-json\/wp\/v2\/media\/4149"}],"wp:attachment":[{"href":"https:\/\/www.asajacyl.com\/leon\/wp-json\/wp\/v2\/media?parent=8188"}],"wp:term":[{"taxonomy":"category","embeddable":true,"href":"https:\/\/www.asajacyl.com\/leon\/wp-json\/wp\/v2\/categories?post=8188"},{"taxonomy":"post_tag","embeddable":true,"href":"https:\/\/www.asajacyl.com\/leon\/wp-json\/wp\/v2\/tags?post=8188"}],"curies":[{"name":"wp","href":"https:\/\/api.w.org\/{rel}","templated":true}]}}