{"id":8190,"date":"2017-11-22T17:27:35","date_gmt":"2017-11-22T16:27:35","guid":{"rendered":"http:\/\/www.asajacyl.com\/leon\/?p=8190"},"modified":"2017-11-22T18:17:41","modified_gmt":"2017-11-22T17:17:41","slug":"discrepo-raul-perez","status":"publish","type":"post","link":"https:\/\/www.asajacyl.com\/leon\/asaja-leon-informa\/discrepo-raul-perez","title":{"rendered":"Discrepo de Ra\u00fal P\u00e9rez"},"content":{"rendered":"<h2 style=\"text-align: center;\">El prestigioso en\u00f3logo radicado en el Bierzo, Ra\u00fal P\u00e9rez, hac\u00eda unas declaraciones en un peri\u00f3dico de Castilla y Le\u00f3n, publicadas el pasado mi\u00e9rcoles, tildando de \u201cgenocidio\u201d, la \u201cdecisi\u00f3n err\u00f3nea en el aparcelamiento\u201d que se ha llevado a cabo en la comarca<\/h2>\n<p style=\"text-align: justify;\">\n\t\tEl prestigioso en&oacute;logo radicado en el Bierzo, Ra&uacute;l P&eacute;rez, hac&iacute;a unas declaraciones en un peri&oacute;dico de Castilla y Le&oacute;n, publicadas el pasado mi&eacute;rcoles, tildando de &ldquo;genocidio&rdquo;, la &ldquo;decisi&oacute;n err&oacute;nea en el aparcelamiento&rdquo; que se ha llevado a cabo en la comarca. Pensaba yo que lo de la concentraci&oacute;n parcelaria era una necesidad imperiosa para modernizaci&oacute;n y dar competitividad al sector primario, que se han perdido muchas oportunidades por no haber acometido esta medida estructural de pol&iacute;tica agraria con anterioridad, y que el motivo de no haberse concentrado la propiedad se ha debido a la dificultad para convencer a una masa cr&iacute;tica de propietarios un tanto inmovilistas, y no tanto a la falta de presupuesto de las administraciones p&uacute;blicas, que seguro que tambi&eacute;n. Quiero entender que la oposici&oacute;n del en&oacute;logo a los procesos de concentraci&oacute;n parcelaria se basa en el riesgo&nbsp; cierto de que qui&eacute;n recibe las fincas de reemplazo, introduce mejoras en las mismas, y en el caso de las vi&ntilde;as, arranca el vi&ntilde;edo viejo para hacer nuevas plantaciones en espaldera con el fin primordial de facilitar la mecanizaci&oacute;n. Y es que entregar nuevas parcelas y dejar todo como estaba, respetando el vi&ntilde;edo viejo, tanto el bueno como el malo, y seguir trabajando sin la ayuda de la mecanizaci&oacute;n, es hacer algo que no vale la pena, por lo tanto hay que sacrificar lo accesorio por lo importante. Porque, no nos enga&ntilde;emos, vino a mil euros la botella puede vender Ra&uacute;l P&eacute;rez, pero no est&aacute; al alcance de la mayor&iacute;a de los mortales. La mayor&iacute;a de los productores y bodegueros bercianos, cuando se bajan a la tierra, ven que la competencia en este negocio llega de todas las partes y que hay que competir con calidad y con precio, y para competir en precio hacen falta unas razonables producciones con unos costes asequibles, lo que hoy no hay. Por eso espero que la influencia medi&aacute;tica de Ra&uacute;l P&eacute;rez no se utilice para convencer a los funcionarios y pol&iacute;ticos de la Junta de que no hay que concentrar las tierras, que hay que dejar todo como est&aacute; y arar con yunta.<\/p>\n<p>Art&iacute;culo de opini&oacute;n de Jos&eacute; Antonio Turrado publicado en &nbsp;La Nueva Cr&oacute;nica del viernes 17 de noviembre de 2017<\/p>\n","protected":false},"excerpt":{"rendered":"<p>El prestigioso en\u00f3logo radicado en el Bierzo, Ra\u00fal P\u00e9rez, hac\u00eda unas declaraciones en un peri\u00f3dico de Castilla y Le\u00f3n, publicadas el pasado mi\u00e9rcoles, tildando de \u201cgenocidio\u201d, la \u201cdecisi\u00f3n err\u00f3nea en el aparcelamiento\u201d que se ha llevado a cabo en la comarca<\/p>\n","protected":false},"author":3,"featured_media":28,"comment_status":"open","ping_status":"open","sticky":false,"template":"","format":"standard","meta":{"footnotes":""},"categories":[4,11],"tags":[],"yoast_head":"<!-- This site is optimized with the Yoast SEO plugin v24.5 - https:\/\/yoast.com\/wordpress\/plugins\/seo\/ -->\n<title>Discrepo de Ra\u00fal P\u00e9rez - ASAJA Le\u00f3n<\/title>\n<meta name=\"description\" content=\"El prestigioso en\u00f3logo radicado en el Bierzo, Ra\u00fal P\u00e9rez, hac\u00eda unas declaraciones en un peri\u00f3dico de Castilla y Le\u00f3n, publicadas el pasado mi\u00e9rcoles, tildando de \u201cgenocidio\u201d, la \u201cdecisi\u00f3n err\u00f3nea en el aparcelamiento\u201d que se ha llevado a cabo en la comarca\" \/>\n<meta name=\"robots\" content=\"index, follow, max-snippet:-1, max-image-preview:large, max-video-preview:-1\" \/>\n<link rel=\"canonical\" href=\"https:\/\/www.asajacyl.com\/leon\/asaja-leon-informa\/discrepo-raul-perez\" \/>\n<meta property=\"og:locale\" content=\"es_ES\" \/>\n<meta property=\"og:type\" content=\"article\" \/>\n<meta property=\"og:title\" content=\"Discrepo de Ra\u00fal P\u00e9rez - ASAJA Le\u00f3n\" \/>\n<meta property=\"og:description\" content=\"El prestigioso en\u00f3logo radicado en el Bierzo, Ra\u00fal P\u00e9rez, hac\u00eda unas declaraciones en un peri\u00f3dico de Castilla y Le\u00f3n, publicadas el pasado mi\u00e9rcoles, tildando de \u201cgenocidio\u201d, la \u201cdecisi\u00f3n err\u00f3nea en el aparcelamiento\u201d que se ha llevado a cabo en la comarca\" \/>\n<meta property=\"og:url\" content=\"https:\/\/www.asajacyl.com\/leon\/asaja-leon-informa\/discrepo-raul-perez\" \/>\n<meta property=\"og:site_name\" content=\"ASAJA Le\u00f3n\" \/>\n<meta property=\"article:published_time\" content=\"2017-11-22T16:27:35+00:00\" \/>\n<meta property=\"article:modified_time\" content=\"2017-11-22T17:17:41+00:00\" \/>\n<meta property=\"og:image\" content=\"https:\/\/www.asajacyl.com\/leon\/wp-content\/uploads\/sites\/6\/2017\/10\/J.A_T_001.jpg\" \/>\n\t<meta property=\"og:image:width\" content=\"2000\" \/>\n\t<meta property=\"og:image:height\" content=\"2500\" \/>\n\t<meta property=\"og:image:type\" content=\"image\/jpeg\" \/>\n<meta name=\"author\" content=\"Editor\" \/>\n<meta name=\"twitter:card\" content=\"summary_large_image\" \/>\n<meta name=\"twitter:label1\" content=\"Escrito por\" \/>\n\t<meta name=\"twitter:data1\" content=\"Editor\" \/>\n\t<meta name=\"twitter:label2\" content=\"Tiempo de lectura\" \/>\n\t<meta name=\"twitter:data2\" content=\"2 minutos\" \/>\n<script type=\"application\/ld+json\" class=\"yoast-schema-graph\">{\"@context\":\"https:\/\/schema.org\",\"@graph\":[{\"@type\":\"WebPage\",\"@id\":\"https:\/\/www.asajacyl.com\/leon\/asaja-leon-informa\/discrepo-raul-perez\",\"url\":\"https:\/\/www.asajacyl.com\/leon\/asaja-leon-informa\/discrepo-raul-perez\",\"name\":\"Discrepo de Ra\u00fal P\u00e9rez - ASAJA Le\u00f3n\",\"isPartOf\":{\"@id\":\"https:\/\/www.asajacyl.com\/leon\/#website\"},\"primaryImageOfPage\":{\"@id\":\"https:\/\/www.asajacyl.com\/leon\/asaja-leon-informa\/discrepo-raul-perez#primaryimage\"},\"image\":{\"@id\":\"https:\/\/www.asajacyl.com\/leon\/asaja-leon-informa\/discrepo-raul-perez#primaryimage\"},\"thumbnailUrl\":\"https:\/\/www.asajacyl.com\/leon\/wp-content\/uploads\/sites\/6\/2017\/10\/J.A_T_001.jpg\",\"datePublished\":\"2017-11-22T16:27:35+00:00\",\"dateModified\":\"2017-11-22T17:17:41+00:00\",\"author\":{\"@id\":\"https:\/\/www.asajacyl.com\/leon\/#\/schema\/person\/7e884476cee132331142e8ac9689f20c\"},\"description\":\"El prestigioso en\u00f3logo radicado en el Bierzo, Ra\u00fal P\u00e9rez, hac\u00eda unas declaraciones en un peri\u00f3dico de Castilla y Le\u00f3n, publicadas el pasado mi\u00e9rcoles, tildando de \u201cgenocidio\u201d, la \u201cdecisi\u00f3n err\u00f3nea en el aparcelamiento\u201d que se ha llevado a cabo en la comarca\",\"breadcrumb\":{\"@id\":\"https:\/\/www.asajacyl.com\/leon\/asaja-leon-informa\/discrepo-raul-perez#breadcrumb\"},\"inLanguage\":\"es\",\"potentialAction\":[{\"@type\":\"ReadAction\",\"target\":[\"https:\/\/www.asajacyl.com\/leon\/asaja-leon-informa\/discrepo-raul-perez\"]}]},{\"@type\":\"ImageObject\",\"inLanguage\":\"es\",\"@id\":\"https:\/\/www.asajacyl.com\/leon\/asaja-leon-informa\/discrepo-raul-perez#primaryimage\",\"url\":\"https:\/\/www.asajacyl.com\/leon\/wp-content\/uploads\/sites\/6\/2017\/10\/J.A_T_001.jpg\",\"contentUrl\":\"https:\/\/www.asajacyl.com\/leon\/wp-content\/uploads\/sites\/6\/2017\/10\/J.A_T_001.jpg\",\"width\":2000,\"height\":2500,\"caption\":\"Jos\u00e9 Antonio Turrado Fern\u00e1ndez, Secretario General Asaja Le\u00f3n\"},{\"@type\":\"BreadcrumbList\",\"@id\":\"https:\/\/www.asajacyl.com\/leon\/asaja-leon-informa\/discrepo-raul-perez#breadcrumb\",\"itemListElement\":[{\"@type\":\"ListItem\",\"position\":1,\"name\":\"Portada\",\"item\":\"https:\/\/www.asajacyl.com\/leon\/\"},{\"@type\":\"ListItem\",\"position\":2,\"name\":\"Discrepo de Ra\u00fal P\u00e9rez\"}]},{\"@type\":\"WebSite\",\"@id\":\"https:\/\/www.asajacyl.com\/leon\/#website\",\"url\":\"https:\/\/www.asajacyl.com\/leon\/\",\"name\":\"ASAJA Le\u00f3n\",\"description\":\"Otro sitio m\u00e1s de Provincias ASAJA Castilla y Le\u00f3n\",\"potentialAction\":[{\"@type\":\"SearchAction\",\"target\":{\"@type\":\"EntryPoint\",\"urlTemplate\":\"https:\/\/www.asajacyl.com\/leon\/?s={search_term_string}\"},\"query-input\":{\"@type\":\"PropertyValueSpecification\",\"valueRequired\":true,\"valueName\":\"search_term_string\"}}],\"inLanguage\":\"es\"},{\"@type\":\"Person\",\"@id\":\"https:\/\/www.asajacyl.com\/leon\/#\/schema\/person\/7e884476cee132331142e8ac9689f20c\",\"name\":\"Editor\",\"image\":{\"@type\":\"ImageObject\",\"inLanguage\":\"es\",\"@id\":\"https:\/\/www.asajacyl.com\/leon\/#\/schema\/person\/image\/\",\"url\":\"https:\/\/secure.gravatar.com\/avatar\/a2ef43c165669686cfcfb0e1ffa59869?s=96&d=mm&r=g\",\"contentUrl\":\"https:\/\/secure.gravatar.com\/avatar\/a2ef43c165669686cfcfb0e1ffa59869?s=96&d=mm&r=g\",\"caption\":\"Editor\"},\"url\":\"https:\/\/www.asajacyl.com\/leon\/author\/oscargg\"}]}<\/script>\n<!-- \/ Yoast SEO plugin. -->","yoast_head_json":{"title":"Discrepo de Ra\u00fal P\u00e9rez - ASAJA Le\u00f3n","description":"El prestigioso en\u00f3logo radicado en el Bierzo, Ra\u00fal P\u00e9rez, hac\u00eda unas declaraciones en un peri\u00f3dico de Castilla y Le\u00f3n, publicadas el pasado mi\u00e9rcoles, tildando de \u201cgenocidio\u201d, la \u201cdecisi\u00f3n err\u00f3nea en el aparcelamiento\u201d que se ha llevado a cabo en la comarca","robots":{"index":"index","follow":"follow","max-snippet":"max-snippet:-1","max-image-preview":"max-image-preview:large","max-video-preview":"max-video-preview:-1"},"canonical":"https:\/\/www.asajacyl.com\/leon\/asaja-leon-informa\/discrepo-raul-perez","og_locale":"es_ES","og_type":"article","og_title":"Discrepo de Ra\u00fal P\u00e9rez - ASAJA Le\u00f3n","og_description":"El prestigioso en\u00f3logo radicado en el Bierzo, Ra\u00fal P\u00e9rez, hac\u00eda unas declaraciones en un peri\u00f3dico de Castilla y Le\u00f3n, publicadas el pasado mi\u00e9rcoles, tildando de \u201cgenocidio\u201d, la \u201cdecisi\u00f3n err\u00f3nea en el aparcelamiento\u201d que se ha llevado a cabo en la comarca","og_url":"https:\/\/www.asajacyl.com\/leon\/asaja-leon-informa\/discrepo-raul-perez","og_site_name":"ASAJA Le\u00f3n","article_published_time":"2017-11-22T16:27:35+00:00","article_modified_time":"2017-11-22T17:17:41+00:00","og_image":[{"width":2000,"height":2500,"url":"https:\/\/www.asajacyl.com\/leon\/wp-content\/uploads\/sites\/6\/2017\/10\/J.A_T_001.jpg","type":"image\/jpeg"}],"author":"Editor","twitter_card":"summary_large_image","twitter_misc":{"Escrito por":"Editor","Tiempo de lectura":"2 minutos"},"schema":{"@context":"https:\/\/schema.org","@graph":[{"@type":"WebPage","@id":"https:\/\/www.asajacyl.com\/leon\/asaja-leon-informa\/discrepo-raul-perez","url":"https:\/\/www.asajacyl.com\/leon\/asaja-leon-informa\/discrepo-raul-perez","name":"Discrepo de Ra\u00fal P\u00e9rez - ASAJA Le\u00f3n","isPartOf":{"@id":"https:\/\/www.asajacyl.com\/leon\/#website"},"primaryImageOfPage":{"@id":"https:\/\/www.asajacyl.com\/leon\/asaja-leon-informa\/discrepo-raul-perez#primaryimage"},"image":{"@id":"https:\/\/www.asajacyl.com\/leon\/asaja-leon-informa\/discrepo-raul-perez#primaryimage"},"thumbnailUrl":"https:\/\/www.asajacyl.com\/leon\/wp-content\/uploads\/sites\/6\/2017\/10\/J.A_T_001.jpg","datePublished":"2017-11-22T16:27:35+00:00","dateModified":"2017-11-22T17:17:41+00:00","author":{"@id":"https:\/\/www.asajacyl.com\/leon\/#\/schema\/person\/7e884476cee132331142e8ac9689f20c"},"description":"El prestigioso en\u00f3logo radicado en el Bierzo, Ra\u00fal P\u00e9rez, hac\u00eda unas declaraciones en un peri\u00f3dico de Castilla y Le\u00f3n, publicadas el pasado mi\u00e9rcoles, tildando de \u201cgenocidio\u201d, la \u201cdecisi\u00f3n err\u00f3nea en el aparcelamiento\u201d que se ha llevado a cabo en la comarca","breadcrumb":{"@id":"https:\/\/www.asajacyl.com\/leon\/asaja-leon-informa\/discrepo-raul-perez#breadcrumb"},"inLanguage":"es","potentialAction":[{"@type":"ReadAction","target":["https:\/\/www.asajacyl.com\/leon\/asaja-leon-informa\/discrepo-raul-perez"]}]},{"@type":"ImageObject","inLanguage":"es","@id":"https:\/\/www.asajacyl.com\/leon\/asaja-leon-informa\/discrepo-raul-perez#primaryimage","url":"https:\/\/www.asajacyl.com\/leon\/wp-content\/uploads\/sites\/6\/2017\/10\/J.A_T_001.jpg","contentUrl":"https:\/\/www.asajacyl.com\/leon\/wp-content\/uploads\/sites\/6\/2017\/10\/J.A_T_001.jpg","width":2000,"height":2500,"caption":"Jos\u00e9 Antonio Turrado Fern\u00e1ndez, Secretario General Asaja Le\u00f3n"},{"@type":"BreadcrumbList","@id":"https:\/\/www.asajacyl.com\/leon\/asaja-leon-informa\/discrepo-raul-perez#breadcrumb","itemListElement":[{"@type":"ListItem","position":1,"name":"Portada","item":"https:\/\/www.asajacyl.com\/leon\/"},{"@type":"ListItem","position":2,"name":"Discrepo de Ra\u00fal P\u00e9rez"}]},{"@type":"WebSite","@id":"https:\/\/www.asajacyl.com\/leon\/#website","url":"https:\/\/www.asajacyl.com\/leon\/","name":"ASAJA Le\u00f3n","description":"Otro sitio m\u00e1s de Provincias ASAJA Castilla y Le\u00f3n","potentialAction":[{"@type":"SearchAction","target":{"@type":"EntryPoint","urlTemplate":"https:\/\/www.asajacyl.com\/leon\/?s={search_term_string}"},"query-input":{"@type":"PropertyValueSpecification","valueRequired":true,"valueName":"search_term_string"}}],"inLanguage":"es"},{"@type":"Person","@id":"https:\/\/www.asajacyl.com\/leon\/#\/schema\/person\/7e884476cee132331142e8ac9689f20c","name":"Editor","image":{"@type":"ImageObject","inLanguage":"es","@id":"https:\/\/www.asajacyl.com\/leon\/#\/schema\/person\/image\/","url":"https:\/\/secure.gravatar.com\/avatar\/a2ef43c165669686cfcfb0e1ffa59869?s=96&d=mm&r=g","contentUrl":"https:\/\/secure.gravatar.com\/avatar\/a2ef43c165669686cfcfb0e1ffa59869?s=96&d=mm&r=g","caption":"Editor"},"url":"https:\/\/www.asajacyl.com\/leon\/author\/oscargg"}]}},"_links":{"self":[{"href":"https:\/\/www.asajacyl.com\/leon\/wp-json\/wp\/v2\/posts\/8190"}],"collection":[{"href":"https:\/\/www.asajacyl.com\/leon\/wp-json\/wp\/v2\/posts"}],"about":[{"href":"https:\/\/www.asajacyl.com\/leon\/wp-json\/wp\/v2\/types\/post"}],"author":[{"embeddable":true,"href":"https:\/\/www.asajacyl.com\/leon\/wp-json\/wp\/v2\/users\/3"}],"replies":[{"embeddable":true,"href":"https:\/\/www.asajacyl.com\/leon\/wp-json\/wp\/v2\/comments?post=8190"}],"version-history":[{"count":1,"href":"https:\/\/www.asajacyl.com\/leon\/wp-json\/wp\/v2\/posts\/8190\/revisions"}],"predecessor-version":[{"id":8191,"href":"https:\/\/www.asajacyl.com\/leon\/wp-json\/wp\/v2\/posts\/8190\/revisions\/8191"}],"wp:featuredmedia":[{"embeddable":true,"href":"https:\/\/www.asajacyl.com\/leon\/wp-json\/wp\/v2\/media\/28"}],"wp:attachment":[{"href":"https:\/\/www.asajacyl.com\/leon\/wp-json\/wp\/v2\/media?parent=8190"}],"wp:term":[{"taxonomy":"category","embeddable":true,"href":"https:\/\/www.asajacyl.com\/leon\/wp-json\/wp\/v2\/categories?post=8190"},{"taxonomy":"post_tag","embeddable":true,"href":"https:\/\/www.asajacyl.com\/leon\/wp-json\/wp\/v2\/tags?post=8190"}],"curies":[{"name":"wp","href":"https:\/\/api.w.org\/{rel}","templated":true}]}}